{"id":88898,"date":"2015-02-24T20:53:48","date_gmt":"2015-02-24T19:53:48","guid":{"rendered":"http:\/\/www.visit-ulcinj.com\/blog\/?p=88898"},"modified":"2015-02-24T20:53:48","modified_gmt":"2015-02-24T19:53:48","slug":"keshilli-per-te-drejtat-dhe-lirite-e-njeriut-refuzon-propozim-amendamentet","status":"publish","type":"post","link":"https:\/\/www.visit-ulcinj.com\/blog\/2015\/02\/24\/keshilli-per-te-drejtat-dhe-lirite-e-njeriut-refuzon-propozim-amendamentet\/","title":{"rendered":"K\u00ebshilli p\u00ebr t\u00eb drejtat dhe lirit\u00eb e njeriut refuzon propozim amendamentet"},"content":{"rendered":"<p><a href=\"http:\/\/www.visit-ulcinj.com\/blog\/wp-content\/uploads\/2015\/02\/Odbor-Skupstine-CG-za-ljudska-prava-i-slobode.jpg\"><img loading=\"lazy\" class=\"alignleft wp-image-88899\" src=\"http:\/\/www.visit-ulcinj.com\/blog\/wp-content\/uploads\/2015\/02\/Odbor-Skupstine-CG-za-ljudska-prava-i-slobode.jpg\" alt=\"Odbor  Skupstine CG za ljudska prava i slobode\" width=\"508\" height=\"338\" srcset=\"https:\/\/www.visit-ulcinj.com\/blog\/wp-content\/uploads\/2015\/02\/Odbor-Skupstine-CG-za-ljudska-prava-i-slobode.jpg 900w, https:\/\/www.visit-ulcinj.com\/blog\/wp-content\/uploads\/2015\/02\/Odbor-Skupstine-CG-za-ljudska-prava-i-slobode-300x199.jpg 300w\" sizes=\"(max-width: 508px) 100vw, 508px\" \/><\/a>K\u00ebshilli p\u00ebr t\u00eb drejtat dhe lirit\u00eb e njeriut nuk ka p\u00ebrkrah sot amendamentet e deputet\u00ebve t\u00eb frontit demokratik\u00eb n\u00eb propozim ligjin p\u00ebr zgjedhjen , p\u00ebrdorimin dhe shpalosjen e simboleve nacionale , me t\u00eb cilat \u00ebsht\u00eb parapar\u00eb q\u00eb n\u00eb ligj n\u00eb vend t\u00eb bashk\u00ebsive tjera pakicave nacionale , t\u00eb shkruhet t\u00eb bashk\u00ebsive tjera nacionale. K\u00ebshilli nuk ka aprovuar as amendamentin e frontit demokratik me t\u00eb cilin parashihet se simbolet e popullit serb\u00eb jan\u00eb identik\u00eb me flamurin dhe stem\u00ebn e mbret\u00ebris\u00eb s\u00eb Malit t\u00eb Zi t\u00eb parapar\u00eb\u00a0 me kushtetut\u00ebn e tij n\u00eb vitin 1905 . K\u00ebshilli nuk ka aprovuar as amendamentet e Malit t\u00eb Zi pozitiv , kurse deklarimi p\u00ebr amendamentet tjera , p\u00ebr shkak t\u00eb munges\u00ebs s\u00eb kuorumit \u00ebsht\u00eb shtyr\u00eb. Ministri p\u00ebr \u00a0mbrojtjene t\u00eb drejtave t\u00eb popujve pakic\u00eb, \u00a0Suad Numanoviq, \u00a0nuk i ka aprovuar amendamentet e Emillo Llabudoviq,\u00a0 duke sqaruar se nuk mund t\u00eb shkelen normat e v\u00ebrtetuara me kushtetut\u00eb. Ai ka sqaruar se simbolet e nj\u00eb bashk\u00ebsie i definojn\u00eb K\u00ebshillat nacional duke shtuar se deputet\u00ebt t\u00eb cil\u00ebt i takojn\u00eb asaj Bashk\u00ebsie nacionale e kan\u00eb rolin e vet\u00eb n\u00eb k\u00ebt\u00eb procedur\u00eb. N\u00eb k\u00ebt\u00eb projekt ligj,\u00a0 5 amendamente i kan\u00eb paraqitur edhe deputet\u00ebt shqiptar\u00eb, Genci Nimanbegu dhe Nik\u00eb Gjeloshaj.<\/p>\n","protected":false},"excerpt":{"rendered":"<p>K\u00ebshilli p\u00ebr t\u00eb drejtat dhe lirit\u00eb e njeriut nuk ka p\u00ebrkrah sot amendamentet e deputet\u00ebve t\u00eb frontit demokratik\u00eb n\u00eb propozim ligjin p\u00ebr zgjedhjen , p\u00ebrdorimin dhe shpalosjen e simboleve nacionale , me t\u00eb cilat \u00ebsht\u00eb parapar\u00eb q\u00eb n\u00eb ligj n\u00eb vend t\u00eb bashk\u00ebsive tjera pakicave nacionale , t\u00eb shkruhet t\u00eb bashk\u00ebsive tjera nacionale. K\u00ebshilli nuk [&hellip;]<\/p>\n","protected":false},"author":1,"featured_media":0,"comment_status":"closed","ping_status":"closed","sticky":false,"template":"","format":"standard","meta":{"spay_email":"","jetpack_publicize_message":"","jetpack_is_tweetstorm":false,"jetpack_publicize_feature_enabled":true},"categories":[14],"tags":[],"jetpack_publicize_connections":[],"yoast_head":"<!-- This site is optimized with the Yoast SEO plugin v19.1 - https:\/\/yoast.com\/wordpress\/plugins\/seo\/ -->\n<title>K\u00ebshilli p\u00ebr t\u00eb drejtat dhe lirit\u00eb e njeriut refuzon propozim amendamentet - Lajme nga Ulqini<\/title>\n<meta name=\"description\" content=\"K\u00ebshilli p\u00ebr t\u00eb drejtat dhe lirit\u00eb e njeriut nuk ka p\u00ebrkrah sot amendamentet e deputet\u00ebve t\u00eb frontit demokratik\u00eb n\u00eb propozim ligjin p\u00ebr zgjedhjen ,\" \/>\n<meta name=\"robots\" content=\"index, follow, max-snippet:-1, max-image-preview:large, max-video-preview:-1\" \/>\n<link rel=\"canonical\" href=\"https:\/\/www.visit-ulcinj.com\/blog\/2015\/02\/24\/keshilli-per-te-drejtat-dhe-lirite-e-njeriut-refuzon-propozim-amendamentet\/\" \/>\n<meta property=\"og:locale\" content=\"en_US\" \/>\n<meta property=\"og:type\" content=\"article\" \/>\n<meta property=\"og:title\" content=\"K\u00ebshilli p\u00ebr t\u00eb drejtat dhe lirit\u00eb e njeriut refuzon propozim amendamentet - Lajme nga Ulqini\" \/>\n<meta property=\"og:description\" content=\"K\u00ebshilli p\u00ebr t\u00eb drejtat dhe lirit\u00eb e njeriut nuk ka p\u00ebrkrah sot amendamentet e deputet\u00ebve t\u00eb frontit demokratik\u00eb n\u00eb propozim ligjin p\u00ebr zgjedhjen ,\" \/>\n<meta property=\"og:url\" content=\"https:\/\/www.visit-ulcinj.com\/blog\/2015\/02\/24\/keshilli-per-te-drejtat-dhe-lirite-e-njeriut-refuzon-propozim-amendamentet\/\" \/>\n<meta property=\"og:site_name\" content=\"Lajme nga Ulqini\" \/>\n<meta property=\"article:published_time\" content=\"2015-02-24T19:53:48+00:00\" \/>\n<meta property=\"og:image\" content=\"http:\/\/www.visit-ulcinj.com\/blog\/wp-content\/uploads\/2015\/02\/Odbor-Skupstine-CG-za-ljudska-prava-i-slobode.jpg\" \/>\n<meta name=\"twitter:label1\" content=\"Written by\" \/>\n\t<meta name=\"twitter:data1\" content=\"ulqini\" \/>\n\t<meta name=\"twitter:label2\" content=\"Est. reading time\" \/>\n\t<meta name=\"twitter:data2\" content=\"1 minute\" \/>\n<script type=\"application\/ld+json\" class=\"yoast-schema-graph\">{\"@context\":\"https:\/\/schema.org\",\"@graph\":[{\"@type\":\"WebSite\",\"@id\":\"https:\/\/www.visit-ulcinj.com\/blog\/#website\",\"url\":\"https:\/\/www.visit-ulcinj.com\/blog\/\",\"name\":\"Lajme nga Ulqini\",\"description\":\"Lajme,Vijesti,Ulqini,Ulqin,Crna Gora,Mali i Zi\",\"potentialAction\":[{\"@type\":\"SearchAction\",\"target\":{\"@type\":\"EntryPoint\",\"urlTemplate\":\"https:\/\/www.visit-ulcinj.com\/blog\/?s={search_term_string}\"},\"query-input\":\"required name=search_term_string\"}],\"inLanguage\":\"en-US\"},{\"@type\":\"ImageObject\",\"inLanguage\":\"en-US\",\"@id\":\"https:\/\/www.visit-ulcinj.com\/blog\/2015\/02\/24\/keshilli-per-te-drejtat-dhe-lirite-e-njeriut-refuzon-propozim-amendamentet\/#primaryimage\",\"url\":\"https:\/\/www.visit-ulcinj.com\/blog\/wp-content\/uploads\/2015\/02\/Odbor-Skupstine-CG-za-ljudska-prava-i-slobode.jpg\",\"contentUrl\":\"https:\/\/www.visit-ulcinj.com\/blog\/wp-content\/uploads\/2015\/02\/Odbor-Skupstine-CG-za-ljudska-prava-i-slobode.jpg\",\"width\":900,\"height\":598},{\"@type\":\"WebPage\",\"@id\":\"https:\/\/www.visit-ulcinj.com\/blog\/2015\/02\/24\/keshilli-per-te-drejtat-dhe-lirite-e-njeriut-refuzon-propozim-amendamentet\/#webpage\",\"url\":\"https:\/\/www.visit-ulcinj.com\/blog\/2015\/02\/24\/keshilli-per-te-drejtat-dhe-lirite-e-njeriut-refuzon-propozim-amendamentet\/\",\"name\":\"K\u00ebshilli p\u00ebr t\u00eb drejtat dhe lirit\u00eb e njeriut refuzon propozim amendamentet - Lajme nga Ulqini\",\"isPartOf\":{\"@id\":\"https:\/\/www.visit-ulcinj.com\/blog\/#website\"},\"primaryImageOfPage\":{\"@id\":\"https:\/\/www.visit-ulcinj.com\/blog\/2015\/02\/24\/keshilli-per-te-drejtat-dhe-lirite-e-njeriut-refuzon-propozim-amendamentet\/#primaryimage\"},\"datePublished\":\"2015-02-24T19:53:48+00:00\",\"dateModified\":\"2015-02-24T19:53:48+00:00\",\"author\":{\"@id\":\"https:\/\/www.visit-ulcinj.com\/blog\/#\/schema\/person\/dcab619c614d3038751c63bc2aadc06d\"},\"description\":\"K\u00ebshilli p\u00ebr t\u00eb drejtat dhe lirit\u00eb e njeriut nuk ka p\u00ebrkrah sot amendamentet e deputet\u00ebve t\u00eb frontit demokratik\u00eb n\u00eb propozim ligjin p\u00ebr zgjedhjen ,\",\"breadcrumb\":{\"@id\":\"https:\/\/www.visit-ulcinj.com\/blog\/2015\/02\/24\/keshilli-per-te-drejtat-dhe-lirite-e-njeriut-refuzon-propozim-amendamentet\/#breadcrumb\"},\"inLanguage\":\"en-US\",\"potentialAction\":[{\"@type\":\"ReadAction\",\"target\":[\"https:\/\/www.visit-ulcinj.com\/blog\/2015\/02\/24\/keshilli-per-te-drejtat-dhe-lirite-e-njeriut-refuzon-propozim-amendamentet\/\"]}]},{\"@type\":\"BreadcrumbList\",\"@id\":\"https:\/\/www.visit-ulcinj.com\/blog\/2015\/02\/24\/keshilli-per-te-drejtat-dhe-lirite-e-njeriut-refuzon-propozim-amendamentet\/#breadcrumb\",\"itemListElement\":[{\"@type\":\"ListItem\",\"position\":1,\"name\":\"K\u00ebshilli p\u00ebr t\u00eb drejtat dhe lirit\u00eb e njeriut refuzon propozim amendamentet\"}]},{\"@type\":\"Person\",\"@id\":\"https:\/\/www.visit-ulcinj.com\/blog\/#\/schema\/person\/dcab619c614d3038751c63bc2aadc06d\",\"name\":\"ulqini\",\"sameAs\":[\"http:\/\/www.visit-ulcinj.com\"],\"url\":\"https:\/\/www.visit-ulcinj.com\/blog\/author\/admin\/\"}]}<\/script>\n<!-- \/ Yoast SEO plugin. -->","yoast_head_json":{"title":"K\u00ebshilli p\u00ebr t\u00eb drejtat dhe lirit\u00eb e njeriut refuzon propozim amendamentet - Lajme nga Ulqini","description":"K\u00ebshilli p\u00ebr t\u00eb drejtat dhe lirit\u00eb e njeriut nuk ka p\u00ebrkrah sot amendamentet e deputet\u00ebve t\u00eb frontit demokratik\u00eb n\u00eb propozim ligjin p\u00ebr zgjedhjen ,","robots":{"index":"index","follow":"follow","max-snippet":"max-snippet:-1","max-image-preview":"max-image-preview:large","max-video-preview":"max-video-preview:-1"},"canonical":"https:\/\/www.visit-ulcinj.com\/blog\/2015\/02\/24\/keshilli-per-te-drejtat-dhe-lirite-e-njeriut-refuzon-propozim-amendamentet\/","og_locale":"en_US","og_type":"article","og_title":"K\u00ebshilli p\u00ebr t\u00eb drejtat dhe lirit\u00eb e njeriut refuzon propozim amendamentet - Lajme nga Ulqini","og_description":"K\u00ebshilli p\u00ebr t\u00eb drejtat dhe lirit\u00eb e njeriut nuk ka p\u00ebrkrah sot amendamentet e deputet\u00ebve t\u00eb frontit demokratik\u00eb n\u00eb propozim ligjin p\u00ebr zgjedhjen ,","og_url":"https:\/\/www.visit-ulcinj.com\/blog\/2015\/02\/24\/keshilli-per-te-drejtat-dhe-lirite-e-njeriut-refuzon-propozim-amendamentet\/","og_site_name":"Lajme nga Ulqini","article_published_time":"2015-02-24T19:53:48+00:00","og_image":[{"url":"http:\/\/www.visit-ulcinj.com\/blog\/wp-content\/uploads\/2015\/02\/Odbor-Skupstine-CG-za-ljudska-prava-i-slobode.jpg"}],"twitter_misc":{"Written by":"ulqini","Est. reading time":"1 minute"},"schema":{"@context":"https:\/\/schema.org","@graph":[{"@type":"WebSite","@id":"https:\/\/www.visit-ulcinj.com\/blog\/#website","url":"https:\/\/www.visit-ulcinj.com\/blog\/","name":"Lajme nga Ulqini","description":"Lajme,Vijesti,Ulqini,Ulqin,Crna Gora,Mali i Zi","potentialAction":[{"@type":"SearchAction","target":{"@type":"EntryPoint","urlTemplate":"https:\/\/www.visit-ulcinj.com\/blog\/?s={search_term_string}"},"query-input":"required name=search_term_string"}],"inLanguage":"en-US"},{"@type":"ImageObject","inLanguage":"en-US","@id":"https:\/\/www.visit-ulcinj.com\/blog\/2015\/02\/24\/keshilli-per-te-drejtat-dhe-lirite-e-njeriut-refuzon-propozim-amendamentet\/#primaryimage","url":"https:\/\/www.visit-ulcinj.com\/blog\/wp-content\/uploads\/2015\/02\/Odbor-Skupstine-CG-za-ljudska-prava-i-slobode.jpg","contentUrl":"https:\/\/www.visit-ulcinj.com\/blog\/wp-content\/uploads\/2015\/02\/Odbor-Skupstine-CG-za-ljudska-prava-i-slobode.jpg","width":900,"height":598},{"@type":"WebPage","@id":"https:\/\/www.visit-ulcinj.com\/blog\/2015\/02\/24\/keshilli-per-te-drejtat-dhe-lirite-e-njeriut-refuzon-propozim-amendamentet\/#webpage","url":"https:\/\/www.visit-ulcinj.com\/blog\/2015\/02\/24\/keshilli-per-te-drejtat-dhe-lirite-e-njeriut-refuzon-propozim-amendamentet\/","name":"K\u00ebshilli p\u00ebr t\u00eb drejtat dhe lirit\u00eb e njeriut refuzon propozim amendamentet - Lajme nga Ulqini","isPartOf":{"@id":"https:\/\/www.visit-ulcinj.com\/blog\/#website"},"primaryImageOfPage":{"@id":"https:\/\/www.visit-ulcinj.com\/blog\/2015\/02\/24\/keshilli-per-te-drejtat-dhe-lirite-e-njeriut-refuzon-propozim-amendamentet\/#primaryimage"},"datePublished":"2015-02-24T19:53:48+00:00","dateModified":"2015-02-24T19:53:48+00:00","author":{"@id":"https:\/\/www.visit-ulcinj.com\/blog\/#\/schema\/person\/dcab619c614d3038751c63bc2aadc06d"},"description":"K\u00ebshilli p\u00ebr t\u00eb drejtat dhe lirit\u00eb e njeriut nuk ka p\u00ebrkrah sot amendamentet e deputet\u00ebve t\u00eb frontit demokratik\u00eb n\u00eb propozim ligjin p\u00ebr zgjedhjen ,","breadcrumb":{"@id":"https:\/\/www.visit-ulcinj.com\/blog\/2015\/02\/24\/keshilli-per-te-drejtat-dhe-lirite-e-njeriut-refuzon-propozim-amendamentet\/#breadcrumb"},"inLanguage":"en-US","potentialAction":[{"@type":"ReadAction","target":["https:\/\/www.visit-ulcinj.com\/blog\/2015\/02\/24\/keshilli-per-te-drejtat-dhe-lirite-e-njeriut-refuzon-propozim-amendamentet\/"]}]},{"@type":"BreadcrumbList","@id":"https:\/\/www.visit-ulcinj.com\/blog\/2015\/02\/24\/keshilli-per-te-drejtat-dhe-lirite-e-njeriut-refuzon-propozim-amendamentet\/#breadcrumb","itemListElement":[{"@type":"ListItem","position":1,"name":"K\u00ebshilli p\u00ebr t\u00eb drejtat dhe lirit\u00eb e njeriut refuzon propozim amendamentet"}]},{"@type":"Person","@id":"https:\/\/www.visit-ulcinj.com\/blog\/#\/schema\/person\/dcab619c614d3038751c63bc2aadc06d","name":"ulqini","sameAs":["http:\/\/www.visit-ulcinj.com"],"url":"https:\/\/www.visit-ulcinj.com\/blog\/author\/admin\/"}]}},"jetpack_featured_media_url":"","jetpack_sharing_enabled":true,"jetpack_shortlink":"https:\/\/wp.me\/pe6lTn-n7Q","_links":{"self":[{"href":"https:\/\/www.visit-ulcinj.com\/blog\/wp-json\/wp\/v2\/posts\/88898"}],"collection":[{"href":"https:\/\/www.visit-ulcinj.com\/blog\/wp-json\/wp\/v2\/posts"}],"about":[{"href":"https:\/\/www.visit-ulcinj.com\/blog\/wp-json\/wp\/v2\/types\/post"}],"author":[{"embeddable":true,"href":"https:\/\/www.visit-ulcinj.com\/blog\/wp-json\/wp\/v2\/users\/1"}],"replies":[{"embeddable":true,"href":"https:\/\/www.visit-ulcinj.com\/blog\/wp-json\/wp\/v2\/comments?post=88898"}],"version-history":[{"count":1,"href":"https:\/\/www.visit-ulcinj.com\/blog\/wp-json\/wp\/v2\/posts\/88898\/revisions"}],"predecessor-version":[{"id":88900,"href":"https:\/\/www.visit-ulcinj.com\/blog\/wp-json\/wp\/v2\/posts\/88898\/revisions\/88900"}],"wp:attachment":[{"href":"https:\/\/www.visit-ulcinj.com\/blog\/wp-json\/wp\/v2\/media?parent=88898"}],"wp:term":[{"taxonomy":"category","embeddable":true,"href":"https:\/\/www.visit-ulcinj.com\/blog\/wp-json\/wp\/v2\/categories?post=88898"},{"taxonomy":"post_tag","embeddable":true,"href":"https:\/\/www.visit-ulcinj.com\/blog\/wp-json\/wp\/v2\/tags?post=88898"}],"curies":[{"name":"wp","href":"https:\/\/api.w.org\/{rel}","templated":true}]}}