{"id":889,"date":"2008-03-13T14:42:55","date_gmt":"2008-03-13T19:42:55","guid":{"rendered":"http:\/\/www.visit-ulcinj.com\/blog\/2008\/03\/13\/formira-se-nova-ulcinjska-rivijera\/"},"modified":"2008-03-13T14:44:02","modified_gmt":"2008-03-13T19:44:02","slug":"formira-se-nova-ulcinjska-rivijera","status":"publish","type":"post","link":"https:\/\/www.visit-ulcinj.com\/blog\/2008\/03\/13\/formira-se-nova-ulcinjska-rivijera\/","title":{"rendered":"Formira se nova Ulcinjska rivijera"},"content":{"rendered":"<p><a href=\"http:\/\/www.visit-ulcinj.com\/blog\/wp-content\/uploads\/2008\/03\/ulq15-copy.jpg\" rel=\"lightbox[pics-1205436829]\" title=\"velika plaza_ulcinj\"><img loading=\"lazy\" src=\"http:\/\/www.visit-ulcinj.com\/blog\/wp-content\/uploads\/2008\/03\/ulq15-copy.thumbnail.jpg\" alt=\"velika plaza_ulcinj\" align=\"left\" height=\"129\" width=\"200\" \/><\/a>Podgorica &#8211; Predsjednik Privrednog suda Dragan Rako?evi? donio je rje\u0161enje o obustavljanju ste?ajnog postupka u Hotelsko &#8211; turisti?kom preduze?u Ulcinjska rivijera.<br \/>\nRako?evi? je ju?e za &#8220;Vijesti&#8221; rekao da je voljom ve?inskog vlasnika, ste?ajni upravnik Miomir Jak\u0161i? imenovan da koordinira aktivnosti na konstituisanju novih organa kompanije i zaka\u017ee novu skup\u0161tinu akcionara.<br \/>\nNova uprava kompanije trebalo bi, zajedno sa skup\u0161tinom akcionara, da bude konstituisana u naredna dva do tri mjeseca. Dr\u017eava je vlasnik oko 60 odsto akcijskog kapitala, dok ostatak posjeduju radnici i gra?ani, te fondovi Trend, Moneta i Atlas Mont.<br \/>\n&#8211; Akcionari koji ne \u017eele da budu akcionari novog dru\u0161tva uz nadoknadu mogu da istupe &#8211; naveo je kratko Rako?evi?.<br \/>\nZemlji\u0161te, objekti i oprema Ulcinjske rivijere nakon najnovije procjene vrijede 60,8 miliona eura. Vlada ?e, kako stvari stoje, imovinu ulcinjske kompanije ponuditi na me?unarodnom tenderu.<a href=\"http:\/\/www.visit-ulcinj.com\/blog\/wp-content\/uploads\/2008\/03\/miomir-jaksic-2.jpg\" rel=\"lightbox[pics-1205436829]\" title=\"Miomir Jak\u0161i?\"><img loading=\"lazy\" src=\"http:\/\/www.visit-ulcinj.com\/blog\/wp-content\/uploads\/2008\/03\/miomir-jaksic-2.thumbnail.jpg\" alt=\"Miomir Jak\u0161i?\" align=\"right\" height=\"160\" width=\"200\" \/><\/a><br \/>\nOd stare Ulcinjske rivijere ostali su hoteli Belvi i Olimpik, kampovi Neptun i Safari, nudisti?ko naselje na Adi, centralni magacin i dio zemlji\u0161ta oko Autobuske stanice u Ulcinju.<br \/>\nUlcinjska rivijera je u ste?aju od 19. marta 2004. godine. Dug kompanije, kako je tada saop\u0161tavano, prelazio je 12 miliona eura. Povjeriocima je od prodaje imovine vra?eno oko 15 miliona eura duga, a tokom pro\u0161le godine preostalih oko 5,8 miliona eura ispla?eno je akcionarima.<br \/>\nPrije ste?aja imovina Ulcinjske rivijere je bila procijenjena na oko 81 milion eura ili 51,1 euro po akciji. Danas u knjigama jedna akcija vrijedi oko 38 eura, a pribli\u017eno po istoj cijeni trguje se i na berzama.<\/p>\n<p>M.M.<br \/>\nwww.vijesti.cg.yu<\/p>\n<!-- vimeo error: not a vimeo video -->\n","protected":false},"excerpt":{"rendered":"<p><img loading=\"lazy\" src=\"http:\/\/www.visit-ulcinj.com\/blog\/wp-content\/uploads\/2008\/03\/ulq15-copy.thumbnail.jpg\" alt=\"velika plaza_ulcinj\" align=\"left\" height=\"140\" width=\"140\" \/><\/p>\n","protected":false},"author":1,"featured_media":0,"comment_status":"open","ping_status":"closed","sticky":false,"template":"","format":"standard","meta":{"spay_email":"","jetpack_publicize_message":"","jetpack_is_tweetstorm":false,"jetpack_publicize_feature_enabled":true},"categories":[15],"tags":[],"jetpack_publicize_connections":[],"yoast_head":"<!-- This site is optimized with the Yoast SEO plugin v19.1 - https:\/\/yoast.com\/wordpress\/plugins\/seo\/ -->\n<title>Formira se nova Ulcinjska rivijera - Lajme nga Ulqini<\/title>\n<meta name=\"robots\" content=\"index, follow, max-snippet:-1, max-image-preview:large, max-video-preview:-1\" \/>\n<link rel=\"canonical\" href=\"https:\/\/www.visit-ulcinj.com\/blog\/2008\/03\/13\/formira-se-nova-ulcinjska-rivijera\/\" \/>\n<meta property=\"og:locale\" content=\"en_US\" \/>\n<meta property=\"og:type\" content=\"article\" \/>\n<meta property=\"og:title\" content=\"Formira se nova Ulcinjska rivijera - Lajme nga Ulqini\" \/>\n<meta property=\"og:url\" content=\"https:\/\/www.visit-ulcinj.com\/blog\/2008\/03\/13\/formira-se-nova-ulcinjska-rivijera\/\" \/>\n<meta property=\"og:site_name\" content=\"Lajme nga Ulqini\" \/>\n<meta property=\"article:published_time\" content=\"2008-03-13T19:42:55+00:00\" \/>\n<meta property=\"article:modified_time\" content=\"2008-03-13T19:44:02+00:00\" \/>\n<meta property=\"og:image\" content=\"http:\/\/www.visit-ulcinj.com\/blog\/wp-content\/uploads\/2008\/03\/ulq15-copy.thumbnail.jpg\" \/>\n<meta name=\"twitter:label1\" content=\"Written by\" \/>\n\t<meta name=\"twitter:data1\" content=\"ulqini\" \/>\n\t<meta name=\"twitter:label2\" content=\"Est. reading time\" \/>\n\t<meta name=\"twitter:data2\" content=\"1 minute\" \/>\n<script type=\"application\/ld+json\" class=\"yoast-schema-graph\">{\"@context\":\"https:\/\/schema.org\",\"@graph\":[{\"@type\":\"WebSite\",\"@id\":\"https:\/\/www.visit-ulcinj.com\/blog\/#website\",\"url\":\"https:\/\/www.visit-ulcinj.com\/blog\/\",\"name\":\"Lajme nga Ulqini\",\"description\":\"Lajme,Vijesti,Ulqini,Ulqin,Crna Gora,Mali i Zi\",\"potentialAction\":[{\"@type\":\"SearchAction\",\"target\":{\"@type\":\"EntryPoint\",\"urlTemplate\":\"https:\/\/www.visit-ulcinj.com\/blog\/?s={search_term_string}\"},\"query-input\":\"required name=search_term_string\"}],\"inLanguage\":\"en-US\"},{\"@type\":\"ImageObject\",\"inLanguage\":\"en-US\",\"@id\":\"https:\/\/www.visit-ulcinj.com\/blog\/2008\/03\/13\/formira-se-nova-ulcinjska-rivijera\/#primaryimage\",\"url\":\"http:\/\/www.visit-ulcinj.com\/blog\/wp-content\/uploads\/2008\/03\/ulq15-copy.thumbnail.jpg\",\"contentUrl\":\"http:\/\/www.visit-ulcinj.com\/blog\/wp-content\/uploads\/2008\/03\/ulq15-copy.thumbnail.jpg\"},{\"@type\":\"WebPage\",\"@id\":\"https:\/\/www.visit-ulcinj.com\/blog\/2008\/03\/13\/formira-se-nova-ulcinjska-rivijera\/#webpage\",\"url\":\"https:\/\/www.visit-ulcinj.com\/blog\/2008\/03\/13\/formira-se-nova-ulcinjska-rivijera\/\",\"name\":\"Formira se nova Ulcinjska rivijera - Lajme nga Ulqini\",\"isPartOf\":{\"@id\":\"https:\/\/www.visit-ulcinj.com\/blog\/#website\"},\"primaryImageOfPage\":{\"@id\":\"https:\/\/www.visit-ulcinj.com\/blog\/2008\/03\/13\/formira-se-nova-ulcinjska-rivijera\/#primaryimage\"},\"datePublished\":\"2008-03-13T19:42:55+00:00\",\"dateModified\":\"2008-03-13T19:44:02+00:00\",\"author\":{\"@id\":\"https:\/\/www.visit-ulcinj.com\/blog\/#\/schema\/person\/dcab619c614d3038751c63bc2aadc06d\"},\"breadcrumb\":{\"@id\":\"https:\/\/www.visit-ulcinj.com\/blog\/2008\/03\/13\/formira-se-nova-ulcinjska-rivijera\/#breadcrumb\"},\"inLanguage\":\"en-US\",\"potentialAction\":[{\"@type\":\"ReadAction\",\"target\":[\"https:\/\/www.visit-ulcinj.com\/blog\/2008\/03\/13\/formira-se-nova-ulcinjska-rivijera\/\"]}]},{\"@type\":\"BreadcrumbList\",\"@id\":\"https:\/\/www.visit-ulcinj.com\/blog\/2008\/03\/13\/formira-se-nova-ulcinjska-rivijera\/#breadcrumb\",\"itemListElement\":[{\"@type\":\"ListItem\",\"position\":1,\"name\":\"Formira se nova Ulcinjska rivijera\"}]},{\"@type\":\"Person\",\"@id\":\"https:\/\/www.visit-ulcinj.com\/blog\/#\/schema\/person\/dcab619c614d3038751c63bc2aadc06d\",\"name\":\"ulqini\",\"sameAs\":[\"http:\/\/www.visit-ulcinj.com\"],\"url\":\"https:\/\/www.visit-ulcinj.com\/blog\/author\/admin\/\"}]}<\/script>\n<!-- \/ Yoast SEO plugin. -->","yoast_head_json":{"title":"Formira se nova Ulcinjska rivijera - Lajme nga Ulqini","robots":{"index":"index","follow":"follow","max-snippet":"max-snippet:-1","max-image-preview":"max-image-preview:large","max-video-preview":"max-video-preview:-1"},"canonical":"https:\/\/www.visit-ulcinj.com\/blog\/2008\/03\/13\/formira-se-nova-ulcinjska-rivijera\/","og_locale":"en_US","og_type":"article","og_title":"Formira se nova Ulcinjska rivijera - Lajme nga Ulqini","og_url":"https:\/\/www.visit-ulcinj.com\/blog\/2008\/03\/13\/formira-se-nova-ulcinjska-rivijera\/","og_site_name":"Lajme nga Ulqini","article_published_time":"2008-03-13T19:42:55+00:00","article_modified_time":"2008-03-13T19:44:02+00:00","og_image":[{"url":"http:\/\/www.visit-ulcinj.com\/blog\/wp-content\/uploads\/2008\/03\/ulq15-copy.thumbnail.jpg"}],"twitter_misc":{"Written by":"ulqini","Est. reading time":"1 minute"},"schema":{"@context":"https:\/\/schema.org","@graph":[{"@type":"WebSite","@id":"https:\/\/www.visit-ulcinj.com\/blog\/#website","url":"https:\/\/www.visit-ulcinj.com\/blog\/","name":"Lajme nga Ulqini","description":"Lajme,Vijesti,Ulqini,Ulqin,Crna Gora,Mali i Zi","potentialAction":[{"@type":"SearchAction","target":{"@type":"EntryPoint","urlTemplate":"https:\/\/www.visit-ulcinj.com\/blog\/?s={search_term_string}"},"query-input":"required name=search_term_string"}],"inLanguage":"en-US"},{"@type":"ImageObject","inLanguage":"en-US","@id":"https:\/\/www.visit-ulcinj.com\/blog\/2008\/03\/13\/formira-se-nova-ulcinjska-rivijera\/#primaryimage","url":"http:\/\/www.visit-ulcinj.com\/blog\/wp-content\/uploads\/2008\/03\/ulq15-copy.thumbnail.jpg","contentUrl":"http:\/\/www.visit-ulcinj.com\/blog\/wp-content\/uploads\/2008\/03\/ulq15-copy.thumbnail.jpg"},{"@type":"WebPage","@id":"https:\/\/www.visit-ulcinj.com\/blog\/2008\/03\/13\/formira-se-nova-ulcinjska-rivijera\/#webpage","url":"https:\/\/www.visit-ulcinj.com\/blog\/2008\/03\/13\/formira-se-nova-ulcinjska-rivijera\/","name":"Formira se nova Ulcinjska rivijera - Lajme nga Ulqini","isPartOf":{"@id":"https:\/\/www.visit-ulcinj.com\/blog\/#website"},"primaryImageOfPage":{"@id":"https:\/\/www.visit-ulcinj.com\/blog\/2008\/03\/13\/formira-se-nova-ulcinjska-rivijera\/#primaryimage"},"datePublished":"2008-03-13T19:42:55+00:00","dateModified":"2008-03-13T19:44:02+00:00","author":{"@id":"https:\/\/www.visit-ulcinj.com\/blog\/#\/schema\/person\/dcab619c614d3038751c63bc2aadc06d"},"breadcrumb":{"@id":"https:\/\/www.visit-ulcinj.com\/blog\/2008\/03\/13\/formira-se-nova-ulcinjska-rivijera\/#breadcrumb"},"inLanguage":"en-US","potentialAction":[{"@type":"ReadAction","target":["https:\/\/www.visit-ulcinj.com\/blog\/2008\/03\/13\/formira-se-nova-ulcinjska-rivijera\/"]}]},{"@type":"BreadcrumbList","@id":"https:\/\/www.visit-ulcinj.com\/blog\/2008\/03\/13\/formira-se-nova-ulcinjska-rivijera\/#breadcrumb","itemListElement":[{"@type":"ListItem","position":1,"name":"Formira se nova Ulcinjska rivijera"}]},{"@type":"Person","@id":"https:\/\/www.visit-ulcinj.com\/blog\/#\/schema\/person\/dcab619c614d3038751c63bc2aadc06d","name":"ulqini","sameAs":["http:\/\/www.visit-ulcinj.com"],"url":"https:\/\/www.visit-ulcinj.com\/blog\/author\/admin\/"}]}},"jetpack_featured_media_url":"","jetpack_sharing_enabled":true,"jetpack_shortlink":"https:\/\/wp.me\/pe6lTn-el","_links":{"self":[{"href":"https:\/\/www.visit-ulcinj.com\/blog\/wp-json\/wp\/v2\/posts\/889"}],"collection":[{"href":"https:\/\/www.visit-ulcinj.com\/blog\/wp-json\/wp\/v2\/posts"}],"about":[{"href":"https:\/\/www.visit-ulcinj.com\/blog\/wp-json\/wp\/v2\/types\/post"}],"author":[{"embeddable":true,"href":"https:\/\/www.visit-ulcinj.com\/blog\/wp-json\/wp\/v2\/users\/1"}],"replies":[{"embeddable":true,"href":"https:\/\/www.visit-ulcinj.com\/blog\/wp-json\/wp\/v2\/comments?post=889"}],"version-history":[{"count":0,"href":"https:\/\/www.visit-ulcinj.com\/blog\/wp-json\/wp\/v2\/posts\/889\/revisions"}],"wp:attachment":[{"href":"https:\/\/www.visit-ulcinj.com\/blog\/wp-json\/wp\/v2\/media?parent=889"}],"wp:term":[{"taxonomy":"category","embeddable":true,"href":"https:\/\/www.visit-ulcinj.com\/blog\/wp-json\/wp\/v2\/categories?post=889"},{"taxonomy":"post_tag","embeddable":true,"href":"https:\/\/www.visit-ulcinj.com\/blog\/wp-json\/wp\/v2\/tags?post=889"}],"curies":[{"name":"wp","href":"https:\/\/api.w.org\/{rel}","templated":true}]}}