{"id":88904,"date":"2015-02-25T14:04:01","date_gmt":"2015-02-25T13:04:01","guid":{"rendered":"http:\/\/www.visit-ulcinj.com\/blog\/?p=88904"},"modified":"2015-02-25T14:04:01","modified_gmt":"2015-02-25T13:04:01","slug":"malazezet-e-kosoves-bashkohen-per-ruajtjen-e-identitetit","status":"publish","type":"post","link":"https:\/\/www.visit-ulcinj.com\/blog\/2015\/02\/25\/malazezet-e-kosoves-bashkohen-per-ruajtjen-e-identitetit\/","title":{"rendered":"Malazez\u00ebt e Kosov\u00ebs bashkohen p\u00ebr ruajtjen e identitetit"},"content":{"rendered":"<h4><a href=\"http:\/\/www.visit-ulcinj.com\/blog\/wp-content\/uploads\/2015\/02\/Malazez\u00ebt-e-Kosov\u00ebs-bashkohen.jpg\"><img loading=\"lazy\" class=\"alignleft wp-image-88905\" src=\"http:\/\/www.visit-ulcinj.com\/blog\/wp-content\/uploads\/2015\/02\/Malazez\u00ebt-e-Kosov\u00ebs-bashkohen.jpg\" alt=\"Malazez\u00ebt e Kosov\u00ebs bashkohen\" width=\"508\" height=\"338\" srcset=\"https:\/\/www.visit-ulcinj.com\/blog\/wp-content\/uploads\/2015\/02\/Malazez\u00ebt-e-Kosov\u00ebs-bashkohen.jpg 646w, https:\/\/www.visit-ulcinj.com\/blog\/wp-content\/uploads\/2015\/02\/Malazez\u00ebt-e-Kosov\u00ebs-bashkohen-300x200.jpg 300w\" sizes=\"(max-width: 508px) 100vw, 508px\" \/><\/a>Malazez\u00ebt e Kosov\u00ebs do t\u00eb jen\u00eb m\u00eb t\u00eb z\u00ebsh\u00ebm n\u00eb promovimin e kultur\u00ebs, ruajtjen e tradit\u00ebs, gjuh\u00ebs e t\u00eb zakoneve. Synojn\u00eb q\u00eb t\u2019ia prezantojn\u00eb Kosov\u00ebs fqinje Malin e Zi t\u00eb sot\u00ebm, por edhe anasjelltas.<\/h4>\n<p>E p\u00ebr ta b\u00ebr\u00eb k\u00ebt\u00eb, pjes\u00ebtar\u00eb t\u00eb k\u00ebtij komuniteti, ata q\u00eb kan\u00eb prejardhje nga Mali i Zi apo si\u00e7 \u00ebsht\u00eb th\u00ebn\u00eb, asi q\u00eb jan\u00eb d\u00ebshmuar si miq t\u00eb k\u00ebtij vendi, jan\u00eb b\u00ebr\u00eb tok n\u00eb Rrethin Intelektual t\u00eb Malazez\u00ebve.<\/p>\n<p>Qysh n\u00eb mbledhjen solemne t\u00eb themelimit t\u00eb k\u00ebtij asociacioni, e mbajtur t\u00eb shtun\u00ebn n\u00eb Universitetin AAB, jo nj\u00eb her\u00eb \u00ebsht\u00eb th\u00ebn\u00eb se s\u2019b\u00ebhet fjal\u00eb p\u00ebr nj\u00eb organizat\u00eb a parti politike.<\/p>\n<p>\u201dPolitikat ndryshojn\u00eb, njashtu si politikan\u00ebt\u201d, ka th\u00ebn\u00eb n\u00eb fjal\u00ebn e tij Predrag Despotoviq, kryetar i Rrethit Intelektual t\u00eb Malazez\u00ebve fill pasi ka shpalosur q\u00ebllimet. \u201dPor mbesin popujt e qytetar\u00ebt, t\u00eb cil\u00ebt duhet ta njohin m\u00eb mir\u00eb nj\u00ebri-tjetrin, t\u00eb kuptohen reciprokisht, t\u00eb pranojn\u00eb vlerat individuale e t\u00eb p\u00ebrbashk\u00ebta e n\u00eb k\u00ebt\u00eb m\u00ebnyr\u00eb t\u00eb nd\u00ebrtojn\u00eb nj\u00eb ardhme m\u00eb t\u00eb mir\u00eb\u201d.<\/p>\n<p>P\u00ebr t\u2019i arritur k\u00ebto, Despotoviq ka th\u00ebn\u00eb se do t\u00eb organizojn\u00eb aktivitete kulturore p\u00ebr promovimin e kultur\u00ebs, let\u00ebrsis\u00eb, artit figurativ, muzik\u00ebs, filmit.<\/p>\n<p>I ngarkuari me pun\u00eb i Malit t\u00eb Zi n\u00eb Kosov\u00eb, Radovan Milaniq, ka th\u00ebn\u00eb se beson q\u00eb Rrethi do ta ket\u00eb rastin q\u00eb denj\u00ebsisht ta prezantoj\u00eb Malin e Zi dhe vlerat kulturore malazeze n\u00eb Kosov\u00eb.<\/p>\n<p>\u201cK\u00ebsisoj n\u00eb t\u00eb ardhmen t\u00eb jet\u00eb nj\u00eb lidhje e r\u00ebnd\u00ebsishme midis qytetar\u00ebve t\u00eb Malit t\u00eb Zi dhe t\u00eb Kosov\u00ebs\u201d, ka th\u00ebn\u00eb Milaniq, nj\u00ebri nga mb\u00ebshtet\u00ebsit kryesor\u00eb t\u00eb themelimit t\u00eb Rrethit dhe p\u00ebr k\u00ebt\u00eb, n\u00eb ceremonin\u00eb solemne, i \u00ebsht\u00eb ndar\u00eb nj\u00eb mir\u00ebnjohje. \u201cJam i bindur q\u00eb do t\u00eb gjej\u00eb mb\u00ebshtetjen e nevojshme nga Podgorica e Prishtina zyrtare dhe organizata e individ\u00eb t\u00eb tjer\u00eb\u201d.<\/p>\n<p>S\u00eb paku qysh n\u00eb dit\u00ebn e themelimit, Rrethit i \u00ebsht\u00eb premtuar mb\u00ebshtetje nga autoritetet shtet\u00ebrore malazeze. E d\u00ebshmi p\u00ebr k\u00ebt\u00eb ka qen\u00eb prania e delegacionit t\u00eb Malit t\u00eb Zi n\u00eb mbledhjen solemne. Aty kan\u00eb qen\u00eb Miodrag Vukoviq, kryetar i Komitetit p\u00ebr Marr\u00ebdh\u00ebnie Nd\u00ebrkomb\u00ebtare dhe Emigrant\u00ebt i Kuvendit t\u00eb Malit t\u00eb Zi, dhe Predrag Mitroviq, drejtor i Drejtoris\u00eb p\u00ebr Diaspor\u00ebn n\u00eb Ministrin\u00eb e Pun\u00ebve t\u00eb Jashtme dhe Integrimeve Evropiane t\u00eb Malit t\u00eb Zi.<\/p>\n<p>Vukoviq, deputet i Partis\u00eb Demokratike t\u00eb Socialist\u00ebve t\u00eb kryeministrit Milo Gjukanoviq, u ka th\u00ebn\u00eb themeluesve t\u00eb llogarisin n\u00eb mb\u00ebshtetjen e tyre (m\u00eb shum\u00eb, sot n\u00eb \u201cKoh\u00ebn Ditore\u201d).<\/p>\n<p><strong>\u00a9 KOHA Ditore <\/strong><\/p>\n","protected":false},"excerpt":{"rendered":"<p>Malazez\u00ebt e Kosov\u00ebs do t\u00eb jen\u00eb m\u00eb t\u00eb z\u00ebsh\u00ebm n\u00eb promovimin e kultur\u00ebs, ruajtjen e tradit\u00ebs, gjuh\u00ebs e t\u00eb zakoneve. Synojn\u00eb q\u00eb t\u2019ia prezantojn\u00eb Kosov\u00ebs fqinje Malin e Zi t\u00eb sot\u00ebm, por edhe anasjelltas. E p\u00ebr ta b\u00ebr\u00eb k\u00ebt\u00eb, pjes\u00ebtar\u00eb t\u00eb k\u00ebtij komuniteti, ata q\u00eb kan\u00eb prejardhje nga Mali i Zi apo si\u00e7 \u00ebsht\u00eb th\u00ebn\u00eb, [&hellip;]<\/p>\n","protected":false},"author":1,"featured_media":0,"comment_status":"closed","ping_status":"closed","sticky":false,"template":"","format":"standard","meta":{"spay_email":"","jetpack_publicize_message":"","jetpack_is_tweetstorm":false,"jetpack_publicize_feature_enabled":true},"categories":[14],"tags":[],"jetpack_publicize_connections":[],"yoast_head":"<!-- This site is optimized with the Yoast SEO plugin v19.1 - https:\/\/yoast.com\/wordpress\/plugins\/seo\/ -->\n<title>Malazez\u00ebt e Kosov\u00ebs bashkohen p\u00ebr ruajtjen e identitetit - Lajme nga Ulqini<\/title>\n<meta name=\"description\" content=\"Malazez\u00ebt e Kosov\u00ebs do t\u00eb jen\u00eb m\u00eb t\u00eb z\u00ebsh\u00ebm n\u00eb promovimin e kultur\u00ebs, ruajtjen e tradit\u00ebs, gjuh\u00ebs e t\u00eb zakoneve. Synojn\u00eb q\u00eb t\u2019ia prezantojn\u00eb Kosov\u00ebs\" \/>\n<meta name=\"robots\" content=\"index, follow, max-snippet:-1, max-image-preview:large, max-video-preview:-1\" \/>\n<link rel=\"canonical\" href=\"https:\/\/www.visit-ulcinj.com\/blog\/2015\/02\/25\/malazezet-e-kosoves-bashkohen-per-ruajtjen-e-identitetit\/\" \/>\n<meta property=\"og:locale\" content=\"en_US\" \/>\n<meta property=\"og:type\" content=\"article\" \/>\n<meta property=\"og:title\" content=\"Malazez\u00ebt e Kosov\u00ebs bashkohen p\u00ebr ruajtjen e identitetit - Lajme nga Ulqini\" \/>\n<meta property=\"og:description\" content=\"Malazez\u00ebt e Kosov\u00ebs do t\u00eb jen\u00eb m\u00eb t\u00eb z\u00ebsh\u00ebm n\u00eb promovimin e kultur\u00ebs, ruajtjen e tradit\u00ebs, gjuh\u00ebs e t\u00eb zakoneve. Synojn\u00eb q\u00eb t\u2019ia prezantojn\u00eb Kosov\u00ebs\" \/>\n<meta property=\"og:url\" content=\"https:\/\/www.visit-ulcinj.com\/blog\/2015\/02\/25\/malazezet-e-kosoves-bashkohen-per-ruajtjen-e-identitetit\/\" \/>\n<meta property=\"og:site_name\" content=\"Lajme nga Ulqini\" \/>\n<meta property=\"article:published_time\" content=\"2015-02-25T13:04:01+00:00\" \/>\n<meta name=\"twitter:label1\" content=\"Written by\" \/>\n\t<meta name=\"twitter:data1\" content=\"ulqini\" \/>\n\t<meta name=\"twitter:label2\" content=\"Est. reading time\" \/>\n\t<meta name=\"twitter:data2\" content=\"2 minutes\" \/>\n<script type=\"application\/ld+json\" class=\"yoast-schema-graph\">{\"@context\":\"https:\/\/schema.org\",\"@graph\":[{\"@type\":\"WebSite\",\"@id\":\"https:\/\/www.visit-ulcinj.com\/blog\/#website\",\"url\":\"https:\/\/www.visit-ulcinj.com\/blog\/\",\"name\":\"Lajme nga Ulqini\",\"description\":\"Lajme,Vijesti,Ulqini,Ulqin,Crna Gora,Mali i Zi\",\"potentialAction\":[{\"@type\":\"SearchAction\",\"target\":{\"@type\":\"EntryPoint\",\"urlTemplate\":\"https:\/\/www.visit-ulcinj.com\/blog\/?s={search_term_string}\"},\"query-input\":\"required name=search_term_string\"}],\"inLanguage\":\"en-US\"},{\"@type\":\"WebPage\",\"@id\":\"https:\/\/www.visit-ulcinj.com\/blog\/2015\/02\/25\/malazezet-e-kosoves-bashkohen-per-ruajtjen-e-identitetit\/#webpage\",\"url\":\"https:\/\/www.visit-ulcinj.com\/blog\/2015\/02\/25\/malazezet-e-kosoves-bashkohen-per-ruajtjen-e-identitetit\/\",\"name\":\"Malazez\u00ebt e Kosov\u00ebs bashkohen p\u00ebr ruajtjen e identitetit - Lajme nga Ulqini\",\"isPartOf\":{\"@id\":\"https:\/\/www.visit-ulcinj.com\/blog\/#website\"},\"datePublished\":\"2015-02-25T13:04:01+00:00\",\"dateModified\":\"2015-02-25T13:04:01+00:00\",\"author\":{\"@id\":\"https:\/\/www.visit-ulcinj.com\/blog\/#\/schema\/person\/dcab619c614d3038751c63bc2aadc06d\"},\"description\":\"Malazez\u00ebt e Kosov\u00ebs do t\u00eb jen\u00eb m\u00eb t\u00eb z\u00ebsh\u00ebm n\u00eb promovimin e kultur\u00ebs, ruajtjen e tradit\u00ebs, gjuh\u00ebs e t\u00eb zakoneve. Synojn\u00eb q\u00eb t\u2019ia prezantojn\u00eb Kosov\u00ebs\",\"breadcrumb\":{\"@id\":\"https:\/\/www.visit-ulcinj.com\/blog\/2015\/02\/25\/malazezet-e-kosoves-bashkohen-per-ruajtjen-e-identitetit\/#breadcrumb\"},\"inLanguage\":\"en-US\",\"potentialAction\":[{\"@type\":\"ReadAction\",\"target\":[\"https:\/\/www.visit-ulcinj.com\/blog\/2015\/02\/25\/malazezet-e-kosoves-bashkohen-per-ruajtjen-e-identitetit\/\"]}]},{\"@type\":\"BreadcrumbList\",\"@id\":\"https:\/\/www.visit-ulcinj.com\/blog\/2015\/02\/25\/malazezet-e-kosoves-bashkohen-per-ruajtjen-e-identitetit\/#breadcrumb\",\"itemListElement\":[{\"@type\":\"ListItem\",\"position\":1,\"name\":\"Malazez\u00ebt e Kosov\u00ebs bashkohen p\u00ebr ruajtjen e identitetit\"}]},{\"@type\":\"Person\",\"@id\":\"https:\/\/www.visit-ulcinj.com\/blog\/#\/schema\/person\/dcab619c614d3038751c63bc2aadc06d\",\"name\":\"ulqini\",\"sameAs\":[\"http:\/\/www.visit-ulcinj.com\"],\"url\":\"https:\/\/www.visit-ulcinj.com\/blog\/author\/admin\/\"}]}<\/script>\n<!-- \/ Yoast SEO plugin. -->","yoast_head_json":{"title":"Malazez\u00ebt e Kosov\u00ebs bashkohen p\u00ebr ruajtjen e identitetit - Lajme nga Ulqini","description":"Malazez\u00ebt e Kosov\u00ebs do t\u00eb jen\u00eb m\u00eb t\u00eb z\u00ebsh\u00ebm n\u00eb promovimin e kultur\u00ebs, ruajtjen e tradit\u00ebs, gjuh\u00ebs e t\u00eb zakoneve. Synojn\u00eb q\u00eb t\u2019ia prezantojn\u00eb Kosov\u00ebs","robots":{"index":"index","follow":"follow","max-snippet":"max-snippet:-1","max-image-preview":"max-image-preview:large","max-video-preview":"max-video-preview:-1"},"canonical":"https:\/\/www.visit-ulcinj.com\/blog\/2015\/02\/25\/malazezet-e-kosoves-bashkohen-per-ruajtjen-e-identitetit\/","og_locale":"en_US","og_type":"article","og_title":"Malazez\u00ebt e Kosov\u00ebs bashkohen p\u00ebr ruajtjen e identitetit - Lajme nga Ulqini","og_description":"Malazez\u00ebt e Kosov\u00ebs do t\u00eb jen\u00eb m\u00eb t\u00eb z\u00ebsh\u00ebm n\u00eb promovimin e kultur\u00ebs, ruajtjen e tradit\u00ebs, gjuh\u00ebs e t\u00eb zakoneve. Synojn\u00eb q\u00eb t\u2019ia prezantojn\u00eb Kosov\u00ebs","og_url":"https:\/\/www.visit-ulcinj.com\/blog\/2015\/02\/25\/malazezet-e-kosoves-bashkohen-per-ruajtjen-e-identitetit\/","og_site_name":"Lajme nga Ulqini","article_published_time":"2015-02-25T13:04:01+00:00","twitter_misc":{"Written by":"ulqini","Est. reading time":"2 minutes"},"schema":{"@context":"https:\/\/schema.org","@graph":[{"@type":"WebSite","@id":"https:\/\/www.visit-ulcinj.com\/blog\/#website","url":"https:\/\/www.visit-ulcinj.com\/blog\/","name":"Lajme nga Ulqini","description":"Lajme,Vijesti,Ulqini,Ulqin,Crna Gora,Mali i Zi","potentialAction":[{"@type":"SearchAction","target":{"@type":"EntryPoint","urlTemplate":"https:\/\/www.visit-ulcinj.com\/blog\/?s={search_term_string}"},"query-input":"required name=search_term_string"}],"inLanguage":"en-US"},{"@type":"WebPage","@id":"https:\/\/www.visit-ulcinj.com\/blog\/2015\/02\/25\/malazezet-e-kosoves-bashkohen-per-ruajtjen-e-identitetit\/#webpage","url":"https:\/\/www.visit-ulcinj.com\/blog\/2015\/02\/25\/malazezet-e-kosoves-bashkohen-per-ruajtjen-e-identitetit\/","name":"Malazez\u00ebt e Kosov\u00ebs bashkohen p\u00ebr ruajtjen e identitetit - Lajme nga Ulqini","isPartOf":{"@id":"https:\/\/www.visit-ulcinj.com\/blog\/#website"},"datePublished":"2015-02-25T13:04:01+00:00","dateModified":"2015-02-25T13:04:01+00:00","author":{"@id":"https:\/\/www.visit-ulcinj.com\/blog\/#\/schema\/person\/dcab619c614d3038751c63bc2aadc06d"},"description":"Malazez\u00ebt e Kosov\u00ebs do t\u00eb jen\u00eb m\u00eb t\u00eb z\u00ebsh\u00ebm n\u00eb promovimin e kultur\u00ebs, ruajtjen e tradit\u00ebs, gjuh\u00ebs e t\u00eb zakoneve. Synojn\u00eb q\u00eb t\u2019ia prezantojn\u00eb Kosov\u00ebs","breadcrumb":{"@id":"https:\/\/www.visit-ulcinj.com\/blog\/2015\/02\/25\/malazezet-e-kosoves-bashkohen-per-ruajtjen-e-identitetit\/#breadcrumb"},"inLanguage":"en-US","potentialAction":[{"@type":"ReadAction","target":["https:\/\/www.visit-ulcinj.com\/blog\/2015\/02\/25\/malazezet-e-kosoves-bashkohen-per-ruajtjen-e-identitetit\/"]}]},{"@type":"BreadcrumbList","@id":"https:\/\/www.visit-ulcinj.com\/blog\/2015\/02\/25\/malazezet-e-kosoves-bashkohen-per-ruajtjen-e-identitetit\/#breadcrumb","itemListElement":[{"@type":"ListItem","position":1,"name":"Malazez\u00ebt e Kosov\u00ebs bashkohen p\u00ebr ruajtjen e identitetit"}]},{"@type":"Person","@id":"https:\/\/www.visit-ulcinj.com\/blog\/#\/schema\/person\/dcab619c614d3038751c63bc2aadc06d","name":"ulqini","sameAs":["http:\/\/www.visit-ulcinj.com"],"url":"https:\/\/www.visit-ulcinj.com\/blog\/author\/admin\/"}]}},"jetpack_featured_media_url":"","jetpack_sharing_enabled":true,"jetpack_shortlink":"https:\/\/wp.me\/pe6lTn-n7W","_links":{"self":[{"href":"https:\/\/www.visit-ulcinj.com\/blog\/wp-json\/wp\/v2\/posts\/88904"}],"collection":[{"href":"https:\/\/www.visit-ulcinj.com\/blog\/wp-json\/wp\/v2\/posts"}],"about":[{"href":"https:\/\/www.visit-ulcinj.com\/blog\/wp-json\/wp\/v2\/types\/post"}],"author":[{"embeddable":true,"href":"https:\/\/www.visit-ulcinj.com\/blog\/wp-json\/wp\/v2\/users\/1"}],"replies":[{"embeddable":true,"href":"https:\/\/www.visit-ulcinj.com\/blog\/wp-json\/wp\/v2\/comments?post=88904"}],"version-history":[{"count":1,"href":"https:\/\/www.visit-ulcinj.com\/blog\/wp-json\/wp\/v2\/posts\/88904\/revisions"}],"predecessor-version":[{"id":88906,"href":"https:\/\/www.visit-ulcinj.com\/blog\/wp-json\/wp\/v2\/posts\/88904\/revisions\/88906"}],"wp:attachment":[{"href":"https:\/\/www.visit-ulcinj.com\/blog\/wp-json\/wp\/v2\/media?parent=88904"}],"wp:term":[{"taxonomy":"category","embeddable":true,"href":"https:\/\/www.visit-ulcinj.com\/blog\/wp-json\/wp\/v2\/categories?post=88904"},{"taxonomy":"post_tag","embeddable":true,"href":"https:\/\/www.visit-ulcinj.com\/blog\/wp-json\/wp\/v2\/tags?post=88904"}],"curies":[{"name":"wp","href":"https:\/\/api.w.org\/{rel}","templated":true}]}}