{"id":88912,"date":"2015-02-25T14:44:58","date_gmt":"2015-02-25T13:44:58","guid":{"rendered":"http:\/\/www.visit-ulcinj.com\/blog\/?p=88912"},"modified":"2015-02-25T15:23:10","modified_gmt":"2015-02-25T14:23:10","slug":"prokuroria-speciale-insiston-per-dokumentacionin-e-shasit-dnevne-novine","status":"publish","type":"post","link":"https:\/\/www.visit-ulcinj.com\/blog\/2015\/02\/25\/prokuroria-speciale-insiston-per-dokumentacionin-e-shasit-dnevne-novine\/","title":{"rendered":"Prokuroria speciale insiston p\u00ebr dokumentacionin e Shasit &#8211; \u201cDnevne novine\u201d"},"content":{"rendered":"<p><a href=\"http:\/\/www.visit-ulcinj.com\/blog\/wp-content\/uploads\/2015\/02\/Liqeni-Shasit-Ulqin-Sasko-Jezero-Ulcinj.jpg\"><img loading=\"lazy\" class=\"alignleft wp-image-88916\" src=\"http:\/\/www.visit-ulcinj.com\/blog\/wp-content\/uploads\/2015\/02\/Liqeni-Shasit-Ulqin-Sasko-Jezero-Ulcinj.jpg\" alt=\"Liqeni-Shasit-Ulqin-Sasko-Jezero-Ulcinj\" width=\"508\" height=\"339\" srcset=\"https:\/\/www.visit-ulcinj.com\/blog\/wp-content\/uploads\/2015\/02\/Liqeni-Shasit-Ulqin-Sasko-Jezero-Ulcinj.jpg 604w, https:\/\/www.visit-ulcinj.com\/blog\/wp-content\/uploads\/2015\/02\/Liqeni-Shasit-Ulqin-Sasko-Jezero-Ulcinj-300x200.jpg 300w\" sizes=\"(max-width: 508px) 100vw, 508px\" \/><\/a>\u201cDnevne novine\u201d shkruajn\u00eb se pushteti komunal ka afat prej nj\u00eb jave q\u00eb t\u00eb dor\u00ebzoj\u00eb dokumentacionin t\u00eb cilin e k\u00ebrkoj\u00eb Prokuroria speciale p\u00ebr krim t\u00eb organizuar, raporton Portali Ul.info.<\/p>\n<p>Si\u00e7 shkruan kjo gazet\u00eb e Podgoric\u00ebs, organi hetimor ve\u00e7an\u00ebrisht insiston n\u00eb dor\u00ebzimin e dokumentacionit p\u00ebr rastin Shas.<\/p>\n<p>\u201cN\u00eb rastin e p\u00ebrmendur, ish kryetari i komun\u00ebs Nazif Cungu \u00ebsht\u00eb akuzuar q\u00eb ka keqp\u00ebrdor pozit\u00ebn dhe me sjelljen e planeve urbanistike p\u00ebr Shas, ku posedon pron\u00eb, vetes i ka sjell p\u00ebrfitim milion\u00ebsh duke d\u00ebmtuar ark\u00ebn e qytetit\u201d, thekson DN.<\/p>\n<p>Shtohet q\u00eb Cungu, duke u mbrojtur nga akuzat, m\u00eb her\u00ebt ka sqaruar se para se erdhi n\u00eb pushtet, n\u00eb vitin 2007, ka bler\u00eb 51 met\u00ebr katror n\u00eb Shas, si dhe q\u00eb pas k\u00ebsaj, n\u00eb procedur\u00ebn e planifikuar ligjore, ka k\u00ebrkuar studimin e lokalitetit p\u00ebr pron\u00ebn e vet.<\/p>\n<p>DN v\u00ebren se n\u00eb kart\u00ebn pron\u00ebsore nga viti i kaluar ish kryetari ka lajm\u00ebruar se n\u00eb at\u00eb lokalitet ka 35.000 met\u00ebr katror.<\/p>\n","protected":false},"excerpt":{"rendered":"<p>\u201cDnevne novine\u201d shkruajn\u00eb se pushteti komunal ka afat prej nj\u00eb jave q\u00eb t\u00eb dor\u00ebzoj\u00eb dokumentacionin t\u00eb cilin e k\u00ebrkoj\u00eb Prokuroria speciale p\u00ebr krim t\u00eb organizuar, raporton Portali Ul.info. Si\u00e7 shkruan kjo gazet\u00eb e Podgoric\u00ebs, organi hetimor ve\u00e7an\u00ebrisht insiston n\u00eb dor\u00ebzimin e dokumentacionit p\u00ebr rastin Shas. \u201cN\u00eb rastin e p\u00ebrmendur, ish kryetari i komun\u00ebs Nazif Cungu [&hellip;]<\/p>\n","protected":false},"author":1,"featured_media":0,"comment_status":"closed","ping_status":"closed","sticky":false,"template":"","format":"standard","meta":{"spay_email":"","jetpack_publicize_message":"","jetpack_is_tweetstorm":false,"jetpack_publicize_feature_enabled":true},"categories":[1,13],"tags":[],"jetpack_publicize_connections":[],"yoast_head":"<!-- This site is optimized with the Yoast SEO plugin v19.1 - https:\/\/yoast.com\/wordpress\/plugins\/seo\/ -->\n<title>Prokuroria speciale insiston p\u00ebr dokumentacionin e Shasit - \u201cDnevne novine\u201d - Lajme nga Ulqini<\/title>\n<meta name=\"description\" content=\"\u201cDnevne novine\u201d shkruajn\u00eb se pushteti komunal ka afat prej nj\u00eb jave q\u00eb t\u00eb dor\u00ebzoj\u00eb dokumentacionin t\u00eb cilin e k\u00ebrkoj\u00eb Prokuroria speciale p\u00ebr krim t\u00eb\" \/>\n<meta name=\"robots\" content=\"index, follow, max-snippet:-1, max-image-preview:large, max-video-preview:-1\" \/>\n<link rel=\"canonical\" href=\"https:\/\/www.visit-ulcinj.com\/blog\/2015\/02\/25\/prokuroria-speciale-insiston-per-dokumentacionin-e-shasit-dnevne-novine\/\" \/>\n<meta property=\"og:locale\" content=\"en_US\" \/>\n<meta property=\"og:type\" content=\"article\" \/>\n<meta property=\"og:title\" content=\"Prokuroria speciale insiston p\u00ebr dokumentacionin e Shasit - \u201cDnevne novine\u201d - Lajme nga Ulqini\" \/>\n<meta property=\"og:description\" content=\"\u201cDnevne novine\u201d shkruajn\u00eb se pushteti komunal ka afat prej nj\u00eb jave q\u00eb t\u00eb dor\u00ebzoj\u00eb dokumentacionin t\u00eb cilin e k\u00ebrkoj\u00eb Prokuroria speciale p\u00ebr krim t\u00eb\" \/>\n<meta property=\"og:url\" content=\"https:\/\/www.visit-ulcinj.com\/blog\/2015\/02\/25\/prokuroria-speciale-insiston-per-dokumentacionin-e-shasit-dnevne-novine\/\" \/>\n<meta property=\"og:site_name\" content=\"Lajme nga Ulqini\" \/>\n<meta property=\"article:published_time\" content=\"2015-02-25T13:44:58+00:00\" \/>\n<meta property=\"article:modified_time\" content=\"2015-02-25T14:23:10+00:00\" \/>\n<meta property=\"og:image\" content=\"http:\/\/www.visit-ulcinj.com\/blog\/wp-content\/uploads\/2015\/02\/Liqeni-Shasit-Ulqin-Sasko-Jezero-Ulcinj.jpg\" \/>\n<meta name=\"twitter:label1\" content=\"Written by\" \/>\n\t<meta name=\"twitter:data1\" content=\"ulqini\" \/>\n\t<meta name=\"twitter:label2\" content=\"Est. reading time\" \/>\n\t<meta name=\"twitter:data2\" content=\"1 minute\" \/>\n<script type=\"application\/ld+json\" class=\"yoast-schema-graph\">{\"@context\":\"https:\/\/schema.org\",\"@graph\":[{\"@type\":\"WebSite\",\"@id\":\"https:\/\/www.visit-ulcinj.com\/blog\/#website\",\"url\":\"https:\/\/www.visit-ulcinj.com\/blog\/\",\"name\":\"Lajme nga Ulqini\",\"description\":\"Lajme,Vijesti,Ulqini,Ulqin,Crna Gora,Mali i Zi\",\"potentialAction\":[{\"@type\":\"SearchAction\",\"target\":{\"@type\":\"EntryPoint\",\"urlTemplate\":\"https:\/\/www.visit-ulcinj.com\/blog\/?s={search_term_string}\"},\"query-input\":\"required name=search_term_string\"}],\"inLanguage\":\"en-US\"},{\"@type\":\"ImageObject\",\"inLanguage\":\"en-US\",\"@id\":\"https:\/\/www.visit-ulcinj.com\/blog\/2015\/02\/25\/prokuroria-speciale-insiston-per-dokumentacionin-e-shasit-dnevne-novine\/#primaryimage\",\"url\":\"https:\/\/www.visit-ulcinj.com\/blog\/wp-content\/uploads\/2015\/02\/Liqeni-Shasit-Ulqin-Sasko-Jezero-Ulcinj.jpg\",\"contentUrl\":\"https:\/\/www.visit-ulcinj.com\/blog\/wp-content\/uploads\/2015\/02\/Liqeni-Shasit-Ulqin-Sasko-Jezero-Ulcinj.jpg\",\"width\":604,\"height\":403},{\"@type\":\"WebPage\",\"@id\":\"https:\/\/www.visit-ulcinj.com\/blog\/2015\/02\/25\/prokuroria-speciale-insiston-per-dokumentacionin-e-shasit-dnevne-novine\/#webpage\",\"url\":\"https:\/\/www.visit-ulcinj.com\/blog\/2015\/02\/25\/prokuroria-speciale-insiston-per-dokumentacionin-e-shasit-dnevne-novine\/\",\"name\":\"Prokuroria speciale insiston p\u00ebr dokumentacionin e Shasit - \u201cDnevne novine\u201d - Lajme nga Ulqini\",\"isPartOf\":{\"@id\":\"https:\/\/www.visit-ulcinj.com\/blog\/#website\"},\"primaryImageOfPage\":{\"@id\":\"https:\/\/www.visit-ulcinj.com\/blog\/2015\/02\/25\/prokuroria-speciale-insiston-per-dokumentacionin-e-shasit-dnevne-novine\/#primaryimage\"},\"datePublished\":\"2015-02-25T13:44:58+00:00\",\"dateModified\":\"2015-02-25T14:23:10+00:00\",\"author\":{\"@id\":\"https:\/\/www.visit-ulcinj.com\/blog\/#\/schema\/person\/dcab619c614d3038751c63bc2aadc06d\"},\"description\":\"\u201cDnevne novine\u201d shkruajn\u00eb se pushteti komunal ka afat prej nj\u00eb jave q\u00eb t\u00eb dor\u00ebzoj\u00eb dokumentacionin t\u00eb cilin e k\u00ebrkoj\u00eb Prokuroria speciale p\u00ebr krim t\u00eb\",\"breadcrumb\":{\"@id\":\"https:\/\/www.visit-ulcinj.com\/blog\/2015\/02\/25\/prokuroria-speciale-insiston-per-dokumentacionin-e-shasit-dnevne-novine\/#breadcrumb\"},\"inLanguage\":\"en-US\",\"potentialAction\":[{\"@type\":\"ReadAction\",\"target\":[\"https:\/\/www.visit-ulcinj.com\/blog\/2015\/02\/25\/prokuroria-speciale-insiston-per-dokumentacionin-e-shasit-dnevne-novine\/\"]}]},{\"@type\":\"BreadcrumbList\",\"@id\":\"https:\/\/www.visit-ulcinj.com\/blog\/2015\/02\/25\/prokuroria-speciale-insiston-per-dokumentacionin-e-shasit-dnevne-novine\/#breadcrumb\",\"itemListElement\":[{\"@type\":\"ListItem\",\"position\":1,\"name\":\"Prokuroria speciale insiston p\u00ebr dokumentacionin e Shasit &#8211; \u201cDnevne novine\u201d\"}]},{\"@type\":\"Person\",\"@id\":\"https:\/\/www.visit-ulcinj.com\/blog\/#\/schema\/person\/dcab619c614d3038751c63bc2aadc06d\",\"name\":\"ulqini\",\"sameAs\":[\"http:\/\/www.visit-ulcinj.com\"],\"url\":\"https:\/\/www.visit-ulcinj.com\/blog\/author\/admin\/\"}]}<\/script>\n<!-- \/ Yoast SEO plugin. -->","yoast_head_json":{"title":"Prokuroria speciale insiston p\u00ebr dokumentacionin e Shasit - \u201cDnevne novine\u201d - Lajme nga Ulqini","description":"\u201cDnevne novine\u201d shkruajn\u00eb se pushteti komunal ka afat prej nj\u00eb jave q\u00eb t\u00eb dor\u00ebzoj\u00eb dokumentacionin t\u00eb cilin e k\u00ebrkoj\u00eb Prokuroria speciale p\u00ebr krim t\u00eb","robots":{"index":"index","follow":"follow","max-snippet":"max-snippet:-1","max-image-preview":"max-image-preview:large","max-video-preview":"max-video-preview:-1"},"canonical":"https:\/\/www.visit-ulcinj.com\/blog\/2015\/02\/25\/prokuroria-speciale-insiston-per-dokumentacionin-e-shasit-dnevne-novine\/","og_locale":"en_US","og_type":"article","og_title":"Prokuroria speciale insiston p\u00ebr dokumentacionin e Shasit - \u201cDnevne novine\u201d - Lajme nga Ulqini","og_description":"\u201cDnevne novine\u201d shkruajn\u00eb se pushteti komunal ka afat prej nj\u00eb jave q\u00eb t\u00eb dor\u00ebzoj\u00eb dokumentacionin t\u00eb cilin e k\u00ebrkoj\u00eb Prokuroria speciale p\u00ebr krim t\u00eb","og_url":"https:\/\/www.visit-ulcinj.com\/blog\/2015\/02\/25\/prokuroria-speciale-insiston-per-dokumentacionin-e-shasit-dnevne-novine\/","og_site_name":"Lajme nga Ulqini","article_published_time":"2015-02-25T13:44:58+00:00","article_modified_time":"2015-02-25T14:23:10+00:00","og_image":[{"url":"http:\/\/www.visit-ulcinj.com\/blog\/wp-content\/uploads\/2015\/02\/Liqeni-Shasit-Ulqin-Sasko-Jezero-Ulcinj.jpg"}],"twitter_misc":{"Written by":"ulqini","Est. reading time":"1 minute"},"schema":{"@context":"https:\/\/schema.org","@graph":[{"@type":"WebSite","@id":"https:\/\/www.visit-ulcinj.com\/blog\/#website","url":"https:\/\/www.visit-ulcinj.com\/blog\/","name":"Lajme nga Ulqini","description":"Lajme,Vijesti,Ulqini,Ulqin,Crna Gora,Mali i Zi","potentialAction":[{"@type":"SearchAction","target":{"@type":"EntryPoint","urlTemplate":"https:\/\/www.visit-ulcinj.com\/blog\/?s={search_term_string}"},"query-input":"required name=search_term_string"}],"inLanguage":"en-US"},{"@type":"ImageObject","inLanguage":"en-US","@id":"https:\/\/www.visit-ulcinj.com\/blog\/2015\/02\/25\/prokuroria-speciale-insiston-per-dokumentacionin-e-shasit-dnevne-novine\/#primaryimage","url":"https:\/\/www.visit-ulcinj.com\/blog\/wp-content\/uploads\/2015\/02\/Liqeni-Shasit-Ulqin-Sasko-Jezero-Ulcinj.jpg","contentUrl":"https:\/\/www.visit-ulcinj.com\/blog\/wp-content\/uploads\/2015\/02\/Liqeni-Shasit-Ulqin-Sasko-Jezero-Ulcinj.jpg","width":604,"height":403},{"@type":"WebPage","@id":"https:\/\/www.visit-ulcinj.com\/blog\/2015\/02\/25\/prokuroria-speciale-insiston-per-dokumentacionin-e-shasit-dnevne-novine\/#webpage","url":"https:\/\/www.visit-ulcinj.com\/blog\/2015\/02\/25\/prokuroria-speciale-insiston-per-dokumentacionin-e-shasit-dnevne-novine\/","name":"Prokuroria speciale insiston p\u00ebr dokumentacionin e Shasit - \u201cDnevne novine\u201d - Lajme nga Ulqini","isPartOf":{"@id":"https:\/\/www.visit-ulcinj.com\/blog\/#website"},"primaryImageOfPage":{"@id":"https:\/\/www.visit-ulcinj.com\/blog\/2015\/02\/25\/prokuroria-speciale-insiston-per-dokumentacionin-e-shasit-dnevne-novine\/#primaryimage"},"datePublished":"2015-02-25T13:44:58+00:00","dateModified":"2015-02-25T14:23:10+00:00","author":{"@id":"https:\/\/www.visit-ulcinj.com\/blog\/#\/schema\/person\/dcab619c614d3038751c63bc2aadc06d"},"description":"\u201cDnevne novine\u201d shkruajn\u00eb se pushteti komunal ka afat prej nj\u00eb jave q\u00eb t\u00eb dor\u00ebzoj\u00eb dokumentacionin t\u00eb cilin e k\u00ebrkoj\u00eb Prokuroria speciale p\u00ebr krim t\u00eb","breadcrumb":{"@id":"https:\/\/www.visit-ulcinj.com\/blog\/2015\/02\/25\/prokuroria-speciale-insiston-per-dokumentacionin-e-shasit-dnevne-novine\/#breadcrumb"},"inLanguage":"en-US","potentialAction":[{"@type":"ReadAction","target":["https:\/\/www.visit-ulcinj.com\/blog\/2015\/02\/25\/prokuroria-speciale-insiston-per-dokumentacionin-e-shasit-dnevne-novine\/"]}]},{"@type":"BreadcrumbList","@id":"https:\/\/www.visit-ulcinj.com\/blog\/2015\/02\/25\/prokuroria-speciale-insiston-per-dokumentacionin-e-shasit-dnevne-novine\/#breadcrumb","itemListElement":[{"@type":"ListItem","position":1,"name":"Prokuroria speciale insiston p\u00ebr dokumentacionin e Shasit &#8211; \u201cDnevne novine\u201d"}]},{"@type":"Person","@id":"https:\/\/www.visit-ulcinj.com\/blog\/#\/schema\/person\/dcab619c614d3038751c63bc2aadc06d","name":"ulqini","sameAs":["http:\/\/www.visit-ulcinj.com"],"url":"https:\/\/www.visit-ulcinj.com\/blog\/author\/admin\/"}]}},"jetpack_featured_media_url":"","jetpack_sharing_enabled":true,"jetpack_shortlink":"https:\/\/wp.me\/pe6lTn-n84","_links":{"self":[{"href":"https:\/\/www.visit-ulcinj.com\/blog\/wp-json\/wp\/v2\/posts\/88912"}],"collection":[{"href":"https:\/\/www.visit-ulcinj.com\/blog\/wp-json\/wp\/v2\/posts"}],"about":[{"href":"https:\/\/www.visit-ulcinj.com\/blog\/wp-json\/wp\/v2\/types\/post"}],"author":[{"embeddable":true,"href":"https:\/\/www.visit-ulcinj.com\/blog\/wp-json\/wp\/v2\/users\/1"}],"replies":[{"embeddable":true,"href":"https:\/\/www.visit-ulcinj.com\/blog\/wp-json\/wp\/v2\/comments?post=88912"}],"version-history":[{"count":3,"href":"https:\/\/www.visit-ulcinj.com\/blog\/wp-json\/wp\/v2\/posts\/88912\/revisions"}],"predecessor-version":[{"id":88919,"href":"https:\/\/www.visit-ulcinj.com\/blog\/wp-json\/wp\/v2\/posts\/88912\/revisions\/88919"}],"wp:attachment":[{"href":"https:\/\/www.visit-ulcinj.com\/blog\/wp-json\/wp\/v2\/media?parent=88912"}],"wp:term":[{"taxonomy":"category","embeddable":true,"href":"https:\/\/www.visit-ulcinj.com\/blog\/wp-json\/wp\/v2\/categories?post=88912"},{"taxonomy":"post_tag","embeddable":true,"href":"https:\/\/www.visit-ulcinj.com\/blog\/wp-json\/wp\/v2\/tags?post=88912"}],"curies":[{"name":"wp","href":"https:\/\/api.w.org\/{rel}","templated":true}]}}