{"id":88930,"date":"2015-02-25T15:34:04","date_gmt":"2015-02-25T14:34:04","guid":{"rendered":"http:\/\/www.visit-ulcinj.com\/blog\/?p=88930"},"modified":"2015-02-25T15:34:04","modified_gmt":"2015-02-25T14:34:04","slug":"istrazitelji-ce-ispitati-rad-hajdinage-cungua-deke","status":"publish","type":"post","link":"https:\/\/www.visit-ulcinj.com\/blog\/2015\/02\/25\/istrazitelji-ce-ispitati-rad-hajdinage-cungua-deke\/","title":{"rendered":"Istra\u017eitelji \u0107e ispitati rad Hajdinage, Cungua i \u0110eke"},"content":{"rendered":"<p><strong><a href=\"http:\/\/www.visit-ulcinj.com\/blog\/wp-content\/uploads\/2015\/02\/Cungu-Gjeka-Hajdinaga-Ulqin.jpg\"><img loading=\"lazy\" class=\"alignleft wp-image-88789\" src=\"http:\/\/www.visit-ulcinj.com\/blog\/wp-content\/uploads\/2015\/02\/Cungu-Gjeka-Hajdinaga-Ulqin.jpg\" alt=\"Cungu-Gjeka-Hajdinaga-Ulqin\" width=\"508\" height=\"184\" srcset=\"https:\/\/www.visit-ulcinj.com\/blog\/wp-content\/uploads\/2015\/02\/Cungu-Gjeka-Hajdinaga-Ulqin.jpg 816w, https:\/\/www.visit-ulcinj.com\/blog\/wp-content\/uploads\/2015\/02\/Cungu-Gjeka-Hajdinaga-Ulqin-300x108.jpg 300w\" sizes=\"(max-width: 508px) 100vw, 508px\" \/><\/a>Gzim Hajdinaga, Nazif Cungu i Fatmir \u0110eka slo\u017eni su u ocijeni da istraga nije uperena protiv njih<\/strong><\/p>\n<p><strong><span class=\"credits__author\"> Autor: Samir Adrovi\u0107 <\/span><\/strong><\/p>\n<p>Ulcinjska Op\u0161tina ima rok do po\u010detka marta da preda dokumentaciju o poslovanju za 2011, 2012, 2013. i 2014. godinu koju su tra\u017eili inspektori MUP-a po nalogu Specijalnog tu\u017eila\u0161tva.<\/p>\n<p>Istra\u017eitelji \u0107e provjeravati rad uprave biv\u0161ih gradona\u010delnika Gzima Hajdinage i Nazifa Cungua, ali i aktuelnog predsjednika Op\u0161tine Fatmira \u0110eke.<\/p>\n<p>Inspektore zanima i kako je firma \u201cPrimus\u201d potpredsjednika Force i biv\u0161eg predsjednika SO D\u017eaudeta Cakulija dobila dozvolu za objekat.<\/p>\n<p>Pod \u00a0lupom \u00a0su i akti kojima je legalizovana gradnja preduze\u0107a \u201cRexha company\u201d kontroverznog biznismena Muja Red\u017ee, firme \u201cMastering\u201d \u010diji su osniva\u010di Fatmir Dervi\u0161 i Besfort Kasmi, ali i fizi\u010dkih lica i investitora &#8211; Mirsada Niko\u010devi\u0107a koji je vlasnik hotela \u201cImperijal\u201d i policajca Alekse Ko\u010dovi\u0107a.<\/p>\n<p>Hajdinaga, Cungu i \u0110eka slo\u017eni su u ocijeni da istraga nije uperena protiv njih.<\/p>\n<p>\u201cNeka radi svako svoj posao\u201d, kazao je Hajdinaga, koji je bio predsjednik Op\u0161tine do septembra 2011.<\/p>\n<p>I Cungu, koji je bio na \u010delu grada od druge polovine 2011. do po\u010detka 2014, ka\u017ee da istra\u017eitelje treba pustiti da rade svoj posao.<\/p>\n<p>\u201cRad moje Vlade osta\u0107e upam\u0107en kao blistavi period ulcinjskog parlamentarizma, kako po po\u0161tovanju zakona tako i po transparentnosti i marljivosti,\u201d kazao je Cungu \u201cVijestima\u201d.<\/p>\n<p>Policija je ve\u0107 jednom provjeravala poslovanje Op\u0161tine za vrijeme Cunguovog mandata, ali nije na\u0161la nezakonitosti.<\/p>\n<p>\u0110eka je potvrdio da su mu inspektori donijeli spisak o izuze\u0107u dokumentacije iz tri sekretarijata i najavio da \u0107e Op\u0161tina po\u0161tovati rok.<\/p>\n<p>On je na \u010delu Op\u0161tine od marta pro\u0161le godine, i kako ka\u017ee, \u201cpotpuno relaksirano gleda na istragu\u201d.<\/p>\n<p>\u201cZa tih devet mjeseci pro\u0161le godine, mi smo bili vi\u0161e u blokadi nego \u0161to smo normalno radili. Ne vjerujem ni da su moji prethodnici Cungu i Hajdinaga uradili ne\u0161to \u0161to bi li\u010dilo na zloupotrebu polo\u017eaja. Naravno, ne \u017eelim da prejudiciram nalaze istrage\u201d, kazao je \u0110eka.<\/p>\n<p>On je istakao da je na \u010delu jedne od najsiroma\u0161nijih op\u0161tina u Crnoj Gori.<\/p>\n<p>\u201dKako se tu neko mo\u017ee obogatiti,\u201d pitao je on.<\/p>\n<p>Op\u0161tina \u0107e morati da spremi i kopije rje\u0161enja o lokacijama za gradnju i rekonstrukciju i program privremenih objekata, rje\u0161enja o urbanisti\u010dko-tehni\u010dkim uslovima, gra\u0111evinske i upotrebne dozvole, rje\u0161enja o privremenim lokacijama i urbanisti\u010dke saglasnosti, prenose prava na gra\u0111evinskim zemlji\u0161tima, zaklju\u010dke o poravnjanju sa ranijim vlasnicima, ugovore o zakupu gra\u0111evinskog i poljoprivrednog zemlji\u0161ta i pokrenute postupke za za\u0161titu imovinskih prava i interesa Op\u0161tine.<br \/>\n<a href=\"http:\/\/www.visit-ulcinj.com\/blog\/wp-content\/uploads\/2015\/02\/Liqeni-Shasit-Ulqin-Sasko-Jezero-Ulcinj.jpg\"><img loading=\"lazy\" class=\"alignleft wp-image-88916\" src=\"http:\/\/www.visit-ulcinj.com\/blog\/wp-content\/uploads\/2015\/02\/Liqeni-Shasit-Ulqin-Sasko-Jezero-Ulcinj.jpg\" alt=\"Liqeni-Shasit-Ulqin-Sasko-Jezero-Ulcinj\" width=\"508\" height=\"339\" srcset=\"https:\/\/www.visit-ulcinj.com\/blog\/wp-content\/uploads\/2015\/02\/Liqeni-Shasit-Ulqin-Sasko-Jezero-Ulcinj.jpg 604w, https:\/\/www.visit-ulcinj.com\/blog\/wp-content\/uploads\/2015\/02\/Liqeni-Shasit-Ulqin-Sasko-Jezero-Ulcinj-300x200.jpg 300w\" sizes=\"(max-width: 508px) 100vw, 508px\" \/><\/a><\/p>\n<p><strong>\u00a0Tra\u017eili dokumenta o prenamjeni zamlji\u0161ta na \u0160askom \u00a0jezeru\u00a0<\/strong><\/p>\n<p>Istra\u017eitelji su ovaj put od Sekretarijata za prostorno planiranje i odr\u017eivi razvoj tra\u017eili izuze\u0107e prostorno- planske dokumentacije sa posebnim osvrtom na prenamjenu zemlji\u0161ta u postupku izrade DUP-a za \u0160asko jezero i industrijsku zonu.<\/p>\n<p>Na obroncima \u0160askog jezera Cungu posjeduje zemlji\u0161te za koje je lokalni paralment usvojio studiju lokacije, dok je on bio na \u010delu Op\u0161tine.<\/p>\n<p>Cungu je kazao da \u201ctu nije ni\u0161ta sporno\u201d jer je studija donijeta na osnovu dokumentacije koje su usvojile ranije vlasti.<\/p>\n<p>Dopisom u koji su \u201cVijesti\u201d imale uvid, inspektori su tra\u017eili i plan bud\u017eeta od 2011. do 2014. izvje\u0161taje o reviziji DRI, akte oko dodjele bud\u017eetskih sredstava, prihode i rashode potro\u0161a\u010dkih jedinica, javne nabavke. Njih zanimaju i poslovi u Starom gradu oko reparacije kaldrme i popravke rasvjete i nabavka putni\u010dkih vozila.<\/p>\n<p><strong>Izvor: Vijesti Online<\/strong><\/p>\n","protected":false},"excerpt":{"rendered":"<p>Gzim Hajdinaga, Nazif Cungu i Fatmir \u0110eka slo\u017eni su u ocijeni da istraga nije uperena protiv njih Autor: Samir Adrovi\u0107 Ulcinjska Op\u0161tina ima rok do po\u010detka marta da preda dokumentaciju o poslovanju za 2011, 2012, 2013. i 2014. godinu koju su tra\u017eili inspektori MUP-a po nalogu Specijalnog tu\u017eila\u0161tva. Istra\u017eitelji \u0107e provjeravati rad uprave biv\u0161ih gradona\u010delnika [&hellip;]<\/p>\n","protected":false},"author":1,"featured_media":0,"comment_status":"closed","ping_status":"closed","sticky":false,"template":"","format":"standard","meta":{"spay_email":"","jetpack_publicize_message":"","jetpack_is_tweetstorm":false,"jetpack_publicize_feature_enabled":true},"categories":[8337],"tags":[],"jetpack_publicize_connections":[],"yoast_head":"<!-- This site is optimized with the Yoast SEO plugin v19.1 - https:\/\/yoast.com\/wordpress\/plugins\/seo\/ -->\n<title>Istra\u017eitelji \u0107e ispitati rad Hajdinage, Cungua i \u0110eke - Lajme nga Ulqini<\/title>\n<meta name=\"description\" content=\"Gzim Hajdinaga, Nazif Cungu i Fatmir \u0110eka slo\u017eni su u ocijeni da istraga nije uperena protiv njih Autor: Samir Adrovi\u0107 Ulcinjska Op\u0161tina ima rok do\" \/>\n<meta name=\"robots\" content=\"index, follow, max-snippet:-1, max-image-preview:large, max-video-preview:-1\" \/>\n<link rel=\"canonical\" href=\"https:\/\/www.visit-ulcinj.com\/blog\/2015\/02\/25\/istrazitelji-ce-ispitati-rad-hajdinage-cungua-deke\/\" \/>\n<meta property=\"og:locale\" content=\"en_US\" \/>\n<meta property=\"og:type\" content=\"article\" \/>\n<meta property=\"og:title\" content=\"Istra\u017eitelji \u0107e ispitati rad Hajdinage, Cungua i \u0110eke - Lajme nga Ulqini\" \/>\n<meta property=\"og:description\" content=\"Gzim Hajdinaga, Nazif Cungu i Fatmir \u0110eka slo\u017eni su u ocijeni da istraga nije uperena protiv njih Autor: Samir Adrovi\u0107 Ulcinjska Op\u0161tina ima rok do\" \/>\n<meta property=\"og:url\" content=\"https:\/\/www.visit-ulcinj.com\/blog\/2015\/02\/25\/istrazitelji-ce-ispitati-rad-hajdinage-cungua-deke\/\" \/>\n<meta property=\"og:site_name\" content=\"Lajme nga Ulqini\" \/>\n<meta property=\"article:published_time\" content=\"2015-02-25T14:34:04+00:00\" \/>\n<meta property=\"og:image\" content=\"http:\/\/www.visit-ulcinj.com\/blog\/wp-content\/uploads\/2015\/02\/Cungu-Gjeka-Hajdinaga-Ulqin.jpg\" \/>\n<meta name=\"twitter:label1\" content=\"Written by\" \/>\n\t<meta name=\"twitter:data1\" content=\"ulqini\" \/>\n\t<meta name=\"twitter:label2\" content=\"Est. reading time\" \/>\n\t<meta name=\"twitter:data2\" content=\"3 minutes\" \/>\n<script type=\"application\/ld+json\" class=\"yoast-schema-graph\">{\"@context\":\"https:\/\/schema.org\",\"@graph\":[{\"@type\":\"WebSite\",\"@id\":\"https:\/\/www.visit-ulcinj.com\/blog\/#website\",\"url\":\"https:\/\/www.visit-ulcinj.com\/blog\/\",\"name\":\"Lajme nga Ulqini\",\"description\":\"Lajme,Vijesti,Ulqini,Ulqin,Crna Gora,Mali i Zi\",\"potentialAction\":[{\"@type\":\"SearchAction\",\"target\":{\"@type\":\"EntryPoint\",\"urlTemplate\":\"https:\/\/www.visit-ulcinj.com\/blog\/?s={search_term_string}\"},\"query-input\":\"required name=search_term_string\"}],\"inLanguage\":\"en-US\"},{\"@type\":\"ImageObject\",\"inLanguage\":\"en-US\",\"@id\":\"https:\/\/www.visit-ulcinj.com\/blog\/2015\/02\/25\/istrazitelji-ce-ispitati-rad-hajdinage-cungua-deke\/#primaryimage\",\"url\":\"https:\/\/www.visit-ulcinj.com\/blog\/wp-content\/uploads\/2015\/02\/Cungu-Gjeka-Hajdinaga-Ulqin.jpg\",\"contentUrl\":\"https:\/\/www.visit-ulcinj.com\/blog\/wp-content\/uploads\/2015\/02\/Cungu-Gjeka-Hajdinaga-Ulqin.jpg\",\"width\":816,\"height\":295},{\"@type\":\"WebPage\",\"@id\":\"https:\/\/www.visit-ulcinj.com\/blog\/2015\/02\/25\/istrazitelji-ce-ispitati-rad-hajdinage-cungua-deke\/#webpage\",\"url\":\"https:\/\/www.visit-ulcinj.com\/blog\/2015\/02\/25\/istrazitelji-ce-ispitati-rad-hajdinage-cungua-deke\/\",\"name\":\"Istra\u017eitelji \u0107e ispitati rad Hajdinage, Cungua i \u0110eke - Lajme nga Ulqini\",\"isPartOf\":{\"@id\":\"https:\/\/www.visit-ulcinj.com\/blog\/#website\"},\"primaryImageOfPage\":{\"@id\":\"https:\/\/www.visit-ulcinj.com\/blog\/2015\/02\/25\/istrazitelji-ce-ispitati-rad-hajdinage-cungua-deke\/#primaryimage\"},\"datePublished\":\"2015-02-25T14:34:04+00:00\",\"dateModified\":\"2015-02-25T14:34:04+00:00\",\"author\":{\"@id\":\"https:\/\/www.visit-ulcinj.com\/blog\/#\/schema\/person\/dcab619c614d3038751c63bc2aadc06d\"},\"description\":\"Gzim Hajdinaga, Nazif Cungu i Fatmir \u0110eka slo\u017eni su u ocijeni da istraga nije uperena protiv njih Autor: Samir Adrovi\u0107 Ulcinjska Op\u0161tina ima rok do\",\"breadcrumb\":{\"@id\":\"https:\/\/www.visit-ulcinj.com\/blog\/2015\/02\/25\/istrazitelji-ce-ispitati-rad-hajdinage-cungua-deke\/#breadcrumb\"},\"inLanguage\":\"en-US\",\"potentialAction\":[{\"@type\":\"ReadAction\",\"target\":[\"https:\/\/www.visit-ulcinj.com\/blog\/2015\/02\/25\/istrazitelji-ce-ispitati-rad-hajdinage-cungua-deke\/\"]}]},{\"@type\":\"BreadcrumbList\",\"@id\":\"https:\/\/www.visit-ulcinj.com\/blog\/2015\/02\/25\/istrazitelji-ce-ispitati-rad-hajdinage-cungua-deke\/#breadcrumb\",\"itemListElement\":[{\"@type\":\"ListItem\",\"position\":1,\"name\":\"Istra\u017eitelji \u0107e ispitati rad Hajdinage, Cungua i \u0110eke\"}]},{\"@type\":\"Person\",\"@id\":\"https:\/\/www.visit-ulcinj.com\/blog\/#\/schema\/person\/dcab619c614d3038751c63bc2aadc06d\",\"name\":\"ulqini\",\"sameAs\":[\"http:\/\/www.visit-ulcinj.com\"],\"url\":\"https:\/\/www.visit-ulcinj.com\/blog\/author\/admin\/\"}]}<\/script>\n<!-- \/ Yoast SEO plugin. -->","yoast_head_json":{"title":"Istra\u017eitelji \u0107e ispitati rad Hajdinage, Cungua i \u0110eke - Lajme nga Ulqini","description":"Gzim Hajdinaga, Nazif Cungu i Fatmir \u0110eka slo\u017eni su u ocijeni da istraga nije uperena protiv njih Autor: Samir Adrovi\u0107 Ulcinjska Op\u0161tina ima rok do","robots":{"index":"index","follow":"follow","max-snippet":"max-snippet:-1","max-image-preview":"max-image-preview:large","max-video-preview":"max-video-preview:-1"},"canonical":"https:\/\/www.visit-ulcinj.com\/blog\/2015\/02\/25\/istrazitelji-ce-ispitati-rad-hajdinage-cungua-deke\/","og_locale":"en_US","og_type":"article","og_title":"Istra\u017eitelji \u0107e ispitati rad Hajdinage, Cungua i \u0110eke - Lajme nga Ulqini","og_description":"Gzim Hajdinaga, Nazif Cungu i Fatmir \u0110eka slo\u017eni su u ocijeni da istraga nije uperena protiv njih Autor: Samir Adrovi\u0107 Ulcinjska Op\u0161tina ima rok do","og_url":"https:\/\/www.visit-ulcinj.com\/blog\/2015\/02\/25\/istrazitelji-ce-ispitati-rad-hajdinage-cungua-deke\/","og_site_name":"Lajme nga Ulqini","article_published_time":"2015-02-25T14:34:04+00:00","og_image":[{"url":"http:\/\/www.visit-ulcinj.com\/blog\/wp-content\/uploads\/2015\/02\/Cungu-Gjeka-Hajdinaga-Ulqin.jpg"}],"twitter_misc":{"Written by":"ulqini","Est. reading time":"3 minutes"},"schema":{"@context":"https:\/\/schema.org","@graph":[{"@type":"WebSite","@id":"https:\/\/www.visit-ulcinj.com\/blog\/#website","url":"https:\/\/www.visit-ulcinj.com\/blog\/","name":"Lajme nga Ulqini","description":"Lajme,Vijesti,Ulqini,Ulqin,Crna Gora,Mali i Zi","potentialAction":[{"@type":"SearchAction","target":{"@type":"EntryPoint","urlTemplate":"https:\/\/www.visit-ulcinj.com\/blog\/?s={search_term_string}"},"query-input":"required name=search_term_string"}],"inLanguage":"en-US"},{"@type":"ImageObject","inLanguage":"en-US","@id":"https:\/\/www.visit-ulcinj.com\/blog\/2015\/02\/25\/istrazitelji-ce-ispitati-rad-hajdinage-cungua-deke\/#primaryimage","url":"https:\/\/www.visit-ulcinj.com\/blog\/wp-content\/uploads\/2015\/02\/Cungu-Gjeka-Hajdinaga-Ulqin.jpg","contentUrl":"https:\/\/www.visit-ulcinj.com\/blog\/wp-content\/uploads\/2015\/02\/Cungu-Gjeka-Hajdinaga-Ulqin.jpg","width":816,"height":295},{"@type":"WebPage","@id":"https:\/\/www.visit-ulcinj.com\/blog\/2015\/02\/25\/istrazitelji-ce-ispitati-rad-hajdinage-cungua-deke\/#webpage","url":"https:\/\/www.visit-ulcinj.com\/blog\/2015\/02\/25\/istrazitelji-ce-ispitati-rad-hajdinage-cungua-deke\/","name":"Istra\u017eitelji \u0107e ispitati rad Hajdinage, Cungua i \u0110eke - Lajme nga Ulqini","isPartOf":{"@id":"https:\/\/www.visit-ulcinj.com\/blog\/#website"},"primaryImageOfPage":{"@id":"https:\/\/www.visit-ulcinj.com\/blog\/2015\/02\/25\/istrazitelji-ce-ispitati-rad-hajdinage-cungua-deke\/#primaryimage"},"datePublished":"2015-02-25T14:34:04+00:00","dateModified":"2015-02-25T14:34:04+00:00","author":{"@id":"https:\/\/www.visit-ulcinj.com\/blog\/#\/schema\/person\/dcab619c614d3038751c63bc2aadc06d"},"description":"Gzim Hajdinaga, Nazif Cungu i Fatmir \u0110eka slo\u017eni su u ocijeni da istraga nije uperena protiv njih Autor: Samir Adrovi\u0107 Ulcinjska Op\u0161tina ima rok do","breadcrumb":{"@id":"https:\/\/www.visit-ulcinj.com\/blog\/2015\/02\/25\/istrazitelji-ce-ispitati-rad-hajdinage-cungua-deke\/#breadcrumb"},"inLanguage":"en-US","potentialAction":[{"@type":"ReadAction","target":["https:\/\/www.visit-ulcinj.com\/blog\/2015\/02\/25\/istrazitelji-ce-ispitati-rad-hajdinage-cungua-deke\/"]}]},{"@type":"BreadcrumbList","@id":"https:\/\/www.visit-ulcinj.com\/blog\/2015\/02\/25\/istrazitelji-ce-ispitati-rad-hajdinage-cungua-deke\/#breadcrumb","itemListElement":[{"@type":"ListItem","position":1,"name":"Istra\u017eitelji \u0107e ispitati rad Hajdinage, Cungua i \u0110eke"}]},{"@type":"Person","@id":"https:\/\/www.visit-ulcinj.com\/blog\/#\/schema\/person\/dcab619c614d3038751c63bc2aadc06d","name":"ulqini","sameAs":["http:\/\/www.visit-ulcinj.com"],"url":"https:\/\/www.visit-ulcinj.com\/blog\/author\/admin\/"}]}},"jetpack_featured_media_url":"","jetpack_sharing_enabled":true,"jetpack_shortlink":"https:\/\/wp.me\/pe6lTn-n8m","_links":{"self":[{"href":"https:\/\/www.visit-ulcinj.com\/blog\/wp-json\/wp\/v2\/posts\/88930"}],"collection":[{"href":"https:\/\/www.visit-ulcinj.com\/blog\/wp-json\/wp\/v2\/posts"}],"about":[{"href":"https:\/\/www.visit-ulcinj.com\/blog\/wp-json\/wp\/v2\/types\/post"}],"author":[{"embeddable":true,"href":"https:\/\/www.visit-ulcinj.com\/blog\/wp-json\/wp\/v2\/users\/1"}],"replies":[{"embeddable":true,"href":"https:\/\/www.visit-ulcinj.com\/blog\/wp-json\/wp\/v2\/comments?post=88930"}],"version-history":[{"count":1,"href":"https:\/\/www.visit-ulcinj.com\/blog\/wp-json\/wp\/v2\/posts\/88930\/revisions"}],"predecessor-version":[{"id":88931,"href":"https:\/\/www.visit-ulcinj.com\/blog\/wp-json\/wp\/v2\/posts\/88930\/revisions\/88931"}],"wp:attachment":[{"href":"https:\/\/www.visit-ulcinj.com\/blog\/wp-json\/wp\/v2\/media?parent=88930"}],"wp:term":[{"taxonomy":"category","embeddable":true,"href":"https:\/\/www.visit-ulcinj.com\/blog\/wp-json\/wp\/v2\/categories?post=88930"},{"taxonomy":"post_tag","embeddable":true,"href":"https:\/\/www.visit-ulcinj.com\/blog\/wp-json\/wp\/v2\/tags?post=88930"}],"curies":[{"name":"wp","href":"https:\/\/api.w.org\/{rel}","templated":true}]}}