{"id":88937,"date":"2015-02-25T20:11:29","date_gmt":"2015-02-25T19:11:29","guid":{"rendered":"http:\/\/www.visit-ulcinj.com\/blog\/?p=88937"},"modified":"2015-02-25T20:12:32","modified_gmt":"2015-02-25T19:12:32","slug":"ulcinj-mjestani-stoja-otjerali-izvodaca-radova-video","status":"publish","type":"post","link":"https:\/\/www.visit-ulcinj.com\/blog\/2015\/02\/25\/ulcinj-mjestani-stoja-otjerali-izvodaca-radova-video\/","title":{"rendered":"Ulcinj: Mje\u0161tani \u0160toja otjerali izvo\u0111a\u010da radova &#8211; Video"},"content":{"rendered":"<p><span class=\"tekstcijeli\"><span class=\"kapital\"><a href=\"http:\/\/www.visit-ulcinj.com\/blog\/wp-content\/uploads\/2015\/02\/Mjestani-Stoja-blokada.jpg\"><img loading=\"lazy\" class=\"alignleft wp-image-88938\" src=\"http:\/\/www.visit-ulcinj.com\/blog\/wp-content\/uploads\/2015\/02\/Mjestani-Stoja-blokada.jpg\" alt=\"Mjestani-Stoja-blokada\" width=\"508\" height=\"379\" srcset=\"https:\/\/www.visit-ulcinj.com\/blog\/wp-content\/uploads\/2015\/02\/Mjestani-Stoja-blokada.jpg 960w, https:\/\/www.visit-ulcinj.com\/blog\/wp-content\/uploads\/2015\/02\/Mjestani-Stoja-blokada-300x224.jpg 300w\" sizes=\"(max-width: 508px) 100vw, 508px\" \/><\/a>U<\/span>L\u00adCINj- Sto\u00adti\u00adnak mje\u00ad\u0161ta\u00adna Mje\u00adsne za\u00adjed\u00adni\u00adce \u0160toj iz Ul\u00adci\u00adnja ju\u00ad\u010de ni\u00adje do\u00adzvo\u00adli\u00adlo iz\u00advo\u00ad\u0111a\u00ad\u010di\u00adma ra\u00addo\u00adva da po\u010d\u00adnu grad\u00adnju akva-par\u00adka u tom na\u00adse\u00adlju. Oni su se po\u00adsli\u00adje pod\u00adne oku\u00adpi\u00adli na ma\u00adgi\u00adstral\u00adnom pu\u00adtu Ul\u00adcinj \u2013 Ada Bo\u00adja\u00adna ne do\u00adzvo\u00adlja\u00adva\u00adju\u00ad\u0107i da gra\u00ad\u0111e\u00advin\u00adske ma\u00ad\u0161i\u00adne pri\u00adstu\u00adpe lo\u00adka\u00adci\u00adji na ko\u00adjoj se pla\u00adni\u00adra re\u00ada\u00adli\u00adza\u00adci\u00adja in\u00adve\u00adsti\u00adci\u00adje vri\u00adjed\u00adne oko 7,5 mi\u00adli\u00ado\u00adna eura. Mje\u00ad\u0161ta\u00adni tvr\u00adde da je par\u00adce\u00adla na ko\u00adjoj se pla\u00adni\u00adra iz\u00adgrad\u00adnja akva-par\u00adka vla\u00adsni\u00ad\u0161tvo nji\u00adho\u00advog kom\u00ad\u0161i\u00adje An\u00adta Ru\u00addo\u00advi\u00ad\u0107a, te da in\u00adve\u00adsti\u00adtor, kom\u00adpa\u00adni\u00adja \u201eUl\u00adcinj akva-park en\u00adtr\u00adtej\u00adment\u201c, ina\u00ad\u010de \u201ek\u0107er\u00adka fir\u00adma tur\u00adske kom\u00adpa\u00adni\u00adje \u201ePo\u00adlin\u201c, ne\u00adma pra\u00advo da gra\u00addi na imo\u00advi\u00adni ko\u00adja je rje\u00ad\u0161e\u00adnjem Ko\u00admi\u00adsi\u00adje za po\u00advra\u00ad\u0107aj i obe\u00ad\u0161te\u00ad\u0107e\u00adnje u Ba\u00adru, vra\u00ad\u0107e\u00adna po\u00adro\u00addi\u00adci Ru\u00addo\u00advi\u0107. Na\u00adkon sko\u00adro dvo\u00ad\u010da\u00adsov\u00adnog mir\u00adnog pro\u00adte\u00adsta, in\u00adve\u00adsti\u00adtor je u prat\u00adnji po\u00adli\u00adci\u00adje po\u00advu\u00adkao ma\u00ad\u0161i\u00adne sa lo\u00adka\u00adci\u00adje, a na\u00adkon to\u00adga raz\u00adi\u00ad\u0161li su se i mje\u00ad\u0161ta\u00adni. An\u00adto Ru\u00addo\u00advi\u0107 ka\u00adzao je na\u00ad\u0161em li\u00adstu da se oku\u00adplja\u00adnje de\u00adsi\u00adlo spon\u00adta\u00adno i da on i nje\u00adgo\u00adve kom\u00ad\u0161i\u00adje ni ubu\u00addu\u00ad\u0107e ne\u00ad\u0107e do\u00adzvo\u00adli\u00adti bi\u00adlo ko\u00adme da po\u010d\u00adne s ra\u00addo\u00advi\u00adma.<br \/>\n\u2013Imam rje\u00ad\u0161e\u00adnje ko\u00adjim mi je vra\u00ad\u0107e\u00adna ova par\u00adce\u00adla od oko 25,5 hi\u00adlja\u00adda kva\u00addra\u00adta. To je za me\u00adne je\u00addi\u00adno re\u00adle\u00advat\u00adno jer, iako se Op\u00ad\u0161ti\u00adna Ul\u00adcinj \u017ea\u00adli\u00adla na to, Mi\u00adni\u00adstar\u00adstvo fi\u00adnan\u00adsi\u00adja se jo\u0161 uvi\u00adjek ni\u00adje ogla\u00adsi\u00adlo tim po\u00advo\u00addom. Ta\u00adko\u00ad\u0111e, tim rje\u00ad\u0161e\u00adnjem na\u00adlo\u00ad\u017ee\u00adno je Upra\u00advi za na\u00adkret\u00adni\u00adne da iz\u00advr\u00ad\u0161i upis pra\u00adva, ali to jo\u0161 ni\u00adje okon\u00ad\u010da\u00adno. Da\u00adkle, spor je u to\u00adku i ne\u00adma ni\u00adka\u00adkve lo\u00adgi\u00adke da se, dok ne bu\u00adde okon\u00ad\u010dan, na ovoj par\u00adce\u00adli iz\u00advo\u00adde bi\u00adlo ka\u00adkvi ra\u00addo\u00advi. Ja sam na to i ra\u00adni\u00adje upo\u00adzo\u00adra\u00advao i Op\u00ad\u0161ti\u00adnu i in\u00adve\u00adsti\u00adto\u00adre, ali iz\u00adgle\u00adda da oni ho\u00ad\u0107e da ra\u00adde mi\u00admo za\u00adko\u00adna \u0161to, uvje\u00adren sam, ne\u00ad\u0107e mo\u00ad\u0107i- ka\u00adzao je Ru\u00addo\u00advi\u0107.<br \/>\nNje\u00adga su ju\u00ad\u010de, osim kom\u00ad\u0161i\u00adja, po\u00addr\u00ad\u017ea\u00adli i li\u00adder DUA i od\u00adbor\u00adnik u SO Ul\u00adcinj Meh\u00admet Zen\u00adka, kao i pred\u00adsjed\u00adnik OO SNP An\u00addri\u00adja \u0106et\u00adko\u00advi\u0107. Zen\u00adka je po\u00adku\u00ad\u0161aj in\u00adve\u00adsti\u00adto\u00adra da za\u00adpo\u010d\u00adne s ra\u00addo\u00advi\u00adma oci\u00adje\u00adnio kao ugro\u00ad\u017ea\u00adva\u00adnje pra\u00adva gra\u00ad\u0111a\u00adna da bra\u00adne svo\u00adju imo\u00advi\u00adnu. <\/span><\/p>\n<p><span class=\"tekstcijeli\"><a href=\"http:\/\/www.visit-ulcinj.com\/blog\/wp-content\/uploads\/2015\/02\/Mjestani-Stoja-blokada-2.jpg\"><img loading=\"lazy\" class=\"alignleft wp-image-88940\" src=\"http:\/\/www.visit-ulcinj.com\/blog\/wp-content\/uploads\/2015\/02\/Mjestani-Stoja-blokada-2.jpg\" alt=\"Mjestani-Stoja-blokada-2\" width=\"508\" height=\"379\" srcset=\"https:\/\/www.visit-ulcinj.com\/blog\/wp-content\/uploads\/2015\/02\/Mjestani-Stoja-blokada-2.jpg 960w, https:\/\/www.visit-ulcinj.com\/blog\/wp-content\/uploads\/2015\/02\/Mjestani-Stoja-blokada-2-300x224.jpg 300w\" sizes=\"(max-width: 508px) 100vw, 508px\" \/><\/a><br \/>\n-DUA se uvi\u00adjek za\u00adla\u00adga\u00adla da se imo\u00advi\u00adna ko\u00adja je pod spo\u00adrom ne mo\u00ad\u017ee pro\u00adda\u00adva\u00adti, ni da\u00adva\u00adti u za\u00adkup dok se za\u00advr\u00ad\u0161e sud\u00adski spo\u00adro\u00advi. Simp\u00adto\u00adma\u00adti\u010d\u00adno je da upr\u00adkos to\u00adme ne\u00adko na si\u00adlu po\u00adku\u00ad\u0161a\u00adva da gu\u00adra ne\u00ad\u0161to \u0161to ni\u00adje u skla\u00addu sa za\u00adko\u00adnom. Ta\u00adko\u00ad\u0111e, tre\u00adba da se za\u00adpi\u00adta\u00admo ka\u00adko se to u za\u00adle\u00ad\u0111u Bu\u00addve, na br\u00addu, da\u00adle\u00adko od oba\u00adle, kva\u00addrat iz\u00adda\u00adje po \u0161est eura istom in\u00adve\u00adsti\u00adto\u00adru, a u Ul\u00adci\u00adnju, na par sto\u00adti\u00adna od mo\u00adra, ne\u00adko ho\u00ad\u0107e da iz\u00adda pri\u00advat\u00adnu imo\u00advi\u00adnu za sa\u00admo po je\u00addan euro. Mo\u00adra\u00admo se, da\u00adkle, za\u00adpi\u00adta\u00adti ko su lju\u00addi ko\u00adji ta\u00adko du\u00adbo\u00adko za\u00addi\u00adru u d\u017eep Ul\u00adci\u00adnja i u bu\u00add\u017eet gra\u00adda. Znam da se ovom in\u00adve\u00adsti\u00adto\u00adru nu\u00addi\u00adlo vi\u00ad\u0161e lo\u00adka\u00adci\u00adja, ko\u00adje su \u010dak i atrak\u00adtiv\u00adni\u00adje, ali ne\u00adko je ipak za\u00adpeo za ovu ko\u00adja je pod spo\u00adrom. Ova vlast, ko\u00adja da\u00adnas sla\u00advi go\u00addi\u00ad\u0161nji\u00adcu, po\u00adku\u00ad\u0161a\u00adva da gra\u00ad\u0111a\u00adni\u00adma odu\u00adzme i ono po\u00adsled\u00adnje \u0161to ima\u00adju, a to je na\u00adda da \u0107e se ne\u00ad\u0161to pro\u00admi\u00adje\u00adni\u00adti i da \u0107e za\u00adko\u00adni po\u00adbje\u00addi\u00adti ne\u00ad\u010di\u00adju sa\u00admo\u00advo\u00adlju- re\u00adkao je Zen\u00adka. Pr\u00advi \u010do\u00advjek ul\u00adcinj\u00adskog SNP-a An\u00addri\u00adja \u0106et\u00adko\u00advi\u0107 sma\u00adtra da se po\u00adro\u00addi\u00adci Ru\u00addo\u00advi\u0107 \u010di\u00adni ve\u00adli\u00adka ne\u00adprav\u00adda po\u00adku\u00ad\u0161a\u00adji\u00adma da se na imo\u00advi\u00adni ko\u00adja im je vra\u00ad\u0107e\u00adna re\u00ada\u00adli\u00adzu\u00adje in\u00adve\u00adsti\u00adci\u00adja o ko\u00adjoj ih ni\u00adko ni\u00ad\u0161ta ni\u00adje pi\u00adtao.<br \/>\n\u2013Ov\u00addje je si\u00adtu\u00ada\u00adci\u00adja pot\u00adpu\u00adno \u010di\u00adsta, jer lo\u00adkal\u00adna vlast ve\u0107 go\u00addi\u00adnu da\u00adna po\u00adku\u00ad\u0161a\u00adva da ra\u00addi mi\u00admo za\u00adko\u00adna i za\u00adne\u00adma\u00adru\u00adje rje\u00ad\u0161e\u00adnje Ko\u00admi\u00adsi\u00adje za po\u00advra\u00ad\u0107aj imo\u00advi\u00adne ko\u00adjim je pred\u00admet\u00adna imo\u00advi\u00adna vra\u00ad\u0107e\u00adna po\u00adro\u00addi\u00adci Ru\u00addo\u00advi\u0107. Vlast se po\u00adzi\u00adva na od\u00adlu\u00adku ko\u00adja je u skup\u00ad\u0161ti\u00adni do\u00adni\u00adje\u00adta mi\u00admo sta\u00adtu\u00adta i po\u00adslov\u00adni\u00adka SO i to do\u00advolj\u00adno go\u00advo\u00adri o \u010de\u00admu se ov\u00addje ra\u00addi- ka\u00adzao je \u0106et\u00adko\u00advi\u0107.<br \/>\nPod\u00adsje\u00adti\u00admo, \u0160to\u00adja\u00adni su se na is\u00adtoj lo\u00adka\u00adci\u00adji oku\u00adpi\u00adli i ne\u00addav\u00adno, pro\u00adte\u00adstu\u00adju\u00ad\u0107i \u0161to je Op\u00ad\u0161ti\u00adna in\u00adve\u00adsti\u00adto\u00adru, tur\u00adskom \u201ePo\u00adli\u00adnu\u201c, iz\u00adda\u00adla ur\u00adba\u00adni\u00adsti\u010d\u00adko- teh\u00adni\u010d\u00adke uslo\u00adve za grad\u00adnju akva- par\u00adka. Sa sku\u00adpa je ape\u00adlo\u00adva\u00adno na dr\u00ad\u017eav\u00adne in\u00adsti\u00adtu\u00adci\u00adje da ubr\u00adza\u00adju pro\u00adce\u00adse po\u00advra\u00ad\u0107a\u00adja imo\u00advi\u00adne ko\u00adji su na \u010de\u00adka\u00adnju i po de\u00adse\u00adtak go\u00addi\u00adna.<br \/>\n<strong>M.K.<\/strong><\/span><\/p>\n<p><a href=\"http:\/\/www.visit-ulcinj.com\/blog\/wp-content\/uploads\/2015\/02\/Mjestani-Stoja-blokada-1.jpg\"><img loading=\"lazy\" class=\"alignleft wp-image-88939\" src=\"http:\/\/www.visit-ulcinj.com\/blog\/wp-content\/uploads\/2015\/02\/Mjestani-Stoja-blokada-1.jpg\" alt=\"Mjestani-Stoja-blokada-1\" width=\"508\" height=\"470\" srcset=\"https:\/\/www.visit-ulcinj.com\/blog\/wp-content\/uploads\/2015\/02\/Mjestani-Stoja-blokada-1.jpg 701w, https:\/\/www.visit-ulcinj.com\/blog\/wp-content\/uploads\/2015\/02\/Mjestani-Stoja-blokada-1-300x277.jpg 300w\" sizes=\"(max-width: 508px) 100vw, 508px\" \/><\/a><br \/>\n<strong> \u0110e\u00adka: Ni\u00adko ne\u00adma pra\u00advo da ugro\u00ad\u017ea\u00adva in\u00adte\u00adre\u00adse Op\u00ad\u0161ti\u00adne<\/strong><\/p>\n<p>Pred\u00adsjed\u00adnik op\u00ad\u0161ti\u00adne Fat\u00admir \u0110e\u00adka iz\u00adja\u00advio je ne\u00addav\u00adno da ni\u00adko ne\u00adma pra\u00advo da di\u00adra tu\u00ad\u0111u imo\u00advi\u00adnu i spre\u00ad\u010da\u00adva in\u00adve\u00adsti\u00adci\u00adje ko\u00adje su od in\u00adte\u00adre\u00adsa za raz\u00advoj Op\u00ad\u0161ti\u00adne.<br \/>\n-To ze\u00admlji\u00ad\u0161te je op\u00ad\u0161tin\u00adsko je\u00addan kroz je\u00addan \u0161to je la\u00adko pro\u00advjer\u00adlji\u00advo u ka\u00adta\u00adstru. Sva\u00adko ima pra\u00advo da pro\u00adte\u00adstu\u00adje u skla\u00addu sa za\u00adko\u00adni\u00adma, ali ni\u00adko ni\u00adje i ne mo\u00ad\u017ee bi\u00adti iz\u00adnad dr\u00ad\u017ea\u00adve. Ni\u00adko ne\u00adma pra\u00advo da ugro\u00ad\u017ea\u00adva vi\u00adtal\u00adne in\u00adte\u00adre\u00adse Op\u00ad\u0161ti\u00adne i dr\u00ad\u017ea\u00adve- iz\u00adja\u00advio je \u0110e\u00adka.<\/p>\n<p><strong>Izvor: DAN<\/strong><\/p>\n<p><strong>Video Tv Teuta<\/strong><\/p>\n<!--YouTube Error: bad URL entered-->\n","protected":false},"excerpt":{"rendered":"<p>UL\u00adCINj- Sto\u00adti\u00adnak mje\u00ad\u0161ta\u00adna Mje\u00adsne za\u00adjed\u00adni\u00adce \u0160toj iz Ul\u00adci\u00adnja ju\u00ad\u010de ni\u00adje do\u00adzvo\u00adli\u00adlo iz\u00advo\u00ad\u0111a\u00ad\u010di\u00adma ra\u00addo\u00adva da po\u010d\u00adnu grad\u00adnju akva-par\u00adka u tom na\u00adse\u00adlju. Oni su se po\u00adsli\u00adje pod\u00adne oku\u00adpi\u00adli na ma\u00adgi\u00adstral\u00adnom pu\u00adtu Ul\u00adcinj \u2013 Ada Bo\u00adja\u00adna ne do\u00adzvo\u00adlja\u00adva\u00adju\u00ad\u0107i da gra\u00ad\u0111e\u00advin\u00adske ma\u00ad\u0161i\u00adne pri\u00adstu\u00adpe lo\u00adka\u00adci\u00adji na ko\u00adjoj se pla\u00adni\u00adra re\u00ada\u00adli\u00adza\u00adci\u00adja in\u00adve\u00adsti\u00adci\u00adje vri\u00adjed\u00adne oko 7,5 mi\u00adli\u00ado\u00adna eura. Mje\u00ad\u0161ta\u00adni tvr\u00adde da je [&hellip;]<\/p>\n","protected":false},"author":1,"featured_media":0,"comment_status":"closed","ping_status":"closed","sticky":false,"template":"","format":"standard","meta":{"spay_email":"","jetpack_publicize_message":"","jetpack_is_tweetstorm":false,"jetpack_publicize_feature_enabled":true},"categories":[8337],"tags":[],"jetpack_publicize_connections":[],"yoast_head":"<!-- This site is optimized with the Yoast SEO plugin v19.1 - https:\/\/yoast.com\/wordpress\/plugins\/seo\/ -->\n<title>Ulcinj: Mje\u0161tani \u0160toja otjerali izvo\u0111a\u010da radova - Video - Lajme nga Ulqini<\/title>\n<meta name=\"description\" content=\"UL\u00adCINj- Sto\u00adti\u00adnak mje\u00ad\u0161ta\u00adna Mje\u00adsne za\u00adjed\u00adni\u00adce \u0160toj iz Ul\u00adci\u00adnja ju\u00ad\u010de ni\u00adje do\u00adzvo\u00adli\u00adlo iz\u00advo\u00ad\u0111a\u00ad\u010di\u00adma ra\u00addo\u00adva da po\u010d\u00adnu grad\u00adnju akva-par\u00adka u\" \/>\n<meta name=\"robots\" content=\"index, follow, max-snippet:-1, max-image-preview:large, max-video-preview:-1\" \/>\n<link rel=\"canonical\" href=\"https:\/\/www.visit-ulcinj.com\/blog\/2015\/02\/25\/ulcinj-mjestani-stoja-otjerali-izvodaca-radova-video\/\" \/>\n<meta property=\"og:locale\" content=\"en_US\" \/>\n<meta property=\"og:type\" content=\"article\" \/>\n<meta property=\"og:title\" content=\"Ulcinj: Mje\u0161tani \u0160toja otjerali izvo\u0111a\u010da radova - Video - Lajme nga Ulqini\" \/>\n<meta property=\"og:description\" content=\"UL\u00adCINj- Sto\u00adti\u00adnak mje\u00ad\u0161ta\u00adna Mje\u00adsne za\u00adjed\u00adni\u00adce \u0160toj iz Ul\u00adci\u00adnja ju\u00ad\u010de ni\u00adje do\u00adzvo\u00adli\u00adlo iz\u00advo\u00ad\u0111a\u00ad\u010di\u00adma ra\u00addo\u00adva da po\u010d\u00adnu grad\u00adnju akva-par\u00adka u\" \/>\n<meta property=\"og:url\" content=\"https:\/\/www.visit-ulcinj.com\/blog\/2015\/02\/25\/ulcinj-mjestani-stoja-otjerali-izvodaca-radova-video\/\" \/>\n<meta property=\"og:site_name\" content=\"Lajme nga Ulqini\" \/>\n<meta property=\"article:published_time\" content=\"2015-02-25T19:11:29+00:00\" \/>\n<meta property=\"article:modified_time\" content=\"2015-02-25T19:12:32+00:00\" \/>\n<meta property=\"og:image\" content=\"http:\/\/www.visit-ulcinj.com\/blog\/wp-content\/uploads\/2015\/02\/Mjestani-Stoja-blokada.jpg\" \/>\n<meta name=\"twitter:label1\" content=\"Written by\" \/>\n\t<meta name=\"twitter:data1\" content=\"ulqini\" \/>\n\t<meta name=\"twitter:label2\" content=\"Est. reading time\" \/>\n\t<meta name=\"twitter:data2\" content=\"7 minutes\" \/>\n<script type=\"application\/ld+json\" class=\"yoast-schema-graph\">{\"@context\":\"https:\/\/schema.org\",\"@graph\":[{\"@type\":\"WebSite\",\"@id\":\"https:\/\/www.visit-ulcinj.com\/blog\/#website\",\"url\":\"https:\/\/www.visit-ulcinj.com\/blog\/\",\"name\":\"Lajme nga Ulqini\",\"description\":\"Lajme,Vijesti,Ulqini,Ulqin,Crna Gora,Mali i Zi\",\"potentialAction\":[{\"@type\":\"SearchAction\",\"target\":{\"@type\":\"EntryPoint\",\"urlTemplate\":\"https:\/\/www.visit-ulcinj.com\/blog\/?s={search_term_string}\"},\"query-input\":\"required name=search_term_string\"}],\"inLanguage\":\"en-US\"},{\"@type\":\"ImageObject\",\"inLanguage\":\"en-US\",\"@id\":\"https:\/\/www.visit-ulcinj.com\/blog\/2015\/02\/25\/ulcinj-mjestani-stoja-otjerali-izvodaca-radova-video\/#primaryimage\",\"url\":\"https:\/\/www.visit-ulcinj.com\/blog\/wp-content\/uploads\/2015\/02\/Mjestani-Stoja-blokada.jpg\",\"contentUrl\":\"https:\/\/www.visit-ulcinj.com\/blog\/wp-content\/uploads\/2015\/02\/Mjestani-Stoja-blokada.jpg\",\"width\":960,\"height\":717},{\"@type\":\"WebPage\",\"@id\":\"https:\/\/www.visit-ulcinj.com\/blog\/2015\/02\/25\/ulcinj-mjestani-stoja-otjerali-izvodaca-radova-video\/#webpage\",\"url\":\"https:\/\/www.visit-ulcinj.com\/blog\/2015\/02\/25\/ulcinj-mjestani-stoja-otjerali-izvodaca-radova-video\/\",\"name\":\"Ulcinj: Mje\u0161tani \u0160toja otjerali izvo\u0111a\u010da radova - Video - Lajme nga Ulqini\",\"isPartOf\":{\"@id\":\"https:\/\/www.visit-ulcinj.com\/blog\/#website\"},\"primaryImageOfPage\":{\"@id\":\"https:\/\/www.visit-ulcinj.com\/blog\/2015\/02\/25\/ulcinj-mjestani-stoja-otjerali-izvodaca-radova-video\/#primaryimage\"},\"datePublished\":\"2015-02-25T19:11:29+00:00\",\"dateModified\":\"2015-02-25T19:12:32+00:00\",\"author\":{\"@id\":\"https:\/\/www.visit-ulcinj.com\/blog\/#\/schema\/person\/dcab619c614d3038751c63bc2aadc06d\"},\"description\":\"UL\u00adCINj- Sto\u00adti\u00adnak mje\u00ad\u0161ta\u00adna Mje\u00adsne za\u00adjed\u00adni\u00adce \u0160toj iz Ul\u00adci\u00adnja ju\u00ad\u010de ni\u00adje do\u00adzvo\u00adli\u00adlo iz\u00advo\u00ad\u0111a\u00ad\u010di\u00adma ra\u00addo\u00adva da po\u010d\u00adnu grad\u00adnju akva-par\u00adka u\",\"breadcrumb\":{\"@id\":\"https:\/\/www.visit-ulcinj.com\/blog\/2015\/02\/25\/ulcinj-mjestani-stoja-otjerali-izvodaca-radova-video\/#breadcrumb\"},\"inLanguage\":\"en-US\",\"potentialAction\":[{\"@type\":\"ReadAction\",\"target\":[\"https:\/\/www.visit-ulcinj.com\/blog\/2015\/02\/25\/ulcinj-mjestani-stoja-otjerali-izvodaca-radova-video\/\"]}]},{\"@type\":\"BreadcrumbList\",\"@id\":\"https:\/\/www.visit-ulcinj.com\/blog\/2015\/02\/25\/ulcinj-mjestani-stoja-otjerali-izvodaca-radova-video\/#breadcrumb\",\"itemListElement\":[{\"@type\":\"ListItem\",\"position\":1,\"name\":\"Ulcinj: Mje\u0161tani \u0160toja otjerali izvo\u0111a\u010da radova &#8211; Video\"}]},{\"@type\":\"Person\",\"@id\":\"https:\/\/www.visit-ulcinj.com\/blog\/#\/schema\/person\/dcab619c614d3038751c63bc2aadc06d\",\"name\":\"ulqini\",\"sameAs\":[\"http:\/\/www.visit-ulcinj.com\"],\"url\":\"https:\/\/www.visit-ulcinj.com\/blog\/author\/admin\/\"}]}<\/script>\n<!-- \/ Yoast SEO plugin. -->","yoast_head_json":{"title":"Ulcinj: Mje\u0161tani \u0160toja otjerali izvo\u0111a\u010da radova - Video - Lajme nga Ulqini","description":"UL\u00adCINj- Sto\u00adti\u00adnak mje\u00ad\u0161ta\u00adna Mje\u00adsne za\u00adjed\u00adni\u00adce \u0160toj iz Ul\u00adci\u00adnja ju\u00ad\u010de ni\u00adje do\u00adzvo\u00adli\u00adlo iz\u00advo\u00ad\u0111a\u00ad\u010di\u00adma ra\u00addo\u00adva da po\u010d\u00adnu grad\u00adnju akva-par\u00adka u","robots":{"index":"index","follow":"follow","max-snippet":"max-snippet:-1","max-image-preview":"max-image-preview:large","max-video-preview":"max-video-preview:-1"},"canonical":"https:\/\/www.visit-ulcinj.com\/blog\/2015\/02\/25\/ulcinj-mjestani-stoja-otjerali-izvodaca-radova-video\/","og_locale":"en_US","og_type":"article","og_title":"Ulcinj: Mje\u0161tani \u0160toja otjerali izvo\u0111a\u010da radova - Video - Lajme nga Ulqini","og_description":"UL\u00adCINj- Sto\u00adti\u00adnak mje\u00ad\u0161ta\u00adna Mje\u00adsne za\u00adjed\u00adni\u00adce \u0160toj iz Ul\u00adci\u00adnja ju\u00ad\u010de ni\u00adje do\u00adzvo\u00adli\u00adlo iz\u00advo\u00ad\u0111a\u00ad\u010di\u00adma ra\u00addo\u00adva da po\u010d\u00adnu grad\u00adnju akva-par\u00adka u","og_url":"https:\/\/www.visit-ulcinj.com\/blog\/2015\/02\/25\/ulcinj-mjestani-stoja-otjerali-izvodaca-radova-video\/","og_site_name":"Lajme nga Ulqini","article_published_time":"2015-02-25T19:11:29+00:00","article_modified_time":"2015-02-25T19:12:32+00:00","og_image":[{"url":"http:\/\/www.visit-ulcinj.com\/blog\/wp-content\/uploads\/2015\/02\/Mjestani-Stoja-blokada.jpg"}],"twitter_misc":{"Written by":"ulqini","Est. reading time":"7 minutes"},"schema":{"@context":"https:\/\/schema.org","@graph":[{"@type":"WebSite","@id":"https:\/\/www.visit-ulcinj.com\/blog\/#website","url":"https:\/\/www.visit-ulcinj.com\/blog\/","name":"Lajme nga Ulqini","description":"Lajme,Vijesti,Ulqini,Ulqin,Crna Gora,Mali i Zi","potentialAction":[{"@type":"SearchAction","target":{"@type":"EntryPoint","urlTemplate":"https:\/\/www.visit-ulcinj.com\/blog\/?s={search_term_string}"},"query-input":"required name=search_term_string"}],"inLanguage":"en-US"},{"@type":"ImageObject","inLanguage":"en-US","@id":"https:\/\/www.visit-ulcinj.com\/blog\/2015\/02\/25\/ulcinj-mjestani-stoja-otjerali-izvodaca-radova-video\/#primaryimage","url":"https:\/\/www.visit-ulcinj.com\/blog\/wp-content\/uploads\/2015\/02\/Mjestani-Stoja-blokada.jpg","contentUrl":"https:\/\/www.visit-ulcinj.com\/blog\/wp-content\/uploads\/2015\/02\/Mjestani-Stoja-blokada.jpg","width":960,"height":717},{"@type":"WebPage","@id":"https:\/\/www.visit-ulcinj.com\/blog\/2015\/02\/25\/ulcinj-mjestani-stoja-otjerali-izvodaca-radova-video\/#webpage","url":"https:\/\/www.visit-ulcinj.com\/blog\/2015\/02\/25\/ulcinj-mjestani-stoja-otjerali-izvodaca-radova-video\/","name":"Ulcinj: Mje\u0161tani \u0160toja otjerali izvo\u0111a\u010da radova - Video - Lajme nga Ulqini","isPartOf":{"@id":"https:\/\/www.visit-ulcinj.com\/blog\/#website"},"primaryImageOfPage":{"@id":"https:\/\/www.visit-ulcinj.com\/blog\/2015\/02\/25\/ulcinj-mjestani-stoja-otjerali-izvodaca-radova-video\/#primaryimage"},"datePublished":"2015-02-25T19:11:29+00:00","dateModified":"2015-02-25T19:12:32+00:00","author":{"@id":"https:\/\/www.visit-ulcinj.com\/blog\/#\/schema\/person\/dcab619c614d3038751c63bc2aadc06d"},"description":"UL\u00adCINj- Sto\u00adti\u00adnak mje\u00ad\u0161ta\u00adna Mje\u00adsne za\u00adjed\u00adni\u00adce \u0160toj iz Ul\u00adci\u00adnja ju\u00ad\u010de ni\u00adje do\u00adzvo\u00adli\u00adlo iz\u00advo\u00ad\u0111a\u00ad\u010di\u00adma ra\u00addo\u00adva da po\u010d\u00adnu grad\u00adnju akva-par\u00adka u","breadcrumb":{"@id":"https:\/\/www.visit-ulcinj.com\/blog\/2015\/02\/25\/ulcinj-mjestani-stoja-otjerali-izvodaca-radova-video\/#breadcrumb"},"inLanguage":"en-US","potentialAction":[{"@type":"ReadAction","target":["https:\/\/www.visit-ulcinj.com\/blog\/2015\/02\/25\/ulcinj-mjestani-stoja-otjerali-izvodaca-radova-video\/"]}]},{"@type":"BreadcrumbList","@id":"https:\/\/www.visit-ulcinj.com\/blog\/2015\/02\/25\/ulcinj-mjestani-stoja-otjerali-izvodaca-radova-video\/#breadcrumb","itemListElement":[{"@type":"ListItem","position":1,"name":"Ulcinj: Mje\u0161tani \u0160toja otjerali izvo\u0111a\u010da radova &#8211; Video"}]},{"@type":"Person","@id":"https:\/\/www.visit-ulcinj.com\/blog\/#\/schema\/person\/dcab619c614d3038751c63bc2aadc06d","name":"ulqini","sameAs":["http:\/\/www.visit-ulcinj.com"],"url":"https:\/\/www.visit-ulcinj.com\/blog\/author\/admin\/"}]}},"jetpack_featured_media_url":"","jetpack_sharing_enabled":true,"jetpack_shortlink":"https:\/\/wp.me\/pe6lTn-n8t","_links":{"self":[{"href":"https:\/\/www.visit-ulcinj.com\/blog\/wp-json\/wp\/v2\/posts\/88937"}],"collection":[{"href":"https:\/\/www.visit-ulcinj.com\/blog\/wp-json\/wp\/v2\/posts"}],"about":[{"href":"https:\/\/www.visit-ulcinj.com\/blog\/wp-json\/wp\/v2\/types\/post"}],"author":[{"embeddable":true,"href":"https:\/\/www.visit-ulcinj.com\/blog\/wp-json\/wp\/v2\/users\/1"}],"replies":[{"embeddable":true,"href":"https:\/\/www.visit-ulcinj.com\/blog\/wp-json\/wp\/v2\/comments?post=88937"}],"version-history":[{"count":2,"href":"https:\/\/www.visit-ulcinj.com\/blog\/wp-json\/wp\/v2\/posts\/88937\/revisions"}],"predecessor-version":[{"id":88942,"href":"https:\/\/www.visit-ulcinj.com\/blog\/wp-json\/wp\/v2\/posts\/88937\/revisions\/88942"}],"wp:attachment":[{"href":"https:\/\/www.visit-ulcinj.com\/blog\/wp-json\/wp\/v2\/media?parent=88937"}],"wp:term":[{"taxonomy":"category","embeddable":true,"href":"https:\/\/www.visit-ulcinj.com\/blog\/wp-json\/wp\/v2\/categories?post=88937"},{"taxonomy":"post_tag","embeddable":true,"href":"https:\/\/www.visit-ulcinj.com\/blog\/wp-json\/wp\/v2\/tags?post=88937"}],"curies":[{"name":"wp","href":"https:\/\/api.w.org\/{rel}","templated":true}]}}