{"id":88945,"date":"2015-02-25T20:23:06","date_gmt":"2015-02-25T19:23:06","guid":{"rendered":"http:\/\/www.visit-ulcinj.com\/blog\/?p=88945"},"modified":"2015-02-25T20:23:06","modified_gmt":"2015-02-25T19:23:06","slug":"komuna-ulqinit-publikohet-propozimi-planit-per-luften-kunder-korrupsionit","status":"publish","type":"post","link":"https:\/\/www.visit-ulcinj.com\/blog\/2015\/02\/25\/komuna-ulqinit-publikohet-propozimi-planit-per-luften-kunder-korrupsionit\/","title":{"rendered":"Komuna Ulqinit: Publikohet propozimi i planit p\u00ebr luft\u00ebn kund\u00ebr korrupsionit"},"content":{"rendered":"<p><a href=\"http:\/\/www.visit-ulcinj.com\/blog\/wp-content\/uploads\/2015\/02\/korrupsion-zero-ne-Ulqin.jpg\"><img loading=\"lazy\" class=\"alignleft wp-image-88946\" src=\"http:\/\/www.visit-ulcinj.com\/blog\/wp-content\/uploads\/2015\/02\/korrupsion-zero-ne-Ulqin.jpg\" alt=\"korrupsion-zero-ne-Ulqin\" width=\"508\" height=\"350\" \/><\/a>N\u00eb faqen e komun\u00ebs s\u00eb Ulqinit \u00ebsht\u00eb publikuar Propozimi i Planit t\u00eb aksionit p\u00ebr luft\u00eb kund\u00ebr korrupsionit n\u00eb nivel lokal (LAP) p\u00ebr vitin 2014-2015. Si\u00e7 thuhet, propozimi ishte gati q\u00eb n\u00eb korrik t\u00eb vitit t\u00eb kaluar dhe \u00ebsht\u00eb e pakuptueshme pse \u00ebsht\u00eb pritur kaq gjat\u00eb q\u00eb t\u00eb publikohet, si dhe cila ishte pengesa q\u00eb ai t\u00eb miratohet n\u00eb seancat e vjesht\u00ebs t\u00eb Parlamentit komunal. P\u00ebr shkak t\u00eb mosmiratimit t\u00eb LAP-it organizatat joqeveritare kan\u00eb kritikuar pushtetin lokal. Sipas njoftimeve jozyrtare, ky dokument duhet t\u00eb jet\u00eb n\u00eb rend t\u00eb dit\u00ebs t\u00eb seanc\u00ebs s\u00eb marsit t\u00eb Kuvendit komunal t\u00eb Ulqinit.<\/p>\n<p>TVCG<\/p>\n","protected":false},"excerpt":{"rendered":"<p>N\u00eb faqen e komun\u00ebs s\u00eb Ulqinit \u00ebsht\u00eb publikuar Propozimi i Planit t\u00eb aksionit p\u00ebr luft\u00eb kund\u00ebr korrupsionit n\u00eb nivel lokal (LAP) p\u00ebr vitin 2014-2015. Si\u00e7 thuhet, propozimi ishte gati q\u00eb n\u00eb korrik t\u00eb vitit t\u00eb kaluar dhe \u00ebsht\u00eb e pakuptueshme pse \u00ebsht\u00eb pritur kaq gjat\u00eb q\u00eb t\u00eb publikohet, si dhe cila ishte pengesa q\u00eb ai [&hellip;]<\/p>\n","protected":false},"author":1,"featured_media":0,"comment_status":"closed","ping_status":"closed","sticky":false,"template":"","format":"standard","meta":{"spay_email":"","jetpack_publicize_message":"","jetpack_is_tweetstorm":false,"jetpack_publicize_feature_enabled":true},"categories":[10],"tags":[],"jetpack_publicize_connections":[],"yoast_head":"<!-- This site is optimized with the Yoast SEO plugin v19.1 - https:\/\/yoast.com\/wordpress\/plugins\/seo\/ -->\n<title>Komuna Ulqinit: Publikohet propozimi i planit p\u00ebr luft\u00ebn kund\u00ebr korrupsionit - Lajme nga Ulqini<\/title>\n<meta name=\"description\" content=\"N\u00eb faqen e komun\u00ebs s\u00eb Ulqinit \u00ebsht\u00eb publikuar Propozimi i Planit t\u00eb aksionit p\u00ebr luft\u00eb kund\u00ebr korrupsionit n\u00eb nivel lokal (LAP) p\u00ebr vitin 2014-2015. Si\u00e7\" \/>\n<meta name=\"robots\" content=\"index, follow, max-snippet:-1, max-image-preview:large, max-video-preview:-1\" \/>\n<link rel=\"canonical\" href=\"https:\/\/www.visit-ulcinj.com\/blog\/2015\/02\/25\/komuna-ulqinit-publikohet-propozimi-planit-per-luften-kunder-korrupsionit\/\" \/>\n<meta property=\"og:locale\" content=\"en_US\" \/>\n<meta property=\"og:type\" content=\"article\" \/>\n<meta property=\"og:title\" content=\"Komuna Ulqinit: Publikohet propozimi i planit p\u00ebr luft\u00ebn kund\u00ebr korrupsionit - Lajme nga Ulqini\" \/>\n<meta property=\"og:description\" content=\"N\u00eb faqen e komun\u00ebs s\u00eb Ulqinit \u00ebsht\u00eb publikuar Propozimi i Planit t\u00eb aksionit p\u00ebr luft\u00eb kund\u00ebr korrupsionit n\u00eb nivel lokal (LAP) p\u00ebr vitin 2014-2015. Si\u00e7\" \/>\n<meta property=\"og:url\" content=\"https:\/\/www.visit-ulcinj.com\/blog\/2015\/02\/25\/komuna-ulqinit-publikohet-propozimi-planit-per-luften-kunder-korrupsionit\/\" \/>\n<meta property=\"og:site_name\" content=\"Lajme nga Ulqini\" \/>\n<meta property=\"article:published_time\" content=\"2015-02-25T19:23:06+00:00\" \/>\n<meta property=\"og:image\" content=\"http:\/\/www.visit-ulcinj.com\/blog\/wp-content\/uploads\/2015\/02\/korrupsion-zero-ne-Ulqin.jpg\" \/>\n<meta name=\"twitter:label1\" content=\"Written by\" \/>\n\t<meta name=\"twitter:data1\" content=\"ulqini\" \/>\n\t<meta name=\"twitter:label2\" content=\"Est. reading time\" \/>\n\t<meta name=\"twitter:data2\" content=\"1 minute\" \/>\n<script type=\"application\/ld+json\" class=\"yoast-schema-graph\">{\"@context\":\"https:\/\/schema.org\",\"@graph\":[{\"@type\":\"WebSite\",\"@id\":\"https:\/\/www.visit-ulcinj.com\/blog\/#website\",\"url\":\"https:\/\/www.visit-ulcinj.com\/blog\/\",\"name\":\"Lajme nga Ulqini\",\"description\":\"Lajme,Vijesti,Ulqini,Ulqin,Crna Gora,Mali i Zi\",\"potentialAction\":[{\"@type\":\"SearchAction\",\"target\":{\"@type\":\"EntryPoint\",\"urlTemplate\":\"https:\/\/www.visit-ulcinj.com\/blog\/?s={search_term_string}\"},\"query-input\":\"required name=search_term_string\"}],\"inLanguage\":\"en-US\"},{\"@type\":\"ImageObject\",\"inLanguage\":\"en-US\",\"@id\":\"https:\/\/www.visit-ulcinj.com\/blog\/2015\/02\/25\/komuna-ulqinit-publikohet-propozimi-planit-per-luften-kunder-korrupsionit\/#primaryimage\",\"url\":\"http:\/\/www.visit-ulcinj.com\/blog\/wp-content\/uploads\/2015\/02\/korrupsion-zero-ne-Ulqin.jpg\",\"contentUrl\":\"http:\/\/www.visit-ulcinj.com\/blog\/wp-content\/uploads\/2015\/02\/korrupsion-zero-ne-Ulqin.jpg\"},{\"@type\":\"WebPage\",\"@id\":\"https:\/\/www.visit-ulcinj.com\/blog\/2015\/02\/25\/komuna-ulqinit-publikohet-propozimi-planit-per-luften-kunder-korrupsionit\/#webpage\",\"url\":\"https:\/\/www.visit-ulcinj.com\/blog\/2015\/02\/25\/komuna-ulqinit-publikohet-propozimi-planit-per-luften-kunder-korrupsionit\/\",\"name\":\"Komuna Ulqinit: Publikohet propozimi i planit p\u00ebr luft\u00ebn kund\u00ebr korrupsionit - Lajme nga Ulqini\",\"isPartOf\":{\"@id\":\"https:\/\/www.visit-ulcinj.com\/blog\/#website\"},\"primaryImageOfPage\":{\"@id\":\"https:\/\/www.visit-ulcinj.com\/blog\/2015\/02\/25\/komuna-ulqinit-publikohet-propozimi-planit-per-luften-kunder-korrupsionit\/#primaryimage\"},\"datePublished\":\"2015-02-25T19:23:06+00:00\",\"dateModified\":\"2015-02-25T19:23:06+00:00\",\"author\":{\"@id\":\"https:\/\/www.visit-ulcinj.com\/blog\/#\/schema\/person\/dcab619c614d3038751c63bc2aadc06d\"},\"description\":\"N\u00eb faqen e komun\u00ebs s\u00eb Ulqinit \u00ebsht\u00eb publikuar Propozimi i Planit t\u00eb aksionit p\u00ebr luft\u00eb kund\u00ebr korrupsionit n\u00eb nivel lokal (LAP) p\u00ebr vitin 2014-2015. Si\u00e7\",\"breadcrumb\":{\"@id\":\"https:\/\/www.visit-ulcinj.com\/blog\/2015\/02\/25\/komuna-ulqinit-publikohet-propozimi-planit-per-luften-kunder-korrupsionit\/#breadcrumb\"},\"inLanguage\":\"en-US\",\"potentialAction\":[{\"@type\":\"ReadAction\",\"target\":[\"https:\/\/www.visit-ulcinj.com\/blog\/2015\/02\/25\/komuna-ulqinit-publikohet-propozimi-planit-per-luften-kunder-korrupsionit\/\"]}]},{\"@type\":\"BreadcrumbList\",\"@id\":\"https:\/\/www.visit-ulcinj.com\/blog\/2015\/02\/25\/komuna-ulqinit-publikohet-propozimi-planit-per-luften-kunder-korrupsionit\/#breadcrumb\",\"itemListElement\":[{\"@type\":\"ListItem\",\"position\":1,\"name\":\"Komuna Ulqinit: Publikohet propozimi i planit p\u00ebr luft\u00ebn kund\u00ebr korrupsionit\"}]},{\"@type\":\"Person\",\"@id\":\"https:\/\/www.visit-ulcinj.com\/blog\/#\/schema\/person\/dcab619c614d3038751c63bc2aadc06d\",\"name\":\"ulqini\",\"sameAs\":[\"http:\/\/www.visit-ulcinj.com\"],\"url\":\"https:\/\/www.visit-ulcinj.com\/blog\/author\/admin\/\"}]}<\/script>\n<!-- \/ Yoast SEO plugin. -->","yoast_head_json":{"title":"Komuna Ulqinit: Publikohet propozimi i planit p\u00ebr luft\u00ebn kund\u00ebr korrupsionit - Lajme nga Ulqini","description":"N\u00eb faqen e komun\u00ebs s\u00eb Ulqinit \u00ebsht\u00eb publikuar Propozimi i Planit t\u00eb aksionit p\u00ebr luft\u00eb kund\u00ebr korrupsionit n\u00eb nivel lokal (LAP) p\u00ebr vitin 2014-2015. Si\u00e7","robots":{"index":"index","follow":"follow","max-snippet":"max-snippet:-1","max-image-preview":"max-image-preview:large","max-video-preview":"max-video-preview:-1"},"canonical":"https:\/\/www.visit-ulcinj.com\/blog\/2015\/02\/25\/komuna-ulqinit-publikohet-propozimi-planit-per-luften-kunder-korrupsionit\/","og_locale":"en_US","og_type":"article","og_title":"Komuna Ulqinit: Publikohet propozimi i planit p\u00ebr luft\u00ebn kund\u00ebr korrupsionit - Lajme nga Ulqini","og_description":"N\u00eb faqen e komun\u00ebs s\u00eb Ulqinit \u00ebsht\u00eb publikuar Propozimi i Planit t\u00eb aksionit p\u00ebr luft\u00eb kund\u00ebr korrupsionit n\u00eb nivel lokal (LAP) p\u00ebr vitin 2014-2015. Si\u00e7","og_url":"https:\/\/www.visit-ulcinj.com\/blog\/2015\/02\/25\/komuna-ulqinit-publikohet-propozimi-planit-per-luften-kunder-korrupsionit\/","og_site_name":"Lajme nga Ulqini","article_published_time":"2015-02-25T19:23:06+00:00","og_image":[{"url":"http:\/\/www.visit-ulcinj.com\/blog\/wp-content\/uploads\/2015\/02\/korrupsion-zero-ne-Ulqin.jpg"}],"twitter_misc":{"Written by":"ulqini","Est. reading time":"1 minute"},"schema":{"@context":"https:\/\/schema.org","@graph":[{"@type":"WebSite","@id":"https:\/\/www.visit-ulcinj.com\/blog\/#website","url":"https:\/\/www.visit-ulcinj.com\/blog\/","name":"Lajme nga Ulqini","description":"Lajme,Vijesti,Ulqini,Ulqin,Crna Gora,Mali i Zi","potentialAction":[{"@type":"SearchAction","target":{"@type":"EntryPoint","urlTemplate":"https:\/\/www.visit-ulcinj.com\/blog\/?s={search_term_string}"},"query-input":"required name=search_term_string"}],"inLanguage":"en-US"},{"@type":"ImageObject","inLanguage":"en-US","@id":"https:\/\/www.visit-ulcinj.com\/blog\/2015\/02\/25\/komuna-ulqinit-publikohet-propozimi-planit-per-luften-kunder-korrupsionit\/#primaryimage","url":"http:\/\/www.visit-ulcinj.com\/blog\/wp-content\/uploads\/2015\/02\/korrupsion-zero-ne-Ulqin.jpg","contentUrl":"http:\/\/www.visit-ulcinj.com\/blog\/wp-content\/uploads\/2015\/02\/korrupsion-zero-ne-Ulqin.jpg"},{"@type":"WebPage","@id":"https:\/\/www.visit-ulcinj.com\/blog\/2015\/02\/25\/komuna-ulqinit-publikohet-propozimi-planit-per-luften-kunder-korrupsionit\/#webpage","url":"https:\/\/www.visit-ulcinj.com\/blog\/2015\/02\/25\/komuna-ulqinit-publikohet-propozimi-planit-per-luften-kunder-korrupsionit\/","name":"Komuna Ulqinit: Publikohet propozimi i planit p\u00ebr luft\u00ebn kund\u00ebr korrupsionit - Lajme nga Ulqini","isPartOf":{"@id":"https:\/\/www.visit-ulcinj.com\/blog\/#website"},"primaryImageOfPage":{"@id":"https:\/\/www.visit-ulcinj.com\/blog\/2015\/02\/25\/komuna-ulqinit-publikohet-propozimi-planit-per-luften-kunder-korrupsionit\/#primaryimage"},"datePublished":"2015-02-25T19:23:06+00:00","dateModified":"2015-02-25T19:23:06+00:00","author":{"@id":"https:\/\/www.visit-ulcinj.com\/blog\/#\/schema\/person\/dcab619c614d3038751c63bc2aadc06d"},"description":"N\u00eb faqen e komun\u00ebs s\u00eb Ulqinit \u00ebsht\u00eb publikuar Propozimi i Planit t\u00eb aksionit p\u00ebr luft\u00eb kund\u00ebr korrupsionit n\u00eb nivel lokal (LAP) p\u00ebr vitin 2014-2015. Si\u00e7","breadcrumb":{"@id":"https:\/\/www.visit-ulcinj.com\/blog\/2015\/02\/25\/komuna-ulqinit-publikohet-propozimi-planit-per-luften-kunder-korrupsionit\/#breadcrumb"},"inLanguage":"en-US","potentialAction":[{"@type":"ReadAction","target":["https:\/\/www.visit-ulcinj.com\/blog\/2015\/02\/25\/komuna-ulqinit-publikohet-propozimi-planit-per-luften-kunder-korrupsionit\/"]}]},{"@type":"BreadcrumbList","@id":"https:\/\/www.visit-ulcinj.com\/blog\/2015\/02\/25\/komuna-ulqinit-publikohet-propozimi-planit-per-luften-kunder-korrupsionit\/#breadcrumb","itemListElement":[{"@type":"ListItem","position":1,"name":"Komuna Ulqinit: Publikohet propozimi i planit p\u00ebr luft\u00ebn kund\u00ebr korrupsionit"}]},{"@type":"Person","@id":"https:\/\/www.visit-ulcinj.com\/blog\/#\/schema\/person\/dcab619c614d3038751c63bc2aadc06d","name":"ulqini","sameAs":["http:\/\/www.visit-ulcinj.com"],"url":"https:\/\/www.visit-ulcinj.com\/blog\/author\/admin\/"}]}},"jetpack_featured_media_url":"","jetpack_sharing_enabled":true,"jetpack_shortlink":"https:\/\/wp.me\/pe6lTn-n8B","_links":{"self":[{"href":"https:\/\/www.visit-ulcinj.com\/blog\/wp-json\/wp\/v2\/posts\/88945"}],"collection":[{"href":"https:\/\/www.visit-ulcinj.com\/blog\/wp-json\/wp\/v2\/posts"}],"about":[{"href":"https:\/\/www.visit-ulcinj.com\/blog\/wp-json\/wp\/v2\/types\/post"}],"author":[{"embeddable":true,"href":"https:\/\/www.visit-ulcinj.com\/blog\/wp-json\/wp\/v2\/users\/1"}],"replies":[{"embeddable":true,"href":"https:\/\/www.visit-ulcinj.com\/blog\/wp-json\/wp\/v2\/comments?post=88945"}],"version-history":[{"count":1,"href":"https:\/\/www.visit-ulcinj.com\/blog\/wp-json\/wp\/v2\/posts\/88945\/revisions"}],"predecessor-version":[{"id":88947,"href":"https:\/\/www.visit-ulcinj.com\/blog\/wp-json\/wp\/v2\/posts\/88945\/revisions\/88947"}],"wp:attachment":[{"href":"https:\/\/www.visit-ulcinj.com\/blog\/wp-json\/wp\/v2\/media?parent=88945"}],"wp:term":[{"taxonomy":"category","embeddable":true,"href":"https:\/\/www.visit-ulcinj.com\/blog\/wp-json\/wp\/v2\/categories?post=88945"},{"taxonomy":"post_tag","embeddable":true,"href":"https:\/\/www.visit-ulcinj.com\/blog\/wp-json\/wp\/v2\/tags?post=88945"}],"curies":[{"name":"wp","href":"https:\/\/api.w.org\/{rel}","templated":true}]}}