{"id":88968,"date":"2015-01-26T16:06:18","date_gmt":"2015-01-26T15:06:18","guid":{"rendered":"http:\/\/www.visit-ulcinj.com\/blog\/?p=88968"},"modified":"2015-03-09T18:18:35","modified_gmt":"2015-03-09T17:18:35","slug":"hilja-gazetareske-e-shkrimit-ne-kete-situate","status":"publish","type":"post","link":"https:\/\/www.visit-ulcinj.com\/blog\/2015\/01\/26\/hilja-gazetareske-e-shkrimit-ne-kete-situate\/","title":{"rendered":"Nika: Hilja gazetareske e shkrimit n\u00eb k\u00ebt\u00eb situat\u00eb"},"content":{"rendered":"<p><strong> <a href=\"http:\/\/www.visit-ulcinj.com\/blog\/wp-content\/uploads\/2015\/02\/Muhamet-Nika-Ulqin.jpg\"><img loading=\"lazy\" class=\"alignleft size-full wp-image-88969\" src=\"http:\/\/www.visit-ulcinj.com\/blog\/wp-content\/uploads\/2015\/02\/Muhamet-Nika-Ulqin.jpg\" alt=\"Muhamet-Nika-Ulqin\" width=\"307\" height=\"281\" srcset=\"https:\/\/www.visit-ulcinj.com\/blog\/wp-content\/uploads\/2015\/02\/Muhamet-Nika-Ulqin.jpg 307w, https:\/\/www.visit-ulcinj.com\/blog\/wp-content\/uploads\/2015\/02\/Muhamet-Nika-Ulqin-300x275.jpg 300w\" sizes=\"(max-width: 307px) 100vw, 307px\" \/><\/a>Shkruan Muhamet Nika<\/strong><\/p>\n<p><strong>PSE B\u00cbN CANKA \u2013 LLUP E LLUP&#8230;?!! &#8211; Nj\u00eb shkrim gjurmues (investigues)<\/strong><\/p>\n<p>Portali INFO, me 24 shkurt , solli nj\u00eb shkrim t\u00eb gazet\u00ebs -\u201cDnevne novine\u201d , n\u00eb t\u00eb cil\u00ebn thuhet se \u201c.. pushteti komunal ka afat prej nj\u00eb jave q\u00eb t\u00eb dor\u00ebzoj\u00eb dokumentacionin t\u00eb cilin e k\u00ebrkoj\u00eb Prokuroria Speciale p\u00ebr Krim t\u00eb Organizuar \u2026\u2026 Organi hetimor ve\u00e7an\u00ebrisht insiston n\u00eb dor\u00ebzimin e dokumentacionit p\u00ebr rastin Shas\u2026..ish kryetari i komun\u00ebs Nazif Cungu\u2026, ka keqp\u00ebrdor pozit\u00ebn dhe me sjelljen e planeve urbanistike p\u00ebr Shas , ku posedon pron\u00ebn e vet i ka sjell p\u00ebrfitim milion\u00ebsh duke d\u00ebmtuar ark\u00ebn e qytetit\u201d, thekson DN.<br \/>\nShtohet q\u00eb Cungu.., m\u00eb her\u00ebt ka sqaruar se para se erdhi n\u00eb pushtet, n\u00eb vitin 2007, ka bler\u00eb 51 met\u00ebr katror n\u00eb Shas, si dhe q\u00eb pas k\u00ebsaj, n\u00eb procedur\u00ebn e planifikuar ligjore, ka k\u00ebrkuar studimin e lokalitetit p\u00ebr pron\u00ebn e vet.<br \/>\nDN v\u00ebren se n\u00eb kart\u00ebn pron\u00ebsore nga viti i kaluar ish kryetari ka lajm\u00ebruar se n\u00eb at\u00eb lokalitet ka 35.000 met\u00ebr katror\u2026.\u201d.<br \/>\nKur k\u00ebtij shkrimi, i parapriu pak\u00eb dit\u00eb m\u00eb pare edhe nj\u00eb shkrim tjet\u00ebr i portalit, i huazuar nga g. Vjesti , n\u00eb t\u00eb cilin shkruhej ,se kryetari Cungu ishte v\u00ebn\u00eb n\u00ebn\u201d lup\u00ebn\u201d e hetuesis\u00eb \u201d p\u00ebr krim t\u00eb organizuar\u201d ?!! At\u00eb her\u00eb , neve, e me siguri edhe te t\u00eb tjer\u00ebt, kjo t\u00eb aludonte n\u00eb nj\u00eb fushat\u00eb q\u00eb mund t\u00eb duket e nj\u00eb anshme t\u00eb gazetarit. E p\u00ebr t\u00eb cil\u00ebn po sqarojm\u00eb n\u00eb vazhdim!!! Por, s\u2019mund t\u00eb l\u00ebm\u00eb pa plot\u00ebsuar k\u00ebtu se , puna e shifrave n\u00eb pron\u00ebsi (t\u00eb blera) dhe atyre t\u00eb treguara, na duket se p\u00ebrputhen aq sa vet\u00eb shprehja serbe e gazet\u00ebs \u201c pod lupom\u201d, q\u00eb Canka e p\u00ebrkthn shqip- si\u201d lup\u00ebn&#8230;\u201d, ?!!<br \/>\nThem t\u00eb v\u00ebrtet\u00ebn edhe nuk \u00e7udit\u00ebm , sepse ky gazetar\u00eb , tashti nj\u00eb koh\u00eb t\u00eb gjat\u00eb \u00ebsht\u00eb kah b\u00ebn \u201c llup e llup..\u201d.- Gjuha shkon aty ku dhemb dh\u00ebmbi thot\u00eb populli..?!!!<br \/>\nNuk themi se lajmi nuk ishte krejt i v\u00ebrtet\u00eb , por<br \/>\nt\u00eb pakt\u00ebn ishte pjes\u00ebrisht i v\u00ebrtet\u00eb dhe tendencioz duke futur huti e mjegull n\u00eb vet\u00eb opinionin e qytetit .<br \/>\nN\u00eb k\u00ebt\u00eb moment, p\u00ebr misionin q\u00eb i ka ven\u00eb vet\u00ebs ,si gazetar, at\u00ebher\u00eb ai ,t\u00eb pakt\u00ebn do t\u00ebhuhej t\u00eb ishte i lidhur p\u00ebr lajmin, n\u00eb nivelin e Sejdo Ismailit( kameraman i TV Teut\u00ebs), i cili, n\u00eb humorin e tij parlamentar\u00eb- kamera e fsheht\u00eb, t\u00eb koh\u00ebs s\u00eb k\u00ebtyre planeve (p\u00ebr Shas), <strong>kish kapur insertin kur , ish sekretari p\u00ebr urbaniz\u00ebm Nazo Hoxha , thot\u00eb publikisht se e kishin akuzuar( mbase shefi i tij i madh),\u201d q\u00eb kish marr\u00eb k\u00ebshilla nga k\u00ebshilltari Cungu..\u201d?!!<\/strong><br \/>\n(Dez)informata e hedhur nga Canga, qe aq e madhe sa q\u00eb portali Lajme nga Ulqini, doli me komentin se kush po hetohet n\u00eb Ulqin- nga se sipas burimeve t\u00eb ndryshme atje hetohej nj\u00ebkoh\u00ebsisht: Gjeka-Cungu dhe Hajdinaga..?!!!<br \/>\nKy edhe mund ta besoj se lajmin e ka b\u00ebr\u00eb drejt\u00eb dhe objektiv- Po \u00e7far\u00eb t\u00eb b\u00ebhet n\u00eb se nj\u00eb lexues i faqes, nuk e lexon disa dit\u00eb portalin e Cank\u00ebs( q\u00eb edhe mund t\u00eb ndodh\u00eb) , duke mos d\u00ebgjuar lajmin e dyt\u00eb q\u00eb inspektor\u00ebt e paskan vler\u00ebsuar lart\u00eb pun\u00ebn e pushtetit lokal t\u00eb Gjek\u00ebs..?!! &#8211; Kujdes, nj\u00eb i urt\u00eb thot\u00eb se t\u00eb b\u00ebsh nj\u00eb demant , \u00ebsht\u00eb sikur t\u00eb mbledh\u00ebsh nj\u00eb thes me pupla t\u00eb shp\u00ebrndara na era, ku disa prej tyre nuk do t\u2019i mbledh\u00ebsh kurr\u00eb&#8230;?!!!<\/p>\n<p><strong>Hilja gazetareske e shkrimit n\u00eb k\u00ebt\u00eb situat\u00eb<\/strong><br \/>\nShtojm\u00eb se n\u00eb k\u00ebt\u00eb koh\u00eb , n\u00eb komun\u00eb, p\u00ebrve\u00e7 inspektor\u00ebve q\u00eb k\u00ebrkonin l\u00ebnd\u00ebn e Cungut \u2013 Shasin&#8230;, kishte nisur kontrollin edhe nj\u00eb skuad\u00ebr tjet\u00ebr inspektor\u00ebsh administrativ\u00eb, p\u00ebr t\u00eb cil\u00ebt , sipas hiles gazetari e sjell lajmin pas nj\u00eb jave kur hodhi dyshimin n\u00eb portal me lajmin e par\u00eb n\u00eb t\u00eb 3 kryetar\u00ebt?!!!<br \/>\nN\u00eb lajmin p\u00ebr skuadr\u00ebn e dyt\u00eb t\u00eb inspektor\u00ebve q\u00eb ishte e para si ngjarje, por u raportua si lajm i dyt\u00eb, thuhet se demek: <strong>\u201c&#8230;Rezultatet e kontrollit: INSPEKTOR\u00cbT ADMINISTRATIV SHKUAN T\u00cb K\u00cbNAQUR..\u201d<\/strong><br \/>\nLajmi edhe n\u00eb k\u00ebt\u00eb situat\u00eb , \u00ebsht\u00eb pjes\u00ebrisht i v\u00ebrtet\u00eb , nuk pat\u00ebn v\u00ebrejtje t\u00eb m\u00ebdha n\u00eb m\u00ebnyr\u00ebn e pun\u00ebs si procedur\u00eb n\u00eb pushtetit lokal, por ama nuk ishin fare t\u00eb k\u00ebnaqur me em\u00ebrimin e kuadrit udh\u00ebheq\u00ebs dhe t\u00eb pun\u00ebsuarve tjer\u00eb, em\u00ebrimi i t\u00eb cil\u00ebve ishte i imponuar partiakisht , me kuadro q\u00eb nuk mund t\u2019i mbulojn\u00eb me ligj ato vende dhe s\u00eb paku kryeadministratori \u2013 rrezikon padi penale sepse \u00ebsht\u00eb p\u00ebrgjegj\u00ebs p\u00ebr gjendjen \u201c VE \u2013DE, ushtruesve t\u00eb detyr\u00ebs\u201d ?!! Ose th\u00ebn\u00eb popullor\u00e7e- Em\u00ebrtim t\u00eb\u201d m\u00ebkamsave\u201d, zyrtar\u00ebve q\u00eb kan\u00eb \u00e7uar n\u00eb pushtetin vendor\u00eb partit\u00eb, si \u2013 \u201c Pozitivnoja e Cank\u00ebs..\u201d, Forca, Perspektiva, Lidhja, t\u00eb cil\u00ebt me ligj(sipas neve), nuk i plot\u00ebsojn\u00eb kushtet( n\u00eb kuptimin: fakultetin p\u00ebrkat\u00ebs, praktik\u00ebn e kryer dhe provimin shtet\u00ebror t\u00eb dh\u00ebn\u00eb.?!!! Kuptohet se p\u00ebrjashtim n\u00eb k\u00ebt\u00eb situat\u00eb , b\u00ebn\u00eb vet\u00ebm kuadri udh\u00ebheq\u00ebs dhe i pun\u00ebsuar i Fatmir Gjek\u00ebs( edhe pse duket e pa besueshme).<br \/>\nTjet\u00ebr , m\u00ebsohet se v\u00ebrejtjeje do t\u00eb ken\u00eb edhe n\u00eb kuvendin e Komun\u00ebs , q\u00eb nuk i ka formuar Bashk\u00ebsit\u00eb Lokale si nj\u00ebsi baz\u00eb t\u00eb pushtetit vendore n\u00eb Ulqin, p\u00ebrjashtuar deri diku ata t\u00eb An\u00eb s\u00eb Malit, q\u00eb u formuan me tubime qytetar\u00ebsh( 70% e trupit zgjedhor me ligj)&#8230;?!!<br \/>\nHilja tjet\u00ebr- mashtrimi \u00ebsht\u00eb kur thuhet se Cungu , ka <strong>\u201cbler\u00eb 51 m \u201c<\/strong>. Nd\u00ebrsa<strong>\u201d ka treguar 35.000 met\u00ebr katror..\u201d ?!!<\/strong> Kjo sikur t\u00eb ishte k\u00ebshtu, i bie t\u00eb jet\u00eb edhe m\u00eb pak se gozhda e Nasradin Hoxh\u00ebs , q\u00eb ceki vet\u00eb n\u00eb kuptimin parcel\u00eb kadastrale , parcel\u00eb urbanistike , n\u00eb shkrimet e mija&#8230;?!!! P\u00ebr ta p\u00ebrfunduar do t\u00eb na lejohet mbase nga Portali Lajme nga Ulqinit ta mbyllim me nj\u00eb th\u00ebnie Biblike ,n\u00eb gjuh\u00ebn serbe , nga se disa e kan\u00eb m\u00eb af\u00ebr e q\u00eb \u00ebsht\u00eb &#8221; <strong>Da su ljudima u\u0161i i o\u010di vrlo lo\u0161i svedoci ako im um nije posve\u0107en..\u201d?!!!<\/strong><\/p>\n<p><a href=\"http:\/\/www.visit-ulcinj.com\/blog\/wp-content\/uploads\/2015\/02\/Pjes\u00eb-nga-akti-zyrtar-i-inspektor\u00ebve-administrativ\u00eb-ne-Ulqin.jpg\"><img loading=\"lazy\" class=\"alignleft wp-image-88970\" src=\"http:\/\/www.visit-ulcinj.com\/blog\/wp-content\/uploads\/2015\/02\/Pjes\u00eb-nga-akti-zyrtar-i-inspektor\u00ebve-administrativ\u00eb-ne-Ulqin.jpg\" alt=\"Pjes\u00eb nga akti zyrtar i inspektor\u00ebve administrativ\u00eb ne Ulqin\" width=\"508\" height=\"656\" srcset=\"https:\/\/www.visit-ulcinj.com\/blog\/wp-content\/uploads\/2015\/02\/Pjes\u00eb-nga-akti-zyrtar-i-inspektor\u00ebve-administrativ\u00eb-ne-Ulqin.jpg 582w, https:\/\/www.visit-ulcinj.com\/blog\/wp-content\/uploads\/2015\/02\/Pjes\u00eb-nga-akti-zyrtar-i-inspektor\u00ebve-administrativ\u00eb-ne-Ulqin-232x300.jpg 232w\" sizes=\"(max-width: 508px) 100vw, 508px\" \/><\/a><\/p>\n<p><strong><em>Pjes\u00eb nga akti zyrtar i inspektor\u00ebve administrativ\u00eb.<\/em><\/strong><\/p>\n<p><strong><em>&#8211;<\/em><\/strong> <strong><em>Pyetja p\u00ebr gazetarin\u00a0\u00a0 \u00ebsht\u00eb : si kan\u00eb mundur t\u00eb jen\u00eb t\u00eb k\u00ebnaqur, kur dokumentat e k\u00ebrkuar nuk ekzistojn\u00eb te personat p\u00ebrkat\u00ebs, as q\u00eb do ti ken\u00eb edhe pas 5 muajve &#8211; kur do t\u00eb vijn\u00eb p\u00ebrs\u00ebri ..?!!! <\/em><\/strong><\/p>\n","protected":false},"excerpt":{"rendered":"<p>Shkruan Muhamet Nika PSE B\u00cbN CANKA \u2013 LLUP E LLUP&#8230;?!! &#8211; Nj\u00eb shkrim gjurmues (investigues) Portali INFO, me 24 shkurt , solli nj\u00eb shkrim t\u00eb gazet\u00ebs -\u201cDnevne novine\u201d , n\u00eb t\u00eb cil\u00ebn thuhet se \u201c.. pushteti komunal ka afat prej nj\u00eb jave q\u00eb t\u00eb dor\u00ebzoj\u00eb dokumentacionin t\u00eb cilin e k\u00ebrkoj\u00eb Prokuroria Speciale p\u00ebr Krim t\u00eb [&hellip;]<\/p>\n","protected":false},"author":1,"featured_media":0,"comment_status":"closed","ping_status":"closed","sticky":false,"template":"","format":"standard","meta":{"spay_email":"","jetpack_publicize_message":"","jetpack_is_tweetstorm":false,"jetpack_publicize_feature_enabled":true},"categories":[8],"tags":[],"jetpack_publicize_connections":[],"yoast_head":"<!-- This site is optimized with the Yoast SEO plugin v19.1 - https:\/\/yoast.com\/wordpress\/plugins\/seo\/ -->\n<title>Nika: Hilja gazetareske e shkrimit n\u00eb k\u00ebt\u00eb situat\u00eb - Lajme nga Ulqini<\/title>\n<meta name=\"description\" content=\"Shkruan Muhamet Nika PSE B\u00cbN CANKA \u2013 LLUP E LLUP...?!! - Nj\u00eb shkrim gjurmues (investigues) Portali INFO, me 24 shkurt , solli nj\u00eb shkrim t\u00eb gazet\u00ebs\" \/>\n<meta name=\"robots\" content=\"index, follow, max-snippet:-1, max-image-preview:large, max-video-preview:-1\" \/>\n<link rel=\"canonical\" href=\"https:\/\/www.visit-ulcinj.com\/blog\/2015\/01\/26\/hilja-gazetareske-e-shkrimit-ne-kete-situate\/\" \/>\n<meta property=\"og:locale\" content=\"en_US\" \/>\n<meta property=\"og:type\" content=\"article\" \/>\n<meta property=\"og:title\" content=\"Nika: Hilja gazetareske e shkrimit n\u00eb k\u00ebt\u00eb situat\u00eb - Lajme nga Ulqini\" \/>\n<meta property=\"og:description\" content=\"Shkruan Muhamet Nika PSE B\u00cbN CANKA \u2013 LLUP E LLUP...?!! - Nj\u00eb shkrim gjurmues (investigues) Portali INFO, me 24 shkurt , solli nj\u00eb shkrim t\u00eb gazet\u00ebs\" \/>\n<meta property=\"og:url\" content=\"https:\/\/www.visit-ulcinj.com\/blog\/2015\/01\/26\/hilja-gazetareske-e-shkrimit-ne-kete-situate\/\" \/>\n<meta property=\"og:site_name\" content=\"Lajme nga Ulqini\" \/>\n<meta property=\"article:published_time\" content=\"2015-01-26T15:06:18+00:00\" \/>\n<meta property=\"article:modified_time\" content=\"2015-03-09T17:18:35+00:00\" \/>\n<meta property=\"og:image\" content=\"http:\/\/www.visit-ulcinj.com\/blog\/wp-content\/uploads\/2015\/02\/Muhamet-Nika-Ulqin.jpg\" \/>\n<meta name=\"twitter:label1\" content=\"Written by\" \/>\n\t<meta name=\"twitter:data1\" content=\"ulqini\" \/>\n\t<meta name=\"twitter:label2\" content=\"Est. reading time\" \/>\n\t<meta name=\"twitter:data2\" content=\"6 minutes\" \/>\n<script type=\"application\/ld+json\" class=\"yoast-schema-graph\">{\"@context\":\"https:\/\/schema.org\",\"@graph\":[{\"@type\":\"WebSite\",\"@id\":\"https:\/\/www.visit-ulcinj.com\/blog\/#website\",\"url\":\"https:\/\/www.visit-ulcinj.com\/blog\/\",\"name\":\"Lajme nga Ulqini\",\"description\":\"Lajme,Vijesti,Ulqini,Ulqin,Crna Gora,Mali i Zi\",\"potentialAction\":[{\"@type\":\"SearchAction\",\"target\":{\"@type\":\"EntryPoint\",\"urlTemplate\":\"https:\/\/www.visit-ulcinj.com\/blog\/?s={search_term_string}\"},\"query-input\":\"required name=search_term_string\"}],\"inLanguage\":\"en-US\"},{\"@type\":\"ImageObject\",\"inLanguage\":\"en-US\",\"@id\":\"https:\/\/www.visit-ulcinj.com\/blog\/2015\/01\/26\/hilja-gazetareske-e-shkrimit-ne-kete-situate\/#primaryimage\",\"url\":\"https:\/\/www.visit-ulcinj.com\/blog\/wp-content\/uploads\/2015\/02\/Muhamet-Nika-Ulqin.jpg\",\"contentUrl\":\"https:\/\/www.visit-ulcinj.com\/blog\/wp-content\/uploads\/2015\/02\/Muhamet-Nika-Ulqin.jpg\",\"width\":307,\"height\":281},{\"@type\":\"WebPage\",\"@id\":\"https:\/\/www.visit-ulcinj.com\/blog\/2015\/01\/26\/hilja-gazetareske-e-shkrimit-ne-kete-situate\/#webpage\",\"url\":\"https:\/\/www.visit-ulcinj.com\/blog\/2015\/01\/26\/hilja-gazetareske-e-shkrimit-ne-kete-situate\/\",\"name\":\"Nika: Hilja gazetareske e shkrimit n\u00eb k\u00ebt\u00eb situat\u00eb - Lajme nga Ulqini\",\"isPartOf\":{\"@id\":\"https:\/\/www.visit-ulcinj.com\/blog\/#website\"},\"primaryImageOfPage\":{\"@id\":\"https:\/\/www.visit-ulcinj.com\/blog\/2015\/01\/26\/hilja-gazetareske-e-shkrimit-ne-kete-situate\/#primaryimage\"},\"datePublished\":\"2015-01-26T15:06:18+00:00\",\"dateModified\":\"2015-03-09T17:18:35+00:00\",\"author\":{\"@id\":\"https:\/\/www.visit-ulcinj.com\/blog\/#\/schema\/person\/dcab619c614d3038751c63bc2aadc06d\"},\"description\":\"Shkruan Muhamet Nika PSE B\u00cbN CANKA \u2013 LLUP E LLUP...?!! - Nj\u00eb shkrim gjurmues (investigues) Portali INFO, me 24 shkurt , solli nj\u00eb shkrim t\u00eb gazet\u00ebs\",\"breadcrumb\":{\"@id\":\"https:\/\/www.visit-ulcinj.com\/blog\/2015\/01\/26\/hilja-gazetareske-e-shkrimit-ne-kete-situate\/#breadcrumb\"},\"inLanguage\":\"en-US\",\"potentialAction\":[{\"@type\":\"ReadAction\",\"target\":[\"https:\/\/www.visit-ulcinj.com\/blog\/2015\/01\/26\/hilja-gazetareske-e-shkrimit-ne-kete-situate\/\"]}]},{\"@type\":\"BreadcrumbList\",\"@id\":\"https:\/\/www.visit-ulcinj.com\/blog\/2015\/01\/26\/hilja-gazetareske-e-shkrimit-ne-kete-situate\/#breadcrumb\",\"itemListElement\":[{\"@type\":\"ListItem\",\"position\":1,\"name\":\"Nika: Hilja gazetareske e shkrimit n\u00eb k\u00ebt\u00eb situat\u00eb\"}]},{\"@type\":\"Person\",\"@id\":\"https:\/\/www.visit-ulcinj.com\/blog\/#\/schema\/person\/dcab619c614d3038751c63bc2aadc06d\",\"name\":\"ulqini\",\"sameAs\":[\"http:\/\/www.visit-ulcinj.com\"],\"url\":\"https:\/\/www.visit-ulcinj.com\/blog\/author\/admin\/\"}]}<\/script>\n<!-- \/ Yoast SEO plugin. -->","yoast_head_json":{"title":"Nika: Hilja gazetareske e shkrimit n\u00eb k\u00ebt\u00eb situat\u00eb - Lajme nga Ulqini","description":"Shkruan Muhamet Nika PSE B\u00cbN CANKA \u2013 LLUP E LLUP...?!! - Nj\u00eb shkrim gjurmues (investigues) Portali INFO, me 24 shkurt , solli nj\u00eb shkrim t\u00eb gazet\u00ebs","robots":{"index":"index","follow":"follow","max-snippet":"max-snippet:-1","max-image-preview":"max-image-preview:large","max-video-preview":"max-video-preview:-1"},"canonical":"https:\/\/www.visit-ulcinj.com\/blog\/2015\/01\/26\/hilja-gazetareske-e-shkrimit-ne-kete-situate\/","og_locale":"en_US","og_type":"article","og_title":"Nika: Hilja gazetareske e shkrimit n\u00eb k\u00ebt\u00eb situat\u00eb - Lajme nga Ulqini","og_description":"Shkruan Muhamet Nika PSE B\u00cbN CANKA \u2013 LLUP E LLUP...?!! - Nj\u00eb shkrim gjurmues (investigues) Portali INFO, me 24 shkurt , solli nj\u00eb shkrim t\u00eb gazet\u00ebs","og_url":"https:\/\/www.visit-ulcinj.com\/blog\/2015\/01\/26\/hilja-gazetareske-e-shkrimit-ne-kete-situate\/","og_site_name":"Lajme nga Ulqini","article_published_time":"2015-01-26T15:06:18+00:00","article_modified_time":"2015-03-09T17:18:35+00:00","og_image":[{"url":"http:\/\/www.visit-ulcinj.com\/blog\/wp-content\/uploads\/2015\/02\/Muhamet-Nika-Ulqin.jpg"}],"twitter_misc":{"Written by":"ulqini","Est. reading time":"6 minutes"},"schema":{"@context":"https:\/\/schema.org","@graph":[{"@type":"WebSite","@id":"https:\/\/www.visit-ulcinj.com\/blog\/#website","url":"https:\/\/www.visit-ulcinj.com\/blog\/","name":"Lajme nga Ulqini","description":"Lajme,Vijesti,Ulqini,Ulqin,Crna Gora,Mali i Zi","potentialAction":[{"@type":"SearchAction","target":{"@type":"EntryPoint","urlTemplate":"https:\/\/www.visit-ulcinj.com\/blog\/?s={search_term_string}"},"query-input":"required name=search_term_string"}],"inLanguage":"en-US"},{"@type":"ImageObject","inLanguage":"en-US","@id":"https:\/\/www.visit-ulcinj.com\/blog\/2015\/01\/26\/hilja-gazetareske-e-shkrimit-ne-kete-situate\/#primaryimage","url":"https:\/\/www.visit-ulcinj.com\/blog\/wp-content\/uploads\/2015\/02\/Muhamet-Nika-Ulqin.jpg","contentUrl":"https:\/\/www.visit-ulcinj.com\/blog\/wp-content\/uploads\/2015\/02\/Muhamet-Nika-Ulqin.jpg","width":307,"height":281},{"@type":"WebPage","@id":"https:\/\/www.visit-ulcinj.com\/blog\/2015\/01\/26\/hilja-gazetareske-e-shkrimit-ne-kete-situate\/#webpage","url":"https:\/\/www.visit-ulcinj.com\/blog\/2015\/01\/26\/hilja-gazetareske-e-shkrimit-ne-kete-situate\/","name":"Nika: Hilja gazetareske e shkrimit n\u00eb k\u00ebt\u00eb situat\u00eb - Lajme nga Ulqini","isPartOf":{"@id":"https:\/\/www.visit-ulcinj.com\/blog\/#website"},"primaryImageOfPage":{"@id":"https:\/\/www.visit-ulcinj.com\/blog\/2015\/01\/26\/hilja-gazetareske-e-shkrimit-ne-kete-situate\/#primaryimage"},"datePublished":"2015-01-26T15:06:18+00:00","dateModified":"2015-03-09T17:18:35+00:00","author":{"@id":"https:\/\/www.visit-ulcinj.com\/blog\/#\/schema\/person\/dcab619c614d3038751c63bc2aadc06d"},"description":"Shkruan Muhamet Nika PSE B\u00cbN CANKA \u2013 LLUP E LLUP...?!! - Nj\u00eb shkrim gjurmues (investigues) Portali INFO, me 24 shkurt , solli nj\u00eb shkrim t\u00eb gazet\u00ebs","breadcrumb":{"@id":"https:\/\/www.visit-ulcinj.com\/blog\/2015\/01\/26\/hilja-gazetareske-e-shkrimit-ne-kete-situate\/#breadcrumb"},"inLanguage":"en-US","potentialAction":[{"@type":"ReadAction","target":["https:\/\/www.visit-ulcinj.com\/blog\/2015\/01\/26\/hilja-gazetareske-e-shkrimit-ne-kete-situate\/"]}]},{"@type":"BreadcrumbList","@id":"https:\/\/www.visit-ulcinj.com\/blog\/2015\/01\/26\/hilja-gazetareske-e-shkrimit-ne-kete-situate\/#breadcrumb","itemListElement":[{"@type":"ListItem","position":1,"name":"Nika: Hilja gazetareske e shkrimit n\u00eb k\u00ebt\u00eb situat\u00eb"}]},{"@type":"Person","@id":"https:\/\/www.visit-ulcinj.com\/blog\/#\/schema\/person\/dcab619c614d3038751c63bc2aadc06d","name":"ulqini","sameAs":["http:\/\/www.visit-ulcinj.com"],"url":"https:\/\/www.visit-ulcinj.com\/blog\/author\/admin\/"}]}},"jetpack_featured_media_url":"","jetpack_sharing_enabled":true,"jetpack_shortlink":"https:\/\/wp.me\/pe6lTn-n8Y","_links":{"self":[{"href":"https:\/\/www.visit-ulcinj.com\/blog\/wp-json\/wp\/v2\/posts\/88968"}],"collection":[{"href":"https:\/\/www.visit-ulcinj.com\/blog\/wp-json\/wp\/v2\/posts"}],"about":[{"href":"https:\/\/www.visit-ulcinj.com\/blog\/wp-json\/wp\/v2\/types\/post"}],"author":[{"embeddable":true,"href":"https:\/\/www.visit-ulcinj.com\/blog\/wp-json\/wp\/v2\/users\/1"}],"replies":[{"embeddable":true,"href":"https:\/\/www.visit-ulcinj.com\/blog\/wp-json\/wp\/v2\/comments?post=88968"}],"version-history":[{"count":4,"href":"https:\/\/www.visit-ulcinj.com\/blog\/wp-json\/wp\/v2\/posts\/88968\/revisions"}],"predecessor-version":[{"id":88989,"href":"https:\/\/www.visit-ulcinj.com\/blog\/wp-json\/wp\/v2\/posts\/88968\/revisions\/88989"}],"wp:attachment":[{"href":"https:\/\/www.visit-ulcinj.com\/blog\/wp-json\/wp\/v2\/media?parent=88968"}],"wp:term":[{"taxonomy":"category","embeddable":true,"href":"https:\/\/www.visit-ulcinj.com\/blog\/wp-json\/wp\/v2\/categories?post=88968"},{"taxonomy":"post_tag","embeddable":true,"href":"https:\/\/www.visit-ulcinj.com\/blog\/wp-json\/wp\/v2\/tags?post=88968"}],"curies":[{"name":"wp","href":"https:\/\/api.w.org\/{rel}","templated":true}]}}