{"id":88975,"date":"2015-02-26T16:45:01","date_gmt":"2015-02-26T15:45:01","guid":{"rendered":"http:\/\/www.visit-ulcinj.com\/blog\/?p=88975"},"modified":"2015-02-26T16:45:01","modified_gmt":"2015-02-26T15:45:01","slug":"pse-e-refuzoi-eliza-dushku-intervisten-per-mediat-shqiptare-ne-mal-te-zi","status":"publish","type":"post","link":"https:\/\/www.visit-ulcinj.com\/blog\/2015\/02\/26\/pse-e-refuzoi-eliza-dushku-intervisten-per-mediat-shqiptare-ne-mal-te-zi\/","title":{"rendered":"Pse e refuzoi Eliza Dushku intervist\u00ebn per mediat shqiptare n\u00eb Mal t\u00eb Zi ?"},"content":{"rendered":"<div class=\"shareaholic-canvas\" data-app-id=\"15482111\" data-app=\"share_buttons\" data-title=\"Pse e refuzoi Eliza Dushku intervist\u00ebn per mediat shqiptare n\u00eb Mal t\u00eb Zi ? (Foto)\" data-link=\"http:\/\/portalb.mk\/148552-pse-e-refuzoi-eliza-dushku-intervisten-per-mediat-shqiptare-ne-mal-te-zi-foto\/\" data-summary=\"\"><a href=\"http:\/\/www.visit-ulcinj.com\/blog\/wp-content\/uploads\/2015\/02\/Eliza-Dushku.jpg\"><img loading=\"lazy\" class=\"alignleft wp-image-88977 size-medium\" src=\"http:\/\/www.visit-ulcinj.com\/blog\/wp-content\/uploads\/2015\/02\/Eliza-Dushku-300x247.jpg\" alt=\"Eliza Dushku\" width=\"300\" height=\"247\" \/><\/a>Aktorja e njohur Eliza Dushku, e lindur n\u00eb Boston m\u00eb 30 dhjetor 1980, me prejardhje nga nj\u00eb familje shqiptaro-daneze. Ajo u b\u00eb e njohur me rolin \u201cFaith\u201d n\u00eb TV serin\u00eb \u201cDuffy\u201d dhe nga Tv-serijali \u201cAngel.\u201d<\/div>\n<p>Prindrit e Eliz\u00ebs jan\u00eb profesor\u00eb universiteti, babai \u00ebsht\u00eb shqiptar\u00eb nga Kor\u00e7a nd\u00ebrsa n\u00ebna daneze dhe ligjeron n\u00eb universitetin e Suffolk-ut n\u00eb Boston. Nd\u00ebrkoh\u00eb Eliza jeton me v\u00ebllaun n\u00eb Los Angels.<\/p>\n<p>Ajo n\u00eb k\u00ebrkes\u00ebn e studentit Kristjan Dukaj nga Mali i Zi, p\u00ebr nj\u00eb intervist\u00eb n\u00eb gazet\u00ebn e vetme shqiptare \u201cKoha Javore\u201d p\u00ebrgjigjet k\u00ebshtu:<\/p>\n<p><strong>\u201c B\u00ebjeni me studentat shqiptar\u00eb n\u00ebp\u00ebr bot\u00eb. Jo me mua, un\u00eb jam asgj\u00eb. Ata jan\u00eb e ardhmja e shtetit ton\u00eb. Por, ju faleminderit p\u00ebr respektin, t\u00eb gjitha t\u00eb mirat. \u201c<\/strong><\/p>\n<p><strong><span id=\"dlRelated_ctl01_lblSource\">Portalb<\/span>\u00a0<\/strong><\/p>\n<p><a href=\"http:\/\/www.visit-ulcinj.com\/blog\/wp-content\/uploads\/2015\/02\/Twitt-Eliza-Dushku.jpg\"><img loading=\"lazy\" class=\"alignleft wp-image-88976\" src=\"http:\/\/www.visit-ulcinj.com\/blog\/wp-content\/uploads\/2015\/02\/Twitt-Eliza-Dushku.jpg\" alt=\"Twitt-Eliza-Dushku\" width=\"508\" height=\"109\" \/><\/a><\/p>\n","protected":false},"excerpt":{"rendered":"<p>Aktorja e njohur Eliza Dushku, e lindur n\u00eb Boston m\u00eb 30 dhjetor 1980, me prejardhje nga nj\u00eb familje shqiptaro-daneze. Ajo u b\u00eb e njohur me rolin \u201cFaith\u201d n\u00eb TV serin\u00eb \u201cDuffy\u201d dhe nga Tv-serijali \u201cAngel.\u201d Prindrit e Eliz\u00ebs jan\u00eb profesor\u00eb universiteti, babai \u00ebsht\u00eb shqiptar\u00eb nga Kor\u00e7a nd\u00ebrsa n\u00ebna daneze dhe ligjeron n\u00eb universitetin e Suffolk-ut [&hellip;]<\/p>\n","protected":false},"author":1,"featured_media":0,"comment_status":"closed","ping_status":"closed","sticky":false,"template":"","format":"standard","meta":{"spay_email":"","jetpack_publicize_message":"","jetpack_is_tweetstorm":false,"jetpack_publicize_feature_enabled":true},"categories":[1],"tags":[],"jetpack_publicize_connections":[],"yoast_head":"<!-- This site is optimized with the Yoast SEO plugin v19.1 - https:\/\/yoast.com\/wordpress\/plugins\/seo\/ -->\n<title>Pse e refuzoi Eliza Dushku intervist\u00ebn per mediat shqiptare n\u00eb Mal t\u00eb Zi ? - Lajme nga Ulqini<\/title>\n<meta name=\"description\" content=\"Aktorja e njohur Eliza Dushku, e lindur n\u00eb Boston m\u00eb 30 dhjetor 1980, me prejardhje nga nj\u00eb familje shqiptaro-daneze. Ajo u b\u00eb e njohur me rolin \u201cFaith\u201d\" \/>\n<meta name=\"robots\" content=\"index, follow, max-snippet:-1, max-image-preview:large, max-video-preview:-1\" \/>\n<link rel=\"canonical\" href=\"https:\/\/www.visit-ulcinj.com\/blog\/2015\/02\/26\/pse-e-refuzoi-eliza-dushku-intervisten-per-mediat-shqiptare-ne-mal-te-zi\/\" \/>\n<meta property=\"og:locale\" content=\"en_US\" \/>\n<meta property=\"og:type\" content=\"article\" \/>\n<meta property=\"og:title\" content=\"Pse e refuzoi Eliza Dushku intervist\u00ebn per mediat shqiptare n\u00eb Mal t\u00eb Zi ? - Lajme nga Ulqini\" \/>\n<meta property=\"og:description\" content=\"Aktorja e njohur Eliza Dushku, e lindur n\u00eb Boston m\u00eb 30 dhjetor 1980, me prejardhje nga nj\u00eb familje shqiptaro-daneze. Ajo u b\u00eb e njohur me rolin \u201cFaith\u201d\" \/>\n<meta property=\"og:url\" content=\"https:\/\/www.visit-ulcinj.com\/blog\/2015\/02\/26\/pse-e-refuzoi-eliza-dushku-intervisten-per-mediat-shqiptare-ne-mal-te-zi\/\" \/>\n<meta property=\"og:site_name\" content=\"Lajme nga Ulqini\" \/>\n<meta property=\"article:published_time\" content=\"2015-02-26T15:45:01+00:00\" \/>\n<meta property=\"og:image\" content=\"http:\/\/www.visit-ulcinj.com\/blog\/wp-content\/uploads\/2015\/02\/Eliza-Dushku-300x247.jpg\" \/>\n<meta name=\"twitter:label1\" content=\"Written by\" \/>\n\t<meta name=\"twitter:data1\" content=\"ulqini\" \/>\n\t<meta name=\"twitter:label2\" content=\"Est. reading time\" \/>\n\t<meta name=\"twitter:data2\" content=\"1 minute\" \/>\n<script type=\"application\/ld+json\" class=\"yoast-schema-graph\">{\"@context\":\"https:\/\/schema.org\",\"@graph\":[{\"@type\":\"WebSite\",\"@id\":\"https:\/\/www.visit-ulcinj.com\/blog\/#website\",\"url\":\"https:\/\/www.visit-ulcinj.com\/blog\/\",\"name\":\"Lajme nga Ulqini\",\"description\":\"Lajme,Vijesti,Ulqini,Ulqin,Crna Gora,Mali i Zi\",\"potentialAction\":[{\"@type\":\"SearchAction\",\"target\":{\"@type\":\"EntryPoint\",\"urlTemplate\":\"https:\/\/www.visit-ulcinj.com\/blog\/?s={search_term_string}\"},\"query-input\":\"required name=search_term_string\"}],\"inLanguage\":\"en-US\"},{\"@type\":\"ImageObject\",\"inLanguage\":\"en-US\",\"@id\":\"https:\/\/www.visit-ulcinj.com\/blog\/2015\/02\/26\/pse-e-refuzoi-eliza-dushku-intervisten-per-mediat-shqiptare-ne-mal-te-zi\/#primaryimage\",\"url\":\"http:\/\/www.visit-ulcinj.com\/blog\/wp-content\/uploads\/2015\/02\/Eliza-Dushku-300x247.jpg\",\"contentUrl\":\"http:\/\/www.visit-ulcinj.com\/blog\/wp-content\/uploads\/2015\/02\/Eliza-Dushku-300x247.jpg\"},{\"@type\":\"WebPage\",\"@id\":\"https:\/\/www.visit-ulcinj.com\/blog\/2015\/02\/26\/pse-e-refuzoi-eliza-dushku-intervisten-per-mediat-shqiptare-ne-mal-te-zi\/#webpage\",\"url\":\"https:\/\/www.visit-ulcinj.com\/blog\/2015\/02\/26\/pse-e-refuzoi-eliza-dushku-intervisten-per-mediat-shqiptare-ne-mal-te-zi\/\",\"name\":\"Pse e refuzoi Eliza Dushku intervist\u00ebn per mediat shqiptare n\u00eb Mal t\u00eb Zi ? - Lajme nga Ulqini\",\"isPartOf\":{\"@id\":\"https:\/\/www.visit-ulcinj.com\/blog\/#website\"},\"primaryImageOfPage\":{\"@id\":\"https:\/\/www.visit-ulcinj.com\/blog\/2015\/02\/26\/pse-e-refuzoi-eliza-dushku-intervisten-per-mediat-shqiptare-ne-mal-te-zi\/#primaryimage\"},\"datePublished\":\"2015-02-26T15:45:01+00:00\",\"dateModified\":\"2015-02-26T15:45:01+00:00\",\"author\":{\"@id\":\"https:\/\/www.visit-ulcinj.com\/blog\/#\/schema\/person\/dcab619c614d3038751c63bc2aadc06d\"},\"description\":\"Aktorja e njohur Eliza Dushku, e lindur n\u00eb Boston m\u00eb 30 dhjetor 1980, me prejardhje nga nj\u00eb familje shqiptaro-daneze. Ajo u b\u00eb e njohur me rolin \u201cFaith\u201d\",\"breadcrumb\":{\"@id\":\"https:\/\/www.visit-ulcinj.com\/blog\/2015\/02\/26\/pse-e-refuzoi-eliza-dushku-intervisten-per-mediat-shqiptare-ne-mal-te-zi\/#breadcrumb\"},\"inLanguage\":\"en-US\",\"potentialAction\":[{\"@type\":\"ReadAction\",\"target\":[\"https:\/\/www.visit-ulcinj.com\/blog\/2015\/02\/26\/pse-e-refuzoi-eliza-dushku-intervisten-per-mediat-shqiptare-ne-mal-te-zi\/\"]}]},{\"@type\":\"BreadcrumbList\",\"@id\":\"https:\/\/www.visit-ulcinj.com\/blog\/2015\/02\/26\/pse-e-refuzoi-eliza-dushku-intervisten-per-mediat-shqiptare-ne-mal-te-zi\/#breadcrumb\",\"itemListElement\":[{\"@type\":\"ListItem\",\"position\":1,\"name\":\"Pse e refuzoi Eliza Dushku intervist\u00ebn per mediat shqiptare n\u00eb Mal t\u00eb Zi ?\"}]},{\"@type\":\"Person\",\"@id\":\"https:\/\/www.visit-ulcinj.com\/blog\/#\/schema\/person\/dcab619c614d3038751c63bc2aadc06d\",\"name\":\"ulqini\",\"sameAs\":[\"http:\/\/www.visit-ulcinj.com\"],\"url\":\"https:\/\/www.visit-ulcinj.com\/blog\/author\/admin\/\"}]}<\/script>\n<!-- \/ Yoast SEO plugin. -->","yoast_head_json":{"title":"Pse e refuzoi Eliza Dushku intervist\u00ebn per mediat shqiptare n\u00eb Mal t\u00eb Zi ? - Lajme nga Ulqini","description":"Aktorja e njohur Eliza Dushku, e lindur n\u00eb Boston m\u00eb 30 dhjetor 1980, me prejardhje nga nj\u00eb familje shqiptaro-daneze. Ajo u b\u00eb e njohur me rolin \u201cFaith\u201d","robots":{"index":"index","follow":"follow","max-snippet":"max-snippet:-1","max-image-preview":"max-image-preview:large","max-video-preview":"max-video-preview:-1"},"canonical":"https:\/\/www.visit-ulcinj.com\/blog\/2015\/02\/26\/pse-e-refuzoi-eliza-dushku-intervisten-per-mediat-shqiptare-ne-mal-te-zi\/","og_locale":"en_US","og_type":"article","og_title":"Pse e refuzoi Eliza Dushku intervist\u00ebn per mediat shqiptare n\u00eb Mal t\u00eb Zi ? - Lajme nga Ulqini","og_description":"Aktorja e njohur Eliza Dushku, e lindur n\u00eb Boston m\u00eb 30 dhjetor 1980, me prejardhje nga nj\u00eb familje shqiptaro-daneze. Ajo u b\u00eb e njohur me rolin \u201cFaith\u201d","og_url":"https:\/\/www.visit-ulcinj.com\/blog\/2015\/02\/26\/pse-e-refuzoi-eliza-dushku-intervisten-per-mediat-shqiptare-ne-mal-te-zi\/","og_site_name":"Lajme nga Ulqini","article_published_time":"2015-02-26T15:45:01+00:00","og_image":[{"url":"http:\/\/www.visit-ulcinj.com\/blog\/wp-content\/uploads\/2015\/02\/Eliza-Dushku-300x247.jpg"}],"twitter_misc":{"Written by":"ulqini","Est. reading time":"1 minute"},"schema":{"@context":"https:\/\/schema.org","@graph":[{"@type":"WebSite","@id":"https:\/\/www.visit-ulcinj.com\/blog\/#website","url":"https:\/\/www.visit-ulcinj.com\/blog\/","name":"Lajme nga Ulqini","description":"Lajme,Vijesti,Ulqini,Ulqin,Crna Gora,Mali i Zi","potentialAction":[{"@type":"SearchAction","target":{"@type":"EntryPoint","urlTemplate":"https:\/\/www.visit-ulcinj.com\/blog\/?s={search_term_string}"},"query-input":"required name=search_term_string"}],"inLanguage":"en-US"},{"@type":"ImageObject","inLanguage":"en-US","@id":"https:\/\/www.visit-ulcinj.com\/blog\/2015\/02\/26\/pse-e-refuzoi-eliza-dushku-intervisten-per-mediat-shqiptare-ne-mal-te-zi\/#primaryimage","url":"http:\/\/www.visit-ulcinj.com\/blog\/wp-content\/uploads\/2015\/02\/Eliza-Dushku-300x247.jpg","contentUrl":"http:\/\/www.visit-ulcinj.com\/blog\/wp-content\/uploads\/2015\/02\/Eliza-Dushku-300x247.jpg"},{"@type":"WebPage","@id":"https:\/\/www.visit-ulcinj.com\/blog\/2015\/02\/26\/pse-e-refuzoi-eliza-dushku-intervisten-per-mediat-shqiptare-ne-mal-te-zi\/#webpage","url":"https:\/\/www.visit-ulcinj.com\/blog\/2015\/02\/26\/pse-e-refuzoi-eliza-dushku-intervisten-per-mediat-shqiptare-ne-mal-te-zi\/","name":"Pse e refuzoi Eliza Dushku intervist\u00ebn per mediat shqiptare n\u00eb Mal t\u00eb Zi ? - Lajme nga Ulqini","isPartOf":{"@id":"https:\/\/www.visit-ulcinj.com\/blog\/#website"},"primaryImageOfPage":{"@id":"https:\/\/www.visit-ulcinj.com\/blog\/2015\/02\/26\/pse-e-refuzoi-eliza-dushku-intervisten-per-mediat-shqiptare-ne-mal-te-zi\/#primaryimage"},"datePublished":"2015-02-26T15:45:01+00:00","dateModified":"2015-02-26T15:45:01+00:00","author":{"@id":"https:\/\/www.visit-ulcinj.com\/blog\/#\/schema\/person\/dcab619c614d3038751c63bc2aadc06d"},"description":"Aktorja e njohur Eliza Dushku, e lindur n\u00eb Boston m\u00eb 30 dhjetor 1980, me prejardhje nga nj\u00eb familje shqiptaro-daneze. Ajo u b\u00eb e njohur me rolin \u201cFaith\u201d","breadcrumb":{"@id":"https:\/\/www.visit-ulcinj.com\/blog\/2015\/02\/26\/pse-e-refuzoi-eliza-dushku-intervisten-per-mediat-shqiptare-ne-mal-te-zi\/#breadcrumb"},"inLanguage":"en-US","potentialAction":[{"@type":"ReadAction","target":["https:\/\/www.visit-ulcinj.com\/blog\/2015\/02\/26\/pse-e-refuzoi-eliza-dushku-intervisten-per-mediat-shqiptare-ne-mal-te-zi\/"]}]},{"@type":"BreadcrumbList","@id":"https:\/\/www.visit-ulcinj.com\/blog\/2015\/02\/26\/pse-e-refuzoi-eliza-dushku-intervisten-per-mediat-shqiptare-ne-mal-te-zi\/#breadcrumb","itemListElement":[{"@type":"ListItem","position":1,"name":"Pse e refuzoi Eliza Dushku intervist\u00ebn per mediat shqiptare n\u00eb Mal t\u00eb Zi ?"}]},{"@type":"Person","@id":"https:\/\/www.visit-ulcinj.com\/blog\/#\/schema\/person\/dcab619c614d3038751c63bc2aadc06d","name":"ulqini","sameAs":["http:\/\/www.visit-ulcinj.com"],"url":"https:\/\/www.visit-ulcinj.com\/blog\/author\/admin\/"}]}},"jetpack_featured_media_url":"","jetpack_sharing_enabled":true,"jetpack_shortlink":"https:\/\/wp.me\/pe6lTn-n95","_links":{"self":[{"href":"https:\/\/www.visit-ulcinj.com\/blog\/wp-json\/wp\/v2\/posts\/88975"}],"collection":[{"href":"https:\/\/www.visit-ulcinj.com\/blog\/wp-json\/wp\/v2\/posts"}],"about":[{"href":"https:\/\/www.visit-ulcinj.com\/blog\/wp-json\/wp\/v2\/types\/post"}],"author":[{"embeddable":true,"href":"https:\/\/www.visit-ulcinj.com\/blog\/wp-json\/wp\/v2\/users\/1"}],"replies":[{"embeddable":true,"href":"https:\/\/www.visit-ulcinj.com\/blog\/wp-json\/wp\/v2\/comments?post=88975"}],"version-history":[{"count":1,"href":"https:\/\/www.visit-ulcinj.com\/blog\/wp-json\/wp\/v2\/posts\/88975\/revisions"}],"predecessor-version":[{"id":88978,"href":"https:\/\/www.visit-ulcinj.com\/blog\/wp-json\/wp\/v2\/posts\/88975\/revisions\/88978"}],"wp:attachment":[{"href":"https:\/\/www.visit-ulcinj.com\/blog\/wp-json\/wp\/v2\/media?parent=88975"}],"wp:term":[{"taxonomy":"category","embeddable":true,"href":"https:\/\/www.visit-ulcinj.com\/blog\/wp-json\/wp\/v2\/categories?post=88975"},{"taxonomy":"post_tag","embeddable":true,"href":"https:\/\/www.visit-ulcinj.com\/blog\/wp-json\/wp\/v2\/tags?post=88975"}],"curies":[{"name":"wp","href":"https:\/\/api.w.org\/{rel}","templated":true}]}}