{"id":88979,"date":"2015-02-26T16:55:29","date_gmt":"2015-02-26T15:55:29","guid":{"rendered":"http:\/\/www.visit-ulcinj.com\/blog\/?p=88979"},"modified":"2015-02-26T16:55:29","modified_gmt":"2015-02-26T15:55:29","slug":"gagjerri-mali-zi-po-pengon-qytetaret-ti-punojne-tokat-ne-kosove","status":"publish","type":"post","link":"https:\/\/www.visit-ulcinj.com\/blog\/2015\/02\/26\/gagjerri-mali-zi-po-pengon-qytetaret-ti-punojne-tokat-ne-kosove\/","title":{"rendered":"Gagjerri: Mali i Zi po pengon qytetar\u00ebt t\u2019i punojn\u00eb tokat n\u00eb Kosov\u00eb"},"content":{"rendered":"<p><strong><a href=\"http:\/\/www.visit-ulcinj.com\/blog\/wp-content\/uploads\/2015\/02\/Besa-Gagjerri.jpg\"><img loading=\"lazy\" class=\"alignleft wp-image-88980\" src=\"http:\/\/www.visit-ulcinj.com\/blog\/wp-content\/uploads\/2015\/02\/Besa-Gagjerri.jpg\" alt=\"Besa Gagjerri\" width=\"508\" height=\"315\" srcset=\"https:\/\/www.visit-ulcinj.com\/blog\/wp-content\/uploads\/2015\/02\/Besa-Gagjerri.jpg 645w, https:\/\/www.visit-ulcinj.com\/blog\/wp-content\/uploads\/2015\/02\/Besa-Gagjerri-300x186.jpg 300w\" sizes=\"(max-width: 508px) 100vw, 508px\" \/><\/a>Deputetja e LDK-s\u00eb, Besa Gagjerri, gjat\u00eb seanc\u00ebs s\u00eb Kuvendit ka ngritur shqet\u00ebsimin e qytetar\u00ebve t\u00eb Pej\u00ebs e De\u00e7anit q\u00eb po pengohen p\u00ebr t\u2019i shfryt\u00ebzuar pronat e tyre n\u00eb kufi me Malin e Zi.<\/strong><\/p>\n<p>Ajo ka reaguar ndaj deklaratave t\u00eb z\u00ebvend\u00ebskryeministrit Tha\u00e7i, i cili gjat\u00eb vizit\u00ebs n\u00eb Mal t\u00eb Zi tha se t\u00eb dy vendet kan\u00eb marr\u00ebdh\u00ebnie t\u00eb mira, por se sipas saj, Mali i Zi pretendon t\u2019i marr 40 kilometra n\u00eb territorin e Kosov\u00ebs.<\/p>\n<p>Ajo k\u00ebrkoi q\u00eb pikat kufitare n\u00eb mes dy vendeve t\u00eb mbesin ato q\u00eb jan\u00eb parapar\u00eb n\u00eb vitin 1974.<\/p>\n<p>Telegrafi<\/p>\n","protected":false},"excerpt":{"rendered":"<p>Deputetja e LDK-s\u00eb, Besa Gagjerri, gjat\u00eb seanc\u00ebs s\u00eb Kuvendit ka ngritur shqet\u00ebsimin e qytetar\u00ebve t\u00eb Pej\u00ebs e De\u00e7anit q\u00eb po pengohen p\u00ebr t\u2019i shfryt\u00ebzuar pronat e tyre n\u00eb kufi me Malin e Zi. Ajo ka reaguar ndaj deklaratave t\u00eb z\u00ebvend\u00ebskryeministrit Tha\u00e7i, i cili gjat\u00eb vizit\u00ebs n\u00eb Mal t\u00eb Zi tha se t\u00eb dy vendet kan\u00eb [&hellip;]<\/p>\n","protected":false},"author":1,"featured_media":0,"comment_status":"closed","ping_status":"closed","sticky":false,"template":"","format":"standard","meta":{"spay_email":"","jetpack_publicize_message":"","jetpack_is_tweetstorm":false,"jetpack_publicize_feature_enabled":true},"categories":[14],"tags":[],"jetpack_publicize_connections":[],"yoast_head":"<!-- This site is optimized with the Yoast SEO plugin v19.1 - https:\/\/yoast.com\/wordpress\/plugins\/seo\/ -->\n<title>Gagjerri: Mali i Zi po pengon qytetar\u00ebt t\u2019i punojn\u00eb tokat n\u00eb Kosov\u00eb - Lajme nga Ulqini<\/title>\n<meta name=\"description\" content=\"Deputetja e LDK-s\u00eb, Besa Gagjerri, gjat\u00eb seanc\u00ebs s\u00eb Kuvendit ka ngritur shqet\u00ebsimin e qytetar\u00ebve t\u00eb Pej\u00ebs e De\u00e7anit q\u00eb po pengohen p\u00ebr t\u2019i shfryt\u00ebzuar\" \/>\n<meta name=\"robots\" content=\"index, follow, max-snippet:-1, max-image-preview:large, max-video-preview:-1\" \/>\n<link rel=\"canonical\" href=\"https:\/\/www.visit-ulcinj.com\/blog\/2015\/02\/26\/gagjerri-mali-zi-po-pengon-qytetaret-ti-punojne-tokat-ne-kosove\/\" \/>\n<meta property=\"og:locale\" content=\"en_US\" \/>\n<meta property=\"og:type\" content=\"article\" \/>\n<meta property=\"og:title\" content=\"Gagjerri: Mali i Zi po pengon qytetar\u00ebt t\u2019i punojn\u00eb tokat n\u00eb Kosov\u00eb - Lajme nga Ulqini\" \/>\n<meta property=\"og:description\" content=\"Deputetja e LDK-s\u00eb, Besa Gagjerri, gjat\u00eb seanc\u00ebs s\u00eb Kuvendit ka ngritur shqet\u00ebsimin e qytetar\u00ebve t\u00eb Pej\u00ebs e De\u00e7anit q\u00eb po pengohen p\u00ebr t\u2019i shfryt\u00ebzuar\" \/>\n<meta property=\"og:url\" content=\"https:\/\/www.visit-ulcinj.com\/blog\/2015\/02\/26\/gagjerri-mali-zi-po-pengon-qytetaret-ti-punojne-tokat-ne-kosove\/\" \/>\n<meta property=\"og:site_name\" content=\"Lajme nga Ulqini\" \/>\n<meta property=\"article:published_time\" content=\"2015-02-26T15:55:29+00:00\" \/>\n<meta property=\"og:image\" content=\"http:\/\/www.visit-ulcinj.com\/blog\/wp-content\/uploads\/2015\/02\/Besa-Gagjerri.jpg\" \/>\n<meta name=\"twitter:label1\" content=\"Written by\" \/>\n\t<meta name=\"twitter:data1\" content=\"ulqini\" \/>\n\t<meta name=\"twitter:label2\" content=\"Est. reading time\" \/>\n\t<meta name=\"twitter:data2\" content=\"1 minute\" \/>\n<script type=\"application\/ld+json\" class=\"yoast-schema-graph\">{\"@context\":\"https:\/\/schema.org\",\"@graph\":[{\"@type\":\"WebSite\",\"@id\":\"https:\/\/www.visit-ulcinj.com\/blog\/#website\",\"url\":\"https:\/\/www.visit-ulcinj.com\/blog\/\",\"name\":\"Lajme nga Ulqini\",\"description\":\"Lajme,Vijesti,Ulqini,Ulqin,Crna Gora,Mali i Zi\",\"potentialAction\":[{\"@type\":\"SearchAction\",\"target\":{\"@type\":\"EntryPoint\",\"urlTemplate\":\"https:\/\/www.visit-ulcinj.com\/blog\/?s={search_term_string}\"},\"query-input\":\"required name=search_term_string\"}],\"inLanguage\":\"en-US\"},{\"@type\":\"ImageObject\",\"inLanguage\":\"en-US\",\"@id\":\"https:\/\/www.visit-ulcinj.com\/blog\/2015\/02\/26\/gagjerri-mali-zi-po-pengon-qytetaret-ti-punojne-tokat-ne-kosove\/#primaryimage\",\"url\":\"https:\/\/www.visit-ulcinj.com\/blog\/wp-content\/uploads\/2015\/02\/Besa-Gagjerri.jpg\",\"contentUrl\":\"https:\/\/www.visit-ulcinj.com\/blog\/wp-content\/uploads\/2015\/02\/Besa-Gagjerri.jpg\",\"width\":645,\"height\":400},{\"@type\":\"WebPage\",\"@id\":\"https:\/\/www.visit-ulcinj.com\/blog\/2015\/02\/26\/gagjerri-mali-zi-po-pengon-qytetaret-ti-punojne-tokat-ne-kosove\/#webpage\",\"url\":\"https:\/\/www.visit-ulcinj.com\/blog\/2015\/02\/26\/gagjerri-mali-zi-po-pengon-qytetaret-ti-punojne-tokat-ne-kosove\/\",\"name\":\"Gagjerri: Mali i Zi po pengon qytetar\u00ebt t\u2019i punojn\u00eb tokat n\u00eb Kosov\u00eb - Lajme nga Ulqini\",\"isPartOf\":{\"@id\":\"https:\/\/www.visit-ulcinj.com\/blog\/#website\"},\"primaryImageOfPage\":{\"@id\":\"https:\/\/www.visit-ulcinj.com\/blog\/2015\/02\/26\/gagjerri-mali-zi-po-pengon-qytetaret-ti-punojne-tokat-ne-kosove\/#primaryimage\"},\"datePublished\":\"2015-02-26T15:55:29+00:00\",\"dateModified\":\"2015-02-26T15:55:29+00:00\",\"author\":{\"@id\":\"https:\/\/www.visit-ulcinj.com\/blog\/#\/schema\/person\/dcab619c614d3038751c63bc2aadc06d\"},\"description\":\"Deputetja e LDK-s\u00eb, Besa Gagjerri, gjat\u00eb seanc\u00ebs s\u00eb Kuvendit ka ngritur shqet\u00ebsimin e qytetar\u00ebve t\u00eb Pej\u00ebs e De\u00e7anit q\u00eb po pengohen p\u00ebr t\u2019i shfryt\u00ebzuar\",\"breadcrumb\":{\"@id\":\"https:\/\/www.visit-ulcinj.com\/blog\/2015\/02\/26\/gagjerri-mali-zi-po-pengon-qytetaret-ti-punojne-tokat-ne-kosove\/#breadcrumb\"},\"inLanguage\":\"en-US\",\"potentialAction\":[{\"@type\":\"ReadAction\",\"target\":[\"https:\/\/www.visit-ulcinj.com\/blog\/2015\/02\/26\/gagjerri-mali-zi-po-pengon-qytetaret-ti-punojne-tokat-ne-kosove\/\"]}]},{\"@type\":\"BreadcrumbList\",\"@id\":\"https:\/\/www.visit-ulcinj.com\/blog\/2015\/02\/26\/gagjerri-mali-zi-po-pengon-qytetaret-ti-punojne-tokat-ne-kosove\/#breadcrumb\",\"itemListElement\":[{\"@type\":\"ListItem\",\"position\":1,\"name\":\"Gagjerri: Mali i Zi po pengon qytetar\u00ebt t\u2019i punojn\u00eb tokat n\u00eb Kosov\u00eb\"}]},{\"@type\":\"Person\",\"@id\":\"https:\/\/www.visit-ulcinj.com\/blog\/#\/schema\/person\/dcab619c614d3038751c63bc2aadc06d\",\"name\":\"ulqini\",\"sameAs\":[\"http:\/\/www.visit-ulcinj.com\"],\"url\":\"https:\/\/www.visit-ulcinj.com\/blog\/author\/admin\/\"}]}<\/script>\n<!-- \/ Yoast SEO plugin. -->","yoast_head_json":{"title":"Gagjerri: Mali i Zi po pengon qytetar\u00ebt t\u2019i punojn\u00eb tokat n\u00eb Kosov\u00eb - Lajme nga Ulqini","description":"Deputetja e LDK-s\u00eb, Besa Gagjerri, gjat\u00eb seanc\u00ebs s\u00eb Kuvendit ka ngritur shqet\u00ebsimin e qytetar\u00ebve t\u00eb Pej\u00ebs e De\u00e7anit q\u00eb po pengohen p\u00ebr t\u2019i shfryt\u00ebzuar","robots":{"index":"index","follow":"follow","max-snippet":"max-snippet:-1","max-image-preview":"max-image-preview:large","max-video-preview":"max-video-preview:-1"},"canonical":"https:\/\/www.visit-ulcinj.com\/blog\/2015\/02\/26\/gagjerri-mali-zi-po-pengon-qytetaret-ti-punojne-tokat-ne-kosove\/","og_locale":"en_US","og_type":"article","og_title":"Gagjerri: Mali i Zi po pengon qytetar\u00ebt t\u2019i punojn\u00eb tokat n\u00eb Kosov\u00eb - Lajme nga Ulqini","og_description":"Deputetja e LDK-s\u00eb, Besa Gagjerri, gjat\u00eb seanc\u00ebs s\u00eb Kuvendit ka ngritur shqet\u00ebsimin e qytetar\u00ebve t\u00eb Pej\u00ebs e De\u00e7anit q\u00eb po pengohen p\u00ebr t\u2019i shfryt\u00ebzuar","og_url":"https:\/\/www.visit-ulcinj.com\/blog\/2015\/02\/26\/gagjerri-mali-zi-po-pengon-qytetaret-ti-punojne-tokat-ne-kosove\/","og_site_name":"Lajme nga Ulqini","article_published_time":"2015-02-26T15:55:29+00:00","og_image":[{"url":"http:\/\/www.visit-ulcinj.com\/blog\/wp-content\/uploads\/2015\/02\/Besa-Gagjerri.jpg"}],"twitter_misc":{"Written by":"ulqini","Est. reading time":"1 minute"},"schema":{"@context":"https:\/\/schema.org","@graph":[{"@type":"WebSite","@id":"https:\/\/www.visit-ulcinj.com\/blog\/#website","url":"https:\/\/www.visit-ulcinj.com\/blog\/","name":"Lajme nga Ulqini","description":"Lajme,Vijesti,Ulqini,Ulqin,Crna Gora,Mali i Zi","potentialAction":[{"@type":"SearchAction","target":{"@type":"EntryPoint","urlTemplate":"https:\/\/www.visit-ulcinj.com\/blog\/?s={search_term_string}"},"query-input":"required name=search_term_string"}],"inLanguage":"en-US"},{"@type":"ImageObject","inLanguage":"en-US","@id":"https:\/\/www.visit-ulcinj.com\/blog\/2015\/02\/26\/gagjerri-mali-zi-po-pengon-qytetaret-ti-punojne-tokat-ne-kosove\/#primaryimage","url":"https:\/\/www.visit-ulcinj.com\/blog\/wp-content\/uploads\/2015\/02\/Besa-Gagjerri.jpg","contentUrl":"https:\/\/www.visit-ulcinj.com\/blog\/wp-content\/uploads\/2015\/02\/Besa-Gagjerri.jpg","width":645,"height":400},{"@type":"WebPage","@id":"https:\/\/www.visit-ulcinj.com\/blog\/2015\/02\/26\/gagjerri-mali-zi-po-pengon-qytetaret-ti-punojne-tokat-ne-kosove\/#webpage","url":"https:\/\/www.visit-ulcinj.com\/blog\/2015\/02\/26\/gagjerri-mali-zi-po-pengon-qytetaret-ti-punojne-tokat-ne-kosove\/","name":"Gagjerri: Mali i Zi po pengon qytetar\u00ebt t\u2019i punojn\u00eb tokat n\u00eb Kosov\u00eb - Lajme nga Ulqini","isPartOf":{"@id":"https:\/\/www.visit-ulcinj.com\/blog\/#website"},"primaryImageOfPage":{"@id":"https:\/\/www.visit-ulcinj.com\/blog\/2015\/02\/26\/gagjerri-mali-zi-po-pengon-qytetaret-ti-punojne-tokat-ne-kosove\/#primaryimage"},"datePublished":"2015-02-26T15:55:29+00:00","dateModified":"2015-02-26T15:55:29+00:00","author":{"@id":"https:\/\/www.visit-ulcinj.com\/blog\/#\/schema\/person\/dcab619c614d3038751c63bc2aadc06d"},"description":"Deputetja e LDK-s\u00eb, Besa Gagjerri, gjat\u00eb seanc\u00ebs s\u00eb Kuvendit ka ngritur shqet\u00ebsimin e qytetar\u00ebve t\u00eb Pej\u00ebs e De\u00e7anit q\u00eb po pengohen p\u00ebr t\u2019i shfryt\u00ebzuar","breadcrumb":{"@id":"https:\/\/www.visit-ulcinj.com\/blog\/2015\/02\/26\/gagjerri-mali-zi-po-pengon-qytetaret-ti-punojne-tokat-ne-kosove\/#breadcrumb"},"inLanguage":"en-US","potentialAction":[{"@type":"ReadAction","target":["https:\/\/www.visit-ulcinj.com\/blog\/2015\/02\/26\/gagjerri-mali-zi-po-pengon-qytetaret-ti-punojne-tokat-ne-kosove\/"]}]},{"@type":"BreadcrumbList","@id":"https:\/\/www.visit-ulcinj.com\/blog\/2015\/02\/26\/gagjerri-mali-zi-po-pengon-qytetaret-ti-punojne-tokat-ne-kosove\/#breadcrumb","itemListElement":[{"@type":"ListItem","position":1,"name":"Gagjerri: Mali i Zi po pengon qytetar\u00ebt t\u2019i punojn\u00eb tokat n\u00eb Kosov\u00eb"}]},{"@type":"Person","@id":"https:\/\/www.visit-ulcinj.com\/blog\/#\/schema\/person\/dcab619c614d3038751c63bc2aadc06d","name":"ulqini","sameAs":["http:\/\/www.visit-ulcinj.com"],"url":"https:\/\/www.visit-ulcinj.com\/blog\/author\/admin\/"}]}},"jetpack_featured_media_url":"","jetpack_sharing_enabled":true,"jetpack_shortlink":"https:\/\/wp.me\/pe6lTn-n99","_links":{"self":[{"href":"https:\/\/www.visit-ulcinj.com\/blog\/wp-json\/wp\/v2\/posts\/88979"}],"collection":[{"href":"https:\/\/www.visit-ulcinj.com\/blog\/wp-json\/wp\/v2\/posts"}],"about":[{"href":"https:\/\/www.visit-ulcinj.com\/blog\/wp-json\/wp\/v2\/types\/post"}],"author":[{"embeddable":true,"href":"https:\/\/www.visit-ulcinj.com\/blog\/wp-json\/wp\/v2\/users\/1"}],"replies":[{"embeddable":true,"href":"https:\/\/www.visit-ulcinj.com\/blog\/wp-json\/wp\/v2\/comments?post=88979"}],"version-history":[{"count":1,"href":"https:\/\/www.visit-ulcinj.com\/blog\/wp-json\/wp\/v2\/posts\/88979\/revisions"}],"predecessor-version":[{"id":88981,"href":"https:\/\/www.visit-ulcinj.com\/blog\/wp-json\/wp\/v2\/posts\/88979\/revisions\/88981"}],"wp:attachment":[{"href":"https:\/\/www.visit-ulcinj.com\/blog\/wp-json\/wp\/v2\/media?parent=88979"}],"wp:term":[{"taxonomy":"category","embeddable":true,"href":"https:\/\/www.visit-ulcinj.com\/blog\/wp-json\/wp\/v2\/categories?post=88979"},{"taxonomy":"post_tag","embeddable":true,"href":"https:\/\/www.visit-ulcinj.com\/blog\/wp-json\/wp\/v2\/tags?post=88979"}],"curies":[{"name":"wp","href":"https:\/\/api.w.org\/{rel}","templated":true}]}}