{"id":88985,"date":"2015-02-26T18:35:35","date_gmt":"2015-02-26T17:35:35","guid":{"rendered":"http:\/\/www.visit-ulcinj.com\/blog\/?p=88985"},"modified":"2015-02-26T18:35:35","modified_gmt":"2015-02-26T17:35:35","slug":"novosti-mali-kuvajt-kraj-ulcinja","status":"publish","type":"post","link":"https:\/\/www.visit-ulcinj.com\/blog\/2015\/02\/26\/novosti-mali-kuvajt-kraj-ulcinja\/","title":{"rendered":"Novosti: &#8220;Mali Kuvajt&#8221; kraj Ulcinja?"},"content":{"rendered":"<p><strong><a href=\"http:\/\/www.visit-ulcinj.com\/blog\/wp-content\/uploads\/2012\/10\/reg-naftna-platforma.jpg\"><img loading=\"lazy\" class=\"alignleft wp-image-64489\" src=\"http:\/\/www.visit-ulcinj.com\/blog\/wp-content\/uploads\/2012\/10\/reg-naftna-platforma.jpg\" alt=\"reg-naftna-platforma\" width=\"508\" height=\"263\" srcset=\"https:\/\/www.visit-ulcinj.com\/blog\/wp-content\/uploads\/2012\/10\/reg-naftna-platforma.jpg 800w, https:\/\/www.visit-ulcinj.com\/blog\/wp-content\/uploads\/2012\/10\/reg-naftna-platforma-300x155.jpg 300w\" sizes=\"(max-width: 508px) 100vw, 508px\" \/><\/a>Autor:<span class=\"author\">V. KADI\u0106<\/span><\/strong><\/p>\n<p><strong>U i\u0161\u010dekivanju prve naftne bu\u0161otine na jednom od 13 blokova u crnogorskom podmorju: Stru\u010dnjaci podeljeni oko toga kriju li pe\u0161\u010dane obale crno zlato<\/strong><\/p>\n<p>Podgorica &#8211; \u010cek da \u201cpukne\u201d prva naftna bu\u0161otina na jednom od 13 blokova podmorja u pojasu kod Ulcinja, Crnogorci (politi\u010dari) se ve\u0107 spore o tome da li \u0107e ovaj posao doneti dovoljno crnog zlata u kojem bi se \u201ckupala\u201d cela dr\u017eava ili \u0107e se pak \u201ctanker nasukati\u201d na njenim pe\u0161\u010danim pla\u017eama. Tro\u0161kove istra\u017eivanja podmorja snosi\u0107e kompanije koje se budu anga\u017eovale za taj posao, jer je projektom definisano da Vlada Crne Gore ne u\u010destvuje u procesu istra\u017eivanja i proizvodnje ugljovodonika.<\/p>\n<div class=\"inlineBanner\"><\/div>\n<p>&#8211; Sada nije najbolji trenutak govoriti o nafti i gasu u podmorju Crne Gore, jer cena nafte i gasa na tr\u017ei\u0161tu vrtoglavo pada, \u0161to najbolje predstavlja krizu ove industrije, saop\u0161tavaju iz Liberalne partije. &#8211; Nafte i gasa u na\u0161em podmorju najverovatnije ima, ali je veoma upitno kolike su te rezerve i da li su dovoljne za eksploataciju sa stanovi\u0161ta ekonomske opravdanosti. Danas i najmo\u0107nije svetske kompanije smanjuju svoj bud\u017eet za istra\u017eivanja, a pojedine projekcije govore da u narednom periodu do zna\u010dajnijeg oporavka ne\u0107e do\u0107i.<\/p>\n<p>Tako ne misle u Privrednoj komori, \u010diji potpredsednik Stanko Zlokovi\u0107 ovaj posao vidi kao ogromnu razvojnu \u0161ansu Crne Gore.<\/p>\n<p>&#8211; Benefiti koje od toga dr\u017eava mo\u017ee imati su nesagledivi, zavisno od toga \u0161to se prona\u0111e i u kojim koli\u010danama.<\/p>\n<p>\u201cTenzije\u201d spu\u0161ta Vla\u00addan Dubljevi\u0107 iz Ministarstva ekonomije.<\/p>\n<p>&#8211; Crna Gora ne\u0107e postati \u201cmali Kuvajt\u201d, jer njeni geolo\u0161ki potencijali nisu isti kao u toj zemlji, a i mala je verovatno\u0107a da se u njenom podmorju kod Ulcinja nalaze ogromna le\u017ei\u0161ta nafte i gasa, kazao je za \u201cNovosti\u201d Dubljevi\u0107.<\/p>\n<p>Postoje pretpostavke da bi prva ve\u0107a zarada od ovog posla trebalo Crnogorcima da \u201clegne\u201d tek za tri godine, ali \u0107e i do tada evri \u201ccuriti\u201d, jer \u0111eti\u0107i o\u010dekuju profit od nadoknade za ponu\u0111ene \u201cblokove\u201d od oko milion evra godi\u0161nje, ali je sve to malo u odnosu na ono \u0161to oni o\u010dekuju kada krene proizvodnja.<\/p>\n<p>&#8211; Ni\u0161ta do sada nije istra\u017eeno da bismo sa sigurno\u0161\u0107u mogli da ka\u017eemo kolike su tamo koli\u010dine nafte i gasa. Bilo je u pro\u0161losti nekih istra\u017eivanja koja tako\u0111e nisu dala odgovor na to pitanje, poja\u0161njava Dubljevi\u0107.<\/p>\n<p><b>ISTORIJA <\/b><\/p>\n<p>Eksploatacija nafte za\u017eivela je pre vi\u0161e od jednog veka i to u vreme kralja Nikole Prvog Petrovi\u0107a. Odlukom Narodne skup\u0161tine holandskom industrijalcu Hagu Kokerenu dodeljena je tada koncesija za eksploataciju \u201cpetroleuma\u201d u regionu Skadarskog jezera i obuhvatala je 500 hektara i data je na kori\u0161\u0107enje 50 godina!<\/p>\n<p><strong>Izvor: Novosti<\/strong><\/p>\n","protected":false},"excerpt":{"rendered":"<p>Autor:V. KADI\u0106 U i\u0161\u010dekivanju prve naftne bu\u0161otine na jednom od 13 blokova u crnogorskom podmorju: Stru\u010dnjaci podeljeni oko toga kriju li pe\u0161\u010dane obale crno zlato Podgorica &#8211; \u010cek da \u201cpukne\u201d prva naftna bu\u0161otina na jednom od 13 blokova podmorja u pojasu kod Ulcinja, Crnogorci (politi\u010dari) se ve\u0107 spore o tome da li \u0107e ovaj posao [&hellip;]<\/p>\n","protected":false},"author":1,"featured_media":0,"comment_status":"closed","ping_status":"closed","sticky":false,"template":"","format":"standard","meta":{"spay_email":"","jetpack_publicize_message":"","jetpack_is_tweetstorm":false,"jetpack_publicize_feature_enabled":true},"categories":[8337],"tags":[],"jetpack_publicize_connections":[],"yoast_head":"<!-- This site is optimized with the Yoast SEO plugin v19.1 - https:\/\/yoast.com\/wordpress\/plugins\/seo\/ -->\n<title>Novosti: &quot;Mali Kuvajt&quot; kraj Ulcinja? - Lajme nga Ulqini<\/title>\n<meta name=\"description\" content=\"Autor:V. KADI\u0106 U i\u0161\u010dekivanju prve naftne bu\u0161otine na jednom od 13 blokova u crnogorskom podmorju: Stru\u010dnjaci podeljeni oko toga kriju li pe\u0161\u010dane obale\" \/>\n<meta name=\"robots\" content=\"index, follow, max-snippet:-1, max-image-preview:large, max-video-preview:-1\" \/>\n<link rel=\"canonical\" href=\"https:\/\/www.visit-ulcinj.com\/blog\/2015\/02\/26\/novosti-mali-kuvajt-kraj-ulcinja\/\" \/>\n<meta property=\"og:locale\" content=\"en_US\" \/>\n<meta property=\"og:type\" content=\"article\" \/>\n<meta property=\"og:title\" content=\"Novosti: &quot;Mali Kuvajt&quot; kraj Ulcinja? - Lajme nga Ulqini\" \/>\n<meta property=\"og:description\" content=\"Autor:V. KADI\u0106 U i\u0161\u010dekivanju prve naftne bu\u0161otine na jednom od 13 blokova u crnogorskom podmorju: Stru\u010dnjaci podeljeni oko toga kriju li pe\u0161\u010dane obale\" \/>\n<meta property=\"og:url\" content=\"https:\/\/www.visit-ulcinj.com\/blog\/2015\/02\/26\/novosti-mali-kuvajt-kraj-ulcinja\/\" \/>\n<meta property=\"og:site_name\" content=\"Lajme nga Ulqini\" \/>\n<meta property=\"article:published_time\" content=\"2015-02-26T17:35:35+00:00\" \/>\n<meta property=\"og:image\" content=\"http:\/\/www.visit-ulcinj.com\/blog\/wp-content\/uploads\/2012\/10\/reg-naftna-platforma.jpg\" \/>\n<meta name=\"twitter:label1\" content=\"Written by\" \/>\n\t<meta name=\"twitter:data1\" content=\"ulqini\" \/>\n\t<meta name=\"twitter:label2\" content=\"Est. reading time\" \/>\n\t<meta name=\"twitter:data2\" content=\"2 minutes\" \/>\n<script type=\"application\/ld+json\" class=\"yoast-schema-graph\">{\"@context\":\"https:\/\/schema.org\",\"@graph\":[{\"@type\":\"WebSite\",\"@id\":\"https:\/\/www.visit-ulcinj.com\/blog\/#website\",\"url\":\"https:\/\/www.visit-ulcinj.com\/blog\/\",\"name\":\"Lajme nga Ulqini\",\"description\":\"Lajme,Vijesti,Ulqini,Ulqin,Crna Gora,Mali i Zi\",\"potentialAction\":[{\"@type\":\"SearchAction\",\"target\":{\"@type\":\"EntryPoint\",\"urlTemplate\":\"https:\/\/www.visit-ulcinj.com\/blog\/?s={search_term_string}\"},\"query-input\":\"required name=search_term_string\"}],\"inLanguage\":\"en-US\"},{\"@type\":\"ImageObject\",\"inLanguage\":\"en-US\",\"@id\":\"https:\/\/www.visit-ulcinj.com\/blog\/2015\/02\/26\/novosti-mali-kuvajt-kraj-ulcinja\/#primaryimage\",\"url\":\"https:\/\/www.visit-ulcinj.com\/blog\/wp-content\/uploads\/2012\/10\/reg-naftna-platforma.jpg\",\"contentUrl\":\"https:\/\/www.visit-ulcinj.com\/blog\/wp-content\/uploads\/2012\/10\/reg-naftna-platforma.jpg\",\"width\":\"800\",\"height\":\"414\"},{\"@type\":\"WebPage\",\"@id\":\"https:\/\/www.visit-ulcinj.com\/blog\/2015\/02\/26\/novosti-mali-kuvajt-kraj-ulcinja\/#webpage\",\"url\":\"https:\/\/www.visit-ulcinj.com\/blog\/2015\/02\/26\/novosti-mali-kuvajt-kraj-ulcinja\/\",\"name\":\"Novosti: \\\"Mali Kuvajt\\\" kraj Ulcinja? - Lajme nga Ulqini\",\"isPartOf\":{\"@id\":\"https:\/\/www.visit-ulcinj.com\/blog\/#website\"},\"primaryImageOfPage\":{\"@id\":\"https:\/\/www.visit-ulcinj.com\/blog\/2015\/02\/26\/novosti-mali-kuvajt-kraj-ulcinja\/#primaryimage\"},\"datePublished\":\"2015-02-26T17:35:35+00:00\",\"dateModified\":\"2015-02-26T17:35:35+00:00\",\"author\":{\"@id\":\"https:\/\/www.visit-ulcinj.com\/blog\/#\/schema\/person\/dcab619c614d3038751c63bc2aadc06d\"},\"description\":\"Autor:V. KADI\u0106 U i\u0161\u010dekivanju prve naftne bu\u0161otine na jednom od 13 blokova u crnogorskom podmorju: Stru\u010dnjaci podeljeni oko toga kriju li pe\u0161\u010dane obale\",\"breadcrumb\":{\"@id\":\"https:\/\/www.visit-ulcinj.com\/blog\/2015\/02\/26\/novosti-mali-kuvajt-kraj-ulcinja\/#breadcrumb\"},\"inLanguage\":\"en-US\",\"potentialAction\":[{\"@type\":\"ReadAction\",\"target\":[\"https:\/\/www.visit-ulcinj.com\/blog\/2015\/02\/26\/novosti-mali-kuvajt-kraj-ulcinja\/\"]}]},{\"@type\":\"BreadcrumbList\",\"@id\":\"https:\/\/www.visit-ulcinj.com\/blog\/2015\/02\/26\/novosti-mali-kuvajt-kraj-ulcinja\/#breadcrumb\",\"itemListElement\":[{\"@type\":\"ListItem\",\"position\":1,\"name\":\"Novosti: &#8220;Mali Kuvajt&#8221; kraj Ulcinja?\"}]},{\"@type\":\"Person\",\"@id\":\"https:\/\/www.visit-ulcinj.com\/blog\/#\/schema\/person\/dcab619c614d3038751c63bc2aadc06d\",\"name\":\"ulqini\",\"sameAs\":[\"http:\/\/www.visit-ulcinj.com\"],\"url\":\"https:\/\/www.visit-ulcinj.com\/blog\/author\/admin\/\"}]}<\/script>\n<!-- \/ Yoast SEO plugin. -->","yoast_head_json":{"title":"Novosti: \"Mali Kuvajt\" kraj Ulcinja? - Lajme nga Ulqini","description":"Autor:V. KADI\u0106 U i\u0161\u010dekivanju prve naftne bu\u0161otine na jednom od 13 blokova u crnogorskom podmorju: Stru\u010dnjaci podeljeni oko toga kriju li pe\u0161\u010dane obale","robots":{"index":"index","follow":"follow","max-snippet":"max-snippet:-1","max-image-preview":"max-image-preview:large","max-video-preview":"max-video-preview:-1"},"canonical":"https:\/\/www.visit-ulcinj.com\/blog\/2015\/02\/26\/novosti-mali-kuvajt-kraj-ulcinja\/","og_locale":"en_US","og_type":"article","og_title":"Novosti: \"Mali Kuvajt\" kraj Ulcinja? - Lajme nga Ulqini","og_description":"Autor:V. KADI\u0106 U i\u0161\u010dekivanju prve naftne bu\u0161otine na jednom od 13 blokova u crnogorskom podmorju: Stru\u010dnjaci podeljeni oko toga kriju li pe\u0161\u010dane obale","og_url":"https:\/\/www.visit-ulcinj.com\/blog\/2015\/02\/26\/novosti-mali-kuvajt-kraj-ulcinja\/","og_site_name":"Lajme nga Ulqini","article_published_time":"2015-02-26T17:35:35+00:00","og_image":[{"url":"http:\/\/www.visit-ulcinj.com\/blog\/wp-content\/uploads\/2012\/10\/reg-naftna-platforma.jpg"}],"twitter_misc":{"Written by":"ulqini","Est. reading time":"2 minutes"},"schema":{"@context":"https:\/\/schema.org","@graph":[{"@type":"WebSite","@id":"https:\/\/www.visit-ulcinj.com\/blog\/#website","url":"https:\/\/www.visit-ulcinj.com\/blog\/","name":"Lajme nga Ulqini","description":"Lajme,Vijesti,Ulqini,Ulqin,Crna Gora,Mali i Zi","potentialAction":[{"@type":"SearchAction","target":{"@type":"EntryPoint","urlTemplate":"https:\/\/www.visit-ulcinj.com\/blog\/?s={search_term_string}"},"query-input":"required name=search_term_string"}],"inLanguage":"en-US"},{"@type":"ImageObject","inLanguage":"en-US","@id":"https:\/\/www.visit-ulcinj.com\/blog\/2015\/02\/26\/novosti-mali-kuvajt-kraj-ulcinja\/#primaryimage","url":"https:\/\/www.visit-ulcinj.com\/blog\/wp-content\/uploads\/2012\/10\/reg-naftna-platforma.jpg","contentUrl":"https:\/\/www.visit-ulcinj.com\/blog\/wp-content\/uploads\/2012\/10\/reg-naftna-platforma.jpg","width":"800","height":"414"},{"@type":"WebPage","@id":"https:\/\/www.visit-ulcinj.com\/blog\/2015\/02\/26\/novosti-mali-kuvajt-kraj-ulcinja\/#webpage","url":"https:\/\/www.visit-ulcinj.com\/blog\/2015\/02\/26\/novosti-mali-kuvajt-kraj-ulcinja\/","name":"Novosti: \"Mali Kuvajt\" kraj Ulcinja? - Lajme nga Ulqini","isPartOf":{"@id":"https:\/\/www.visit-ulcinj.com\/blog\/#website"},"primaryImageOfPage":{"@id":"https:\/\/www.visit-ulcinj.com\/blog\/2015\/02\/26\/novosti-mali-kuvajt-kraj-ulcinja\/#primaryimage"},"datePublished":"2015-02-26T17:35:35+00:00","dateModified":"2015-02-26T17:35:35+00:00","author":{"@id":"https:\/\/www.visit-ulcinj.com\/blog\/#\/schema\/person\/dcab619c614d3038751c63bc2aadc06d"},"description":"Autor:V. KADI\u0106 U i\u0161\u010dekivanju prve naftne bu\u0161otine na jednom od 13 blokova u crnogorskom podmorju: Stru\u010dnjaci podeljeni oko toga kriju li pe\u0161\u010dane obale","breadcrumb":{"@id":"https:\/\/www.visit-ulcinj.com\/blog\/2015\/02\/26\/novosti-mali-kuvajt-kraj-ulcinja\/#breadcrumb"},"inLanguage":"en-US","potentialAction":[{"@type":"ReadAction","target":["https:\/\/www.visit-ulcinj.com\/blog\/2015\/02\/26\/novosti-mali-kuvajt-kraj-ulcinja\/"]}]},{"@type":"BreadcrumbList","@id":"https:\/\/www.visit-ulcinj.com\/blog\/2015\/02\/26\/novosti-mali-kuvajt-kraj-ulcinja\/#breadcrumb","itemListElement":[{"@type":"ListItem","position":1,"name":"Novosti: &#8220;Mali Kuvajt&#8221; kraj Ulcinja?"}]},{"@type":"Person","@id":"https:\/\/www.visit-ulcinj.com\/blog\/#\/schema\/person\/dcab619c614d3038751c63bc2aadc06d","name":"ulqini","sameAs":["http:\/\/www.visit-ulcinj.com"],"url":"https:\/\/www.visit-ulcinj.com\/blog\/author\/admin\/"}]}},"jetpack_featured_media_url":"","jetpack_sharing_enabled":true,"jetpack_shortlink":"https:\/\/wp.me\/pe6lTn-n9f","_links":{"self":[{"href":"https:\/\/www.visit-ulcinj.com\/blog\/wp-json\/wp\/v2\/posts\/88985"}],"collection":[{"href":"https:\/\/www.visit-ulcinj.com\/blog\/wp-json\/wp\/v2\/posts"}],"about":[{"href":"https:\/\/www.visit-ulcinj.com\/blog\/wp-json\/wp\/v2\/types\/post"}],"author":[{"embeddable":true,"href":"https:\/\/www.visit-ulcinj.com\/blog\/wp-json\/wp\/v2\/users\/1"}],"replies":[{"embeddable":true,"href":"https:\/\/www.visit-ulcinj.com\/blog\/wp-json\/wp\/v2\/comments?post=88985"}],"version-history":[{"count":1,"href":"https:\/\/www.visit-ulcinj.com\/blog\/wp-json\/wp\/v2\/posts\/88985\/revisions"}],"predecessor-version":[{"id":88986,"href":"https:\/\/www.visit-ulcinj.com\/blog\/wp-json\/wp\/v2\/posts\/88985\/revisions\/88986"}],"wp:attachment":[{"href":"https:\/\/www.visit-ulcinj.com\/blog\/wp-json\/wp\/v2\/media?parent=88985"}],"wp:term":[{"taxonomy":"category","embeddable":true,"href":"https:\/\/www.visit-ulcinj.com\/blog\/wp-json\/wp\/v2\/categories?post=88985"},{"taxonomy":"post_tag","embeddable":true,"href":"https:\/\/www.visit-ulcinj.com\/blog\/wp-json\/wp\/v2\/tags?post=88985"}],"curies":[{"name":"wp","href":"https:\/\/api.w.org\/{rel}","templated":true}]}}