{"id":88990,"date":"2015-02-27T15:58:25","date_gmt":"2015-02-27T14:58:25","guid":{"rendered":"http:\/\/www.visit-ulcinj.com\/blog\/?p=88990"},"modified":"2015-02-27T15:59:01","modified_gmt":"2015-02-27T14:59:01","slug":"sami-misherri-del-me-librin-e-ri-shika-detin-e-shif-perendine","status":"publish","type":"post","link":"https:\/\/www.visit-ulcinj.com\/blog\/2015\/02\/27\/sami-misherri-del-me-librin-e-ri-shika-detin-e-shif-perendine\/","title":{"rendered":"Sami Misherri  del me librin e ri \u201cShika detin e shif per\u00ebndin\u00eb\u201d"},"content":{"rendered":"<p><a href=\"http:\/\/www.visit-ulcinj.com\/blog\/wp-content\/uploads\/2015\/02\/SAMI-MISHERRI-Shika-detin-e-shif-per\u00ebndin\u00eb-.jpg\"><img loading=\"lazy\" class=\"alignleft wp-image-88991 size-full\" src=\"http:\/\/www.visit-ulcinj.com\/blog\/wp-content\/uploads\/2015\/02\/SAMI-MISHERRI-Shika-detin-e-shif-per\u00ebndin\u00eb-.jpg\" alt=\"SAMI-MISHERRI-Shika detin e shif per\u00ebndin\u00eb-\" width=\"554\" height=\"315\" srcset=\"https:\/\/www.visit-ulcinj.com\/blog\/wp-content\/uploads\/2015\/02\/SAMI-MISHERRI-Shika-detin-e-shif-per\u00ebndin\u00eb-.jpg 554w, https:\/\/www.visit-ulcinj.com\/blog\/wp-content\/uploads\/2015\/02\/SAMI-MISHERRI-Shika-detin-e-shif-per\u00ebndin\u00eb--300x171.jpg 300w\" sizes=\"(max-width: 554px) 100vw, 554px\" \/><\/a>Avokati, Sami Misherri opinionit kulturor i \u00ebsht\u00eb prezantuar me librin publicistik t\u00eb titulluar \u201cSHIKA DETIN E SHIF PER\u00cbNDIN\u00cb\u201d, ku si lajmotiv ka tradit\u00ebn e jet\u00ebs, kultur\u00ebs urbane dhe t\u00eb asaj detare t\u00eb Ulqinit n\u00eb nj\u00eb koh\u00eb t\u00eb kaluar. Ky\u00a0 bagazh u sh\u00ebrben breznive t\u00eb reja p\u00ebr ta njohur, studiuar edhe hulumtuar\u00a0 edhe m\u00eb shum\u00eb, njofton Portali Tv Teuta.<\/p>\n<p>\u201cT\u00eb them shkurt, un\u00eb kam pasur nevoj\u00eb t\u00eb shkruej s` paku nji pjes\u00eb t\u00eb asaj q\u00eb un\u00eb e mbaj n\u00eb vedi. At\u00eb moment q\u00eb i kam shkrue Likacenin dhe\u00a0 ushejz\u00ebn ,un\u00eb kam p\u00ebrjetu knaqsi ,sikurse jam liru nga di\u00e7ka q\u00eb m\u00eb ka ngarku n\u00eb shpirt. Shkrimi i k\u00ebtij libri m\u00eb ka qet\u00ebsu shpirtnisht\u201d,- shprehet autori Misherri para mikrofonit t\u00eb TV Teuta.<\/p>\n<p>Ai shton se, kur isht\u00eb\u00a0 fjala ke gjuha, dua t\u00eb them se nuk kam pas\u00eb asnjifar\u00eb dileme , se kallximet\u00a0 n\u00eb k\u00ebt\u00eb lib\u00ebr\u00a0 duhet t\u00eb shkruhen n\u00eb t\u00eb folmen e Ulqini.<\/p>\n","protected":false},"excerpt":{"rendered":"<p>Avokati, Sami Misherri opinionit kulturor i \u00ebsht\u00eb prezantuar me librin publicistik t\u00eb titulluar \u201cSHIKA DETIN E SHIF PER\u00cbNDIN\u00cb\u201d, ku si lajmotiv ka tradit\u00ebn e jet\u00ebs, kultur\u00ebs urbane dhe t\u00eb asaj detare t\u00eb Ulqinit n\u00eb nj\u00eb koh\u00eb t\u00eb kaluar. Ky\u00a0 bagazh u sh\u00ebrben breznive t\u00eb reja p\u00ebr ta njohur, studiuar edhe hulumtuar\u00a0 edhe m\u00eb shum\u00eb, njofton [&hellip;]<\/p>\n","protected":false},"author":1,"featured_media":0,"comment_status":"closed","ping_status":"closed","sticky":false,"template":"","format":"standard","meta":{"spay_email":"","jetpack_publicize_message":"","jetpack_is_tweetstorm":false,"jetpack_publicize_feature_enabled":true},"categories":[4],"tags":[],"jetpack_publicize_connections":[],"yoast_head":"<!-- This site is optimized with the Yoast SEO plugin v19.1 - https:\/\/yoast.com\/wordpress\/plugins\/seo\/ -->\n<title>Sami Misherri del me librin e ri \u201cShika detin e shif per\u00ebndin\u00eb\u201d - Lajme nga Ulqini<\/title>\n<meta name=\"description\" content=\"Avokati, Sami Misherri opinionit kulturor i \u00ebsht\u00eb prezantuar me librin publicistik t\u00eb titulluar \u201cSHIKA DETIN E SHIF PER\u00cbNDIN\u00cb\u201d, ku si lajmotiv ka tradit\u00ebn\" \/>\n<meta name=\"robots\" content=\"index, follow, max-snippet:-1, max-image-preview:large, max-video-preview:-1\" \/>\n<link rel=\"canonical\" href=\"https:\/\/www.visit-ulcinj.com\/blog\/2015\/02\/27\/sami-misherri-del-me-librin-e-ri-shika-detin-e-shif-perendine\/\" \/>\n<meta property=\"og:locale\" content=\"en_US\" \/>\n<meta property=\"og:type\" content=\"article\" \/>\n<meta property=\"og:title\" content=\"Sami Misherri del me librin e ri \u201cShika detin e shif per\u00ebndin\u00eb\u201d - Lajme nga Ulqini\" \/>\n<meta property=\"og:description\" content=\"Avokati, Sami Misherri opinionit kulturor i \u00ebsht\u00eb prezantuar me librin publicistik t\u00eb titulluar \u201cSHIKA DETIN E SHIF PER\u00cbNDIN\u00cb\u201d, ku si lajmotiv ka tradit\u00ebn\" \/>\n<meta property=\"og:url\" content=\"https:\/\/www.visit-ulcinj.com\/blog\/2015\/02\/27\/sami-misherri-del-me-librin-e-ri-shika-detin-e-shif-perendine\/\" \/>\n<meta property=\"og:site_name\" content=\"Lajme nga Ulqini\" \/>\n<meta property=\"article:published_time\" content=\"2015-02-27T14:58:25+00:00\" \/>\n<meta property=\"article:modified_time\" content=\"2015-02-27T14:59:01+00:00\" \/>\n<meta name=\"twitter:label1\" content=\"Written by\" \/>\n\t<meta name=\"twitter:data1\" content=\"ulqini\" \/>\n\t<meta name=\"twitter:label2\" content=\"Est. reading time\" \/>\n\t<meta name=\"twitter:data2\" content=\"1 minute\" \/>\n<script type=\"application\/ld+json\" class=\"yoast-schema-graph\">{\"@context\":\"https:\/\/schema.org\",\"@graph\":[{\"@type\":\"WebSite\",\"@id\":\"https:\/\/www.visit-ulcinj.com\/blog\/#website\",\"url\":\"https:\/\/www.visit-ulcinj.com\/blog\/\",\"name\":\"Lajme nga Ulqini\",\"description\":\"Lajme,Vijesti,Ulqini,Ulqin,Crna Gora,Mali i Zi\",\"potentialAction\":[{\"@type\":\"SearchAction\",\"target\":{\"@type\":\"EntryPoint\",\"urlTemplate\":\"https:\/\/www.visit-ulcinj.com\/blog\/?s={search_term_string}\"},\"query-input\":\"required name=search_term_string\"}],\"inLanguage\":\"en-US\"},{\"@type\":\"WebPage\",\"@id\":\"https:\/\/www.visit-ulcinj.com\/blog\/2015\/02\/27\/sami-misherri-del-me-librin-e-ri-shika-detin-e-shif-perendine\/#webpage\",\"url\":\"https:\/\/www.visit-ulcinj.com\/blog\/2015\/02\/27\/sami-misherri-del-me-librin-e-ri-shika-detin-e-shif-perendine\/\",\"name\":\"Sami Misherri del me librin e ri \u201cShika detin e shif per\u00ebndin\u00eb\u201d - Lajme nga Ulqini\",\"isPartOf\":{\"@id\":\"https:\/\/www.visit-ulcinj.com\/blog\/#website\"},\"datePublished\":\"2015-02-27T14:58:25+00:00\",\"dateModified\":\"2015-02-27T14:59:01+00:00\",\"author\":{\"@id\":\"https:\/\/www.visit-ulcinj.com\/blog\/#\/schema\/person\/dcab619c614d3038751c63bc2aadc06d\"},\"description\":\"Avokati, Sami Misherri opinionit kulturor i \u00ebsht\u00eb prezantuar me librin publicistik t\u00eb titulluar \u201cSHIKA DETIN E SHIF PER\u00cbNDIN\u00cb\u201d, ku si lajmotiv ka tradit\u00ebn\",\"breadcrumb\":{\"@id\":\"https:\/\/www.visit-ulcinj.com\/blog\/2015\/02\/27\/sami-misherri-del-me-librin-e-ri-shika-detin-e-shif-perendine\/#breadcrumb\"},\"inLanguage\":\"en-US\",\"potentialAction\":[{\"@type\":\"ReadAction\",\"target\":[\"https:\/\/www.visit-ulcinj.com\/blog\/2015\/02\/27\/sami-misherri-del-me-librin-e-ri-shika-detin-e-shif-perendine\/\"]}]},{\"@type\":\"BreadcrumbList\",\"@id\":\"https:\/\/www.visit-ulcinj.com\/blog\/2015\/02\/27\/sami-misherri-del-me-librin-e-ri-shika-detin-e-shif-perendine\/#breadcrumb\",\"itemListElement\":[{\"@type\":\"ListItem\",\"position\":1,\"name\":\"Sami Misherri del me librin e ri \u201cShika detin e shif per\u00ebndin\u00eb\u201d\"}]},{\"@type\":\"Person\",\"@id\":\"https:\/\/www.visit-ulcinj.com\/blog\/#\/schema\/person\/dcab619c614d3038751c63bc2aadc06d\",\"name\":\"ulqini\",\"sameAs\":[\"http:\/\/www.visit-ulcinj.com\"],\"url\":\"https:\/\/www.visit-ulcinj.com\/blog\/author\/admin\/\"}]}<\/script>\n<!-- \/ Yoast SEO plugin. -->","yoast_head_json":{"title":"Sami Misherri del me librin e ri \u201cShika detin e shif per\u00ebndin\u00eb\u201d - Lajme nga Ulqini","description":"Avokati, Sami Misherri opinionit kulturor i \u00ebsht\u00eb prezantuar me librin publicistik t\u00eb titulluar \u201cSHIKA DETIN E SHIF PER\u00cbNDIN\u00cb\u201d, ku si lajmotiv ka tradit\u00ebn","robots":{"index":"index","follow":"follow","max-snippet":"max-snippet:-1","max-image-preview":"max-image-preview:large","max-video-preview":"max-video-preview:-1"},"canonical":"https:\/\/www.visit-ulcinj.com\/blog\/2015\/02\/27\/sami-misherri-del-me-librin-e-ri-shika-detin-e-shif-perendine\/","og_locale":"en_US","og_type":"article","og_title":"Sami Misherri del me librin e ri \u201cShika detin e shif per\u00ebndin\u00eb\u201d - Lajme nga Ulqini","og_description":"Avokati, Sami Misherri opinionit kulturor i \u00ebsht\u00eb prezantuar me librin publicistik t\u00eb titulluar \u201cSHIKA DETIN E SHIF PER\u00cbNDIN\u00cb\u201d, ku si lajmotiv ka tradit\u00ebn","og_url":"https:\/\/www.visit-ulcinj.com\/blog\/2015\/02\/27\/sami-misherri-del-me-librin-e-ri-shika-detin-e-shif-perendine\/","og_site_name":"Lajme nga Ulqini","article_published_time":"2015-02-27T14:58:25+00:00","article_modified_time":"2015-02-27T14:59:01+00:00","twitter_misc":{"Written by":"ulqini","Est. reading time":"1 minute"},"schema":{"@context":"https:\/\/schema.org","@graph":[{"@type":"WebSite","@id":"https:\/\/www.visit-ulcinj.com\/blog\/#website","url":"https:\/\/www.visit-ulcinj.com\/blog\/","name":"Lajme nga Ulqini","description":"Lajme,Vijesti,Ulqini,Ulqin,Crna Gora,Mali i Zi","potentialAction":[{"@type":"SearchAction","target":{"@type":"EntryPoint","urlTemplate":"https:\/\/www.visit-ulcinj.com\/blog\/?s={search_term_string}"},"query-input":"required name=search_term_string"}],"inLanguage":"en-US"},{"@type":"WebPage","@id":"https:\/\/www.visit-ulcinj.com\/blog\/2015\/02\/27\/sami-misherri-del-me-librin-e-ri-shika-detin-e-shif-perendine\/#webpage","url":"https:\/\/www.visit-ulcinj.com\/blog\/2015\/02\/27\/sami-misherri-del-me-librin-e-ri-shika-detin-e-shif-perendine\/","name":"Sami Misherri del me librin e ri \u201cShika detin e shif per\u00ebndin\u00eb\u201d - Lajme nga Ulqini","isPartOf":{"@id":"https:\/\/www.visit-ulcinj.com\/blog\/#website"},"datePublished":"2015-02-27T14:58:25+00:00","dateModified":"2015-02-27T14:59:01+00:00","author":{"@id":"https:\/\/www.visit-ulcinj.com\/blog\/#\/schema\/person\/dcab619c614d3038751c63bc2aadc06d"},"description":"Avokati, Sami Misherri opinionit kulturor i \u00ebsht\u00eb prezantuar me librin publicistik t\u00eb titulluar \u201cSHIKA DETIN E SHIF PER\u00cbNDIN\u00cb\u201d, ku si lajmotiv ka tradit\u00ebn","breadcrumb":{"@id":"https:\/\/www.visit-ulcinj.com\/blog\/2015\/02\/27\/sami-misherri-del-me-librin-e-ri-shika-detin-e-shif-perendine\/#breadcrumb"},"inLanguage":"en-US","potentialAction":[{"@type":"ReadAction","target":["https:\/\/www.visit-ulcinj.com\/blog\/2015\/02\/27\/sami-misherri-del-me-librin-e-ri-shika-detin-e-shif-perendine\/"]}]},{"@type":"BreadcrumbList","@id":"https:\/\/www.visit-ulcinj.com\/blog\/2015\/02\/27\/sami-misherri-del-me-librin-e-ri-shika-detin-e-shif-perendine\/#breadcrumb","itemListElement":[{"@type":"ListItem","position":1,"name":"Sami Misherri del me librin e ri \u201cShika detin e shif per\u00ebndin\u00eb\u201d"}]},{"@type":"Person","@id":"https:\/\/www.visit-ulcinj.com\/blog\/#\/schema\/person\/dcab619c614d3038751c63bc2aadc06d","name":"ulqini","sameAs":["http:\/\/www.visit-ulcinj.com"],"url":"https:\/\/www.visit-ulcinj.com\/blog\/author\/admin\/"}]}},"jetpack_featured_media_url":"","jetpack_sharing_enabled":true,"jetpack_shortlink":"https:\/\/wp.me\/pe6lTn-n9k","_links":{"self":[{"href":"https:\/\/www.visit-ulcinj.com\/blog\/wp-json\/wp\/v2\/posts\/88990"}],"collection":[{"href":"https:\/\/www.visit-ulcinj.com\/blog\/wp-json\/wp\/v2\/posts"}],"about":[{"href":"https:\/\/www.visit-ulcinj.com\/blog\/wp-json\/wp\/v2\/types\/post"}],"author":[{"embeddable":true,"href":"https:\/\/www.visit-ulcinj.com\/blog\/wp-json\/wp\/v2\/users\/1"}],"replies":[{"embeddable":true,"href":"https:\/\/www.visit-ulcinj.com\/blog\/wp-json\/wp\/v2\/comments?post=88990"}],"version-history":[{"count":2,"href":"https:\/\/www.visit-ulcinj.com\/blog\/wp-json\/wp\/v2\/posts\/88990\/revisions"}],"predecessor-version":[{"id":88993,"href":"https:\/\/www.visit-ulcinj.com\/blog\/wp-json\/wp\/v2\/posts\/88990\/revisions\/88993"}],"wp:attachment":[{"href":"https:\/\/www.visit-ulcinj.com\/blog\/wp-json\/wp\/v2\/media?parent=88990"}],"wp:term":[{"taxonomy":"category","embeddable":true,"href":"https:\/\/www.visit-ulcinj.com\/blog\/wp-json\/wp\/v2\/categories?post=88990"},{"taxonomy":"post_tag","embeddable":true,"href":"https:\/\/www.visit-ulcinj.com\/blog\/wp-json\/wp\/v2\/tags?post=88990"}],"curies":[{"name":"wp","href":"https:\/\/api.w.org\/{rel}","templated":true}]}}