{"id":88994,"date":"2015-02-27T16:37:16","date_gmt":"2015-02-27T15:37:16","guid":{"rendered":"http:\/\/www.visit-ulcinj.com\/blog\/?p=88994"},"modified":"2015-02-28T17:00:16","modified_gmt":"2015-02-28T16:00:16","slug":"c-lazoja-komuna-ulqinit-pa-zgjidhje-per-lokacionin-e-fushe-futbollit","status":"publish","type":"post","link":"https:\/\/www.visit-ulcinj.com\/blog\/2015\/02\/27\/c-lazoja-komuna-ulqinit-pa-zgjidhje-per-lokacionin-e-fushe-futbollit\/","title":{"rendered":"C. Lazoja: Komuna Ulqinit pa zgjidhje p\u00ebr lokacionin e fush\u00eb futbollit"},"content":{"rendered":"<p><a href=\"http:\/\/www.visit-ulcinj.com\/blog\/wp-content\/uploads\/2015\/02\/Keshilli-Kombetar-Shqiptar-informacion-fushe-futbolli-Ulqin.jpg\"><img loading=\"lazy\" class=\"alignleft wp-image-88995\" src=\"http:\/\/www.visit-ulcinj.com\/blog\/wp-content\/uploads\/2015\/02\/Keshilli-Kombetar-Shqiptar-informacion-fushe-futbolli-Ulqin.jpg\" alt=\"Keshilli-Kombetar-Shqiptar-informacion-fushe-futbolli-Ulqin\" width=\"508\" height=\"663\" srcset=\"https:\/\/www.visit-ulcinj.com\/blog\/wp-content\/uploads\/2015\/02\/Keshilli-Kombetar-Shqiptar-informacion-fushe-futbolli-Ulqin.jpg 750w, https:\/\/www.visit-ulcinj.com\/blog\/wp-content\/uploads\/2015\/02\/Keshilli-Kombetar-Shqiptar-informacion-fushe-futbolli-Ulqin-230x300.jpg 230w\" sizes=\"(max-width: 508px) 100vw, 508px\" \/><\/a>K\u00ebshilli Komb\u00ebtar, me iniciativ\u00eb t\u00eb kryetarit t\u00eb Komisionit p\u00ebr media dhe sport Cani Lazoja, ka k\u00ebrkuar informat\u00eb n\u00eb lidhje me lokacionin e parapar\u00eb p\u00ebr fush\u00eb futbolli, sipas Planit hapsinor t\u00eb Ulqinit i cili \u00ebsht\u00eb n\u00eb p\u00ebrpilim.<\/p>\n<p>Komuna e Ulqinit nuk ka asnj\u00eb fush\u00eb futbolli, dhe klubet gjithmon\u00eb kan\u00eb shfryt\u00ebzuar fush\u00ebn n\u00eb Plazh t\u00eb Madh, e cila \u00ebsht\u00eb n\u00eb pronesi t\u00eb Rivier\u00ebs s\u00eb Ulqinit.<\/p>\n","protected":false},"excerpt":{"rendered":"<p>K\u00ebshilli Komb\u00ebtar, me iniciativ\u00eb t\u00eb kryetarit t\u00eb Komisionit p\u00ebr media dhe sport Cani Lazoja, ka k\u00ebrkuar informat\u00eb n\u00eb lidhje me lokacionin e parapar\u00eb p\u00ebr fush\u00eb futbolli, sipas Planit hapsinor t\u00eb Ulqinit i cili \u00ebsht\u00eb n\u00eb p\u00ebrpilim. Komuna e Ulqinit nuk ka asnj\u00eb fush\u00eb futbolli, dhe klubet gjithmon\u00eb kan\u00eb shfryt\u00ebzuar fush\u00ebn n\u00eb Plazh t\u00eb Madh, e [&hellip;]<\/p>\n","protected":false},"author":1,"featured_media":0,"comment_status":"closed","ping_status":"closed","sticky":false,"template":"","format":"standard","meta":{"spay_email":"","jetpack_publicize_message":"","jetpack_is_tweetstorm":false,"jetpack_publicize_feature_enabled":true},"categories":[1,3],"tags":[],"jetpack_publicize_connections":[],"yoast_head":"<!-- This site is optimized with the Yoast SEO plugin v19.1 - https:\/\/yoast.com\/wordpress\/plugins\/seo\/ -->\n<title>C. Lazoja: Komuna Ulqinit pa zgjidhje p\u00ebr lokacionin e fush\u00eb futbollit - Lajme nga Ulqini<\/title>\n<meta name=\"description\" content=\"K\u00ebshilli Komb\u00ebtar, me iniciativ\u00eb t\u00eb kryetarit t\u00eb Komisionit p\u00ebr media dhe sport Cani Lazoja, ka k\u00ebrkuar informat\u00eb n\u00eb lidhje me lokacionin e parapar\u00eb p\u00ebr\" \/>\n<meta name=\"robots\" content=\"index, follow, max-snippet:-1, max-image-preview:large, max-video-preview:-1\" \/>\n<link rel=\"canonical\" href=\"https:\/\/www.visit-ulcinj.com\/blog\/2015\/02\/27\/c-lazoja-komuna-ulqinit-pa-zgjidhje-per-lokacionin-e-fushe-futbollit\/\" \/>\n<meta property=\"og:locale\" content=\"en_US\" \/>\n<meta property=\"og:type\" content=\"article\" \/>\n<meta property=\"og:title\" content=\"C. Lazoja: Komuna Ulqinit pa zgjidhje p\u00ebr lokacionin e fush\u00eb futbollit - Lajme nga Ulqini\" \/>\n<meta property=\"og:description\" content=\"K\u00ebshilli Komb\u00ebtar, me iniciativ\u00eb t\u00eb kryetarit t\u00eb Komisionit p\u00ebr media dhe sport Cani Lazoja, ka k\u00ebrkuar informat\u00eb n\u00eb lidhje me lokacionin e parapar\u00eb p\u00ebr\" \/>\n<meta property=\"og:url\" content=\"https:\/\/www.visit-ulcinj.com\/blog\/2015\/02\/27\/c-lazoja-komuna-ulqinit-pa-zgjidhje-per-lokacionin-e-fushe-futbollit\/\" \/>\n<meta property=\"og:site_name\" content=\"Lajme nga Ulqini\" \/>\n<meta property=\"article:published_time\" content=\"2015-02-27T15:37:16+00:00\" \/>\n<meta property=\"article:modified_time\" content=\"2015-02-28T16:00:16+00:00\" \/>\n<meta property=\"og:image\" content=\"http:\/\/www.visit-ulcinj.com\/blog\/wp-content\/uploads\/2015\/02\/Keshilli-Kombetar-Shqiptar-informacion-fushe-futbolli-Ulqin.jpg\" \/>\n<meta name=\"twitter:label1\" content=\"Written by\" \/>\n\t<meta name=\"twitter:data1\" content=\"ulqini\" \/>\n<script type=\"application\/ld+json\" class=\"yoast-schema-graph\">{\"@context\":\"https:\/\/schema.org\",\"@graph\":[{\"@type\":\"WebSite\",\"@id\":\"https:\/\/www.visit-ulcinj.com\/blog\/#website\",\"url\":\"https:\/\/www.visit-ulcinj.com\/blog\/\",\"name\":\"Lajme nga Ulqini\",\"description\":\"Lajme,Vijesti,Ulqini,Ulqin,Crna Gora,Mali i Zi\",\"potentialAction\":[{\"@type\":\"SearchAction\",\"target\":{\"@type\":\"EntryPoint\",\"urlTemplate\":\"https:\/\/www.visit-ulcinj.com\/blog\/?s={search_term_string}\"},\"query-input\":\"required name=search_term_string\"}],\"inLanguage\":\"en-US\"},{\"@type\":\"ImageObject\",\"inLanguage\":\"en-US\",\"@id\":\"https:\/\/www.visit-ulcinj.com\/blog\/2015\/02\/27\/c-lazoja-komuna-ulqinit-pa-zgjidhje-per-lokacionin-e-fushe-futbollit\/#primaryimage\",\"url\":\"https:\/\/www.visit-ulcinj.com\/blog\/wp-content\/uploads\/2015\/02\/Keshilli-Kombetar-Shqiptar-informacion-fushe-futbolli-Ulqin.jpg\",\"contentUrl\":\"https:\/\/www.visit-ulcinj.com\/blog\/wp-content\/uploads\/2015\/02\/Keshilli-Kombetar-Shqiptar-informacion-fushe-futbolli-Ulqin.jpg\",\"width\":750,\"height\":979},{\"@type\":\"WebPage\",\"@id\":\"https:\/\/www.visit-ulcinj.com\/blog\/2015\/02\/27\/c-lazoja-komuna-ulqinit-pa-zgjidhje-per-lokacionin-e-fushe-futbollit\/#webpage\",\"url\":\"https:\/\/www.visit-ulcinj.com\/blog\/2015\/02\/27\/c-lazoja-komuna-ulqinit-pa-zgjidhje-per-lokacionin-e-fushe-futbollit\/\",\"name\":\"C. Lazoja: Komuna Ulqinit pa zgjidhje p\u00ebr lokacionin e fush\u00eb futbollit - Lajme nga Ulqini\",\"isPartOf\":{\"@id\":\"https:\/\/www.visit-ulcinj.com\/blog\/#website\"},\"primaryImageOfPage\":{\"@id\":\"https:\/\/www.visit-ulcinj.com\/blog\/2015\/02\/27\/c-lazoja-komuna-ulqinit-pa-zgjidhje-per-lokacionin-e-fushe-futbollit\/#primaryimage\"},\"datePublished\":\"2015-02-27T15:37:16+00:00\",\"dateModified\":\"2015-02-28T16:00:16+00:00\",\"author\":{\"@id\":\"https:\/\/www.visit-ulcinj.com\/blog\/#\/schema\/person\/dcab619c614d3038751c63bc2aadc06d\"},\"description\":\"K\u00ebshilli Komb\u00ebtar, me iniciativ\u00eb t\u00eb kryetarit t\u00eb Komisionit p\u00ebr media dhe sport Cani Lazoja, ka k\u00ebrkuar informat\u00eb n\u00eb lidhje me lokacionin e parapar\u00eb p\u00ebr\",\"breadcrumb\":{\"@id\":\"https:\/\/www.visit-ulcinj.com\/blog\/2015\/02\/27\/c-lazoja-komuna-ulqinit-pa-zgjidhje-per-lokacionin-e-fushe-futbollit\/#breadcrumb\"},\"inLanguage\":\"en-US\",\"potentialAction\":[{\"@type\":\"ReadAction\",\"target\":[\"https:\/\/www.visit-ulcinj.com\/blog\/2015\/02\/27\/c-lazoja-komuna-ulqinit-pa-zgjidhje-per-lokacionin-e-fushe-futbollit\/\"]}]},{\"@type\":\"BreadcrumbList\",\"@id\":\"https:\/\/www.visit-ulcinj.com\/blog\/2015\/02\/27\/c-lazoja-komuna-ulqinit-pa-zgjidhje-per-lokacionin-e-fushe-futbollit\/#breadcrumb\",\"itemListElement\":[{\"@type\":\"ListItem\",\"position\":1,\"name\":\"C. Lazoja: Komuna Ulqinit pa zgjidhje p\u00ebr lokacionin e fush\u00eb futbollit\"}]},{\"@type\":\"Person\",\"@id\":\"https:\/\/www.visit-ulcinj.com\/blog\/#\/schema\/person\/dcab619c614d3038751c63bc2aadc06d\",\"name\":\"ulqini\",\"sameAs\":[\"http:\/\/www.visit-ulcinj.com\"],\"url\":\"https:\/\/www.visit-ulcinj.com\/blog\/author\/admin\/\"}]}<\/script>\n<!-- \/ Yoast SEO plugin. -->","yoast_head_json":{"title":"C. Lazoja: Komuna Ulqinit pa zgjidhje p\u00ebr lokacionin e fush\u00eb futbollit - Lajme nga Ulqini","description":"K\u00ebshilli Komb\u00ebtar, me iniciativ\u00eb t\u00eb kryetarit t\u00eb Komisionit p\u00ebr media dhe sport Cani Lazoja, ka k\u00ebrkuar informat\u00eb n\u00eb lidhje me lokacionin e parapar\u00eb p\u00ebr","robots":{"index":"index","follow":"follow","max-snippet":"max-snippet:-1","max-image-preview":"max-image-preview:large","max-video-preview":"max-video-preview:-1"},"canonical":"https:\/\/www.visit-ulcinj.com\/blog\/2015\/02\/27\/c-lazoja-komuna-ulqinit-pa-zgjidhje-per-lokacionin-e-fushe-futbollit\/","og_locale":"en_US","og_type":"article","og_title":"C. Lazoja: Komuna Ulqinit pa zgjidhje p\u00ebr lokacionin e fush\u00eb futbollit - Lajme nga Ulqini","og_description":"K\u00ebshilli Komb\u00ebtar, me iniciativ\u00eb t\u00eb kryetarit t\u00eb Komisionit p\u00ebr media dhe sport Cani Lazoja, ka k\u00ebrkuar informat\u00eb n\u00eb lidhje me lokacionin e parapar\u00eb p\u00ebr","og_url":"https:\/\/www.visit-ulcinj.com\/blog\/2015\/02\/27\/c-lazoja-komuna-ulqinit-pa-zgjidhje-per-lokacionin-e-fushe-futbollit\/","og_site_name":"Lajme nga Ulqini","article_published_time":"2015-02-27T15:37:16+00:00","article_modified_time":"2015-02-28T16:00:16+00:00","og_image":[{"url":"http:\/\/www.visit-ulcinj.com\/blog\/wp-content\/uploads\/2015\/02\/Keshilli-Kombetar-Shqiptar-informacion-fushe-futbolli-Ulqin.jpg"}],"twitter_misc":{"Written by":"ulqini"},"schema":{"@context":"https:\/\/schema.org","@graph":[{"@type":"WebSite","@id":"https:\/\/www.visit-ulcinj.com\/blog\/#website","url":"https:\/\/www.visit-ulcinj.com\/blog\/","name":"Lajme nga Ulqini","description":"Lajme,Vijesti,Ulqini,Ulqin,Crna Gora,Mali i Zi","potentialAction":[{"@type":"SearchAction","target":{"@type":"EntryPoint","urlTemplate":"https:\/\/www.visit-ulcinj.com\/blog\/?s={search_term_string}"},"query-input":"required name=search_term_string"}],"inLanguage":"en-US"},{"@type":"ImageObject","inLanguage":"en-US","@id":"https:\/\/www.visit-ulcinj.com\/blog\/2015\/02\/27\/c-lazoja-komuna-ulqinit-pa-zgjidhje-per-lokacionin-e-fushe-futbollit\/#primaryimage","url":"https:\/\/www.visit-ulcinj.com\/blog\/wp-content\/uploads\/2015\/02\/Keshilli-Kombetar-Shqiptar-informacion-fushe-futbolli-Ulqin.jpg","contentUrl":"https:\/\/www.visit-ulcinj.com\/blog\/wp-content\/uploads\/2015\/02\/Keshilli-Kombetar-Shqiptar-informacion-fushe-futbolli-Ulqin.jpg","width":750,"height":979},{"@type":"WebPage","@id":"https:\/\/www.visit-ulcinj.com\/blog\/2015\/02\/27\/c-lazoja-komuna-ulqinit-pa-zgjidhje-per-lokacionin-e-fushe-futbollit\/#webpage","url":"https:\/\/www.visit-ulcinj.com\/blog\/2015\/02\/27\/c-lazoja-komuna-ulqinit-pa-zgjidhje-per-lokacionin-e-fushe-futbollit\/","name":"C. Lazoja: Komuna Ulqinit pa zgjidhje p\u00ebr lokacionin e fush\u00eb futbollit - Lajme nga Ulqini","isPartOf":{"@id":"https:\/\/www.visit-ulcinj.com\/blog\/#website"},"primaryImageOfPage":{"@id":"https:\/\/www.visit-ulcinj.com\/blog\/2015\/02\/27\/c-lazoja-komuna-ulqinit-pa-zgjidhje-per-lokacionin-e-fushe-futbollit\/#primaryimage"},"datePublished":"2015-02-27T15:37:16+00:00","dateModified":"2015-02-28T16:00:16+00:00","author":{"@id":"https:\/\/www.visit-ulcinj.com\/blog\/#\/schema\/person\/dcab619c614d3038751c63bc2aadc06d"},"description":"K\u00ebshilli Komb\u00ebtar, me iniciativ\u00eb t\u00eb kryetarit t\u00eb Komisionit p\u00ebr media dhe sport Cani Lazoja, ka k\u00ebrkuar informat\u00eb n\u00eb lidhje me lokacionin e parapar\u00eb p\u00ebr","breadcrumb":{"@id":"https:\/\/www.visit-ulcinj.com\/blog\/2015\/02\/27\/c-lazoja-komuna-ulqinit-pa-zgjidhje-per-lokacionin-e-fushe-futbollit\/#breadcrumb"},"inLanguage":"en-US","potentialAction":[{"@type":"ReadAction","target":["https:\/\/www.visit-ulcinj.com\/blog\/2015\/02\/27\/c-lazoja-komuna-ulqinit-pa-zgjidhje-per-lokacionin-e-fushe-futbollit\/"]}]},{"@type":"BreadcrumbList","@id":"https:\/\/www.visit-ulcinj.com\/blog\/2015\/02\/27\/c-lazoja-komuna-ulqinit-pa-zgjidhje-per-lokacionin-e-fushe-futbollit\/#breadcrumb","itemListElement":[{"@type":"ListItem","position":1,"name":"C. Lazoja: Komuna Ulqinit pa zgjidhje p\u00ebr lokacionin e fush\u00eb futbollit"}]},{"@type":"Person","@id":"https:\/\/www.visit-ulcinj.com\/blog\/#\/schema\/person\/dcab619c614d3038751c63bc2aadc06d","name":"ulqini","sameAs":["http:\/\/www.visit-ulcinj.com"],"url":"https:\/\/www.visit-ulcinj.com\/blog\/author\/admin\/"}]}},"jetpack_featured_media_url":"","jetpack_sharing_enabled":true,"jetpack_shortlink":"https:\/\/wp.me\/pe6lTn-n9o","_links":{"self":[{"href":"https:\/\/www.visit-ulcinj.com\/blog\/wp-json\/wp\/v2\/posts\/88994"}],"collection":[{"href":"https:\/\/www.visit-ulcinj.com\/blog\/wp-json\/wp\/v2\/posts"}],"about":[{"href":"https:\/\/www.visit-ulcinj.com\/blog\/wp-json\/wp\/v2\/types\/post"}],"author":[{"embeddable":true,"href":"https:\/\/www.visit-ulcinj.com\/blog\/wp-json\/wp\/v2\/users\/1"}],"replies":[{"embeddable":true,"href":"https:\/\/www.visit-ulcinj.com\/blog\/wp-json\/wp\/v2\/comments?post=88994"}],"version-history":[{"count":2,"href":"https:\/\/www.visit-ulcinj.com\/blog\/wp-json\/wp\/v2\/posts\/88994\/revisions"}],"predecessor-version":[{"id":89001,"href":"https:\/\/www.visit-ulcinj.com\/blog\/wp-json\/wp\/v2\/posts\/88994\/revisions\/89001"}],"wp:attachment":[{"href":"https:\/\/www.visit-ulcinj.com\/blog\/wp-json\/wp\/v2\/media?parent=88994"}],"wp:term":[{"taxonomy":"category","embeddable":true,"href":"https:\/\/www.visit-ulcinj.com\/blog\/wp-json\/wp\/v2\/categories?post=88994"},{"taxonomy":"post_tag","embeddable":true,"href":"https:\/\/www.visit-ulcinj.com\/blog\/wp-json\/wp\/v2\/tags?post=88994"}],"curies":[{"name":"wp","href":"https:\/\/api.w.org\/{rel}","templated":true}]}}