{"id":89007,"date":"2015-02-28T16:54:21","date_gmt":"2015-02-28T15:54:21","guid":{"rendered":"http:\/\/www.visit-ulcinj.com\/blog\/?p=89007"},"modified":"2015-02-28T23:12:56","modified_gmt":"2015-02-28T22:12:56","slug":"perurimi-i-librit-te-prim-dr-gani-karamanages-udhetimi-i-nje-mjeku","status":"publish","type":"post","link":"https:\/\/www.visit-ulcinj.com\/blog\/2015\/02\/28\/perurimi-i-librit-te-prim-dr-gani-karamanages-udhetimi-i-nje-mjeku\/","title":{"rendered":"P\u00ebrurimi i librit t\u00eb prim. dr. Gani Karamanag\u00ebs &#8220;UDH\u00cbTIMI I NJ\u00cb MJEKU&#8221;"},"content":{"rendered":"<p><a href=\"http:\/\/www.visit-ulcinj.com\/blog\/wp-content\/uploads\/2015\/02\/P\u00ebrurimi-i-librit-Gani-Karamanaga-Ulqin.jpg\"><img loading=\"lazy\" class=\"alignleft wp-image-89008\" src=\"http:\/\/www.visit-ulcinj.com\/blog\/wp-content\/uploads\/2015\/02\/P\u00ebrurimi-i-librit-Gani-Karamanaga-Ulqin.jpg\" alt=\"P\u00ebrurimi i librit-Gani-Karamanaga-Ulqin\" width=\"508\" height=\"381\" srcset=\"https:\/\/www.visit-ulcinj.com\/blog\/wp-content\/uploads\/2015\/02\/P\u00ebrurimi-i-librit-Gani-Karamanaga-Ulqin.jpg 960w, https:\/\/www.visit-ulcinj.com\/blog\/wp-content\/uploads\/2015\/02\/P\u00ebrurimi-i-librit-Gani-Karamanaga-Ulqin-300x225.jpg 300w\" sizes=\"(max-width: 508px) 100vw, 508px\" \/><\/a>N\u00eb sall\u00ebn e Bibliotek\u00ebs t\u00eb Ulqinit &#8220;Bashkimi i krijuesve shqiptar\u00eb n\u00eb Mal t\u00eb Zi&#8221; n\u00eb nj\u00eb mbr\u00ebmne solemne ka organizuar p\u00ebrurimin e librit &#8220;Udh\u00ebtimi i nj\u00eb mjeku&#8221; t\u00eb prim. dr. Gani Karamanag\u00ebs. N\u00eb sall\u00ebn joadekuate p\u00ebr nj\u00eb p\u00ebrurim t\u00eb till\u00eb, p\u00ebr librin kan\u00eb folur recensent\u00ebt, shkrimtar\u00eb, publicist\u00eb dhe persona t\u00eb tjer\u00eb nga shkenca dhe let\u00ebrsia. Libri ka nj\u00eb dimension t\u00eb posa\u00e7\u00ebm, p<span class=\"text_exposed_show\">asi q\u00eb \u00ebsht\u00eb i botuar n\u00eb dy gjuh\u00eb, k\u00ebshtu q\u00eb mund ta lexojn\u00eb t\u00eb gjith\u00eb ato m\u00eb t\u00eb cil\u00ebt edhe ka punuar dr. Ganiu. Libri \u00ebsht\u00eb i mir\u00ebseardhur p\u00ebr mbar\u00eb publikun dhe kjo, jo vet\u00ebm se \u00ebsht\u00eb i lexuesh\u00ebm dhe ka plot\u00eb informata sidomos nga sh\u00ebndet\u00ebsia, por edhe pse me k\u00ebt\u00eb edicion plot\u00ebson nj\u00eb mang\u00ebsi literare t\u00eb historis\u00eb s\u00eb mjek\u00ebsis\u00eb t\u00eb k\u00ebtij rajoni. T\u00eb pranishmit ishin shum\u00eb t\u00eb k\u00ebnaqur me perurimin e k\u00ebtij libri, k\u00ebshtu q\u00eb shpresojm\u00eb se n\u00eb ardhm\u00ebn do t\u00eb kemi edhe p\u00ebrurime t\u00eb tilla me botime t\u00eb reja.<\/span><\/p>\n<p class=\"_5pbw\" data-ft=\"{&quot;tn&quot;:&quot;C&quot;}\"><strong><span class=\"fcg\"><span class=\"fwb\"><a id=\"js_2r\" class=\"profileLink\" href=\"https:\/\/www.facebook.com\/ismet.karamanaga\" data-ft=\"{&quot;tn&quot;:&quot;l&quot;}\" data-hovercard=\"\/ajax\/hovercard\/user.php?id=1359492972\">Ismet Karamanaga Facebook<\/a><\/span><\/span><\/strong><\/p>\n\n\t\t<style type=\"text\/css\">\n\t\t\t#gallery-1 {\n\t\t\t\tmargin: auto;\n\t\t\t}\n\t\t\t#gallery-1 .gallery-item {\n\t\t\t\tfloat: left;\n\t\t\t\tmargin-top: 10px;\n\t\t\t\ttext-align: center;\n\t\t\t\twidth: 33%;\n\t\t\t}\n\t\t\t#gallery-1 img {\n\t\t\t\tborder: 2px solid #cfcfcf;\n\t\t\t}\n\t\t\t#gallery-1 .gallery-caption {\n\t\t\t\tmargin-left: 0;\n\t\t\t}\n\t\t\t\/* see gallery_shortcode() in wp-includes\/media.php *\/\n\t\t<\/style>\n\t\t<div id='gallery-1' class='gallery galleryid-89007 gallery-columns-3 gallery-size-thumbnail'><dl class='gallery-item'>\n\t\t\t<dt class='gallery-icon landscape'>\n\t\t\t\t<a href='https:\/\/www.visit-ulcinj.com\/blog\/2015\/02\/28\/perurimi-i-librit-te-prim-dr-gani-karamanages-udhetimi-i-nje-mjeku\/perurimi-i-librit-gani-karamanaga-ulqin-1\/'><img width=\"150\" height=\"150\" src=\"https:\/\/www.visit-ulcinj.com\/blog\/wp-content\/uploads\/2015\/02\/P\u00ebrurimi-i-librit-Gani-Karamanaga-Ulqin-1-150x150.jpg\" class=\"attachment-thumbnail size-thumbnail\" alt=\"\" loading=\"lazy\" \/><\/a>\n\t\t\t<\/dt><\/dl><dl class='gallery-item'>\n\t\t\t<dt class='gallery-icon landscape'>\n\t\t\t\t<a href='https:\/\/www.visit-ulcinj.com\/blog\/2015\/02\/28\/perurimi-i-librit-te-prim-dr-gani-karamanages-udhetimi-i-nje-mjeku\/perurimi-i-librit-gani-karamanaga-ulqin-2\/'><img width=\"150\" height=\"150\" src=\"https:\/\/www.visit-ulcinj.com\/blog\/wp-content\/uploads\/2015\/02\/P\u00ebrurimi-i-librit-Gani-Karamanaga-Ulqin-2-150x150.jpg\" class=\"attachment-thumbnail size-thumbnail\" alt=\"\" loading=\"lazy\" \/><\/a>\n\t\t\t<\/dt><\/dl><dl class='gallery-item'>\n\t\t\t<dt class='gallery-icon landscape'>\n\t\t\t\t<a href='https:\/\/www.visit-ulcinj.com\/blog\/2015\/02\/28\/perurimi-i-librit-te-prim-dr-gani-karamanages-udhetimi-i-nje-mjeku\/perurimi-i-librit-gani-karamanaga-ulqin-3\/'><img width=\"150\" height=\"150\" src=\"https:\/\/www.visit-ulcinj.com\/blog\/wp-content\/uploads\/2015\/02\/P\u00ebrurimi-i-librit-Gani-Karamanaga-Ulqin-3-150x150.jpg\" class=\"attachment-thumbnail size-thumbnail\" alt=\"\" loading=\"lazy\" \/><\/a>\n\t\t\t<\/dt><\/dl><br style=\"clear: both\" \/>\n\t\t<\/div>\n\n","protected":false},"excerpt":{"rendered":"<p>N\u00eb sall\u00ebn e Bibliotek\u00ebs t\u00eb Ulqinit &#8220;Bashkimi i krijuesve shqiptar\u00eb n\u00eb Mal t\u00eb Zi&#8221; n\u00eb nj\u00eb mbr\u00ebmne solemne ka organizuar p\u00ebrurimin e librit &#8220;Udh\u00ebtimi i nj\u00eb mjeku&#8221; t\u00eb prim. dr. Gani Karamanag\u00ebs. N\u00eb sall\u00ebn joadekuate p\u00ebr nj\u00eb p\u00ebrurim t\u00eb till\u00eb, p\u00ebr librin kan\u00eb folur recensent\u00ebt, shkrimtar\u00eb, publicist\u00eb dhe persona t\u00eb tjer\u00eb nga shkenca dhe let\u00ebrsia. [&hellip;]<\/p>\n","protected":false},"author":1,"featured_media":0,"comment_status":"closed","ping_status":"closed","sticky":false,"template":"","format":"standard","meta":{"spay_email":"","jetpack_publicize_message":"","jetpack_is_tweetstorm":false,"jetpack_publicize_feature_enabled":true},"categories":[4,1],"tags":[],"jetpack_publicize_connections":[],"yoast_head":"<!-- This site is optimized with the Yoast SEO plugin v19.1 - https:\/\/yoast.com\/wordpress\/plugins\/seo\/ -->\n<title>P\u00ebrurimi i librit t\u00eb prim. dr. Gani Karamanag\u00ebs &quot;UDH\u00cbTIMI I NJ\u00cb MJEKU&quot; - Lajme nga Ulqini<\/title>\n<meta name=\"description\" content=\"N\u00eb sall\u00ebn e Bibliotek\u00ebs t\u00eb Ulqinit &quot;Bashkimi i krijuesve shqiptar\u00eb n\u00eb Mal t\u00eb Zi&quot; n\u00eb nj\u00eb mbr\u00ebmne solemne ka organizuar p\u00ebrurimin e librit &quot;Udh\u00ebtimi i nj\u00eb\" \/>\n<meta name=\"robots\" content=\"index, follow, max-snippet:-1, max-image-preview:large, max-video-preview:-1\" \/>\n<link rel=\"canonical\" href=\"https:\/\/www.visit-ulcinj.com\/blog\/2015\/02\/28\/perurimi-i-librit-te-prim-dr-gani-karamanages-udhetimi-i-nje-mjeku\/\" \/>\n<meta property=\"og:locale\" content=\"en_US\" \/>\n<meta property=\"og:type\" content=\"article\" \/>\n<meta property=\"og:title\" content=\"P\u00ebrurimi i librit t\u00eb prim. dr. Gani Karamanag\u00ebs &quot;UDH\u00cbTIMI I NJ\u00cb MJEKU&quot; - Lajme nga Ulqini\" \/>\n<meta property=\"og:description\" content=\"N\u00eb sall\u00ebn e Bibliotek\u00ebs t\u00eb Ulqinit &quot;Bashkimi i krijuesve shqiptar\u00eb n\u00eb Mal t\u00eb Zi&quot; n\u00eb nj\u00eb mbr\u00ebmne solemne ka organizuar p\u00ebrurimin e librit &quot;Udh\u00ebtimi i nj\u00eb\" \/>\n<meta property=\"og:url\" content=\"https:\/\/www.visit-ulcinj.com\/blog\/2015\/02\/28\/perurimi-i-librit-te-prim-dr-gani-karamanages-udhetimi-i-nje-mjeku\/\" \/>\n<meta property=\"og:site_name\" content=\"Lajme nga Ulqini\" \/>\n<meta property=\"article:published_time\" content=\"2015-02-28T15:54:21+00:00\" \/>\n<meta property=\"article:modified_time\" content=\"2015-02-28T22:12:56+00:00\" \/>\n<meta property=\"og:image\" content=\"https:\/\/www.visit-ulcinj.com\/blog\/wp-content\/uploads\/2015\/02\/P\u00ebrurimi-i-librit-Gani-Karamanaga-Ulqin-1-150x150.jpg\" \/>\n<meta name=\"twitter:label1\" content=\"Written by\" \/>\n\t<meta name=\"twitter:data1\" content=\"ulqini\" \/>\n\t<meta name=\"twitter:label2\" content=\"Est. reading time\" \/>\n\t<meta name=\"twitter:data2\" content=\"1 minute\" \/>\n<script type=\"application\/ld+json\" class=\"yoast-schema-graph\">{\"@context\":\"https:\/\/schema.org\",\"@graph\":[{\"@type\":\"WebSite\",\"@id\":\"https:\/\/www.visit-ulcinj.com\/blog\/#website\",\"url\":\"https:\/\/www.visit-ulcinj.com\/blog\/\",\"name\":\"Lajme nga Ulqini\",\"description\":\"Lajme,Vijesti,Ulqini,Ulqin,Crna Gora,Mali i Zi\",\"potentialAction\":[{\"@type\":\"SearchAction\",\"target\":{\"@type\":\"EntryPoint\",\"urlTemplate\":\"https:\/\/www.visit-ulcinj.com\/blog\/?s={search_term_string}\"},\"query-input\":\"required name=search_term_string\"}],\"inLanguage\":\"en-US\"},{\"@type\":\"WebPage\",\"@id\":\"https:\/\/www.visit-ulcinj.com\/blog\/2015\/02\/28\/perurimi-i-librit-te-prim-dr-gani-karamanages-udhetimi-i-nje-mjeku\/#webpage\",\"url\":\"https:\/\/www.visit-ulcinj.com\/blog\/2015\/02\/28\/perurimi-i-librit-te-prim-dr-gani-karamanages-udhetimi-i-nje-mjeku\/\",\"name\":\"P\u00ebrurimi i librit t\u00eb prim. dr. Gani Karamanag\u00ebs \\\"UDH\u00cbTIMI I NJ\u00cb MJEKU\\\" - Lajme nga Ulqini\",\"isPartOf\":{\"@id\":\"https:\/\/www.visit-ulcinj.com\/blog\/#website\"},\"datePublished\":\"2015-02-28T15:54:21+00:00\",\"dateModified\":\"2015-02-28T22:12:56+00:00\",\"author\":{\"@id\":\"https:\/\/www.visit-ulcinj.com\/blog\/#\/schema\/person\/dcab619c614d3038751c63bc2aadc06d\"},\"description\":\"N\u00eb sall\u00ebn e Bibliotek\u00ebs t\u00eb Ulqinit \\\"Bashkimi i krijuesve shqiptar\u00eb n\u00eb Mal t\u00eb Zi\\\" n\u00eb nj\u00eb mbr\u00ebmne solemne ka organizuar p\u00ebrurimin e librit \\\"Udh\u00ebtimi i nj\u00eb\",\"breadcrumb\":{\"@id\":\"https:\/\/www.visit-ulcinj.com\/blog\/2015\/02\/28\/perurimi-i-librit-te-prim-dr-gani-karamanages-udhetimi-i-nje-mjeku\/#breadcrumb\"},\"inLanguage\":\"en-US\",\"potentialAction\":[{\"@type\":\"ReadAction\",\"target\":[\"https:\/\/www.visit-ulcinj.com\/blog\/2015\/02\/28\/perurimi-i-librit-te-prim-dr-gani-karamanages-udhetimi-i-nje-mjeku\/\"]}]},{\"@type\":\"BreadcrumbList\",\"@id\":\"https:\/\/www.visit-ulcinj.com\/blog\/2015\/02\/28\/perurimi-i-librit-te-prim-dr-gani-karamanages-udhetimi-i-nje-mjeku\/#breadcrumb\",\"itemListElement\":[{\"@type\":\"ListItem\",\"position\":1,\"name\":\"P\u00ebrurimi i librit t\u00eb prim. dr. Gani Karamanag\u00ebs &#8220;UDH\u00cbTIMI I NJ\u00cb MJEKU&#8221;\"}]},{\"@type\":\"Person\",\"@id\":\"https:\/\/www.visit-ulcinj.com\/blog\/#\/schema\/person\/dcab619c614d3038751c63bc2aadc06d\",\"name\":\"ulqini\",\"sameAs\":[\"http:\/\/www.visit-ulcinj.com\"],\"url\":\"https:\/\/www.visit-ulcinj.com\/blog\/author\/admin\/\"}]}<\/script>\n<!-- \/ Yoast SEO plugin. -->","yoast_head_json":{"title":"P\u00ebrurimi i librit t\u00eb prim. dr. Gani Karamanag\u00ebs \"UDH\u00cbTIMI I NJ\u00cb MJEKU\" - Lajme nga Ulqini","description":"N\u00eb sall\u00ebn e Bibliotek\u00ebs t\u00eb Ulqinit \"Bashkimi i krijuesve shqiptar\u00eb n\u00eb Mal t\u00eb Zi\" n\u00eb nj\u00eb mbr\u00ebmne solemne ka organizuar p\u00ebrurimin e librit \"Udh\u00ebtimi i nj\u00eb","robots":{"index":"index","follow":"follow","max-snippet":"max-snippet:-1","max-image-preview":"max-image-preview:large","max-video-preview":"max-video-preview:-1"},"canonical":"https:\/\/www.visit-ulcinj.com\/blog\/2015\/02\/28\/perurimi-i-librit-te-prim-dr-gani-karamanages-udhetimi-i-nje-mjeku\/","og_locale":"en_US","og_type":"article","og_title":"P\u00ebrurimi i librit t\u00eb prim. dr. Gani Karamanag\u00ebs \"UDH\u00cbTIMI I NJ\u00cb MJEKU\" - Lajme nga Ulqini","og_description":"N\u00eb sall\u00ebn e Bibliotek\u00ebs t\u00eb Ulqinit \"Bashkimi i krijuesve shqiptar\u00eb n\u00eb Mal t\u00eb Zi\" n\u00eb nj\u00eb mbr\u00ebmne solemne ka organizuar p\u00ebrurimin e librit \"Udh\u00ebtimi i nj\u00eb","og_url":"https:\/\/www.visit-ulcinj.com\/blog\/2015\/02\/28\/perurimi-i-librit-te-prim-dr-gani-karamanages-udhetimi-i-nje-mjeku\/","og_site_name":"Lajme nga Ulqini","article_published_time":"2015-02-28T15:54:21+00:00","article_modified_time":"2015-02-28T22:12:56+00:00","og_image":[{"url":"https:\/\/www.visit-ulcinj.com\/blog\/wp-content\/uploads\/2015\/02\/P\u00ebrurimi-i-librit-Gani-Karamanaga-Ulqin-1-150x150.jpg"}],"twitter_misc":{"Written by":"ulqini","Est. reading time":"1 minute"},"schema":{"@context":"https:\/\/schema.org","@graph":[{"@type":"WebSite","@id":"https:\/\/www.visit-ulcinj.com\/blog\/#website","url":"https:\/\/www.visit-ulcinj.com\/blog\/","name":"Lajme nga Ulqini","description":"Lajme,Vijesti,Ulqini,Ulqin,Crna Gora,Mali i Zi","potentialAction":[{"@type":"SearchAction","target":{"@type":"EntryPoint","urlTemplate":"https:\/\/www.visit-ulcinj.com\/blog\/?s={search_term_string}"},"query-input":"required name=search_term_string"}],"inLanguage":"en-US"},{"@type":"WebPage","@id":"https:\/\/www.visit-ulcinj.com\/blog\/2015\/02\/28\/perurimi-i-librit-te-prim-dr-gani-karamanages-udhetimi-i-nje-mjeku\/#webpage","url":"https:\/\/www.visit-ulcinj.com\/blog\/2015\/02\/28\/perurimi-i-librit-te-prim-dr-gani-karamanages-udhetimi-i-nje-mjeku\/","name":"P\u00ebrurimi i librit t\u00eb prim. dr. Gani Karamanag\u00ebs \"UDH\u00cbTIMI I NJ\u00cb MJEKU\" - Lajme nga Ulqini","isPartOf":{"@id":"https:\/\/www.visit-ulcinj.com\/blog\/#website"},"datePublished":"2015-02-28T15:54:21+00:00","dateModified":"2015-02-28T22:12:56+00:00","author":{"@id":"https:\/\/www.visit-ulcinj.com\/blog\/#\/schema\/person\/dcab619c614d3038751c63bc2aadc06d"},"description":"N\u00eb sall\u00ebn e Bibliotek\u00ebs t\u00eb Ulqinit \"Bashkimi i krijuesve shqiptar\u00eb n\u00eb Mal t\u00eb Zi\" n\u00eb nj\u00eb mbr\u00ebmne solemne ka organizuar p\u00ebrurimin e librit \"Udh\u00ebtimi i nj\u00eb","breadcrumb":{"@id":"https:\/\/www.visit-ulcinj.com\/blog\/2015\/02\/28\/perurimi-i-librit-te-prim-dr-gani-karamanages-udhetimi-i-nje-mjeku\/#breadcrumb"},"inLanguage":"en-US","potentialAction":[{"@type":"ReadAction","target":["https:\/\/www.visit-ulcinj.com\/blog\/2015\/02\/28\/perurimi-i-librit-te-prim-dr-gani-karamanages-udhetimi-i-nje-mjeku\/"]}]},{"@type":"BreadcrumbList","@id":"https:\/\/www.visit-ulcinj.com\/blog\/2015\/02\/28\/perurimi-i-librit-te-prim-dr-gani-karamanages-udhetimi-i-nje-mjeku\/#breadcrumb","itemListElement":[{"@type":"ListItem","position":1,"name":"P\u00ebrurimi i librit t\u00eb prim. dr. Gani Karamanag\u00ebs &#8220;UDH\u00cbTIMI I NJ\u00cb MJEKU&#8221;"}]},{"@type":"Person","@id":"https:\/\/www.visit-ulcinj.com\/blog\/#\/schema\/person\/dcab619c614d3038751c63bc2aadc06d","name":"ulqini","sameAs":["http:\/\/www.visit-ulcinj.com"],"url":"https:\/\/www.visit-ulcinj.com\/blog\/author\/admin\/"}]}},"jetpack_featured_media_url":"","jetpack_sharing_enabled":true,"jetpack_shortlink":"https:\/\/wp.me\/pe6lTn-n9B","_links":{"self":[{"href":"https:\/\/www.visit-ulcinj.com\/blog\/wp-json\/wp\/v2\/posts\/89007"}],"collection":[{"href":"https:\/\/www.visit-ulcinj.com\/blog\/wp-json\/wp\/v2\/posts"}],"about":[{"href":"https:\/\/www.visit-ulcinj.com\/blog\/wp-json\/wp\/v2\/types\/post"}],"author":[{"embeddable":true,"href":"https:\/\/www.visit-ulcinj.com\/blog\/wp-json\/wp\/v2\/users\/1"}],"replies":[{"embeddable":true,"href":"https:\/\/www.visit-ulcinj.com\/blog\/wp-json\/wp\/v2\/comments?post=89007"}],"version-history":[{"count":2,"href":"https:\/\/www.visit-ulcinj.com\/blog\/wp-json\/wp\/v2\/posts\/89007\/revisions"}],"predecessor-version":[{"id":89013,"href":"https:\/\/www.visit-ulcinj.com\/blog\/wp-json\/wp\/v2\/posts\/89007\/revisions\/89013"}],"wp:attachment":[{"href":"https:\/\/www.visit-ulcinj.com\/blog\/wp-json\/wp\/v2\/media?parent=89007"}],"wp:term":[{"taxonomy":"category","embeddable":true,"href":"https:\/\/www.visit-ulcinj.com\/blog\/wp-json\/wp\/v2\/categories?post=89007"},{"taxonomy":"post_tag","embeddable":true,"href":"https:\/\/www.visit-ulcinj.com\/blog\/wp-json\/wp\/v2\/tags?post=89007"}],"curies":[{"name":"wp","href":"https:\/\/api.w.org\/{rel}","templated":true}]}}