{"id":89014,"date":"2015-02-28T18:32:49","date_gmt":"2015-02-28T17:32:49","guid":{"rendered":"http:\/\/www.visit-ulcinj.com\/blog\/?p=89014"},"modified":"2015-02-28T18:32:49","modified_gmt":"2015-02-28T17:32:49","slug":"nvo-ze%c2%adle%c2%adni-ko%c2%adrak-pisali-de%c2%adki","status":"publish","type":"post","link":"https:\/\/www.visit-ulcinj.com\/blog\/2015\/02\/28\/nvo-ze%c2%adle%c2%adni-ko%c2%adrak-pisali-de%c2%adki\/","title":{"rendered":"NVO \u201eZe\u00adle\u00adni ko\u00adrak\u201d pisali \u0110e\u00adki"},"content":{"rendered":"<p><strong><span class=\"rubnnaslov\"><a href=\"http:\/\/www.visit-ulcinj.com\/blog\/wp-content\/uploads\/2011\/07\/Dzelal-Hodzic_Ulcinj.jpg\"><img loading=\"lazy\" class=\"alignleft wp-image-48526\" src=\"http:\/\/www.visit-ulcinj.com\/blog\/wp-content\/uploads\/2011\/07\/Dzelal-Hodzic_Ulcinj.jpg\" alt=\"Dzelal Hodzic_Ulcinj\" width=\"508\" height=\"309\" srcset=\"https:\/\/www.visit-ulcinj.com\/blog\/wp-content\/uploads\/2011\/07\/Dzelal-Hodzic_Ulcinj.jpg 519w, https:\/\/www.visit-ulcinj.com\/blog\/wp-content\/uploads\/2011\/07\/Dzelal-Hodzic_Ulcinj-300x182.jpg 300w\" sizes=\"(max-width: 508px) 100vw, 508px\" \/><\/a>Gradu neophodna akcija \u010di\u0161\u0107enja<\/span><\/strong><\/p>\n<p><span class=\"tekstcijeli\"><span class=\"kapital\">N<\/span>e\u00advla\u00addi\u00adna or\u00adga\u00adni\u00adza\u00adci\u00adja \u201eZe\u00adle\u00adni ko\u00adrak\u201d upu\u00adti\u00adla je pi\u00adsmo pred\u00adsjed\u00adni\u00adku Op\u00ad\u0161ti\u00adne Ul\u00adcinj Fat\u00admi\u00adru \u0110e\u00adki u ko\u00adjem ape\u00adlu\u00adje da se \u0161to pri\u00adje po\u010d\u00adne sa ak\u00adci\u00adja\u00adma \u010di\u00ad\u0161\u0107e\u00adnja na te\u00adri\u00adto\u00adri\u00adji op\u00ad\u0161ti\u00adne ka\u00adko bi se \u0161to sprem\u00adni\u00adje do\u00ad\u010de\u00adka\u00adla tu\u00adri\u00adsti\u010d\u00adka se\u00adzo\u00adna. \u201eZe\u00adle\u00adni\u201d u pi\u00adsmu \u0110e\u00adki is\u00adti\u00ad\u010du da je tu\u00adri\u00adzam naj\u00adva\u00ad\u017eni\u00adja pri\u00advred\u00adna gra\u00adna Ul\u00adci\u00adnja i da po\u00adred osta\u00adlog pret\u00adpo\u00adsta\u00advlja vi\u00adsok ni\u00advo am\u00adbi\u00adjen\u00adtal\u00adne kul\u00adtu\u00adre i eli\u00admi\u00adni\u00adsa\u00adnje eko\u00adlo\u00ad\u0161kih pro\u00adble\u00adma.<br \/>\n\u2013 Mno\u00adgo\u00adbroj\u00adne ve\u00ad\u0107e i ma\u00adnje de\u00adpo\u00adni\u00adje ra\u00adznog ot\u00adpa\u00adda od Bo\u00adja\u00adne, za\u00adle\u00ad\u0111a Ve\u00adli\u00adke pla\u00ad\u017ee, na\u00adse\u00adlja \u0160toj, Port Mi\u00adle\u00adne, Ul\u00adcinj\u00adskog po\u00adlja, Bo\u00adro\u00adve \u0160u\u00adme, na\u00adse\u00adlja Li\u00adman, Bi\u00adje\u00adle Go\u00adre, Bra\u00adti\u00adce i Kru\u00ad\u010da pru\u00ad\u017ea\u00adju su\u00admor\u00adnu sli\u00adku na\u00ad\u0161e ne\u00adbri\u00adge o pro\u00adsto\u00adru. S tim u ve\u00adzi pred\u00adla\u00ad\u017ee\u00admo hi\u00adtan sa\u00adsta\u00adnak svih struk\u00adtu\u00adra u Op\u00ad\u0161ti\u00adni, na \u010de\u00adlu sa pred\u00adsjed\u00adni\u00adkom, a sve ka\u00adko bi\u00adsmo sa\u00ad\u010di\u00adni\u00adli i usvo\u00adji\u00adli ak\u00adci\u00ado\u00adni plan pri\u00adpre\u00adma se\u00adzo\u00adne u obla\u00adsti \u010di\u00adsto\u00ad\u0107e. Jer sa\u00admo \u010dist Ul\u00adcinj mo\u00ad\u017ee bi\u00adti li\u00adjep i tu\u00adri\u00adsti\u010d\u00adki pri\u00advla\u00ad\u010dan \u2013 na\u00advo\u00addi se u pi\u00adsmu.<br \/>\n\u2013 NVO \u201eZe\u00adle\u00adni ko\u00adrak\u201d pod\u00adsje\u00ad\u0107a i da \u0107e za\u00adjed\u00adno sa Ul\u00adcinj bi\u00adznis aso\u00adci\u00adja\u00adci\u00adjom (UBA) te ro\u00adni\u00adla\u010d\u00adkim klu\u00adbom \u201eDol\u00adci\u00adni\u00adum\u201d, u okvi\u00adru pro\u00adjek\u00adta \u201eBo\u00adja\u00adna to\u00adur\u201d, u mar\u00adtu i apri\u00adlu or\u00adga\u00adni\u00adzo\u00adva\u00adti ak\u00adci\u00adju \u010di\u00ad\u0161\u0107e\u00adnja pod\u00admor\u00adja, po\u00ad\u010dev od u\u0161\u0107a ri\u00adje\u00adke Bo\u00adja\u00adne do na\u00adse\u00adlja Li\u00adman. Ti\u00adme \u0107e, ka\u00adko is\u00adti\u00ad\u010du u pi\u00adsmu, da\u00adti do\u00adpri\u00adnos opre\u00addje\u00adlje\u00adnju, pro\u00admo\u00adci\u00adji i raz\u00advo\u00adju tu\u00adri\u00adzma, u sa\u00addej\u00adstvu sa pri\u00adro\u00addom na te\u00adri\u00adto\u00adri\u00adji op\u00ad\u0161ti\u00adne.<br \/>\n<strong>M.K. <\/strong><\/span><\/p>\n<p><strong>Izvor: DAN<\/strong><\/p>\n","protected":false},"excerpt":{"rendered":"<p>Gradu neophodna akcija \u010di\u0161\u0107enja Ne\u00advla\u00addi\u00adna or\u00adga\u00adni\u00adza\u00adci\u00adja \u201eZe\u00adle\u00adni ko\u00adrak\u201d upu\u00adti\u00adla je pi\u00adsmo pred\u00adsjed\u00adni\u00adku Op\u00ad\u0161ti\u00adne Ul\u00adcinj Fat\u00admi\u00adru \u0110e\u00adki u ko\u00adjem ape\u00adlu\u00adje da se \u0161to pri\u00adje po\u010d\u00adne sa ak\u00adci\u00adja\u00adma \u010di\u00ad\u0161\u0107e\u00adnja na te\u00adri\u00adto\u00adri\u00adji op\u00ad\u0161ti\u00adne ka\u00adko bi se \u0161to sprem\u00adni\u00adje do\u00ad\u010de\u00adka\u00adla tu\u00adri\u00adsti\u010d\u00adka se\u00adzo\u00adna. \u201eZe\u00adle\u00adni\u201d u pi\u00adsmu \u0110e\u00adki is\u00adti\u00ad\u010du da je tu\u00adri\u00adzam naj\u00adva\u00ad\u017eni\u00adja pri\u00advred\u00adna gra\u00adna Ul\u00adci\u00adnja i da po\u00adred osta\u00adlog pret\u00adpo\u00adsta\u00advlja [&hellip;]<\/p>\n","protected":false},"author":1,"featured_media":0,"comment_status":"closed","ping_status":"closed","sticky":false,"template":"","format":"standard","meta":{"spay_email":"","jetpack_publicize_message":"","jetpack_is_tweetstorm":false,"jetpack_publicize_feature_enabled":true},"categories":[8337],"tags":[],"jetpack_publicize_connections":[],"yoast_head":"<!-- This site is optimized with the Yoast SEO plugin v19.1 - https:\/\/yoast.com\/wordpress\/plugins\/seo\/ -->\n<title>NVO \u201eZe\u00adle\u00adni ko\u00adrak\u201d pisali \u0110e\u00adki - Lajme nga Ulqini<\/title>\n<meta name=\"description\" content=\"Gradu neophodna akcija \u010di\u0161\u0107enja Ne\u00advla\u00addi\u00adna or\u00adga\u00adni\u00adza\u00adci\u00adja \u201eZe\u00adle\u00adni ko\u00adrak\u201d upu\u00adti\u00adla je pi\u00adsmo pred\u00adsjed\u00adni\u00adku Op\u00ad\u0161ti\u00adne Ul\u00adcinj Fat\u00admi\u00adru \u0110e\u00adki u\" \/>\n<meta name=\"robots\" content=\"index, follow, max-snippet:-1, max-image-preview:large, max-video-preview:-1\" \/>\n<link rel=\"canonical\" href=\"https:\/\/www.visit-ulcinj.com\/blog\/2015\/02\/28\/nvo-ze\u00adle\u00adni-ko\u00adrak-pisali-de\u00adki\/\" \/>\n<meta property=\"og:locale\" content=\"en_US\" \/>\n<meta property=\"og:type\" content=\"article\" \/>\n<meta property=\"og:title\" content=\"NVO \u201eZe\u00adle\u00adni ko\u00adrak\u201d pisali \u0110e\u00adki - Lajme nga Ulqini\" \/>\n<meta property=\"og:description\" content=\"Gradu neophodna akcija \u010di\u0161\u0107enja Ne\u00advla\u00addi\u00adna or\u00adga\u00adni\u00adza\u00adci\u00adja \u201eZe\u00adle\u00adni ko\u00adrak\u201d upu\u00adti\u00adla je pi\u00adsmo pred\u00adsjed\u00adni\u00adku Op\u00ad\u0161ti\u00adne Ul\u00adcinj Fat\u00admi\u00adru \u0110e\u00adki u\" \/>\n<meta property=\"og:url\" content=\"https:\/\/www.visit-ulcinj.com\/blog\/2015\/02\/28\/nvo-ze\u00adle\u00adni-ko\u00adrak-pisali-de\u00adki\/\" \/>\n<meta property=\"og:site_name\" content=\"Lajme nga Ulqini\" \/>\n<meta property=\"article:published_time\" content=\"2015-02-28T17:32:49+00:00\" \/>\n<meta property=\"og:image\" content=\"http:\/\/www.visit-ulcinj.com\/blog\/wp-content\/uploads\/2011\/07\/Dzelal-Hodzic_Ulcinj.jpg\" \/>\n<meta name=\"twitter:label1\" content=\"Written by\" \/>\n\t<meta name=\"twitter:data1\" content=\"ulqini\" \/>\n\t<meta name=\"twitter:label2\" content=\"Est. reading time\" \/>\n\t<meta name=\"twitter:data2\" content=\"2 minutes\" \/>\n<script type=\"application\/ld+json\" class=\"yoast-schema-graph\">{\"@context\":\"https:\/\/schema.org\",\"@graph\":[{\"@type\":\"WebSite\",\"@id\":\"https:\/\/www.visit-ulcinj.com\/blog\/#website\",\"url\":\"https:\/\/www.visit-ulcinj.com\/blog\/\",\"name\":\"Lajme nga Ulqini\",\"description\":\"Lajme,Vijesti,Ulqini,Ulqin,Crna Gora,Mali i Zi\",\"potentialAction\":[{\"@type\":\"SearchAction\",\"target\":{\"@type\":\"EntryPoint\",\"urlTemplate\":\"https:\/\/www.visit-ulcinj.com\/blog\/?s={search_term_string}\"},\"query-input\":\"required name=search_term_string\"}],\"inLanguage\":\"en-US\"},{\"@type\":\"ImageObject\",\"inLanguage\":\"en-US\",\"@id\":\"https:\/\/www.visit-ulcinj.com\/blog\/2015\/02\/28\/nvo-ze%c2%adle%c2%adni-ko%c2%adrak-pisali-de%c2%adki\/#primaryimage\",\"url\":\"https:\/\/www.visit-ulcinj.com\/blog\/wp-content\/uploads\/2011\/07\/Dzelal-Hodzic_Ulcinj.jpg\",\"contentUrl\":\"https:\/\/www.visit-ulcinj.com\/blog\/wp-content\/uploads\/2011\/07\/Dzelal-Hodzic_Ulcinj.jpg\",\"width\":\"519\",\"height\":\"316\"},{\"@type\":\"WebPage\",\"@id\":\"https:\/\/www.visit-ulcinj.com\/blog\/2015\/02\/28\/nvo-ze%c2%adle%c2%adni-ko%c2%adrak-pisali-de%c2%adki\/#webpage\",\"url\":\"https:\/\/www.visit-ulcinj.com\/blog\/2015\/02\/28\/nvo-ze%c2%adle%c2%adni-ko%c2%adrak-pisali-de%c2%adki\/\",\"name\":\"NVO \u201eZe\u00adle\u00adni ko\u00adrak\u201d pisali \u0110e\u00adki - Lajme nga Ulqini\",\"isPartOf\":{\"@id\":\"https:\/\/www.visit-ulcinj.com\/blog\/#website\"},\"primaryImageOfPage\":{\"@id\":\"https:\/\/www.visit-ulcinj.com\/blog\/2015\/02\/28\/nvo-ze%c2%adle%c2%adni-ko%c2%adrak-pisali-de%c2%adki\/#primaryimage\"},\"datePublished\":\"2015-02-28T17:32:49+00:00\",\"dateModified\":\"2015-02-28T17:32:49+00:00\",\"author\":{\"@id\":\"https:\/\/www.visit-ulcinj.com\/blog\/#\/schema\/person\/dcab619c614d3038751c63bc2aadc06d\"},\"description\":\"Gradu neophodna akcija \u010di\u0161\u0107enja Ne\u00advla\u00addi\u00adna or\u00adga\u00adni\u00adza\u00adci\u00adja \u201eZe\u00adle\u00adni ko\u00adrak\u201d upu\u00adti\u00adla je pi\u00adsmo pred\u00adsjed\u00adni\u00adku Op\u00ad\u0161ti\u00adne Ul\u00adcinj Fat\u00admi\u00adru \u0110e\u00adki u\",\"breadcrumb\":{\"@id\":\"https:\/\/www.visit-ulcinj.com\/blog\/2015\/02\/28\/nvo-ze%c2%adle%c2%adni-ko%c2%adrak-pisali-de%c2%adki\/#breadcrumb\"},\"inLanguage\":\"en-US\",\"potentialAction\":[{\"@type\":\"ReadAction\",\"target\":[\"https:\/\/www.visit-ulcinj.com\/blog\/2015\/02\/28\/nvo-ze%c2%adle%c2%adni-ko%c2%adrak-pisali-de%c2%adki\/\"]}]},{\"@type\":\"BreadcrumbList\",\"@id\":\"https:\/\/www.visit-ulcinj.com\/blog\/2015\/02\/28\/nvo-ze%c2%adle%c2%adni-ko%c2%adrak-pisali-de%c2%adki\/#breadcrumb\",\"itemListElement\":[{\"@type\":\"ListItem\",\"position\":1,\"name\":\"NVO \u201eZe\u00adle\u00adni ko\u00adrak\u201d pisali \u0110e\u00adki\"}]},{\"@type\":\"Person\",\"@id\":\"https:\/\/www.visit-ulcinj.com\/blog\/#\/schema\/person\/dcab619c614d3038751c63bc2aadc06d\",\"name\":\"ulqini\",\"sameAs\":[\"http:\/\/www.visit-ulcinj.com\"],\"url\":\"https:\/\/www.visit-ulcinj.com\/blog\/author\/admin\/\"}]}<\/script>\n<!-- \/ Yoast SEO plugin. -->","yoast_head_json":{"title":"NVO \u201eZe\u00adle\u00adni ko\u00adrak\u201d pisali \u0110e\u00adki - Lajme nga Ulqini","description":"Gradu neophodna akcija \u010di\u0161\u0107enja Ne\u00advla\u00addi\u00adna or\u00adga\u00adni\u00adza\u00adci\u00adja \u201eZe\u00adle\u00adni ko\u00adrak\u201d upu\u00adti\u00adla je pi\u00adsmo pred\u00adsjed\u00adni\u00adku Op\u00ad\u0161ti\u00adne Ul\u00adcinj Fat\u00admi\u00adru \u0110e\u00adki u","robots":{"index":"index","follow":"follow","max-snippet":"max-snippet:-1","max-image-preview":"max-image-preview:large","max-video-preview":"max-video-preview:-1"},"canonical":"https:\/\/www.visit-ulcinj.com\/blog\/2015\/02\/28\/nvo-ze\u00adle\u00adni-ko\u00adrak-pisali-de\u00adki\/","og_locale":"en_US","og_type":"article","og_title":"NVO \u201eZe\u00adle\u00adni ko\u00adrak\u201d pisali \u0110e\u00adki - Lajme nga Ulqini","og_description":"Gradu neophodna akcija \u010di\u0161\u0107enja Ne\u00advla\u00addi\u00adna or\u00adga\u00adni\u00adza\u00adci\u00adja \u201eZe\u00adle\u00adni ko\u00adrak\u201d upu\u00adti\u00adla je pi\u00adsmo pred\u00adsjed\u00adni\u00adku Op\u00ad\u0161ti\u00adne Ul\u00adcinj Fat\u00admi\u00adru \u0110e\u00adki u","og_url":"https:\/\/www.visit-ulcinj.com\/blog\/2015\/02\/28\/nvo-ze\u00adle\u00adni-ko\u00adrak-pisali-de\u00adki\/","og_site_name":"Lajme nga Ulqini","article_published_time":"2015-02-28T17:32:49+00:00","og_image":[{"url":"http:\/\/www.visit-ulcinj.com\/blog\/wp-content\/uploads\/2011\/07\/Dzelal-Hodzic_Ulcinj.jpg"}],"twitter_misc":{"Written by":"ulqini","Est. reading time":"2 minutes"},"schema":{"@context":"https:\/\/schema.org","@graph":[{"@type":"WebSite","@id":"https:\/\/www.visit-ulcinj.com\/blog\/#website","url":"https:\/\/www.visit-ulcinj.com\/blog\/","name":"Lajme nga Ulqini","description":"Lajme,Vijesti,Ulqini,Ulqin,Crna Gora,Mali i Zi","potentialAction":[{"@type":"SearchAction","target":{"@type":"EntryPoint","urlTemplate":"https:\/\/www.visit-ulcinj.com\/blog\/?s={search_term_string}"},"query-input":"required name=search_term_string"}],"inLanguage":"en-US"},{"@type":"ImageObject","inLanguage":"en-US","@id":"https:\/\/www.visit-ulcinj.com\/blog\/2015\/02\/28\/nvo-ze%c2%adle%c2%adni-ko%c2%adrak-pisali-de%c2%adki\/#primaryimage","url":"https:\/\/www.visit-ulcinj.com\/blog\/wp-content\/uploads\/2011\/07\/Dzelal-Hodzic_Ulcinj.jpg","contentUrl":"https:\/\/www.visit-ulcinj.com\/blog\/wp-content\/uploads\/2011\/07\/Dzelal-Hodzic_Ulcinj.jpg","width":"519","height":"316"},{"@type":"WebPage","@id":"https:\/\/www.visit-ulcinj.com\/blog\/2015\/02\/28\/nvo-ze%c2%adle%c2%adni-ko%c2%adrak-pisali-de%c2%adki\/#webpage","url":"https:\/\/www.visit-ulcinj.com\/blog\/2015\/02\/28\/nvo-ze%c2%adle%c2%adni-ko%c2%adrak-pisali-de%c2%adki\/","name":"NVO \u201eZe\u00adle\u00adni ko\u00adrak\u201d pisali \u0110e\u00adki - Lajme nga Ulqini","isPartOf":{"@id":"https:\/\/www.visit-ulcinj.com\/blog\/#website"},"primaryImageOfPage":{"@id":"https:\/\/www.visit-ulcinj.com\/blog\/2015\/02\/28\/nvo-ze%c2%adle%c2%adni-ko%c2%adrak-pisali-de%c2%adki\/#primaryimage"},"datePublished":"2015-02-28T17:32:49+00:00","dateModified":"2015-02-28T17:32:49+00:00","author":{"@id":"https:\/\/www.visit-ulcinj.com\/blog\/#\/schema\/person\/dcab619c614d3038751c63bc2aadc06d"},"description":"Gradu neophodna akcija \u010di\u0161\u0107enja Ne\u00advla\u00addi\u00adna or\u00adga\u00adni\u00adza\u00adci\u00adja \u201eZe\u00adle\u00adni ko\u00adrak\u201d upu\u00adti\u00adla je pi\u00adsmo pred\u00adsjed\u00adni\u00adku Op\u00ad\u0161ti\u00adne Ul\u00adcinj Fat\u00admi\u00adru \u0110e\u00adki u","breadcrumb":{"@id":"https:\/\/www.visit-ulcinj.com\/blog\/2015\/02\/28\/nvo-ze%c2%adle%c2%adni-ko%c2%adrak-pisali-de%c2%adki\/#breadcrumb"},"inLanguage":"en-US","potentialAction":[{"@type":"ReadAction","target":["https:\/\/www.visit-ulcinj.com\/blog\/2015\/02\/28\/nvo-ze%c2%adle%c2%adni-ko%c2%adrak-pisali-de%c2%adki\/"]}]},{"@type":"BreadcrumbList","@id":"https:\/\/www.visit-ulcinj.com\/blog\/2015\/02\/28\/nvo-ze%c2%adle%c2%adni-ko%c2%adrak-pisali-de%c2%adki\/#breadcrumb","itemListElement":[{"@type":"ListItem","position":1,"name":"NVO \u201eZe\u00adle\u00adni ko\u00adrak\u201d pisali \u0110e\u00adki"}]},{"@type":"Person","@id":"https:\/\/www.visit-ulcinj.com\/blog\/#\/schema\/person\/dcab619c614d3038751c63bc2aadc06d","name":"ulqini","sameAs":["http:\/\/www.visit-ulcinj.com"],"url":"https:\/\/www.visit-ulcinj.com\/blog\/author\/admin\/"}]}},"jetpack_featured_media_url":"","jetpack_sharing_enabled":true,"jetpack_shortlink":"https:\/\/wp.me\/pe6lTn-n9I","_links":{"self":[{"href":"https:\/\/www.visit-ulcinj.com\/blog\/wp-json\/wp\/v2\/posts\/89014"}],"collection":[{"href":"https:\/\/www.visit-ulcinj.com\/blog\/wp-json\/wp\/v2\/posts"}],"about":[{"href":"https:\/\/www.visit-ulcinj.com\/blog\/wp-json\/wp\/v2\/types\/post"}],"author":[{"embeddable":true,"href":"https:\/\/www.visit-ulcinj.com\/blog\/wp-json\/wp\/v2\/users\/1"}],"replies":[{"embeddable":true,"href":"https:\/\/www.visit-ulcinj.com\/blog\/wp-json\/wp\/v2\/comments?post=89014"}],"version-history":[{"count":1,"href":"https:\/\/www.visit-ulcinj.com\/blog\/wp-json\/wp\/v2\/posts\/89014\/revisions"}],"predecessor-version":[{"id":89015,"href":"https:\/\/www.visit-ulcinj.com\/blog\/wp-json\/wp\/v2\/posts\/89014\/revisions\/89015"}],"wp:attachment":[{"href":"https:\/\/www.visit-ulcinj.com\/blog\/wp-json\/wp\/v2\/media?parent=89014"}],"wp:term":[{"taxonomy":"category","embeddable":true,"href":"https:\/\/www.visit-ulcinj.com\/blog\/wp-json\/wp\/v2\/categories?post=89014"},{"taxonomy":"post_tag","embeddable":true,"href":"https:\/\/www.visit-ulcinj.com\/blog\/wp-json\/wp\/v2\/tags?post=89014"}],"curies":[{"name":"wp","href":"https:\/\/api.w.org\/{rel}","templated":true}]}}