{"id":89020,"date":"2015-02-28T18:56:43","date_gmt":"2015-02-28T17:56:43","guid":{"rendered":"http:\/\/www.visit-ulcinj.com\/blog\/?p=89020"},"modified":"2015-02-28T18:56:43","modified_gmt":"2015-02-28T17:56:43","slug":"ndertime-pa-leje-ne-shqiperi-kosove-mal-te-zi-e-maqedoni","status":"publish","type":"post","link":"https:\/\/www.visit-ulcinj.com\/blog\/2015\/02\/28\/ndertime-pa-leje-ne-shqiperi-kosove-mal-te-zi-e-maqedoni\/","title":{"rendered":"Nd\u00ebrtime pa leje n\u00eb Shqip\u00ebri, Kosov\u00eb, Mal t\u00eb Zi e Maqedoni"},"content":{"rendered":"<div class=\"txt\">\n<p><a href=\"http:\/\/www.visit-ulcinj.com\/blog\/wp-content\/uploads\/2015\/02\/Takimi-rajonal-Shqip\u00ebria-Kosova-Mali-zi-Maqedonia.jpg\"><img loading=\"lazy\" class=\"alignleft wp-image-89021\" src=\"http:\/\/www.visit-ulcinj.com\/blog\/wp-content\/uploads\/2015\/02\/Takimi-rajonal-Shqip\u00ebria-Kosova-Mali-zi-Maqedonia.jpg\" alt=\"Takimi rajonal-Shqip\u00ebria-Kosova-Mali zi-Maqedonia\" width=\"508\" height=\"339\" \/><\/a>P\u00ebr p\u00ebrfaq\u00ebsuesit e kat\u00ebr vendeve, zgjidhja e k\u00ebtij problemi ka si q\u00ebllim p\u00ebrmir\u00ebsimin e jet\u00ebs s\u00eb qytetar\u00ebve<br \/>\nP\u00ebr her\u00eb t\u00eb par\u00eb zgjidhja e \u00e7\u00ebshtjes s\u00eb legalizimeve, \u00ebsht\u00eb kthyer n\u00eb nj\u00eb \u00e7\u00ebshtje me r\u00ebnd\u00ebsi rajonale. Lidhur me problemin e nd\u00ebrtimeve informale, u zhvillua takimi rajonal, i cili mblodhi Shqip\u00ebrin\u00eb, Kosov\u00ebn, Malin e Zi dhe Maqedonin\u00eb.<\/p>\n<p>P\u00ebr p\u00ebrfaq\u00ebsuesit e kat\u00ebr vendeve, zgjidhja e k\u00ebtij problemi ka si q\u00ebllim p\u00ebrmir\u00ebsimin e jet\u00ebs s\u00eb qytetar\u00ebve, nd\u00ebrkoh\u00eb q\u00eb paraqit\u00ebn edhe mund\u00ebsit\u00eb p\u00ebr t\u00eb rezultuar t\u00eb suksessh\u00ebm n\u00eb p\u00ebrfundimin e k\u00ebsaj \u00e7\u00ebshtjeje.<\/p>\n<p>Kreu i ALUIZNI-t, Artan Lame deklaroi se, \u201c\u00ebsht\u00eb hera e par\u00eb q\u00eb vendet e rajonin mblidhen p\u00ebr nj\u00eb projekt t\u00eb till\u00eb, q\u00eb ka t\u00eb b\u00ebj\u00eb me mir\u00ebqenien e popujve tan\u00eb, ilegaliteti n\u00eb territor\u201d.<\/p>\n<p>Sipas tij, n\u00eb k\u00ebto 4 shtete ka mbi 1 milion nd\u00ebrtime pa leje. \u201cK\u00ebto shifra japin uraganin e madh t\u00eb problemit, domosdoshmi p\u00ebr ta kthyer nga problem n\u00eb zgjidhje. Problemi m\u00eb i madh n\u00eb Shqip\u00ebri \u00ebsht\u00eb ai i pron\u00ebs, mungesa e respektit t\u00eb shqiptar\u00ebve n\u00eb koh\u00eb t\u00eb ndryshme p\u00ebr pron\u00ebn\u201d, tha Lame.<\/p>\n<p>Ai theksoi se problemi i procesit t\u00eb legalizimit q\u00ebndron tek politizimi i \u00e7\u00ebshtje, n\u00ebse kjo nuk do t\u00eb ndodhte, do arrihej t\u00eb gjendej nj\u00eb zgjidhje p\u00ebr t\u00eb.<\/p>\n<p>Duke vler\u00ebsuar si shembull pozitiv pun\u00ebn e b\u00ebr\u00eb n\u00eb Maqedoni n\u00eb k\u00ebt\u00eb drejtim, Lame akuzoi qeverin\u00eb e kaluar se n\u00eb 8 vite \u00ebsht\u00eb tallur me procesin e legalizimeve.<\/p>\n<p>\u201cPolitizimi i problemit e shkat\u00ebrron zgjedhjen e k\u00ebtij problemi. Legalizimet duhet t\u00eb rrin\u00eb jasht\u00eb politik\u00ebs. E djathta nuk e zgjidhi ket\u00eb problem, vet\u00ebm sa e zgjati n\u00eb koh\u00eb. \u00c7\u00ebshtja e legalizimeve nuk do jet\u00eb m\u00eb \u00e7\u00ebshtje elektorale\u201d, theksoi Lame.<\/p>\n<\/div>\n<div class=\"marg20B reklama-div position-27\"><\/div>\n<div class=\"marg20B reklama-div position-27\">Bota Sot<\/div>\n","protected":false},"excerpt":{"rendered":"<p>P\u00ebr p\u00ebrfaq\u00ebsuesit e kat\u00ebr vendeve, zgjidhja e k\u00ebtij problemi ka si q\u00ebllim p\u00ebrmir\u00ebsimin e jet\u00ebs s\u00eb qytetar\u00ebve P\u00ebr her\u00eb t\u00eb par\u00eb zgjidhja e \u00e7\u00ebshtjes s\u00eb legalizimeve, \u00ebsht\u00eb kthyer n\u00eb nj\u00eb \u00e7\u00ebshtje me r\u00ebnd\u00ebsi rajonale. Lidhur me problemin e nd\u00ebrtimeve informale, u zhvillua takimi rajonal, i cili mblodhi Shqip\u00ebrin\u00eb, Kosov\u00ebn, Malin e Zi dhe Maqedonin\u00eb. P\u00ebr [&hellip;]<\/p>\n","protected":false},"author":1,"featured_media":0,"comment_status":"closed","ping_status":"closed","sticky":false,"template":"","format":"standard","meta":{"spay_email":"","jetpack_publicize_message":"","jetpack_is_tweetstorm":false,"jetpack_publicize_feature_enabled":true},"categories":[14],"tags":[],"jetpack_publicize_connections":[],"yoast_head":"<!-- This site is optimized with the Yoast SEO plugin v19.1 - https:\/\/yoast.com\/wordpress\/plugins\/seo\/ -->\n<title>Nd\u00ebrtime pa leje n\u00eb Shqip\u00ebri, Kosov\u00eb, Mal t\u00eb Zi e Maqedoni - Lajme nga Ulqini<\/title>\n<meta name=\"description\" content=\"P\u00ebr p\u00ebrfaq\u00ebsuesit e kat\u00ebr vendeve, zgjidhja e k\u00ebtij problemi ka si q\u00ebllim p\u00ebrmir\u00ebsimin e jet\u00ebs s\u00eb qytetar\u00ebve P\u00ebr her\u00eb t\u00eb par\u00eb zgjidhja e \u00e7\u00ebshtjes s\u00eb\" \/>\n<meta name=\"robots\" content=\"index, follow, max-snippet:-1, max-image-preview:large, max-video-preview:-1\" \/>\n<link rel=\"canonical\" href=\"https:\/\/www.visit-ulcinj.com\/blog\/2015\/02\/28\/ndertime-pa-leje-ne-shqiperi-kosove-mal-te-zi-e-maqedoni\/\" \/>\n<meta property=\"og:locale\" content=\"en_US\" \/>\n<meta property=\"og:type\" content=\"article\" \/>\n<meta property=\"og:title\" content=\"Nd\u00ebrtime pa leje n\u00eb Shqip\u00ebri, Kosov\u00eb, Mal t\u00eb Zi e Maqedoni - Lajme nga Ulqini\" \/>\n<meta property=\"og:description\" content=\"P\u00ebr p\u00ebrfaq\u00ebsuesit e kat\u00ebr vendeve, zgjidhja e k\u00ebtij problemi ka si q\u00ebllim p\u00ebrmir\u00ebsimin e jet\u00ebs s\u00eb qytetar\u00ebve P\u00ebr her\u00eb t\u00eb par\u00eb zgjidhja e \u00e7\u00ebshtjes s\u00eb\" \/>\n<meta property=\"og:url\" content=\"https:\/\/www.visit-ulcinj.com\/blog\/2015\/02\/28\/ndertime-pa-leje-ne-shqiperi-kosove-mal-te-zi-e-maqedoni\/\" \/>\n<meta property=\"og:site_name\" content=\"Lajme nga Ulqini\" \/>\n<meta property=\"article:published_time\" content=\"2015-02-28T17:56:43+00:00\" \/>\n<meta name=\"twitter:label1\" content=\"Written by\" \/>\n\t<meta name=\"twitter:data1\" content=\"ulqini\" \/>\n\t<meta name=\"twitter:label2\" content=\"Est. reading time\" \/>\n\t<meta name=\"twitter:data2\" content=\"2 minutes\" \/>\n<script type=\"application\/ld+json\" class=\"yoast-schema-graph\">{\"@context\":\"https:\/\/schema.org\",\"@graph\":[{\"@type\":\"WebSite\",\"@id\":\"https:\/\/www.visit-ulcinj.com\/blog\/#website\",\"url\":\"https:\/\/www.visit-ulcinj.com\/blog\/\",\"name\":\"Lajme nga Ulqini\",\"description\":\"Lajme,Vijesti,Ulqini,Ulqin,Crna Gora,Mali i Zi\",\"potentialAction\":[{\"@type\":\"SearchAction\",\"target\":{\"@type\":\"EntryPoint\",\"urlTemplate\":\"https:\/\/www.visit-ulcinj.com\/blog\/?s={search_term_string}\"},\"query-input\":\"required name=search_term_string\"}],\"inLanguage\":\"en-US\"},{\"@type\":\"WebPage\",\"@id\":\"https:\/\/www.visit-ulcinj.com\/blog\/2015\/02\/28\/ndertime-pa-leje-ne-shqiperi-kosove-mal-te-zi-e-maqedoni\/#webpage\",\"url\":\"https:\/\/www.visit-ulcinj.com\/blog\/2015\/02\/28\/ndertime-pa-leje-ne-shqiperi-kosove-mal-te-zi-e-maqedoni\/\",\"name\":\"Nd\u00ebrtime pa leje n\u00eb Shqip\u00ebri, Kosov\u00eb, Mal t\u00eb Zi e Maqedoni - Lajme nga Ulqini\",\"isPartOf\":{\"@id\":\"https:\/\/www.visit-ulcinj.com\/blog\/#website\"},\"datePublished\":\"2015-02-28T17:56:43+00:00\",\"dateModified\":\"2015-02-28T17:56:43+00:00\",\"author\":{\"@id\":\"https:\/\/www.visit-ulcinj.com\/blog\/#\/schema\/person\/dcab619c614d3038751c63bc2aadc06d\"},\"description\":\"P\u00ebr p\u00ebrfaq\u00ebsuesit e kat\u00ebr vendeve, zgjidhja e k\u00ebtij problemi ka si q\u00ebllim p\u00ebrmir\u00ebsimin e jet\u00ebs s\u00eb qytetar\u00ebve P\u00ebr her\u00eb t\u00eb par\u00eb zgjidhja e \u00e7\u00ebshtjes s\u00eb\",\"breadcrumb\":{\"@id\":\"https:\/\/www.visit-ulcinj.com\/blog\/2015\/02\/28\/ndertime-pa-leje-ne-shqiperi-kosove-mal-te-zi-e-maqedoni\/#breadcrumb\"},\"inLanguage\":\"en-US\",\"potentialAction\":[{\"@type\":\"ReadAction\",\"target\":[\"https:\/\/www.visit-ulcinj.com\/blog\/2015\/02\/28\/ndertime-pa-leje-ne-shqiperi-kosove-mal-te-zi-e-maqedoni\/\"]}]},{\"@type\":\"BreadcrumbList\",\"@id\":\"https:\/\/www.visit-ulcinj.com\/blog\/2015\/02\/28\/ndertime-pa-leje-ne-shqiperi-kosove-mal-te-zi-e-maqedoni\/#breadcrumb\",\"itemListElement\":[{\"@type\":\"ListItem\",\"position\":1,\"name\":\"Nd\u00ebrtime pa leje n\u00eb Shqip\u00ebri, Kosov\u00eb, Mal t\u00eb Zi e Maqedoni\"}]},{\"@type\":\"Person\",\"@id\":\"https:\/\/www.visit-ulcinj.com\/blog\/#\/schema\/person\/dcab619c614d3038751c63bc2aadc06d\",\"name\":\"ulqini\",\"sameAs\":[\"http:\/\/www.visit-ulcinj.com\"],\"url\":\"https:\/\/www.visit-ulcinj.com\/blog\/author\/admin\/\"}]}<\/script>\n<!-- \/ Yoast SEO plugin. -->","yoast_head_json":{"title":"Nd\u00ebrtime pa leje n\u00eb Shqip\u00ebri, Kosov\u00eb, Mal t\u00eb Zi e Maqedoni - Lajme nga Ulqini","description":"P\u00ebr p\u00ebrfaq\u00ebsuesit e kat\u00ebr vendeve, zgjidhja e k\u00ebtij problemi ka si q\u00ebllim p\u00ebrmir\u00ebsimin e jet\u00ebs s\u00eb qytetar\u00ebve P\u00ebr her\u00eb t\u00eb par\u00eb zgjidhja e \u00e7\u00ebshtjes s\u00eb","robots":{"index":"index","follow":"follow","max-snippet":"max-snippet:-1","max-image-preview":"max-image-preview:large","max-video-preview":"max-video-preview:-1"},"canonical":"https:\/\/www.visit-ulcinj.com\/blog\/2015\/02\/28\/ndertime-pa-leje-ne-shqiperi-kosove-mal-te-zi-e-maqedoni\/","og_locale":"en_US","og_type":"article","og_title":"Nd\u00ebrtime pa leje n\u00eb Shqip\u00ebri, Kosov\u00eb, Mal t\u00eb Zi e Maqedoni - Lajme nga Ulqini","og_description":"P\u00ebr p\u00ebrfaq\u00ebsuesit e kat\u00ebr vendeve, zgjidhja e k\u00ebtij problemi ka si q\u00ebllim p\u00ebrmir\u00ebsimin e jet\u00ebs s\u00eb qytetar\u00ebve P\u00ebr her\u00eb t\u00eb par\u00eb zgjidhja e \u00e7\u00ebshtjes s\u00eb","og_url":"https:\/\/www.visit-ulcinj.com\/blog\/2015\/02\/28\/ndertime-pa-leje-ne-shqiperi-kosove-mal-te-zi-e-maqedoni\/","og_site_name":"Lajme nga Ulqini","article_published_time":"2015-02-28T17:56:43+00:00","twitter_misc":{"Written by":"ulqini","Est. reading time":"2 minutes"},"schema":{"@context":"https:\/\/schema.org","@graph":[{"@type":"WebSite","@id":"https:\/\/www.visit-ulcinj.com\/blog\/#website","url":"https:\/\/www.visit-ulcinj.com\/blog\/","name":"Lajme nga Ulqini","description":"Lajme,Vijesti,Ulqini,Ulqin,Crna Gora,Mali i Zi","potentialAction":[{"@type":"SearchAction","target":{"@type":"EntryPoint","urlTemplate":"https:\/\/www.visit-ulcinj.com\/blog\/?s={search_term_string}"},"query-input":"required name=search_term_string"}],"inLanguage":"en-US"},{"@type":"WebPage","@id":"https:\/\/www.visit-ulcinj.com\/blog\/2015\/02\/28\/ndertime-pa-leje-ne-shqiperi-kosove-mal-te-zi-e-maqedoni\/#webpage","url":"https:\/\/www.visit-ulcinj.com\/blog\/2015\/02\/28\/ndertime-pa-leje-ne-shqiperi-kosove-mal-te-zi-e-maqedoni\/","name":"Nd\u00ebrtime pa leje n\u00eb Shqip\u00ebri, Kosov\u00eb, Mal t\u00eb Zi e Maqedoni - Lajme nga Ulqini","isPartOf":{"@id":"https:\/\/www.visit-ulcinj.com\/blog\/#website"},"datePublished":"2015-02-28T17:56:43+00:00","dateModified":"2015-02-28T17:56:43+00:00","author":{"@id":"https:\/\/www.visit-ulcinj.com\/blog\/#\/schema\/person\/dcab619c614d3038751c63bc2aadc06d"},"description":"P\u00ebr p\u00ebrfaq\u00ebsuesit e kat\u00ebr vendeve, zgjidhja e k\u00ebtij problemi ka si q\u00ebllim p\u00ebrmir\u00ebsimin e jet\u00ebs s\u00eb qytetar\u00ebve P\u00ebr her\u00eb t\u00eb par\u00eb zgjidhja e \u00e7\u00ebshtjes s\u00eb","breadcrumb":{"@id":"https:\/\/www.visit-ulcinj.com\/blog\/2015\/02\/28\/ndertime-pa-leje-ne-shqiperi-kosove-mal-te-zi-e-maqedoni\/#breadcrumb"},"inLanguage":"en-US","potentialAction":[{"@type":"ReadAction","target":["https:\/\/www.visit-ulcinj.com\/blog\/2015\/02\/28\/ndertime-pa-leje-ne-shqiperi-kosove-mal-te-zi-e-maqedoni\/"]}]},{"@type":"BreadcrumbList","@id":"https:\/\/www.visit-ulcinj.com\/blog\/2015\/02\/28\/ndertime-pa-leje-ne-shqiperi-kosove-mal-te-zi-e-maqedoni\/#breadcrumb","itemListElement":[{"@type":"ListItem","position":1,"name":"Nd\u00ebrtime pa leje n\u00eb Shqip\u00ebri, Kosov\u00eb, Mal t\u00eb Zi e Maqedoni"}]},{"@type":"Person","@id":"https:\/\/www.visit-ulcinj.com\/blog\/#\/schema\/person\/dcab619c614d3038751c63bc2aadc06d","name":"ulqini","sameAs":["http:\/\/www.visit-ulcinj.com"],"url":"https:\/\/www.visit-ulcinj.com\/blog\/author\/admin\/"}]}},"jetpack_featured_media_url":"","jetpack_sharing_enabled":true,"jetpack_shortlink":"https:\/\/wp.me\/pe6lTn-n9O","_links":{"self":[{"href":"https:\/\/www.visit-ulcinj.com\/blog\/wp-json\/wp\/v2\/posts\/89020"}],"collection":[{"href":"https:\/\/www.visit-ulcinj.com\/blog\/wp-json\/wp\/v2\/posts"}],"about":[{"href":"https:\/\/www.visit-ulcinj.com\/blog\/wp-json\/wp\/v2\/types\/post"}],"author":[{"embeddable":true,"href":"https:\/\/www.visit-ulcinj.com\/blog\/wp-json\/wp\/v2\/users\/1"}],"replies":[{"embeddable":true,"href":"https:\/\/www.visit-ulcinj.com\/blog\/wp-json\/wp\/v2\/comments?post=89020"}],"version-history":[{"count":1,"href":"https:\/\/www.visit-ulcinj.com\/blog\/wp-json\/wp\/v2\/posts\/89020\/revisions"}],"predecessor-version":[{"id":89022,"href":"https:\/\/www.visit-ulcinj.com\/blog\/wp-json\/wp\/v2\/posts\/89020\/revisions\/89022"}],"wp:attachment":[{"href":"https:\/\/www.visit-ulcinj.com\/blog\/wp-json\/wp\/v2\/media?parent=89020"}],"wp:term":[{"taxonomy":"category","embeddable":true,"href":"https:\/\/www.visit-ulcinj.com\/blog\/wp-json\/wp\/v2\/categories?post=89020"},{"taxonomy":"post_tag","embeddable":true,"href":"https:\/\/www.visit-ulcinj.com\/blog\/wp-json\/wp\/v2\/tags?post=89020"}],"curies":[{"name":"wp","href":"https:\/\/api.w.org\/{rel}","templated":true}]}}