{"id":89023,"date":"2015-02-28T19:07:03","date_gmt":"2015-02-28T18:07:03","guid":{"rendered":"http:\/\/www.visit-ulcinj.com\/blog\/?p=89023"},"modified":"2015-02-28T19:07:03","modified_gmt":"2015-02-28T18:07:03","slug":"intervista-e-rralle-e-ismail-qemalit-isha-si-ne-burg","status":"publish","type":"post","link":"https:\/\/www.visit-ulcinj.com\/blog\/2015\/02\/28\/intervista-e-rralle-e-ismail-qemalit-isha-si-ne-burg\/","title":{"rendered":"Intervista e rrall\u00eb e Ismail Qemalit: Isha si n\u00eb burg"},"content":{"rendered":"<p><a href=\"http:\/\/www.visit-ulcinj.com\/blog\/wp-content\/uploads\/2015\/02\/Ismail-Qemali-me-delegacionin.shqiptar.jpg\"><img loading=\"lazy\" class=\"alignleft wp-image-89024\" src=\"http:\/\/www.visit-ulcinj.com\/blog\/wp-content\/uploads\/2015\/02\/Ismail-Qemali-me-delegacionin.shqiptar.jpg\" alt=\"Ismail-Qemali-me delegacionin.shqiptar\" width=\"508\" height=\"384\" \/><\/a>Kjo \u00ebsht\u00eb intervista q\u00eb Ismail bej Vlora i dha nj\u00eb gazetari italian n\u00eb Rom\u00eb m\u00eb 1 prill 1913, kat\u00ebr muaj pas shpalljes s\u00eb pavar\u00ebsis\u00eb. M\u00eb n\u00eb fund, Ismail beu kishte arritur t\u00eb dilte nga Vlora e bllokuar prej anijeve greke dhe t\u00eb vizitonte kryeqytetet e Evrop\u00ebs. Si\u00e7 e thot\u00eb edhe vet\u00eb, atij i ishte dukur sikur kishte dal\u00eb nga nj\u00eb burg i v\u00ebrtet\u00eb, i till\u00eb ishte ankthi q\u00eb kishte shkaktuar bllokada. Kishte mundur t\u00eb largohej me jahtin e nj\u00eb duke francez, i cili donte t\u00eb b\u00ebhej princ i Shqip\u00ebris\u00eb.<\/p>\n<p>Kjo fotografi tregon ndoshta \u00e7astin e largimit nga bregu i Vlor\u00ebs p\u00ebr t\u00eb hipur n\u00eb jaht. Periudha p\u00ebr t\u00eb cil\u00ebn flasim ka qen\u00eb nd\u00ebr m\u00eb t\u00eb v\u00ebshtirat n\u00eb historin\u00eb e Shqip\u00ebris\u00eb: Kosova ishte pushtuar, serb\u00ebt kishin ardhur deri n\u00eb Durr\u00ebs, Shkodra ishte e rrethuar nga Mali i Zi, nd\u00ebrsa grek\u00ebt, p\u00ebrve\u00e7se kishin bllokuar bregdetin jugor, kishin p\u00ebrparuar deri n\u00eb Tepelen\u00eb. N\u00eb k\u00ebt\u00eb situat\u00eb tragjike, ambasador\u00ebt e Fuqive t\u00eb M\u00ebdha debatonin n\u00eb Lond\u00ebr p\u00ebr t\u00eb p\u00ebrcaktuar kufijt\u00eb e Shqip\u00ebris\u00eb s\u00eb re.<\/p>\n<p><b>Intervista \u00ebsht\u00eb realizuar nga Achille De Bened\u00e9tti dhe botohet n\u00eb gazet\u00ebn Il Giornale d\u2019Italia t\u00eb dat\u00ebs 2 prill 1913.<\/b><\/p>\n<p>Ismail Qemali arriti t\u00eb largohej pardje nga Vlora me jahtin e Duk\u00ebs Montpensier. E takova sot n\u00eb m\u00ebngjes n\u00eb stacionin e trenit tek arrinte nga Bari, ku kishte l\u00ebn\u00eb Isa Boletinin, q\u00eb ishte pak i s\u00ebmur\u00eb, bashk\u00eb me djaloshin Luigj Gurakuqi, minist\u00ebr i arsimit. Qemal beu kishte ardhur me dy nga djemt\u00eb, q\u00eb e kan\u00eb shoq\u00ebruar n\u00eb t\u00eb gjitha k\u00ebto peripeci. Plaku i shquar dukej mjaft mir\u00eb. Ishte i g\u00ebzuar q\u00eb kishte mb\u00ebrritur n\u00eb Rom\u00eb pas ikjes nga Vlora.<\/p>\n<p><b>E pyes se si kaloi udh\u00ebtimi.<br \/>\n<\/b><br \/>\n-Shk\u00eblqyesh\u00ebm nga \u00e7do pik\u00ebpamje, \u2013 m\u00eb p\u00ebrgjigjet. Pak dit\u00eb m\u00eb par\u00eb arriti n\u00eb Vlor\u00eb \u2018Mekongu\u2019, jahti i Duk\u00ebs s\u00eb Montpensierit, me nj\u00eb flamur tregtar anglez. Duka menj\u00ebher\u00eb m\u00eb ftoi n\u00eb anijen e tij t\u00eb mrekullueshme dhe m\u00eb pyeti n\u00ebse d\u00ebshiroja t\u00eb vija n\u00eb Itali. Ishte fat i v\u00ebrtet\u00eb. Do t\u00eb kisha qen\u00eb i marr\u00eb po t\u00eb mos e kisha shfryt\u00ebzuar k\u00ebt\u00eb rast t\u00eb rrall\u00eb. P\u00ebr mua kjo do t\u00eb thoshte t\u00eb \u00e7lirohesha nga nj\u00eb burgim i \u00e7uditsh\u00ebm. Ishte edhe nj\u00eb mund\u00ebsi p\u00ebr ta ndihmuar pak m\u00eb nga af\u00ebr \u00e7\u00ebshtjen e vendit tim.<\/p>\n<p><b>-Po grek\u00ebt, nuk ju kap\u00ebn?<br \/>\n<\/b><br \/>\n-Jo. Ata na pan\u00eb shum\u00eb mir\u00eb. Pastaj, mos harroni se \u2018Mekongu\u2019 kishte ardhur nga Korfuzi. Po t\u00eb kishin dashur t\u00eb m\u00eb kapnin do ta kishin patur t\u00eb leht\u00eb. Un\u00eb nuk e fsheha aspak faktin q\u00eb po nisesha. Nj\u00eb torpedinier grek, i ngarkuar p\u00ebr bllokimin e bregdetit, na vuri re dhe na lejoi t\u00eb kalonim pa ndonj\u00eb problem. Udh\u00ebtimi shkoi mjaft mir\u00eb. Jahti i Duk\u00ebs \u00ebsht\u00eb v\u00ebrtet i mrekulluesh\u00ebm dhe jam i g\u00ebzuar q\u00eb arrita t\u00eb dal nga ky burgim pa asnj\u00eb shpenzim dhe n\u00eb kushte kaq t\u00eb mira.<\/p>\n<p><b>-Po miqt\u00eb tuaj t\u00eb Vlor\u00ebs, Shk\u00eblqesi, nuk pat\u00ebn kund\u00ebrshtim q\u00eb ju t\u00eb niseshit?<br \/>\n<\/b><br \/>\n-Ishin ata vet\u00eb q\u00eb m\u00eb k\u00ebshilluan t\u00eb p\u00ebrfitoja nga ky rast i papritur. Ata jan\u00eb t\u00eb bindur se \u00e7\u00ebshtja shqiptare nuk \u00ebsht\u00eb n\u00eb Vlor\u00eb, n\u00eb k\u00ebt\u00eb qytet ku liria u shpall n\u00eb nj\u00eb lloj burgu, por gjetk\u00eb, e sidomos n\u00eb Lond\u00ebr, ku diskutohet p\u00ebr fatet tona t\u00eb s\u00eb ardhmes. U kam l\u00ebn\u00eb udh\u00ebzime t\u00eb qarta miqve t\u00eb mi t\u00eb qeveris\u00eb, duke i b\u00ebr\u00eb t\u00eb reflektojn\u00eb p\u00ebr pasojat e r\u00ebnda q\u00eb do t\u00eb kishte vendi, n\u00eb qoft\u00ebse do t\u00eb nd\u00ebrmerrnin ndonj\u00eb akt t\u00eb nxituar apo n\u00ebse do t\u00eb fillonin ndonj\u00eb revolt\u00eb. Ata mu betuan dhe jam fare i qet\u00eb se bashkatdhetar\u00ebt e mi do t\u00eb mbajn\u00eb nj\u00eb q\u00ebndrim paq\u00ebsor, ashtu si\u00e7 i kam k\u00ebshilluar dhe si\u00e7 \u00ebsht\u00eb d\u00ebshira ime.<\/p>\n<p><b>-A kan\u00eb p\u00ebrparuar m\u00eb tej grek\u00ebt?<br \/>\n<\/b><br \/>\n-Jo. Nuk kan\u00eb p\u00ebrparuar p\u00ebrtej Tepelen\u00ebs. N\u00eb Tepelen\u00eb ndodhi di\u00e7ka me r\u00ebnd\u00ebsi, sepse turqit pren\u00eb ur\u00ebn p\u00ebr t\u00eb penguar pushtimin. Pra, grek\u00ebt nuk kan\u00eb shkuar m\u00eb tutje se Tepelena. Ata e din\u00eb se Vlora \u00ebsht\u00eb e paprekshme, sidomos p\u00ebr shkak t\u00eb vullnetit t\u00eb Italis\u00eb, por edhe t\u00eb Austris\u00eb.<\/p>\n<p><b>-Po Beratin nuk e kan\u00eb pushtuar?<br \/>\n<\/b><br \/>\n-Jo. N\u00eb t\u00eb gjith\u00eb sanxhakun e Beratit, nuk kan\u00eb shkuar p\u00ebrtej Tepelen\u00ebs.<\/p>\n<p><b>-Si ishte gjendja n\u00eb Vlor\u00eb kur u larguat?<br \/>\n<\/b><br \/>\n-Shum\u00eb e qet\u00eb. Nuk ka patur v\u00ebshtir\u00ebsi t\u00eb tjera t\u00eb brendshme, p\u00ebrve\u00e7 ankthit t\u00eb bllokad\u00ebs detare q\u00eb na ka izoluar dhe na ka b\u00ebr\u00eb t\u00eb na mungojn\u00eb disa element\u00eb baz\u00eb t\u00eb jetes\u00ebs. Ka ndodhur vet\u00ebm di\u00e7ka q\u00eb \u00ebsht\u00eb v\u00ebrtet p\u00ebr t\u2019u sh\u00ebnuar: ardhja e nj\u00eb oficeri austriak me veshje civile, i shoq\u00ebruar nga nj\u00eb prift dhe nj\u00eb marinar.<\/p>\n<p><b>-Si arriti t\u00eb vij\u00eb?<br \/>\n<\/b><br \/>\n-Ai zbarkoi n\u00eb gryk\u00ebn e Semanit me nj\u00eb anije t\u00eb kompanis\u00eb Lloyd dhe, prej andej, erdhi n\u00eb Vlor\u00eb me nj\u00eb bark\u00eb me rrema. Ju e dini se n\u00eb Vlor\u00eb ekziston nj\u00eb element q\u00eb nuk e d\u00ebshiron pavar\u00ebsin\u00eb e past\u00ebr t\u00eb Shqip\u00ebris\u00eb. Ky element gjithnj\u00eb m\u00eb ka luftuar dhe \u00ebsht\u00eb p\u00ebrpjekur t\u00eb m\u00eb krijoj\u00eb v\u00ebshtir\u00ebsi. Oficeri q\u00eb erdhi tha se ishte n\u00eb gjendje t\u00eb armatoste popullat\u00ebn dhe t\u00eb na dhuronte arm\u00eb. Mir\u00ebpo un\u00eb nuk e pata t\u00eb v\u00ebshtir\u00eb t\u2019i shpjegoja popullit se ne nuk kishim nevoj\u00eb p\u00ebr makinacione t\u00eb tilla dhe se mund ta realizonim sigurin\u00eb e vendit ton\u00eb me besimin tek mbrojtja q\u00eb na jep Evropa.<\/p>\n<p><b>-N\u00eb Itali shtypi ka patur nj\u00eb lajm p\u00ebr k\u00ebto q\u00ebllime t\u00eb austriak\u00ebve n\u00eb Vlor\u00eb\u2026<br \/>\n<\/b><br \/>\n-At\u00ebher\u00eb ky lajm, \u2013 tha duke buz\u00ebqeshur Qemal beu, \u2013 nuk qenka i ri p\u00ebr ju. Megjithat\u00eb, un\u00eb e njoh politik\u00ebn e Vjen\u00ebs dhe gjithsesi i jam mir\u00ebnjoh\u00ebs edhe Austris\u00eb p\u00ebr interesimin ndaj Shqip\u00ebris\u00eb. Nga ana tjet\u00ebr kuptoj edhe ndryshimin mes dy politikave, t\u00eb Vjen\u00ebs dhe t\u00eb Rom\u00ebs\u2026<\/p>\n<p>N\u00eb k\u00ebt\u00eb pik\u00eb, Qemal beu u zhyt n\u00eb nj\u00eb heshtje diplomatike.<\/p>\n<p><b>-Po v\u00ebshtir\u00ebsit\u00eb q\u00eb ju krijon bllokada p\u00ebr t\u2019u ushqyer?<br \/>\n<\/b><br \/>\n-Oh, m\u00eb mir\u00eb t\u00eb mos flasim p\u00ebr k\u00ebt\u00eb. \u00cbsht\u00eb di\u00e7ka q\u00eb t\u00eb shkakton ankth. Jam i g\u00ebzuar q\u00eb ndodhem n\u00eb Itali edhe sepse do t\u2019i k\u00ebrkoj si qeveris\u00eb suaj ashtu edhe ambasador\u00ebve t\u00eb Fuqive t\u00eb M\u00ebdha apo ministrit t\u00eb Greqis\u00eb q\u00eb t\u2019i japin fund k\u00ebsaj mase kaq t\u00eb sh\u00ebmtuar dhe t\u00eb kot\u00eb. Pas 20 dit\u00ebsh, Vlora do t\u00eb jet\u00eb n\u00eb uri t\u00eb plot\u00eb. Kemi b\u00ebr\u00eb mrekulli q\u00eb kemi arritur ta mbajm\u00eb popullin gjall\u00eb deri tani. Por nuk \u00ebsht\u00eb e mundur t\u00eb vazhdojm\u00eb m\u00eb tej n\u00eb k\u00ebt\u00eb gjendje. Ekzistojn\u00eb tashm\u00eb arsye humanitare, p\u00ebt t\u00eb cilat bllokad\u00ebs duhet t\u2019i jepet fund. Duke e vazhduar bllokimin e Vlor\u00ebs, grek\u00ebt po tregohen t\u00eb padrejt\u00eb, n\u00eb kund\u00ebrshtim t\u00eb plot\u00eb me qytet\u00ebrimin e tyre. P\u00ebrse duan t\u00eb trullosin me katastrof\u00ebn e uris\u00eb nj\u00eb popullsi q\u00eb nuk i b\u00ebn keq ndokujt me asnjan\u00ebsin\u00eb e saj? Asnj\u00eb arsye nuk mund ta p\u00ebrligj\u00eb bllokimin e Vlor\u00ebs.<\/p>\n<p><b>-A nuk \u00ebsht\u00eb e v\u00ebrtet\u00eb q\u00eb aty v\u00ebrtiten trupa t\u00eb Xhavit pash\u00ebs?<br \/>\n<\/b><br \/>\n-Jan\u00eb thjesht ushtar\u00eb t\u00eb \u00e7rregullt n\u00eb gjendje t\u00eb mjer\u00eb, q\u00eb nuk p\u00ebrb\u00ebjn\u00eb asnj\u00eb shqet\u00ebsim ushtarak. Xhavit pasha ndodhet n\u00eb Lushnje af\u00ebr Shkumbinit n\u00eb kushte v\u00ebrtet tragjike dhe nuk mund t\u00eb nd\u00ebrmarr\u00eb asnj\u00eb lloj veprimi kund\u00ebr grek\u00ebve, as t\u2019i d\u00ebboj\u00eb nga pozicionet q\u00eb kan\u00eb kapur. T\u00eb pakt\u00ebn tani, grek\u00ebt zot\u00ebrojn\u00eb Sarand\u00ebn dhe t\u00eb gjitha pikat e bregdetit t\u00eb bllokuar. Ata kan\u00eb deklaruar se nuk do ta prekin Vlor\u00ebn, sepse ky \u00ebsht\u00eb vullneti i dy fuqive t\u00eb Adriatikut, prandaj nuk duhet t\u2019i bien n\u00eb qaf\u00eb asaj me pretekstin e bllokad\u00ebs. Shpresoj t\u00eb b\u00ebj t\u00eb ditur arsyet humanitare q\u00eb k\u00ebrkojn\u00eb heqjen e bllokad\u00ebs.<\/p>\n<p>Pastaj, Qemal beu m\u00eb k\u00ebrkoi t\u2019i tregoja t\u00eb rejat e fundit nga Konferenca e Londr\u00ebs p\u00ebr Shqip\u00ebrin\u00eb. P\u00ebrsa u p\u00ebrket kufijve jugor\u00eb t\u00eb Shqip\u00ebris\u00eb, i shpjegova se cila ishte teza e grek\u00ebve, t\u00eb cil\u00ebt k\u00ebrkonin Kor\u00e7\u00ebn, K\u00eblcyr\u00ebn, Tepelen\u00ebn si dhe Gjirokastr\u00ebn e Sarand\u00ebn.<\/p>\n<p>-Po kjo \u00ebsht\u00eb si t\u2019i pres\u00ebsh krah\u00ebt e k\u00ebmb\u00ebt Shqip\u00ebris\u00eb, \u2013 thirri Qemal beu. T\u00eb shpresojm\u00eb se vullneti i Evrop\u00ebs, i cili nj\u00eb dit\u00eb do t\u00eb triumfoj\u00eb, do t\u00eb \u00e7oj\u00eb n\u00eb integritetin e popullatave q\u00eb jan\u00eb shqiptare t\u00eb pastra. \u00cbsht\u00eb v\u00ebrtet e \u00e7uditshme q\u00eb grek\u00ebt mendokan t\u00eb marrin edhe Kor\u00e7\u00ebn!<\/p>\n<p><b>-Cilat jan\u00eb marr\u00ebdh\u00ebniet e tanishme mes Turqis\u00eb dhe Shqip\u00ebris\u00eb?<br \/>\n<\/b><br \/>\n-Jan\u00eb krejt\u00ebsisht paq\u00ebsore. Kemi marr\u00eb n\u00eb Vlor\u00eb komunikat\u00ebn zyrtare t\u00eb Vezirit t\u00eb Madh, me t\u00eb cil\u00ebn njihet pavar\u00ebsia shqiptare dhe e drejta e flamurit ton\u00eb. Me k\u00ebt\u00eb mori p\u00ebrgjigje fyerja e madhe, q\u00eb trupat e Xhavit pash\u00ebs i b\u00ebn\u00eb flamurit ton\u00eb n\u00eb Tepelen\u00eb. Qeveria turke nisi nj\u00eb hetim dhe i b\u00ebri me dije mytesarifit t\u00eb Beratit se ajo e njihte tashm\u00eb autonomin\u00eb ton\u00eb dhe u k\u00ebrkoi autoriteteve t\u00eb fundit turke t\u00eb mbetura n\u00eb territorin shqiptar t\u00eb respektonin emblem\u00ebn ton\u00eb.<\/p>\n<p><b>-A u zgjidh \u00e7\u00ebshtja e princit t\u00eb shtetit tuaj?<br \/>\n<\/b><br \/>\n-Oh! \u00c7\u00ebshtja e pretendent\u00ebve t\u00eb fronit, apo e principat\u00ebs s\u00eb Shqip\u00ebris\u00eb ka rrezik t\u00eb fryhet tej mase. Pata rastin t\u00eb takohem me Duk\u00ebn e Montpensierit, i cili me ndihm\u00ebn e tij humanitare m\u00eb nxori nga gjendja e \u00e7uditshme n\u00eb t\u00eb cil\u00ebn ndodhesha. Natyrisht, i shpreha atij gjith\u00eb mir\u00ebnjohjen time p\u00ebr k\u00ebt\u00eb akt fisnik dhe i thash\u00eb se Shqip\u00ebria do ta kishte p\u00ebr nder n\u00ebse do t\u00eb kishte n\u00eb krye t\u00eb saj pasardh\u00ebsin e nj\u00eb familjeje t\u00eb shquar dhe historike. Por i thash\u00eb gjithashtu, p\u00ebr hir t\u00eb sinqeritetit, se ende nuk ishte koha p\u00ebr t\u00eb menduar mbi \u00e7\u00ebshtjen e princit, e cila do t\u00eb duhej t\u00eb zgjidhej m\u00eb von\u00eb.<\/p>\n<p><b>-\u00c7\u2019mendoni, Shk\u00eblqesi, mbi \u00e7\u00ebshtjen e Shkodr\u00ebs?<br \/>\n<\/b><br \/>\n-Mund ta merrni vet\u00eb me mend. Mendoj se \u00e7\u00ebshtja e Shkodr\u00ebs \u00ebsht\u00eb tani n\u00eb rrug\u00ebn e zgjidhjes. Q\u00ebndrimi i Malit t\u00eb Zi nuk m\u00eb duket se ka shanse p\u00ebr sukses. Jan\u00eb mjaft t\u00eb njohura arsyet se p\u00ebrse Shkodra duhet t\u2019i mbetet Shqip\u00ebris\u00eb. Fuqit\u00eb e M\u00ebdha, t\u00eb cilat e kuptojn\u00eb plot\u00ebsisht nevoj\u00ebn e nj\u00eb vendimi t\u00eb till\u00eb, kan\u00eb r\u00ebn\u00eb tashm\u00eb dakord ta b\u00ebjn\u00eb Malin e Zi t\u00eb t\u00ebrhiqet.<\/p>\n<p><b>-A e keni lexuar telegramin e mbretit Nikoll\u00eb, i cili flet p\u00ebr k\u00ebshtjell\u00ebn e krishterimit q\u00eb duhet t\u2019i kund\u00ebrvihet islamizmit?<br \/>\n<\/b><br \/>\n-Pik\u00ebrisht k\u00ebtu q\u00ebndron edhe dob\u00ebsia e tez\u00ebs malazeze. Si mund t\u00eb mendoj\u00eb mbreti Nikoll\u00eb t\u00eb imponoj\u00eb me arm\u00eb dhe me dhun\u00eb konvertimin fetar t\u00eb mysliman\u00ebve shqiptar\u00eb? A e ka menduar ai se duhet t\u00eb p\u00ebrgatitet p\u00ebr shum\u00eb e shum\u00eb luftra t\u00eb p\u00ebrgjakshme? Megjithat\u00eb, un\u00eb besoj se m\u00eb n\u00eb fund Mali i Zi do t\u00eb t\u00ebrhiqet p\u00ebrpara vullnetit t\u00eb Evrop\u00ebs. Jam i g\u00ebzuar, \u2013 p\u00ebrfundoi Qemal beu, \u2013 q\u00eb munda t\u00eb dal nga Vlora p\u00ebr t\u00eb mbrojtur m\u00eb tej t\u00eb drejtat e Shqip\u00ebris\u00eb n\u00eb kryeqytetet evropiane, n\u00eb qytetin tuaj e sidomos n\u00eb Lond\u00ebr. Me sa duket Peja, Prizreni dhe Gjakova jan\u00eb t\u00eb humbura, por ka disa territore q\u00eb ende mund t\u00eb shp\u00ebtohen. Dhe k\u00ebt\u00eb do t\u00eb p\u00ebrpiqem t\u00eb b\u00ebj me besimin tek t\u00eb drejtat e shenjta t\u00eb popullit tim.<\/p>\n<p>Pas disa dit\u00ebsh, Ismail Qemal beu do t\u00eb niset p\u00ebr n\u00eb Lond\u00ebr. Atje ai do t\u00eb p\u00ebrpiqet t\u00eb mbroj\u00eb \u00e7\u00ebshtjen e paqes jo vet\u00ebm n\u00eb interes t\u00eb vendit t\u00eb tij, por sadopak edhe t\u00eb Evrop\u00ebs, e cila, n\u00eb \u00e7\u00ebshtjen shqiptare, mund t\u00eb shoh\u00eb d\u00ebshtimin e p\u00ebrpjekjeve t\u00eb saj p\u00ebr ruajtjen e paqes. Ai po fillon k\u00ebshtu nj\u00eb pelegrinazh politik n\u00ebp\u00ebr kryeqytetet e Evrop\u00ebs, ku Roma \u00ebsht\u00eb etapa e par\u00eb e r\u00ebnd\u00ebsishme.<\/p>\n<p>Bota Sot<\/p>\n","protected":false},"excerpt":{"rendered":"<p>Kjo \u00ebsht\u00eb intervista q\u00eb Ismail bej Vlora i dha nj\u00eb gazetari italian n\u00eb Rom\u00eb m\u00eb 1 prill 1913, kat\u00ebr muaj pas shpalljes s\u00eb pavar\u00ebsis\u00eb. M\u00eb n\u00eb fund, Ismail beu kishte arritur t\u00eb dilte nga Vlora e bllokuar prej anijeve greke dhe t\u00eb vizitonte kryeqytetet e Evrop\u00ebs. Si\u00e7 e thot\u00eb edhe vet\u00eb, atij i ishte dukur [&hellip;]<\/p>\n","protected":false},"author":1,"featured_media":0,"comment_status":"closed","ping_status":"closed","sticky":false,"template":"","format":"standard","meta":{"spay_email":"","jetpack_publicize_message":"","jetpack_is_tweetstorm":false,"jetpack_publicize_feature_enabled":true},"categories":[13],"tags":[],"jetpack_publicize_connections":[],"yoast_head":"<!-- This site is optimized with the Yoast SEO plugin v19.1 - https:\/\/yoast.com\/wordpress\/plugins\/seo\/ -->\n<title>Intervista e rrall\u00eb e Ismail Qemalit: Isha si n\u00eb burg - Lajme nga Ulqini<\/title>\n<meta name=\"description\" content=\"Kjo \u00ebsht\u00eb intervista q\u00eb Ismail bej Vlora i dha nj\u00eb gazetari italian n\u00eb Rom\u00eb m\u00eb 1 prill 1913, kat\u00ebr muaj pas shpalljes s\u00eb pavar\u00ebsis\u00eb. M\u00eb n\u00eb fund, Ismail\" \/>\n<meta name=\"robots\" content=\"index, follow, max-snippet:-1, max-image-preview:large, max-video-preview:-1\" \/>\n<link rel=\"canonical\" href=\"https:\/\/www.visit-ulcinj.com\/blog\/2015\/02\/28\/intervista-e-rralle-e-ismail-qemalit-isha-si-ne-burg\/\" \/>\n<meta property=\"og:locale\" content=\"en_US\" \/>\n<meta property=\"og:type\" content=\"article\" \/>\n<meta property=\"og:title\" content=\"Intervista e rrall\u00eb e Ismail Qemalit: Isha si n\u00eb burg - Lajme nga Ulqini\" \/>\n<meta property=\"og:description\" content=\"Kjo \u00ebsht\u00eb intervista q\u00eb Ismail bej Vlora i dha nj\u00eb gazetari italian n\u00eb Rom\u00eb m\u00eb 1 prill 1913, kat\u00ebr muaj pas shpalljes s\u00eb pavar\u00ebsis\u00eb. M\u00eb n\u00eb fund, Ismail\" \/>\n<meta property=\"og:url\" content=\"https:\/\/www.visit-ulcinj.com\/blog\/2015\/02\/28\/intervista-e-rralle-e-ismail-qemalit-isha-si-ne-burg\/\" \/>\n<meta property=\"og:site_name\" content=\"Lajme nga Ulqini\" \/>\n<meta property=\"article:published_time\" content=\"2015-02-28T18:07:03+00:00\" \/>\n<meta property=\"og:image\" content=\"http:\/\/www.visit-ulcinj.com\/blog\/wp-content\/uploads\/2015\/02\/Ismail-Qemali-me-delegacionin.shqiptar.jpg\" \/>\n<meta name=\"twitter:label1\" content=\"Written by\" \/>\n\t<meta name=\"twitter:data1\" content=\"ulqini\" \/>\n\t<meta name=\"twitter:label2\" content=\"Est. reading time\" \/>\n\t<meta name=\"twitter:data2\" content=\"10 minutes\" \/>\n<script type=\"application\/ld+json\" class=\"yoast-schema-graph\">{\"@context\":\"https:\/\/schema.org\",\"@graph\":[{\"@type\":\"WebSite\",\"@id\":\"https:\/\/www.visit-ulcinj.com\/blog\/#website\",\"url\":\"https:\/\/www.visit-ulcinj.com\/blog\/\",\"name\":\"Lajme nga Ulqini\",\"description\":\"Lajme,Vijesti,Ulqini,Ulqin,Crna Gora,Mali i Zi\",\"potentialAction\":[{\"@type\":\"SearchAction\",\"target\":{\"@type\":\"EntryPoint\",\"urlTemplate\":\"https:\/\/www.visit-ulcinj.com\/blog\/?s={search_term_string}\"},\"query-input\":\"required name=search_term_string\"}],\"inLanguage\":\"en-US\"},{\"@type\":\"ImageObject\",\"inLanguage\":\"en-US\",\"@id\":\"https:\/\/www.visit-ulcinj.com\/blog\/2015\/02\/28\/intervista-e-rralle-e-ismail-qemalit-isha-si-ne-burg\/#primaryimage\",\"url\":\"http:\/\/www.visit-ulcinj.com\/blog\/wp-content\/uploads\/2015\/02\/Ismail-Qemali-me-delegacionin.shqiptar.jpg\",\"contentUrl\":\"http:\/\/www.visit-ulcinj.com\/blog\/wp-content\/uploads\/2015\/02\/Ismail-Qemali-me-delegacionin.shqiptar.jpg\"},{\"@type\":\"WebPage\",\"@id\":\"https:\/\/www.visit-ulcinj.com\/blog\/2015\/02\/28\/intervista-e-rralle-e-ismail-qemalit-isha-si-ne-burg\/#webpage\",\"url\":\"https:\/\/www.visit-ulcinj.com\/blog\/2015\/02\/28\/intervista-e-rralle-e-ismail-qemalit-isha-si-ne-burg\/\",\"name\":\"Intervista e rrall\u00eb e Ismail Qemalit: Isha si n\u00eb burg - Lajme nga Ulqini\",\"isPartOf\":{\"@id\":\"https:\/\/www.visit-ulcinj.com\/blog\/#website\"},\"primaryImageOfPage\":{\"@id\":\"https:\/\/www.visit-ulcinj.com\/blog\/2015\/02\/28\/intervista-e-rralle-e-ismail-qemalit-isha-si-ne-burg\/#primaryimage\"},\"datePublished\":\"2015-02-28T18:07:03+00:00\",\"dateModified\":\"2015-02-28T18:07:03+00:00\",\"author\":{\"@id\":\"https:\/\/www.visit-ulcinj.com\/blog\/#\/schema\/person\/dcab619c614d3038751c63bc2aadc06d\"},\"description\":\"Kjo \u00ebsht\u00eb intervista q\u00eb Ismail bej Vlora i dha nj\u00eb gazetari italian n\u00eb Rom\u00eb m\u00eb 1 prill 1913, kat\u00ebr muaj pas shpalljes s\u00eb pavar\u00ebsis\u00eb. M\u00eb n\u00eb fund, Ismail\",\"breadcrumb\":{\"@id\":\"https:\/\/www.visit-ulcinj.com\/blog\/2015\/02\/28\/intervista-e-rralle-e-ismail-qemalit-isha-si-ne-burg\/#breadcrumb\"},\"inLanguage\":\"en-US\",\"potentialAction\":[{\"@type\":\"ReadAction\",\"target\":[\"https:\/\/www.visit-ulcinj.com\/blog\/2015\/02\/28\/intervista-e-rralle-e-ismail-qemalit-isha-si-ne-burg\/\"]}]},{\"@type\":\"BreadcrumbList\",\"@id\":\"https:\/\/www.visit-ulcinj.com\/blog\/2015\/02\/28\/intervista-e-rralle-e-ismail-qemalit-isha-si-ne-burg\/#breadcrumb\",\"itemListElement\":[{\"@type\":\"ListItem\",\"position\":1,\"name\":\"Intervista e rrall\u00eb e Ismail Qemalit: Isha si n\u00eb burg\"}]},{\"@type\":\"Person\",\"@id\":\"https:\/\/www.visit-ulcinj.com\/blog\/#\/schema\/person\/dcab619c614d3038751c63bc2aadc06d\",\"name\":\"ulqini\",\"sameAs\":[\"http:\/\/www.visit-ulcinj.com\"],\"url\":\"https:\/\/www.visit-ulcinj.com\/blog\/author\/admin\/\"}]}<\/script>\n<!-- \/ Yoast SEO plugin. -->","yoast_head_json":{"title":"Intervista e rrall\u00eb e Ismail Qemalit: Isha si n\u00eb burg - Lajme nga Ulqini","description":"Kjo \u00ebsht\u00eb intervista q\u00eb Ismail bej Vlora i dha nj\u00eb gazetari italian n\u00eb Rom\u00eb m\u00eb 1 prill 1913, kat\u00ebr muaj pas shpalljes s\u00eb pavar\u00ebsis\u00eb. M\u00eb n\u00eb fund, Ismail","robots":{"index":"index","follow":"follow","max-snippet":"max-snippet:-1","max-image-preview":"max-image-preview:large","max-video-preview":"max-video-preview:-1"},"canonical":"https:\/\/www.visit-ulcinj.com\/blog\/2015\/02\/28\/intervista-e-rralle-e-ismail-qemalit-isha-si-ne-burg\/","og_locale":"en_US","og_type":"article","og_title":"Intervista e rrall\u00eb e Ismail Qemalit: Isha si n\u00eb burg - Lajme nga Ulqini","og_description":"Kjo \u00ebsht\u00eb intervista q\u00eb Ismail bej Vlora i dha nj\u00eb gazetari italian n\u00eb Rom\u00eb m\u00eb 1 prill 1913, kat\u00ebr muaj pas shpalljes s\u00eb pavar\u00ebsis\u00eb. M\u00eb n\u00eb fund, Ismail","og_url":"https:\/\/www.visit-ulcinj.com\/blog\/2015\/02\/28\/intervista-e-rralle-e-ismail-qemalit-isha-si-ne-burg\/","og_site_name":"Lajme nga Ulqini","article_published_time":"2015-02-28T18:07:03+00:00","og_image":[{"url":"http:\/\/www.visit-ulcinj.com\/blog\/wp-content\/uploads\/2015\/02\/Ismail-Qemali-me-delegacionin.shqiptar.jpg"}],"twitter_misc":{"Written by":"ulqini","Est. reading time":"10 minutes"},"schema":{"@context":"https:\/\/schema.org","@graph":[{"@type":"WebSite","@id":"https:\/\/www.visit-ulcinj.com\/blog\/#website","url":"https:\/\/www.visit-ulcinj.com\/blog\/","name":"Lajme nga Ulqini","description":"Lajme,Vijesti,Ulqini,Ulqin,Crna Gora,Mali i Zi","potentialAction":[{"@type":"SearchAction","target":{"@type":"EntryPoint","urlTemplate":"https:\/\/www.visit-ulcinj.com\/blog\/?s={search_term_string}"},"query-input":"required name=search_term_string"}],"inLanguage":"en-US"},{"@type":"ImageObject","inLanguage":"en-US","@id":"https:\/\/www.visit-ulcinj.com\/blog\/2015\/02\/28\/intervista-e-rralle-e-ismail-qemalit-isha-si-ne-burg\/#primaryimage","url":"http:\/\/www.visit-ulcinj.com\/blog\/wp-content\/uploads\/2015\/02\/Ismail-Qemali-me-delegacionin.shqiptar.jpg","contentUrl":"http:\/\/www.visit-ulcinj.com\/blog\/wp-content\/uploads\/2015\/02\/Ismail-Qemali-me-delegacionin.shqiptar.jpg"},{"@type":"WebPage","@id":"https:\/\/www.visit-ulcinj.com\/blog\/2015\/02\/28\/intervista-e-rralle-e-ismail-qemalit-isha-si-ne-burg\/#webpage","url":"https:\/\/www.visit-ulcinj.com\/blog\/2015\/02\/28\/intervista-e-rralle-e-ismail-qemalit-isha-si-ne-burg\/","name":"Intervista e rrall\u00eb e Ismail Qemalit: Isha si n\u00eb burg - Lajme nga Ulqini","isPartOf":{"@id":"https:\/\/www.visit-ulcinj.com\/blog\/#website"},"primaryImageOfPage":{"@id":"https:\/\/www.visit-ulcinj.com\/blog\/2015\/02\/28\/intervista-e-rralle-e-ismail-qemalit-isha-si-ne-burg\/#primaryimage"},"datePublished":"2015-02-28T18:07:03+00:00","dateModified":"2015-02-28T18:07:03+00:00","author":{"@id":"https:\/\/www.visit-ulcinj.com\/blog\/#\/schema\/person\/dcab619c614d3038751c63bc2aadc06d"},"description":"Kjo \u00ebsht\u00eb intervista q\u00eb Ismail bej Vlora i dha nj\u00eb gazetari italian n\u00eb Rom\u00eb m\u00eb 1 prill 1913, kat\u00ebr muaj pas shpalljes s\u00eb pavar\u00ebsis\u00eb. M\u00eb n\u00eb fund, Ismail","breadcrumb":{"@id":"https:\/\/www.visit-ulcinj.com\/blog\/2015\/02\/28\/intervista-e-rralle-e-ismail-qemalit-isha-si-ne-burg\/#breadcrumb"},"inLanguage":"en-US","potentialAction":[{"@type":"ReadAction","target":["https:\/\/www.visit-ulcinj.com\/blog\/2015\/02\/28\/intervista-e-rralle-e-ismail-qemalit-isha-si-ne-burg\/"]}]},{"@type":"BreadcrumbList","@id":"https:\/\/www.visit-ulcinj.com\/blog\/2015\/02\/28\/intervista-e-rralle-e-ismail-qemalit-isha-si-ne-burg\/#breadcrumb","itemListElement":[{"@type":"ListItem","position":1,"name":"Intervista e rrall\u00eb e Ismail Qemalit: Isha si n\u00eb burg"}]},{"@type":"Person","@id":"https:\/\/www.visit-ulcinj.com\/blog\/#\/schema\/person\/dcab619c614d3038751c63bc2aadc06d","name":"ulqini","sameAs":["http:\/\/www.visit-ulcinj.com"],"url":"https:\/\/www.visit-ulcinj.com\/blog\/author\/admin\/"}]}},"jetpack_featured_media_url":"","jetpack_sharing_enabled":true,"jetpack_shortlink":"https:\/\/wp.me\/pe6lTn-n9R","_links":{"self":[{"href":"https:\/\/www.visit-ulcinj.com\/blog\/wp-json\/wp\/v2\/posts\/89023"}],"collection":[{"href":"https:\/\/www.visit-ulcinj.com\/blog\/wp-json\/wp\/v2\/posts"}],"about":[{"href":"https:\/\/www.visit-ulcinj.com\/blog\/wp-json\/wp\/v2\/types\/post"}],"author":[{"embeddable":true,"href":"https:\/\/www.visit-ulcinj.com\/blog\/wp-json\/wp\/v2\/users\/1"}],"replies":[{"embeddable":true,"href":"https:\/\/www.visit-ulcinj.com\/blog\/wp-json\/wp\/v2\/comments?post=89023"}],"version-history":[{"count":1,"href":"https:\/\/www.visit-ulcinj.com\/blog\/wp-json\/wp\/v2\/posts\/89023\/revisions"}],"predecessor-version":[{"id":89025,"href":"https:\/\/www.visit-ulcinj.com\/blog\/wp-json\/wp\/v2\/posts\/89023\/revisions\/89025"}],"wp:attachment":[{"href":"https:\/\/www.visit-ulcinj.com\/blog\/wp-json\/wp\/v2\/media?parent=89023"}],"wp:term":[{"taxonomy":"category","embeddable":true,"href":"https:\/\/www.visit-ulcinj.com\/blog\/wp-json\/wp\/v2\/categories?post=89023"},{"taxonomy":"post_tag","embeddable":true,"href":"https:\/\/www.visit-ulcinj.com\/blog\/wp-json\/wp\/v2\/tags?post=89023"}],"curies":[{"name":"wp","href":"https:\/\/api.w.org\/{rel}","templated":true}]}}