{"id":89026,"date":"2015-02-28T23:10:13","date_gmt":"2015-02-28T22:10:13","guid":{"rendered":"http:\/\/www.visit-ulcinj.com\/blog\/?p=89026"},"modified":"2015-03-02T08:55:27","modified_gmt":"2015-03-02T07:55:27","slug":"memoriam-xhevdet-xho-abazi","status":"publish","type":"post","link":"https:\/\/www.visit-ulcinj.com\/blog\/2015\/02\/28\/memoriam-xhevdet-xho-abazi\/","title":{"rendered":"IN MEMORIAM Xhevdet &#8211; Xho ABAZI"},"content":{"rendered":"<p><a href=\"http:\/\/www.visit-ulcinj.com\/blog\/wp-content\/uploads\/2015\/02\/Xhevdet-Xho-ABAZI.jpg\"><img loading=\"lazy\" class=\"alignleft wp-image-89027\" src=\"http:\/\/www.visit-ulcinj.com\/blog\/wp-content\/uploads\/2015\/02\/Xhevdet-Xho-ABAZI.jpg\" alt=\"Xhevdet - Xho ABAZI\" width=\"508\" height=\"573\" srcset=\"https:\/\/www.visit-ulcinj.com\/blog\/wp-content\/uploads\/2015\/02\/Xhevdet-Xho-ABAZI.jpg 313w, https:\/\/www.visit-ulcinj.com\/blog\/wp-content\/uploads\/2015\/02\/Xhevdet-Xho-ABAZI-266x300.jpg 266w\" sizes=\"(max-width: 508px) 100vw, 508px\" \/><\/a>Sot n\u00eb mosh\u00ebn 72 vje\u00e7are ndroi jet\u00eb Xhevdet &#8211; Xho ABAZI nj\u00ebri nga m\u00eb t\u00eb mir\u00ebt, nga ajo plejada e art e pun\u00ebtor\u00ebve t\u00eb turizmit ton\u00eb t\u00eb shekullit t\u00eb kaluar. Xhaudeti ka l\u00ebn\u00eb gjurrm\u00eb t\u00eb pashlyera n\u00eb hotelerin dhe turizmin ton\u00eb n\u00eb fillimet e zhvillimit t\u00eb tij. M\u00eb nj\u00eb sharm t\u00eb ve\u00e7ant\u00eb Xhaudeti ka b\u00ebr\u00eb prezantimin e turizmit n\u00eb t\u00ebr panairet bot\u00ebror\u00eb, n\u00eb Berlin, Lond\u00ebr. Prag, Rom.<\/p>\n<p>N\u00eb ato koh\u00ebra t\u00eb arta t\u00eb turizmit ton\u00eb, duke falenderuar edhe pun\u00ebs t\u00eb palodhur t\u00eb<span class=\"text_exposed_show\"> Xhaudetit, qytetin ton\u00eb e kan\u00eb vizituar mij\u00ebra turist\u00eb nga perendimi, duke i sjell\u00eb qytetit dhe popullit ton\u00eb nj\u00eb jet\u00eb m\u00eb t\u00eb mir\u00eb. M\u00eb duket se n\u00eb vitet e 80 t\u00eb shekullit t\u00eb kaluar ka pasur sezona ku mysafir\u00ebt kan\u00eb b\u00ebr\u00eb mbi 2.000 000 net\u00eb fjetje. Nj\u00eb num\u00ebr e cili sot mund t\u00eb jet\u00eb vet\u00ebm nj\u00eb fantaz\u00ebm p\u00ebr turizmin e sot\u00ebm. <\/span><\/p>\n<p><span class=\"text_exposed_show\">Prandaj, shum\u00eb gjenerata edhe m\u00eb von\u00eb do ta p\u00ebrmendin koh\u00ebn kur\u00eb n\u00eb turiz\u00ebm ka dhen\u00eb kontribut edhe nj\u00eb nd\u00ebr legjendat e turizmit ton\u00eb tashm\u00eb i ndjeri Xhaudet- Xho Abazi. Xaudeti ka qen\u00eb i aft\u00eb, ka qen\u00eb trim dhe guximtar. P\u00ebr te mysafiri gjithmon\u00eb ka qen\u00eb n\u00eb t\u00eb drejt, ka folur gjuh\u00eb t\u00eb huaja, dhe k\u00ebto jan\u00eb disa nga ato atributet t\u00eb cil\u00ebt e kan\u00eb qendisur k\u00ebt\u00eb person. Kurdo q\u00eb t\u00eb b\u00ebhet ndonj\u00eb enciklopedi e qytetit ton\u00eb, ku do t\u00eb p\u00ebrfshihen personazh\u00ebt m\u00eb r\u00ebnd\u00ebsi p\u00ebr zhvillimin e turizmit ton\u00eb, emri i Xhaudet Abazit do t\u00eb shkruhet m\u00eb germa t\u00eb arta n\u00eb faqen e par\u00eb.<\/span><\/p>\n<p><strong><a id=\"js_82\" href=\"https:\/\/www.facebook.com\/ismet.karamanaga?fref=photo\" data-hovercard=\"\/ajax\/hovercard\/user.php?id=1359492972\">Ismet Karamanaga<\/a> Facebook<\/strong><\/p>\n","protected":false},"excerpt":{"rendered":"<p>Sot n\u00eb mosh\u00ebn 72 vje\u00e7are ndroi jet\u00eb Xhevdet &#8211; Xho ABAZI nj\u00ebri nga m\u00eb t\u00eb mir\u00ebt, nga ajo plejada e art e pun\u00ebtor\u00ebve t\u00eb turizmit ton\u00eb t\u00eb shekullit t\u00eb kaluar. Xhaudeti ka l\u00ebn\u00eb gjurrm\u00eb t\u00eb pashlyera n\u00eb hotelerin dhe turizmin ton\u00eb n\u00eb fillimet e zhvillimit t\u00eb tij. M\u00eb nj\u00eb sharm t\u00eb ve\u00e7ant\u00eb Xhaudeti ka b\u00ebr\u00eb [&hellip;]<\/p>\n","protected":false},"author":1,"featured_media":0,"comment_status":"closed","ping_status":"closed","sticky":false,"template":"","format":"standard","meta":{"spay_email":"","jetpack_publicize_message":"","jetpack_is_tweetstorm":false,"jetpack_publicize_feature_enabled":true},"categories":[1,6950],"tags":[],"jetpack_publicize_connections":[],"yoast_head":"<!-- This site is optimized with the Yoast SEO plugin v19.1 - https:\/\/yoast.com\/wordpress\/plugins\/seo\/ -->\n<title>IN MEMORIAM Xhevdet - Xho ABAZI - Lajme nga Ulqini<\/title>\n<meta name=\"description\" content=\"Sot n\u00eb mosh\u00ebn 72 vje\u00e7are ndroi jet\u00eb Xhevdet - Xho ABAZI nj\u00ebri nga m\u00eb t\u00eb mir\u00ebt, nga ajo plejada e art e pun\u00ebtor\u00ebve t\u00eb turizmit ton\u00eb t\u00eb shekullit t\u00eb kaluar.\" \/>\n<meta name=\"robots\" content=\"index, follow, max-snippet:-1, max-image-preview:large, max-video-preview:-1\" \/>\n<link rel=\"canonical\" href=\"https:\/\/www.visit-ulcinj.com\/blog\/2015\/02\/28\/memoriam-xhevdet-xho-abazi\/\" \/>\n<meta property=\"og:locale\" content=\"en_US\" \/>\n<meta property=\"og:type\" content=\"article\" \/>\n<meta property=\"og:title\" content=\"IN MEMORIAM Xhevdet - Xho ABAZI - Lajme nga Ulqini\" \/>\n<meta property=\"og:description\" content=\"Sot n\u00eb mosh\u00ebn 72 vje\u00e7are ndroi jet\u00eb Xhevdet - Xho ABAZI nj\u00ebri nga m\u00eb t\u00eb mir\u00ebt, nga ajo plejada e art e pun\u00ebtor\u00ebve t\u00eb turizmit ton\u00eb t\u00eb shekullit t\u00eb kaluar.\" \/>\n<meta property=\"og:url\" content=\"https:\/\/www.visit-ulcinj.com\/blog\/2015\/02\/28\/memoriam-xhevdet-xho-abazi\/\" \/>\n<meta property=\"og:site_name\" content=\"Lajme nga Ulqini\" \/>\n<meta property=\"article:published_time\" content=\"2015-02-28T22:10:13+00:00\" \/>\n<meta property=\"article:modified_time\" content=\"2015-03-02T07:55:27+00:00\" \/>\n<meta property=\"og:image\" content=\"http:\/\/www.visit-ulcinj.com\/blog\/wp-content\/uploads\/2015\/02\/Xhevdet-Xho-ABAZI.jpg\" \/>\n<meta name=\"twitter:label1\" content=\"Written by\" \/>\n\t<meta name=\"twitter:data1\" content=\"ulqini\" \/>\n\t<meta name=\"twitter:label2\" content=\"Est. reading time\" \/>\n\t<meta name=\"twitter:data2\" content=\"1 minute\" \/>\n<script type=\"application\/ld+json\" class=\"yoast-schema-graph\">{\"@context\":\"https:\/\/schema.org\",\"@graph\":[{\"@type\":\"WebSite\",\"@id\":\"https:\/\/www.visit-ulcinj.com\/blog\/#website\",\"url\":\"https:\/\/www.visit-ulcinj.com\/blog\/\",\"name\":\"Lajme nga Ulqini\",\"description\":\"Lajme,Vijesti,Ulqini,Ulqin,Crna Gora,Mali i Zi\",\"potentialAction\":[{\"@type\":\"SearchAction\",\"target\":{\"@type\":\"EntryPoint\",\"urlTemplate\":\"https:\/\/www.visit-ulcinj.com\/blog\/?s={search_term_string}\"},\"query-input\":\"required name=search_term_string\"}],\"inLanguage\":\"en-US\"},{\"@type\":\"ImageObject\",\"inLanguage\":\"en-US\",\"@id\":\"https:\/\/www.visit-ulcinj.com\/blog\/2015\/02\/28\/memoriam-xhevdet-xho-abazi\/#primaryimage\",\"url\":\"https:\/\/www.visit-ulcinj.com\/blog\/wp-content\/uploads\/2015\/02\/Xhevdet-Xho-ABAZI.jpg\",\"contentUrl\":\"https:\/\/www.visit-ulcinj.com\/blog\/wp-content\/uploads\/2015\/02\/Xhevdet-Xho-ABAZI.jpg\",\"width\":313,\"height\":353},{\"@type\":\"WebPage\",\"@id\":\"https:\/\/www.visit-ulcinj.com\/blog\/2015\/02\/28\/memoriam-xhevdet-xho-abazi\/#webpage\",\"url\":\"https:\/\/www.visit-ulcinj.com\/blog\/2015\/02\/28\/memoriam-xhevdet-xho-abazi\/\",\"name\":\"IN MEMORIAM Xhevdet - Xho ABAZI - Lajme nga Ulqini\",\"isPartOf\":{\"@id\":\"https:\/\/www.visit-ulcinj.com\/blog\/#website\"},\"primaryImageOfPage\":{\"@id\":\"https:\/\/www.visit-ulcinj.com\/blog\/2015\/02\/28\/memoriam-xhevdet-xho-abazi\/#primaryimage\"},\"datePublished\":\"2015-02-28T22:10:13+00:00\",\"dateModified\":\"2015-03-02T07:55:27+00:00\",\"author\":{\"@id\":\"https:\/\/www.visit-ulcinj.com\/blog\/#\/schema\/person\/dcab619c614d3038751c63bc2aadc06d\"},\"description\":\"Sot n\u00eb mosh\u00ebn 72 vje\u00e7are ndroi jet\u00eb Xhevdet - Xho ABAZI nj\u00ebri nga m\u00eb t\u00eb mir\u00ebt, nga ajo plejada e art e pun\u00ebtor\u00ebve t\u00eb turizmit ton\u00eb t\u00eb shekullit t\u00eb kaluar.\",\"breadcrumb\":{\"@id\":\"https:\/\/www.visit-ulcinj.com\/blog\/2015\/02\/28\/memoriam-xhevdet-xho-abazi\/#breadcrumb\"},\"inLanguage\":\"en-US\",\"potentialAction\":[{\"@type\":\"ReadAction\",\"target\":[\"https:\/\/www.visit-ulcinj.com\/blog\/2015\/02\/28\/memoriam-xhevdet-xho-abazi\/\"]}]},{\"@type\":\"BreadcrumbList\",\"@id\":\"https:\/\/www.visit-ulcinj.com\/blog\/2015\/02\/28\/memoriam-xhevdet-xho-abazi\/#breadcrumb\",\"itemListElement\":[{\"@type\":\"ListItem\",\"position\":1,\"name\":\"IN MEMORIAM Xhevdet &#8211; Xho ABAZI\"}]},{\"@type\":\"Person\",\"@id\":\"https:\/\/www.visit-ulcinj.com\/blog\/#\/schema\/person\/dcab619c614d3038751c63bc2aadc06d\",\"name\":\"ulqini\",\"sameAs\":[\"http:\/\/www.visit-ulcinj.com\"],\"url\":\"https:\/\/www.visit-ulcinj.com\/blog\/author\/admin\/\"}]}<\/script>\n<!-- \/ Yoast SEO plugin. -->","yoast_head_json":{"title":"IN MEMORIAM Xhevdet - Xho ABAZI - Lajme nga Ulqini","description":"Sot n\u00eb mosh\u00ebn 72 vje\u00e7are ndroi jet\u00eb Xhevdet - Xho ABAZI nj\u00ebri nga m\u00eb t\u00eb mir\u00ebt, nga ajo plejada e art e pun\u00ebtor\u00ebve t\u00eb turizmit ton\u00eb t\u00eb shekullit t\u00eb kaluar.","robots":{"index":"index","follow":"follow","max-snippet":"max-snippet:-1","max-image-preview":"max-image-preview:large","max-video-preview":"max-video-preview:-1"},"canonical":"https:\/\/www.visit-ulcinj.com\/blog\/2015\/02\/28\/memoriam-xhevdet-xho-abazi\/","og_locale":"en_US","og_type":"article","og_title":"IN MEMORIAM Xhevdet - Xho ABAZI - Lajme nga Ulqini","og_description":"Sot n\u00eb mosh\u00ebn 72 vje\u00e7are ndroi jet\u00eb Xhevdet - Xho ABAZI nj\u00ebri nga m\u00eb t\u00eb mir\u00ebt, nga ajo plejada e art e pun\u00ebtor\u00ebve t\u00eb turizmit ton\u00eb t\u00eb shekullit t\u00eb kaluar.","og_url":"https:\/\/www.visit-ulcinj.com\/blog\/2015\/02\/28\/memoriam-xhevdet-xho-abazi\/","og_site_name":"Lajme nga Ulqini","article_published_time":"2015-02-28T22:10:13+00:00","article_modified_time":"2015-03-02T07:55:27+00:00","og_image":[{"url":"http:\/\/www.visit-ulcinj.com\/blog\/wp-content\/uploads\/2015\/02\/Xhevdet-Xho-ABAZI.jpg"}],"twitter_misc":{"Written by":"ulqini","Est. reading time":"1 minute"},"schema":{"@context":"https:\/\/schema.org","@graph":[{"@type":"WebSite","@id":"https:\/\/www.visit-ulcinj.com\/blog\/#website","url":"https:\/\/www.visit-ulcinj.com\/blog\/","name":"Lajme nga Ulqini","description":"Lajme,Vijesti,Ulqini,Ulqin,Crna Gora,Mali i Zi","potentialAction":[{"@type":"SearchAction","target":{"@type":"EntryPoint","urlTemplate":"https:\/\/www.visit-ulcinj.com\/blog\/?s={search_term_string}"},"query-input":"required name=search_term_string"}],"inLanguage":"en-US"},{"@type":"ImageObject","inLanguage":"en-US","@id":"https:\/\/www.visit-ulcinj.com\/blog\/2015\/02\/28\/memoriam-xhevdet-xho-abazi\/#primaryimage","url":"https:\/\/www.visit-ulcinj.com\/blog\/wp-content\/uploads\/2015\/02\/Xhevdet-Xho-ABAZI.jpg","contentUrl":"https:\/\/www.visit-ulcinj.com\/blog\/wp-content\/uploads\/2015\/02\/Xhevdet-Xho-ABAZI.jpg","width":313,"height":353},{"@type":"WebPage","@id":"https:\/\/www.visit-ulcinj.com\/blog\/2015\/02\/28\/memoriam-xhevdet-xho-abazi\/#webpage","url":"https:\/\/www.visit-ulcinj.com\/blog\/2015\/02\/28\/memoriam-xhevdet-xho-abazi\/","name":"IN MEMORIAM Xhevdet - Xho ABAZI - Lajme nga Ulqini","isPartOf":{"@id":"https:\/\/www.visit-ulcinj.com\/blog\/#website"},"primaryImageOfPage":{"@id":"https:\/\/www.visit-ulcinj.com\/blog\/2015\/02\/28\/memoriam-xhevdet-xho-abazi\/#primaryimage"},"datePublished":"2015-02-28T22:10:13+00:00","dateModified":"2015-03-02T07:55:27+00:00","author":{"@id":"https:\/\/www.visit-ulcinj.com\/blog\/#\/schema\/person\/dcab619c614d3038751c63bc2aadc06d"},"description":"Sot n\u00eb mosh\u00ebn 72 vje\u00e7are ndroi jet\u00eb Xhevdet - Xho ABAZI nj\u00ebri nga m\u00eb t\u00eb mir\u00ebt, nga ajo plejada e art e pun\u00ebtor\u00ebve t\u00eb turizmit ton\u00eb t\u00eb shekullit t\u00eb kaluar.","breadcrumb":{"@id":"https:\/\/www.visit-ulcinj.com\/blog\/2015\/02\/28\/memoriam-xhevdet-xho-abazi\/#breadcrumb"},"inLanguage":"en-US","potentialAction":[{"@type":"ReadAction","target":["https:\/\/www.visit-ulcinj.com\/blog\/2015\/02\/28\/memoriam-xhevdet-xho-abazi\/"]}]},{"@type":"BreadcrumbList","@id":"https:\/\/www.visit-ulcinj.com\/blog\/2015\/02\/28\/memoriam-xhevdet-xho-abazi\/#breadcrumb","itemListElement":[{"@type":"ListItem","position":1,"name":"IN MEMORIAM Xhevdet &#8211; Xho ABAZI"}]},{"@type":"Person","@id":"https:\/\/www.visit-ulcinj.com\/blog\/#\/schema\/person\/dcab619c614d3038751c63bc2aadc06d","name":"ulqini","sameAs":["http:\/\/www.visit-ulcinj.com"],"url":"https:\/\/www.visit-ulcinj.com\/blog\/author\/admin\/"}]}},"jetpack_featured_media_url":"","jetpack_sharing_enabled":true,"jetpack_shortlink":"https:\/\/wp.me\/pe6lTn-n9U","_links":{"self":[{"href":"https:\/\/www.visit-ulcinj.com\/blog\/wp-json\/wp\/v2\/posts\/89026"}],"collection":[{"href":"https:\/\/www.visit-ulcinj.com\/blog\/wp-json\/wp\/v2\/posts"}],"about":[{"href":"https:\/\/www.visit-ulcinj.com\/blog\/wp-json\/wp\/v2\/types\/post"}],"author":[{"embeddable":true,"href":"https:\/\/www.visit-ulcinj.com\/blog\/wp-json\/wp\/v2\/users\/1"}],"replies":[{"embeddable":true,"href":"https:\/\/www.visit-ulcinj.com\/blog\/wp-json\/wp\/v2\/comments?post=89026"}],"version-history":[{"count":2,"href":"https:\/\/www.visit-ulcinj.com\/blog\/wp-json\/wp\/v2\/posts\/89026\/revisions"}],"predecessor-version":[{"id":89029,"href":"https:\/\/www.visit-ulcinj.com\/blog\/wp-json\/wp\/v2\/posts\/89026\/revisions\/89029"}],"wp:attachment":[{"href":"https:\/\/www.visit-ulcinj.com\/blog\/wp-json\/wp\/v2\/media?parent=89026"}],"wp:term":[{"taxonomy":"category","embeddable":true,"href":"https:\/\/www.visit-ulcinj.com\/blog\/wp-json\/wp\/v2\/categories?post=89026"},{"taxonomy":"post_tag","embeddable":true,"href":"https:\/\/www.visit-ulcinj.com\/blog\/wp-json\/wp\/v2\/tags?post=89026"}],"curies":[{"name":"wp","href":"https:\/\/api.w.org\/{rel}","templated":true}]}}