{"id":89030,"date":"2015-02-28T23:16:40","date_gmt":"2015-02-28T22:16:40","guid":{"rendered":"http:\/\/www.visit-ulcinj.com\/blog\/?p=89030"},"modified":"2015-03-03T18:04:04","modified_gmt":"2015-03-03T17:04:04","slug":"umro-je-dzaudet-dzo-abazovic","status":"publish","type":"post","link":"https:\/\/www.visit-ulcinj.com\/blog\/2015\/02\/28\/umro-je-dzaudet-dzo-abazovic\/","title":{"rendered":"UMRO je D\u017eaudet-D\u017eo Abazovi\u0107"},"content":{"rendered":"<p><a href=\"http:\/\/www.visit-ulcinj.com\/blog\/wp-content\/uploads\/2015\/02\/Dzaudet-Dzo-Abazovic.jpg\"><img loading=\"lazy\" class=\"alignleft wp-image-89031 size-full\" src=\"http:\/\/www.visit-ulcinj.com\/blog\/wp-content\/uploads\/2015\/02\/Dzaudet-Dzo-Abazovic.jpg\" alt=\"Dzaudet-Dzo-Abazovic\" width=\"158\" height=\"300\" \/><\/a>UMRO je D\u017eaudet-D\u017eo Abazovi\u0107 jedan od legendi ulcinjskog i crnogorskog turizma. Nema ga od no\u0107as vi\u0161e me\u0111u nama, ali \u0107e njegov vedar duh i njegov neponovljivi \u0161arm vje\u010dito ostati u sje\u0107anju mnogih koji su ga poznavali. D\u017eo je radio u vrijeme zlatnog perioda na\u0161eg turizma, od samih po\u010detaka pa do kasnih osamdesetih godina. Bilo je to zaista vrijeme, kada je samo na\u0161a rivijera pravila preko dva miliona no\u0107enja, naravno stranih gostiju. D\u017eo je je predstavljao i prodavao na\u0161e smje\u0161tajne kapacitete na\u0161ih hotela, na svim sajmovima od Berlina, Londona, Praga i Rima. I\u0161ao je na svim sajmovima i berzama gdje su na\u0161i \u0161tandovi u to vrijeme bili jako posje\u0107ivani, tako da nijesu zaostajali sa onima iz \u0160panije, Gr\u010dke i Italije. Tada se kod nas tra\u017eio prazan krevet, zbog toga i tvrdim sasvim odgovorno da se to vrijeme vi\u0161e nikada ne\u0107e ponoviti. D\u017eo je bio hrabar, odlu\u010dan, govorio je puno jezika i za njega je gost uvijek bio u pravu. D\u017eo je bio legenda i on \u0107e to vje\u010dito iostati. Jednom, kada se bude pravila lista ljudi koji su najvi\u0161e zadu\u017eili na\u0161 turizam, ime D\u017eo Abazovi\u0107a \u0107e svakako biti zapisano zlatnim slovima na samom vrhu te.piramide<\/p>\n<p><strong><a id=\"js_8d\" href=\"https:\/\/www.facebook.com\/ismet.karamanaga?fref=photo\" data-hovercard=\"\/ajax\/hovercard\/user.php?id=1359492972\">Ismet Karamanaga <\/a>Facebook<\/strong><\/p>\n","protected":false},"excerpt":{"rendered":"<p>UMRO je D\u017eaudet-D\u017eo Abazovi\u0107 jedan od legendi ulcinjskog i crnogorskog turizma. Nema ga od no\u0107as vi\u0161e me\u0111u nama, ali \u0107e njegov vedar duh i njegov neponovljivi \u0161arm vje\u010dito ostati u sje\u0107anju mnogih koji su ga poznavali. D\u017eo je radio u vrijeme zlatnog perioda na\u0161eg turizma, od samih po\u010detaka pa do kasnih osamdesetih godina. Bilo je [&hellip;]<\/p>\n","protected":false},"author":1,"featured_media":0,"comment_status":"closed","ping_status":"closed","sticky":false,"template":"","format":"standard","meta":{"spay_email":"","jetpack_publicize_message":"","jetpack_is_tweetstorm":false,"jetpack_publicize_feature_enabled":true},"categories":[8337],"tags":[],"jetpack_publicize_connections":[],"yoast_head":"<!-- This site is optimized with the Yoast SEO plugin v19.1 - https:\/\/yoast.com\/wordpress\/plugins\/seo\/ -->\n<title>UMRO je D\u017eaudet-D\u017eo Abazovi\u0107 - Lajme nga Ulqini<\/title>\n<meta name=\"description\" content=\"UMRO je D\u017eaudet-D\u017eo Abazovi\u0107 jedan od legendi ulcinjskog i crnogorskog turizma. Nema ga od no\u0107as vi\u0161e me\u0111u nama, ali \u0107e njegov vedar duh i njegov\" \/>\n<meta name=\"robots\" content=\"index, follow, max-snippet:-1, max-image-preview:large, max-video-preview:-1\" \/>\n<link rel=\"canonical\" href=\"https:\/\/www.visit-ulcinj.com\/blog\/2015\/02\/28\/umro-je-dzaudet-dzo-abazovic\/\" \/>\n<meta property=\"og:locale\" content=\"en_US\" \/>\n<meta property=\"og:type\" content=\"article\" \/>\n<meta property=\"og:title\" content=\"UMRO je D\u017eaudet-D\u017eo Abazovi\u0107 - Lajme nga Ulqini\" \/>\n<meta property=\"og:description\" content=\"UMRO je D\u017eaudet-D\u017eo Abazovi\u0107 jedan od legendi ulcinjskog i crnogorskog turizma. Nema ga od no\u0107as vi\u0161e me\u0111u nama, ali \u0107e njegov vedar duh i njegov\" \/>\n<meta property=\"og:url\" content=\"https:\/\/www.visit-ulcinj.com\/blog\/2015\/02\/28\/umro-je-dzaudet-dzo-abazovic\/\" \/>\n<meta property=\"og:site_name\" content=\"Lajme nga Ulqini\" \/>\n<meta property=\"article:published_time\" content=\"2015-02-28T22:16:40+00:00\" \/>\n<meta property=\"article:modified_time\" content=\"2015-03-03T17:04:04+00:00\" \/>\n<meta property=\"og:image\" content=\"http:\/\/www.visit-ulcinj.com\/blog\/wp-content\/uploads\/2015\/02\/Dzaudet-Dzo-Abazovic.jpg\" \/>\n<meta name=\"twitter:label1\" content=\"Written by\" \/>\n\t<meta name=\"twitter:data1\" content=\"ulqini\" \/>\n\t<meta name=\"twitter:label2\" content=\"Est. reading time\" \/>\n\t<meta name=\"twitter:data2\" content=\"1 minute\" \/>\n<script type=\"application\/ld+json\" class=\"yoast-schema-graph\">{\"@context\":\"https:\/\/schema.org\",\"@graph\":[{\"@type\":\"WebSite\",\"@id\":\"https:\/\/www.visit-ulcinj.com\/blog\/#website\",\"url\":\"https:\/\/www.visit-ulcinj.com\/blog\/\",\"name\":\"Lajme nga Ulqini\",\"description\":\"Lajme,Vijesti,Ulqini,Ulqin,Crna Gora,Mali i Zi\",\"potentialAction\":[{\"@type\":\"SearchAction\",\"target\":{\"@type\":\"EntryPoint\",\"urlTemplate\":\"https:\/\/www.visit-ulcinj.com\/blog\/?s={search_term_string}\"},\"query-input\":\"required name=search_term_string\"}],\"inLanguage\":\"en-US\"},{\"@type\":\"ImageObject\",\"inLanguage\":\"en-US\",\"@id\":\"https:\/\/www.visit-ulcinj.com\/blog\/2015\/02\/28\/umro-je-dzaudet-dzo-abazovic\/#primaryimage\",\"url\":\"https:\/\/www.visit-ulcinj.com\/blog\/wp-content\/uploads\/2015\/02\/Dzaudet-Dzo-Abazovic.jpg\",\"contentUrl\":\"https:\/\/www.visit-ulcinj.com\/blog\/wp-content\/uploads\/2015\/02\/Dzaudet-Dzo-Abazovic.jpg\",\"width\":158,\"height\":300},{\"@type\":\"WebPage\",\"@id\":\"https:\/\/www.visit-ulcinj.com\/blog\/2015\/02\/28\/umro-je-dzaudet-dzo-abazovic\/#webpage\",\"url\":\"https:\/\/www.visit-ulcinj.com\/blog\/2015\/02\/28\/umro-je-dzaudet-dzo-abazovic\/\",\"name\":\"UMRO je D\u017eaudet-D\u017eo Abazovi\u0107 - Lajme nga Ulqini\",\"isPartOf\":{\"@id\":\"https:\/\/www.visit-ulcinj.com\/blog\/#website\"},\"primaryImageOfPage\":{\"@id\":\"https:\/\/www.visit-ulcinj.com\/blog\/2015\/02\/28\/umro-je-dzaudet-dzo-abazovic\/#primaryimage\"},\"datePublished\":\"2015-02-28T22:16:40+00:00\",\"dateModified\":\"2015-03-03T17:04:04+00:00\",\"author\":{\"@id\":\"https:\/\/www.visit-ulcinj.com\/blog\/#\/schema\/person\/dcab619c614d3038751c63bc2aadc06d\"},\"description\":\"UMRO je D\u017eaudet-D\u017eo Abazovi\u0107 jedan od legendi ulcinjskog i crnogorskog turizma. Nema ga od no\u0107as vi\u0161e me\u0111u nama, ali \u0107e njegov vedar duh i njegov\",\"breadcrumb\":{\"@id\":\"https:\/\/www.visit-ulcinj.com\/blog\/2015\/02\/28\/umro-je-dzaudet-dzo-abazovic\/#breadcrumb\"},\"inLanguage\":\"en-US\",\"potentialAction\":[{\"@type\":\"ReadAction\",\"target\":[\"https:\/\/www.visit-ulcinj.com\/blog\/2015\/02\/28\/umro-je-dzaudet-dzo-abazovic\/\"]}]},{\"@type\":\"BreadcrumbList\",\"@id\":\"https:\/\/www.visit-ulcinj.com\/blog\/2015\/02\/28\/umro-je-dzaudet-dzo-abazovic\/#breadcrumb\",\"itemListElement\":[{\"@type\":\"ListItem\",\"position\":1,\"name\":\"UMRO je D\u017eaudet-D\u017eo Abazovi\u0107\"}]},{\"@type\":\"Person\",\"@id\":\"https:\/\/www.visit-ulcinj.com\/blog\/#\/schema\/person\/dcab619c614d3038751c63bc2aadc06d\",\"name\":\"ulqini\",\"sameAs\":[\"http:\/\/www.visit-ulcinj.com\"],\"url\":\"https:\/\/www.visit-ulcinj.com\/blog\/author\/admin\/\"}]}<\/script>\n<!-- \/ Yoast SEO plugin. -->","yoast_head_json":{"title":"UMRO je D\u017eaudet-D\u017eo Abazovi\u0107 - Lajme nga Ulqini","description":"UMRO je D\u017eaudet-D\u017eo Abazovi\u0107 jedan od legendi ulcinjskog i crnogorskog turizma. Nema ga od no\u0107as vi\u0161e me\u0111u nama, ali \u0107e njegov vedar duh i njegov","robots":{"index":"index","follow":"follow","max-snippet":"max-snippet:-1","max-image-preview":"max-image-preview:large","max-video-preview":"max-video-preview:-1"},"canonical":"https:\/\/www.visit-ulcinj.com\/blog\/2015\/02\/28\/umro-je-dzaudet-dzo-abazovic\/","og_locale":"en_US","og_type":"article","og_title":"UMRO je D\u017eaudet-D\u017eo Abazovi\u0107 - Lajme nga Ulqini","og_description":"UMRO je D\u017eaudet-D\u017eo Abazovi\u0107 jedan od legendi ulcinjskog i crnogorskog turizma. Nema ga od no\u0107as vi\u0161e me\u0111u nama, ali \u0107e njegov vedar duh i njegov","og_url":"https:\/\/www.visit-ulcinj.com\/blog\/2015\/02\/28\/umro-je-dzaudet-dzo-abazovic\/","og_site_name":"Lajme nga Ulqini","article_published_time":"2015-02-28T22:16:40+00:00","article_modified_time":"2015-03-03T17:04:04+00:00","og_image":[{"url":"http:\/\/www.visit-ulcinj.com\/blog\/wp-content\/uploads\/2015\/02\/Dzaudet-Dzo-Abazovic.jpg"}],"twitter_misc":{"Written by":"ulqini","Est. reading time":"1 minute"},"schema":{"@context":"https:\/\/schema.org","@graph":[{"@type":"WebSite","@id":"https:\/\/www.visit-ulcinj.com\/blog\/#website","url":"https:\/\/www.visit-ulcinj.com\/blog\/","name":"Lajme nga Ulqini","description":"Lajme,Vijesti,Ulqini,Ulqin,Crna Gora,Mali i Zi","potentialAction":[{"@type":"SearchAction","target":{"@type":"EntryPoint","urlTemplate":"https:\/\/www.visit-ulcinj.com\/blog\/?s={search_term_string}"},"query-input":"required name=search_term_string"}],"inLanguage":"en-US"},{"@type":"ImageObject","inLanguage":"en-US","@id":"https:\/\/www.visit-ulcinj.com\/blog\/2015\/02\/28\/umro-je-dzaudet-dzo-abazovic\/#primaryimage","url":"https:\/\/www.visit-ulcinj.com\/blog\/wp-content\/uploads\/2015\/02\/Dzaudet-Dzo-Abazovic.jpg","contentUrl":"https:\/\/www.visit-ulcinj.com\/blog\/wp-content\/uploads\/2015\/02\/Dzaudet-Dzo-Abazovic.jpg","width":158,"height":300},{"@type":"WebPage","@id":"https:\/\/www.visit-ulcinj.com\/blog\/2015\/02\/28\/umro-je-dzaudet-dzo-abazovic\/#webpage","url":"https:\/\/www.visit-ulcinj.com\/blog\/2015\/02\/28\/umro-je-dzaudet-dzo-abazovic\/","name":"UMRO je D\u017eaudet-D\u017eo Abazovi\u0107 - Lajme nga Ulqini","isPartOf":{"@id":"https:\/\/www.visit-ulcinj.com\/blog\/#website"},"primaryImageOfPage":{"@id":"https:\/\/www.visit-ulcinj.com\/blog\/2015\/02\/28\/umro-je-dzaudet-dzo-abazovic\/#primaryimage"},"datePublished":"2015-02-28T22:16:40+00:00","dateModified":"2015-03-03T17:04:04+00:00","author":{"@id":"https:\/\/www.visit-ulcinj.com\/blog\/#\/schema\/person\/dcab619c614d3038751c63bc2aadc06d"},"description":"UMRO je D\u017eaudet-D\u017eo Abazovi\u0107 jedan od legendi ulcinjskog i crnogorskog turizma. Nema ga od no\u0107as vi\u0161e me\u0111u nama, ali \u0107e njegov vedar duh i njegov","breadcrumb":{"@id":"https:\/\/www.visit-ulcinj.com\/blog\/2015\/02\/28\/umro-je-dzaudet-dzo-abazovic\/#breadcrumb"},"inLanguage":"en-US","potentialAction":[{"@type":"ReadAction","target":["https:\/\/www.visit-ulcinj.com\/blog\/2015\/02\/28\/umro-je-dzaudet-dzo-abazovic\/"]}]},{"@type":"BreadcrumbList","@id":"https:\/\/www.visit-ulcinj.com\/blog\/2015\/02\/28\/umro-je-dzaudet-dzo-abazovic\/#breadcrumb","itemListElement":[{"@type":"ListItem","position":1,"name":"UMRO je D\u017eaudet-D\u017eo Abazovi\u0107"}]},{"@type":"Person","@id":"https:\/\/www.visit-ulcinj.com\/blog\/#\/schema\/person\/dcab619c614d3038751c63bc2aadc06d","name":"ulqini","sameAs":["http:\/\/www.visit-ulcinj.com"],"url":"https:\/\/www.visit-ulcinj.com\/blog\/author\/admin\/"}]}},"jetpack_featured_media_url":"","jetpack_sharing_enabled":true,"jetpack_shortlink":"https:\/\/wp.me\/pe6lTn-n9Y","_links":{"self":[{"href":"https:\/\/www.visit-ulcinj.com\/blog\/wp-json\/wp\/v2\/posts\/89030"}],"collection":[{"href":"https:\/\/www.visit-ulcinj.com\/blog\/wp-json\/wp\/v2\/posts"}],"about":[{"href":"https:\/\/www.visit-ulcinj.com\/blog\/wp-json\/wp\/v2\/types\/post"}],"author":[{"embeddable":true,"href":"https:\/\/www.visit-ulcinj.com\/blog\/wp-json\/wp\/v2\/users\/1"}],"replies":[{"embeddable":true,"href":"https:\/\/www.visit-ulcinj.com\/blog\/wp-json\/wp\/v2\/comments?post=89030"}],"version-history":[{"count":2,"href":"https:\/\/www.visit-ulcinj.com\/blog\/wp-json\/wp\/v2\/posts\/89030\/revisions"}],"predecessor-version":[{"id":89033,"href":"https:\/\/www.visit-ulcinj.com\/blog\/wp-json\/wp\/v2\/posts\/89030\/revisions\/89033"}],"wp:attachment":[{"href":"https:\/\/www.visit-ulcinj.com\/blog\/wp-json\/wp\/v2\/media?parent=89030"}],"wp:term":[{"taxonomy":"category","embeddable":true,"href":"https:\/\/www.visit-ulcinj.com\/blog\/wp-json\/wp\/v2\/categories?post=89030"},{"taxonomy":"post_tag","embeddable":true,"href":"https:\/\/www.visit-ulcinj.com\/blog\/wp-json\/wp\/v2\/tags?post=89030"}],"curies":[{"name":"wp","href":"https:\/\/api.w.org\/{rel}","templated":true}]}}