{"id":89038,"date":"2015-03-01T07:13:13","date_gmt":"2015-03-01T06:13:13","guid":{"rendered":"http:\/\/www.visit-ulcinj.com\/blog\/?p=89038"},"modified":"2015-03-03T18:04:45","modified_gmt":"2015-03-03T17:04:45","slug":"grate-deputete-shqiptare-8-mars-mblidhen-ne-prishtine","status":"publish","type":"post","link":"https:\/\/www.visit-ulcinj.com\/blog\/2015\/03\/01\/grate-deputete-shqiptare-8-mars-mblidhen-ne-prishtine\/","title":{"rendered":"Grat\u00eb deputete shqiptare Me 8 mars mblidhen n\u00eb Prishtin\u00eb"},"content":{"rendered":"<div class=\"right-content\">\n<div class=\"content-wrap\">\n<p><a href=\"http:\/\/www.visit-ulcinj.com\/blog\/wp-content\/uploads\/2015\/03\/Grat\u00eb-deputete-shqiptare.jpg\"><img loading=\"lazy\" class=\"alignleft wp-image-89039\" src=\"http:\/\/www.visit-ulcinj.com\/blog\/wp-content\/uploads\/2015\/03\/Grat\u00eb-deputete-shqiptare.jpg\" alt=\"Grat\u00eb deputete shqiptare\" width=\"508\" height=\"283\" \/><\/a>N\u00eb kuad\u00ebr t\u00eb dit\u00ebs s\u00eb gruas, me 8 mars, grat\u00eb deputete t\u00eb Kosov\u00ebs, Shqip\u00ebris\u00eb, Maqedonis\u00eb si dhe politikanet nga Mali i Zi e Presheva do t\u00eb mblidhen n\u00eb Prishtin\u00eb, n\u00eb nj\u00eb seanc\u00eb t\u00eb p\u00ebrbashk\u00ebt.<\/p>\n<p>K\u00ebshtu ka b\u00ebr\u00eb t\u00eb ditur deputetja e Partis\u00eb Demokratik\u00eb t\u00eb Kosov\u00ebs (PDK) Blerta Deliu- Kodra n\u00ebp\u00ebrmjet nj\u00eb postimi n\u00eb rrjetin social Facebook.<\/p>\n<p>Sipas saj, vitin e kaluar ato ishin mbledhur n\u00eb sall\u00ebn e Seancave Plenare t\u00eb Kuvendit t\u00eb Shqip\u00ebris\u00eb, nd\u00ebrkoh\u00eb k\u00ebt\u00eb tradit\u00eb po e vazhdojn\u00eb bashk\u00eb me agjend\u00ebn p\u00ebr fuqizimin e gruas n\u00eb Kuvendin e Republik\u00ebs s\u00eb Kosov\u00ebs.<\/p>\n<blockquote><p><em>\u201cE filluam para nj\u00eb viti n\u00eb sall\u00ebn e Seancave Plenare t\u00eb Kuvendit t\u00eb Shqip\u00ebris\u00eb, dhe po e vazhdojm\u00eb bashk\u00eb agjend\u00ebn p\u00ebr fuqizimin e gruas, k\u00ebsaj radhe n\u00eb Kuvendin e Republik\u00ebs s\u00eb Kosov\u00ebs.Grat\u00eb deputete t\u00eb Kosov\u00ebs, Shqip\u00ebris\u00eb, Maqedonis\u00eb si dhe politikanet nga Mali i Zi dhe Presheva do t\u00eb mblidhen n\u00eb Prishtin\u00eb, n\u00eb nj\u00eb seanc\u00eb t\u00eb p\u00ebrbashk\u00ebt parlamentare, n\u00eb kuad\u00ebr t\u00eb dit\u00ebs s\u00eb gruas, 8 Mars-it\u201d<\/em>, ka shkruar Deliu \u2013Kodra.<\/p><\/blockquote>\n<p>Ajo ka shkruar se duke u b\u00ebr\u00eb t\u00eb gjitha bashk\u00eb do t\u00eb ken\u00eb rastin q\u00eb t\u00eb flasin lidhur me sfidat dhe t\u00eb arriturat e gruas n\u00eb rajon me q\u00ebllim t\u00eb nj\u00eb afrimi politik dhe shoq\u00ebror.<\/p>\n<p><strong><span class=\"address\">KosovaLive<\/span><\/strong><\/p>\n<\/div>\n<\/div>\n","protected":false},"excerpt":{"rendered":"<p>N\u00eb kuad\u00ebr t\u00eb dit\u00ebs s\u00eb gruas, me 8 mars, grat\u00eb deputete t\u00eb Kosov\u00ebs, Shqip\u00ebris\u00eb, Maqedonis\u00eb si dhe politikanet nga Mali i Zi e Presheva do t\u00eb mblidhen n\u00eb Prishtin\u00eb, n\u00eb nj\u00eb seanc\u00eb t\u00eb p\u00ebrbashk\u00ebt. K\u00ebshtu ka b\u00ebr\u00eb t\u00eb ditur deputetja e Partis\u00eb Demokratik\u00eb t\u00eb Kosov\u00ebs (PDK) Blerta Deliu- Kodra n\u00ebp\u00ebrmjet nj\u00eb postimi n\u00eb rrjetin social [&hellip;]<\/p>\n","protected":false},"author":1,"featured_media":0,"comment_status":"closed","ping_status":"closed","sticky":false,"template":"","format":"standard","meta":{"spay_email":"","jetpack_publicize_message":"","jetpack_is_tweetstorm":false,"jetpack_publicize_feature_enabled":true},"categories":[13],"tags":[],"jetpack_publicize_connections":[],"yoast_head":"<!-- This site is optimized with the Yoast SEO plugin v19.1 - https:\/\/yoast.com\/wordpress\/plugins\/seo\/ -->\n<title>Grat\u00eb deputete shqiptare Me 8 mars mblidhen n\u00eb Prishtin\u00eb - Lajme nga Ulqini<\/title>\n<meta name=\"description\" content=\"N\u00eb kuad\u00ebr t\u00eb dit\u00ebs s\u00eb gruas, me 8 mars, grat\u00eb deputete t\u00eb Kosov\u00ebs, Shqip\u00ebris\u00eb, Maqedonis\u00eb si dhe politikanet nga Mali i Zi e Presheva do t\u00eb mblidhen n\u00eb\" \/>\n<meta name=\"robots\" content=\"index, follow, max-snippet:-1, max-image-preview:large, max-video-preview:-1\" \/>\n<link rel=\"canonical\" href=\"https:\/\/www.visit-ulcinj.com\/blog\/2015\/03\/01\/grate-deputete-shqiptare-8-mars-mblidhen-ne-prishtine\/\" \/>\n<meta property=\"og:locale\" content=\"en_US\" \/>\n<meta property=\"og:type\" content=\"article\" \/>\n<meta property=\"og:title\" content=\"Grat\u00eb deputete shqiptare Me 8 mars mblidhen n\u00eb Prishtin\u00eb - Lajme nga Ulqini\" \/>\n<meta property=\"og:description\" content=\"N\u00eb kuad\u00ebr t\u00eb dit\u00ebs s\u00eb gruas, me 8 mars, grat\u00eb deputete t\u00eb Kosov\u00ebs, Shqip\u00ebris\u00eb, Maqedonis\u00eb si dhe politikanet nga Mali i Zi e Presheva do t\u00eb mblidhen n\u00eb\" \/>\n<meta property=\"og:url\" content=\"https:\/\/www.visit-ulcinj.com\/blog\/2015\/03\/01\/grate-deputete-shqiptare-8-mars-mblidhen-ne-prishtine\/\" \/>\n<meta property=\"og:site_name\" content=\"Lajme nga Ulqini\" \/>\n<meta property=\"article:published_time\" content=\"2015-03-01T06:13:13+00:00\" \/>\n<meta property=\"article:modified_time\" content=\"2015-03-03T17:04:45+00:00\" \/>\n<meta name=\"twitter:label1\" content=\"Written by\" \/>\n\t<meta name=\"twitter:data1\" content=\"ulqini\" \/>\n\t<meta name=\"twitter:label2\" content=\"Est. reading time\" \/>\n\t<meta name=\"twitter:data2\" content=\"1 minute\" \/>\n<script type=\"application\/ld+json\" class=\"yoast-schema-graph\">{\"@context\":\"https:\/\/schema.org\",\"@graph\":[{\"@type\":\"WebSite\",\"@id\":\"https:\/\/www.visit-ulcinj.com\/blog\/#website\",\"url\":\"https:\/\/www.visit-ulcinj.com\/blog\/\",\"name\":\"Lajme nga Ulqini\",\"description\":\"Lajme,Vijesti,Ulqini,Ulqin,Crna Gora,Mali i Zi\",\"potentialAction\":[{\"@type\":\"SearchAction\",\"target\":{\"@type\":\"EntryPoint\",\"urlTemplate\":\"https:\/\/www.visit-ulcinj.com\/blog\/?s={search_term_string}\"},\"query-input\":\"required name=search_term_string\"}],\"inLanguage\":\"en-US\"},{\"@type\":\"WebPage\",\"@id\":\"https:\/\/www.visit-ulcinj.com\/blog\/2015\/03\/01\/grate-deputete-shqiptare-8-mars-mblidhen-ne-prishtine\/#webpage\",\"url\":\"https:\/\/www.visit-ulcinj.com\/blog\/2015\/03\/01\/grate-deputete-shqiptare-8-mars-mblidhen-ne-prishtine\/\",\"name\":\"Grat\u00eb deputete shqiptare Me 8 mars mblidhen n\u00eb Prishtin\u00eb - Lajme nga Ulqini\",\"isPartOf\":{\"@id\":\"https:\/\/www.visit-ulcinj.com\/blog\/#website\"},\"datePublished\":\"2015-03-01T06:13:13+00:00\",\"dateModified\":\"2015-03-03T17:04:45+00:00\",\"author\":{\"@id\":\"https:\/\/www.visit-ulcinj.com\/blog\/#\/schema\/person\/dcab619c614d3038751c63bc2aadc06d\"},\"description\":\"N\u00eb kuad\u00ebr t\u00eb dit\u00ebs s\u00eb gruas, me 8 mars, grat\u00eb deputete t\u00eb Kosov\u00ebs, Shqip\u00ebris\u00eb, Maqedonis\u00eb si dhe politikanet nga Mali i Zi e Presheva do t\u00eb mblidhen n\u00eb\",\"breadcrumb\":{\"@id\":\"https:\/\/www.visit-ulcinj.com\/blog\/2015\/03\/01\/grate-deputete-shqiptare-8-mars-mblidhen-ne-prishtine\/#breadcrumb\"},\"inLanguage\":\"en-US\",\"potentialAction\":[{\"@type\":\"ReadAction\",\"target\":[\"https:\/\/www.visit-ulcinj.com\/blog\/2015\/03\/01\/grate-deputete-shqiptare-8-mars-mblidhen-ne-prishtine\/\"]}]},{\"@type\":\"BreadcrumbList\",\"@id\":\"https:\/\/www.visit-ulcinj.com\/blog\/2015\/03\/01\/grate-deputete-shqiptare-8-mars-mblidhen-ne-prishtine\/#breadcrumb\",\"itemListElement\":[{\"@type\":\"ListItem\",\"position\":1,\"name\":\"Grat\u00eb deputete shqiptare Me 8 mars mblidhen n\u00eb Prishtin\u00eb\"}]},{\"@type\":\"Person\",\"@id\":\"https:\/\/www.visit-ulcinj.com\/blog\/#\/schema\/person\/dcab619c614d3038751c63bc2aadc06d\",\"name\":\"ulqini\",\"sameAs\":[\"http:\/\/www.visit-ulcinj.com\"],\"url\":\"https:\/\/www.visit-ulcinj.com\/blog\/author\/admin\/\"}]}<\/script>\n<!-- \/ Yoast SEO plugin. -->","yoast_head_json":{"title":"Grat\u00eb deputete shqiptare Me 8 mars mblidhen n\u00eb Prishtin\u00eb - Lajme nga Ulqini","description":"N\u00eb kuad\u00ebr t\u00eb dit\u00ebs s\u00eb gruas, me 8 mars, grat\u00eb deputete t\u00eb Kosov\u00ebs, Shqip\u00ebris\u00eb, Maqedonis\u00eb si dhe politikanet nga Mali i Zi e Presheva do t\u00eb mblidhen n\u00eb","robots":{"index":"index","follow":"follow","max-snippet":"max-snippet:-1","max-image-preview":"max-image-preview:large","max-video-preview":"max-video-preview:-1"},"canonical":"https:\/\/www.visit-ulcinj.com\/blog\/2015\/03\/01\/grate-deputete-shqiptare-8-mars-mblidhen-ne-prishtine\/","og_locale":"en_US","og_type":"article","og_title":"Grat\u00eb deputete shqiptare Me 8 mars mblidhen n\u00eb Prishtin\u00eb - Lajme nga Ulqini","og_description":"N\u00eb kuad\u00ebr t\u00eb dit\u00ebs s\u00eb gruas, me 8 mars, grat\u00eb deputete t\u00eb Kosov\u00ebs, Shqip\u00ebris\u00eb, Maqedonis\u00eb si dhe politikanet nga Mali i Zi e Presheva do t\u00eb mblidhen n\u00eb","og_url":"https:\/\/www.visit-ulcinj.com\/blog\/2015\/03\/01\/grate-deputete-shqiptare-8-mars-mblidhen-ne-prishtine\/","og_site_name":"Lajme nga Ulqini","article_published_time":"2015-03-01T06:13:13+00:00","article_modified_time":"2015-03-03T17:04:45+00:00","twitter_misc":{"Written by":"ulqini","Est. reading time":"1 minute"},"schema":{"@context":"https:\/\/schema.org","@graph":[{"@type":"WebSite","@id":"https:\/\/www.visit-ulcinj.com\/blog\/#website","url":"https:\/\/www.visit-ulcinj.com\/blog\/","name":"Lajme nga Ulqini","description":"Lajme,Vijesti,Ulqini,Ulqin,Crna Gora,Mali i Zi","potentialAction":[{"@type":"SearchAction","target":{"@type":"EntryPoint","urlTemplate":"https:\/\/www.visit-ulcinj.com\/blog\/?s={search_term_string}"},"query-input":"required name=search_term_string"}],"inLanguage":"en-US"},{"@type":"WebPage","@id":"https:\/\/www.visit-ulcinj.com\/blog\/2015\/03\/01\/grate-deputete-shqiptare-8-mars-mblidhen-ne-prishtine\/#webpage","url":"https:\/\/www.visit-ulcinj.com\/blog\/2015\/03\/01\/grate-deputete-shqiptare-8-mars-mblidhen-ne-prishtine\/","name":"Grat\u00eb deputete shqiptare Me 8 mars mblidhen n\u00eb Prishtin\u00eb - Lajme nga Ulqini","isPartOf":{"@id":"https:\/\/www.visit-ulcinj.com\/blog\/#website"},"datePublished":"2015-03-01T06:13:13+00:00","dateModified":"2015-03-03T17:04:45+00:00","author":{"@id":"https:\/\/www.visit-ulcinj.com\/blog\/#\/schema\/person\/dcab619c614d3038751c63bc2aadc06d"},"description":"N\u00eb kuad\u00ebr t\u00eb dit\u00ebs s\u00eb gruas, me 8 mars, grat\u00eb deputete t\u00eb Kosov\u00ebs, Shqip\u00ebris\u00eb, Maqedonis\u00eb si dhe politikanet nga Mali i Zi e Presheva do t\u00eb mblidhen n\u00eb","breadcrumb":{"@id":"https:\/\/www.visit-ulcinj.com\/blog\/2015\/03\/01\/grate-deputete-shqiptare-8-mars-mblidhen-ne-prishtine\/#breadcrumb"},"inLanguage":"en-US","potentialAction":[{"@type":"ReadAction","target":["https:\/\/www.visit-ulcinj.com\/blog\/2015\/03\/01\/grate-deputete-shqiptare-8-mars-mblidhen-ne-prishtine\/"]}]},{"@type":"BreadcrumbList","@id":"https:\/\/www.visit-ulcinj.com\/blog\/2015\/03\/01\/grate-deputete-shqiptare-8-mars-mblidhen-ne-prishtine\/#breadcrumb","itemListElement":[{"@type":"ListItem","position":1,"name":"Grat\u00eb deputete shqiptare Me 8 mars mblidhen n\u00eb Prishtin\u00eb"}]},{"@type":"Person","@id":"https:\/\/www.visit-ulcinj.com\/blog\/#\/schema\/person\/dcab619c614d3038751c63bc2aadc06d","name":"ulqini","sameAs":["http:\/\/www.visit-ulcinj.com"],"url":"https:\/\/www.visit-ulcinj.com\/blog\/author\/admin\/"}]}},"jetpack_featured_media_url":"","jetpack_sharing_enabled":true,"jetpack_shortlink":"https:\/\/wp.me\/pe6lTn-na6","_links":{"self":[{"href":"https:\/\/www.visit-ulcinj.com\/blog\/wp-json\/wp\/v2\/posts\/89038"}],"collection":[{"href":"https:\/\/www.visit-ulcinj.com\/blog\/wp-json\/wp\/v2\/posts"}],"about":[{"href":"https:\/\/www.visit-ulcinj.com\/blog\/wp-json\/wp\/v2\/types\/post"}],"author":[{"embeddable":true,"href":"https:\/\/www.visit-ulcinj.com\/blog\/wp-json\/wp\/v2\/users\/1"}],"replies":[{"embeddable":true,"href":"https:\/\/www.visit-ulcinj.com\/blog\/wp-json\/wp\/v2\/comments?post=89038"}],"version-history":[{"count":1,"href":"https:\/\/www.visit-ulcinj.com\/blog\/wp-json\/wp\/v2\/posts\/89038\/revisions"}],"predecessor-version":[{"id":89040,"href":"https:\/\/www.visit-ulcinj.com\/blog\/wp-json\/wp\/v2\/posts\/89038\/revisions\/89040"}],"wp:attachment":[{"href":"https:\/\/www.visit-ulcinj.com\/blog\/wp-json\/wp\/v2\/media?parent=89038"}],"wp:term":[{"taxonomy":"category","embeddable":true,"href":"https:\/\/www.visit-ulcinj.com\/blog\/wp-json\/wp\/v2\/categories?post=89038"},{"taxonomy":"post_tag","embeddable":true,"href":"https:\/\/www.visit-ulcinj.com\/blog\/wp-json\/wp\/v2\/tags?post=89038"}],"curies":[{"name":"wp","href":"https:\/\/api.w.org\/{rel}","templated":true}]}}