{"id":89041,"date":"2015-03-02T08:49:49","date_gmt":"2015-03-02T07:49:49","guid":{"rendered":"http:\/\/www.visit-ulcinj.com\/blog\/?p=89041"},"modified":"2015-03-02T13:25:06","modified_gmt":"2015-03-02T12:25:06","slug":"shkodranen-e-shesin-vajzen-per-6-mije-euro-per-nje-plak-nga-kosova","status":"publish","type":"post","link":"https:\/\/www.visit-ulcinj.com\/blog\/2015\/03\/02\/shkodranen-e-shesin-vajzen-per-6-mije-euro-per-nje-plak-nga-kosova\/","title":{"rendered":"Shkodranen e shesin vajz\u00ebn p\u00ebr 6 mij\u00eb euro p\u00ebr nj\u00eb plak nga Kosova"},"content":{"rendered":"<div class=\"inside-text-paragraphs\">\n<p><a href=\"http:\/\/www.visit-ulcinj.com\/blog\/wp-content\/uploads\/2015\/03\/euro.jpg\"><img loading=\"lazy\" class=\"alignleft wp-image-89042\" src=\"http:\/\/www.visit-ulcinj.com\/blog\/wp-content\/uploads\/2015\/03\/euro.jpg\" alt=\"euro\" width=\"508\" height=\"349\" \/><\/a>Nj\u00eb fem\u00ebr nga Shkodra n\u00eb vitin 2005 e ka shitur familja e saj p\u00ebr nj\u00eb burr\u00eb plak nga Kosova p\u00ebr 6 mij\u00eb euro.<\/p>\n<p>Tash ajo ka mbetur rrug\u00ebve pasi q\u00eb \u00ebsht\u00eb ndar\u00eb nga bashk\u00ebshorti i saj Ahmet G\u00ebrxhaliu. Shkak i ndarjes sipas Bashkime Sylejmanit \u00ebsht\u00eb se e ka kuptuar se bashk\u00ebshorti i saj kishte grua dhe f\u00ebmij\u00eb edhe pse kjo kishte menduar se ajo ka vdekur, transmeton RTV21. N\u00eb an\u00ebn tjet\u00ebr Ahmet G\u00ebrxhaliu q\u00eb duket bukur n\u00eb mosh\u00eb thot\u00eb se q\u00eb nga viti 1989 thot\u00eb se i ka pasur kat\u00ebr gra.<\/p>\n<p>Por ai thot\u00eb se \u00ebsht\u00eb ndar\u00eb nga Bashkimja pasi q\u00eb ajo ka harxhuar shum\u00eb para. Tash Bashkime Sylejmani-G\u00ebrxhaliu po jeton n\u00eb strehimore n\u00eb Prishtin\u00eb s\u00eb bashku me djalin e saj tre vje\u00e7ar Albinin.<\/p>\n<p>Z\u00ebri<\/p>\n<\/div>\n","protected":false},"excerpt":{"rendered":"<p>Nj\u00eb fem\u00ebr nga Shkodra n\u00eb vitin 2005 e ka shitur familja e saj p\u00ebr nj\u00eb burr\u00eb plak nga Kosova p\u00ebr 6 mij\u00eb euro. Tash ajo ka mbetur rrug\u00ebve pasi q\u00eb \u00ebsht\u00eb ndar\u00eb nga bashk\u00ebshorti i saj Ahmet G\u00ebrxhaliu. Shkak i ndarjes sipas Bashkime Sylejmanit \u00ebsht\u00eb se e ka kuptuar se bashk\u00ebshorti i saj kishte grua [&hellip;]<\/p>\n","protected":false},"author":1,"featured_media":0,"comment_status":"closed","ping_status":"closed","sticky":false,"template":"","format":"standard","meta":{"spay_email":"","jetpack_publicize_message":"","jetpack_is_tweetstorm":false,"jetpack_publicize_feature_enabled":true},"categories":[1,12],"tags":[],"jetpack_publicize_connections":[],"yoast_head":"<!-- This site is optimized with the Yoast SEO plugin v19.1 - https:\/\/yoast.com\/wordpress\/plugins\/seo\/ -->\n<title>Shkodranen e shesin vajz\u00ebn p\u00ebr 6 mij\u00eb euro p\u00ebr nj\u00eb plak nga Kosova - Lajme nga Ulqini<\/title>\n<meta name=\"description\" content=\"Nj\u00eb fem\u00ebr nga Shkodra n\u00eb vitin 2005 e ka shitur familja e saj p\u00ebr nj\u00eb burr\u00eb plak nga Kosova p\u00ebr 6 mij\u00eb euro. Tash ajo ka mbetur rrug\u00ebve pasi q\u00eb \u00ebsht\u00eb\" \/>\n<meta name=\"robots\" content=\"index, follow, max-snippet:-1, max-image-preview:large, max-video-preview:-1\" \/>\n<link rel=\"canonical\" href=\"https:\/\/www.visit-ulcinj.com\/blog\/2015\/03\/02\/shkodranen-e-shesin-vajzen-per-6-mije-euro-per-nje-plak-nga-kosova\/\" \/>\n<meta property=\"og:locale\" content=\"en_US\" \/>\n<meta property=\"og:type\" content=\"article\" \/>\n<meta property=\"og:title\" content=\"Shkodranen e shesin vajz\u00ebn p\u00ebr 6 mij\u00eb euro p\u00ebr nj\u00eb plak nga Kosova - Lajme nga Ulqini\" \/>\n<meta property=\"og:description\" content=\"Nj\u00eb fem\u00ebr nga Shkodra n\u00eb vitin 2005 e ka shitur familja e saj p\u00ebr nj\u00eb burr\u00eb plak nga Kosova p\u00ebr 6 mij\u00eb euro. Tash ajo ka mbetur rrug\u00ebve pasi q\u00eb \u00ebsht\u00eb\" \/>\n<meta property=\"og:url\" content=\"https:\/\/www.visit-ulcinj.com\/blog\/2015\/03\/02\/shkodranen-e-shesin-vajzen-per-6-mije-euro-per-nje-plak-nga-kosova\/\" \/>\n<meta property=\"og:site_name\" content=\"Lajme nga Ulqini\" \/>\n<meta property=\"article:published_time\" content=\"2015-03-02T07:49:49+00:00\" \/>\n<meta property=\"article:modified_time\" content=\"2015-03-02T12:25:06+00:00\" \/>\n<meta property=\"og:image\" content=\"http:\/\/www.visit-ulcinj.com\/blog\/wp-content\/uploads\/2015\/03\/euro.jpg\" \/>\n<meta name=\"twitter:label1\" content=\"Written by\" \/>\n\t<meta name=\"twitter:data1\" content=\"ulqini\" \/>\n\t<meta name=\"twitter:label2\" content=\"Est. reading time\" \/>\n\t<meta name=\"twitter:data2\" content=\"1 minute\" \/>\n<script type=\"application\/ld+json\" class=\"yoast-schema-graph\">{\"@context\":\"https:\/\/schema.org\",\"@graph\":[{\"@type\":\"WebSite\",\"@id\":\"https:\/\/www.visit-ulcinj.com\/blog\/#website\",\"url\":\"https:\/\/www.visit-ulcinj.com\/blog\/\",\"name\":\"Lajme nga Ulqini\",\"description\":\"Lajme,Vijesti,Ulqini,Ulqin,Crna Gora,Mali i Zi\",\"potentialAction\":[{\"@type\":\"SearchAction\",\"target\":{\"@type\":\"EntryPoint\",\"urlTemplate\":\"https:\/\/www.visit-ulcinj.com\/blog\/?s={search_term_string}\"},\"query-input\":\"required name=search_term_string\"}],\"inLanguage\":\"en-US\"},{\"@type\":\"ImageObject\",\"inLanguage\":\"en-US\",\"@id\":\"https:\/\/www.visit-ulcinj.com\/blog\/2015\/03\/02\/shkodranen-e-shesin-vajzen-per-6-mije-euro-per-nje-plak-nga-kosova\/#primaryimage\",\"url\":\"http:\/\/www.visit-ulcinj.com\/blog\/wp-content\/uploads\/2015\/03\/euro.jpg\",\"contentUrl\":\"http:\/\/www.visit-ulcinj.com\/blog\/wp-content\/uploads\/2015\/03\/euro.jpg\"},{\"@type\":\"WebPage\",\"@id\":\"https:\/\/www.visit-ulcinj.com\/blog\/2015\/03\/02\/shkodranen-e-shesin-vajzen-per-6-mije-euro-per-nje-plak-nga-kosova\/#webpage\",\"url\":\"https:\/\/www.visit-ulcinj.com\/blog\/2015\/03\/02\/shkodranen-e-shesin-vajzen-per-6-mije-euro-per-nje-plak-nga-kosova\/\",\"name\":\"Shkodranen e shesin vajz\u00ebn p\u00ebr 6 mij\u00eb euro p\u00ebr nj\u00eb plak nga Kosova - Lajme nga Ulqini\",\"isPartOf\":{\"@id\":\"https:\/\/www.visit-ulcinj.com\/blog\/#website\"},\"primaryImageOfPage\":{\"@id\":\"https:\/\/www.visit-ulcinj.com\/blog\/2015\/03\/02\/shkodranen-e-shesin-vajzen-per-6-mije-euro-per-nje-plak-nga-kosova\/#primaryimage\"},\"datePublished\":\"2015-03-02T07:49:49+00:00\",\"dateModified\":\"2015-03-02T12:25:06+00:00\",\"author\":{\"@id\":\"https:\/\/www.visit-ulcinj.com\/blog\/#\/schema\/person\/dcab619c614d3038751c63bc2aadc06d\"},\"description\":\"Nj\u00eb fem\u00ebr nga Shkodra n\u00eb vitin 2005 e ka shitur familja e saj p\u00ebr nj\u00eb burr\u00eb plak nga Kosova p\u00ebr 6 mij\u00eb euro. Tash ajo ka mbetur rrug\u00ebve pasi q\u00eb \u00ebsht\u00eb\",\"breadcrumb\":{\"@id\":\"https:\/\/www.visit-ulcinj.com\/blog\/2015\/03\/02\/shkodranen-e-shesin-vajzen-per-6-mije-euro-per-nje-plak-nga-kosova\/#breadcrumb\"},\"inLanguage\":\"en-US\",\"potentialAction\":[{\"@type\":\"ReadAction\",\"target\":[\"https:\/\/www.visit-ulcinj.com\/blog\/2015\/03\/02\/shkodranen-e-shesin-vajzen-per-6-mije-euro-per-nje-plak-nga-kosova\/\"]}]},{\"@type\":\"BreadcrumbList\",\"@id\":\"https:\/\/www.visit-ulcinj.com\/blog\/2015\/03\/02\/shkodranen-e-shesin-vajzen-per-6-mije-euro-per-nje-plak-nga-kosova\/#breadcrumb\",\"itemListElement\":[{\"@type\":\"ListItem\",\"position\":1,\"name\":\"Shkodranen e shesin vajz\u00ebn p\u00ebr 6 mij\u00eb euro p\u00ebr nj\u00eb plak nga Kosova\"}]},{\"@type\":\"Person\",\"@id\":\"https:\/\/www.visit-ulcinj.com\/blog\/#\/schema\/person\/dcab619c614d3038751c63bc2aadc06d\",\"name\":\"ulqini\",\"sameAs\":[\"http:\/\/www.visit-ulcinj.com\"],\"url\":\"https:\/\/www.visit-ulcinj.com\/blog\/author\/admin\/\"}]}<\/script>\n<!-- \/ Yoast SEO plugin. -->","yoast_head_json":{"title":"Shkodranen e shesin vajz\u00ebn p\u00ebr 6 mij\u00eb euro p\u00ebr nj\u00eb plak nga Kosova - Lajme nga Ulqini","description":"Nj\u00eb fem\u00ebr nga Shkodra n\u00eb vitin 2005 e ka shitur familja e saj p\u00ebr nj\u00eb burr\u00eb plak nga Kosova p\u00ebr 6 mij\u00eb euro. Tash ajo ka mbetur rrug\u00ebve pasi q\u00eb \u00ebsht\u00eb","robots":{"index":"index","follow":"follow","max-snippet":"max-snippet:-1","max-image-preview":"max-image-preview:large","max-video-preview":"max-video-preview:-1"},"canonical":"https:\/\/www.visit-ulcinj.com\/blog\/2015\/03\/02\/shkodranen-e-shesin-vajzen-per-6-mije-euro-per-nje-plak-nga-kosova\/","og_locale":"en_US","og_type":"article","og_title":"Shkodranen e shesin vajz\u00ebn p\u00ebr 6 mij\u00eb euro p\u00ebr nj\u00eb plak nga Kosova - Lajme nga Ulqini","og_description":"Nj\u00eb fem\u00ebr nga Shkodra n\u00eb vitin 2005 e ka shitur familja e saj p\u00ebr nj\u00eb burr\u00eb plak nga Kosova p\u00ebr 6 mij\u00eb euro. Tash ajo ka mbetur rrug\u00ebve pasi q\u00eb \u00ebsht\u00eb","og_url":"https:\/\/www.visit-ulcinj.com\/blog\/2015\/03\/02\/shkodranen-e-shesin-vajzen-per-6-mije-euro-per-nje-plak-nga-kosova\/","og_site_name":"Lajme nga Ulqini","article_published_time":"2015-03-02T07:49:49+00:00","article_modified_time":"2015-03-02T12:25:06+00:00","og_image":[{"url":"http:\/\/www.visit-ulcinj.com\/blog\/wp-content\/uploads\/2015\/03\/euro.jpg"}],"twitter_misc":{"Written by":"ulqini","Est. reading time":"1 minute"},"schema":{"@context":"https:\/\/schema.org","@graph":[{"@type":"WebSite","@id":"https:\/\/www.visit-ulcinj.com\/blog\/#website","url":"https:\/\/www.visit-ulcinj.com\/blog\/","name":"Lajme nga Ulqini","description":"Lajme,Vijesti,Ulqini,Ulqin,Crna Gora,Mali i Zi","potentialAction":[{"@type":"SearchAction","target":{"@type":"EntryPoint","urlTemplate":"https:\/\/www.visit-ulcinj.com\/blog\/?s={search_term_string}"},"query-input":"required name=search_term_string"}],"inLanguage":"en-US"},{"@type":"ImageObject","inLanguage":"en-US","@id":"https:\/\/www.visit-ulcinj.com\/blog\/2015\/03\/02\/shkodranen-e-shesin-vajzen-per-6-mije-euro-per-nje-plak-nga-kosova\/#primaryimage","url":"http:\/\/www.visit-ulcinj.com\/blog\/wp-content\/uploads\/2015\/03\/euro.jpg","contentUrl":"http:\/\/www.visit-ulcinj.com\/blog\/wp-content\/uploads\/2015\/03\/euro.jpg"},{"@type":"WebPage","@id":"https:\/\/www.visit-ulcinj.com\/blog\/2015\/03\/02\/shkodranen-e-shesin-vajzen-per-6-mije-euro-per-nje-plak-nga-kosova\/#webpage","url":"https:\/\/www.visit-ulcinj.com\/blog\/2015\/03\/02\/shkodranen-e-shesin-vajzen-per-6-mije-euro-per-nje-plak-nga-kosova\/","name":"Shkodranen e shesin vajz\u00ebn p\u00ebr 6 mij\u00eb euro p\u00ebr nj\u00eb plak nga Kosova - Lajme nga Ulqini","isPartOf":{"@id":"https:\/\/www.visit-ulcinj.com\/blog\/#website"},"primaryImageOfPage":{"@id":"https:\/\/www.visit-ulcinj.com\/blog\/2015\/03\/02\/shkodranen-e-shesin-vajzen-per-6-mije-euro-per-nje-plak-nga-kosova\/#primaryimage"},"datePublished":"2015-03-02T07:49:49+00:00","dateModified":"2015-03-02T12:25:06+00:00","author":{"@id":"https:\/\/www.visit-ulcinj.com\/blog\/#\/schema\/person\/dcab619c614d3038751c63bc2aadc06d"},"description":"Nj\u00eb fem\u00ebr nga Shkodra n\u00eb vitin 2005 e ka shitur familja e saj p\u00ebr nj\u00eb burr\u00eb plak nga Kosova p\u00ebr 6 mij\u00eb euro. Tash ajo ka mbetur rrug\u00ebve pasi q\u00eb \u00ebsht\u00eb","breadcrumb":{"@id":"https:\/\/www.visit-ulcinj.com\/blog\/2015\/03\/02\/shkodranen-e-shesin-vajzen-per-6-mije-euro-per-nje-plak-nga-kosova\/#breadcrumb"},"inLanguage":"en-US","potentialAction":[{"@type":"ReadAction","target":["https:\/\/www.visit-ulcinj.com\/blog\/2015\/03\/02\/shkodranen-e-shesin-vajzen-per-6-mije-euro-per-nje-plak-nga-kosova\/"]}]},{"@type":"BreadcrumbList","@id":"https:\/\/www.visit-ulcinj.com\/blog\/2015\/03\/02\/shkodranen-e-shesin-vajzen-per-6-mije-euro-per-nje-plak-nga-kosova\/#breadcrumb","itemListElement":[{"@type":"ListItem","position":1,"name":"Shkodranen e shesin vajz\u00ebn p\u00ebr 6 mij\u00eb euro p\u00ebr nj\u00eb plak nga Kosova"}]},{"@type":"Person","@id":"https:\/\/www.visit-ulcinj.com\/blog\/#\/schema\/person\/dcab619c614d3038751c63bc2aadc06d","name":"ulqini","sameAs":["http:\/\/www.visit-ulcinj.com"],"url":"https:\/\/www.visit-ulcinj.com\/blog\/author\/admin\/"}]}},"jetpack_featured_media_url":"","jetpack_sharing_enabled":true,"jetpack_shortlink":"https:\/\/wp.me\/pe6lTn-na9","_links":{"self":[{"href":"https:\/\/www.visit-ulcinj.com\/blog\/wp-json\/wp\/v2\/posts\/89041"}],"collection":[{"href":"https:\/\/www.visit-ulcinj.com\/blog\/wp-json\/wp\/v2\/posts"}],"about":[{"href":"https:\/\/www.visit-ulcinj.com\/blog\/wp-json\/wp\/v2\/types\/post"}],"author":[{"embeddable":true,"href":"https:\/\/www.visit-ulcinj.com\/blog\/wp-json\/wp\/v2\/users\/1"}],"replies":[{"embeddable":true,"href":"https:\/\/www.visit-ulcinj.com\/blog\/wp-json\/wp\/v2\/comments?post=89041"}],"version-history":[{"count":2,"href":"https:\/\/www.visit-ulcinj.com\/blog\/wp-json\/wp\/v2\/posts\/89041\/revisions"}],"predecessor-version":[{"id":89044,"href":"https:\/\/www.visit-ulcinj.com\/blog\/wp-json\/wp\/v2\/posts\/89041\/revisions\/89044"}],"wp:attachment":[{"href":"https:\/\/www.visit-ulcinj.com\/blog\/wp-json\/wp\/v2\/media?parent=89041"}],"wp:term":[{"taxonomy":"category","embeddable":true,"href":"https:\/\/www.visit-ulcinj.com\/blog\/wp-json\/wp\/v2\/categories?post=89041"},{"taxonomy":"post_tag","embeddable":true,"href":"https:\/\/www.visit-ulcinj.com\/blog\/wp-json\/wp\/v2\/tags?post=89041"}],"curies":[{"name":"wp","href":"https:\/\/api.w.org\/{rel}","templated":true}]}}