{"id":89045,"date":"2015-03-02T09:37:37","date_gmt":"2015-03-02T08:37:37","guid":{"rendered":"http:\/\/www.visit-ulcinj.com\/blog\/?p=89045"},"modified":"2015-03-02T09:47:46","modified_gmt":"2015-03-02T08:47:46","slug":"banoret-e-kuqishtes-te-shqetesuar-se-mali-zi-e-luajti-megjen","status":"publish","type":"post","link":"https:\/\/www.visit-ulcinj.com\/blog\/2015\/03\/02\/banoret-e-kuqishtes-te-shqetesuar-se-mali-zi-e-luajti-megjen\/","title":{"rendered":"Banor\u00ebt e Kuqisht\u00ebs t\u00eb shqet\u00ebsuar se Mali i Zi e \u201cluajti megj\u00ebn\u201d"},"content":{"rendered":"<h4><a href=\"http:\/\/www.visit-ulcinj.com\/blog\/wp-content\/uploads\/2015\/03\/fshati-Kucisht\u00eb-.jpg\"><img loading=\"lazy\" class=\"alignleft wp-image-89046\" src=\"http:\/\/www.visit-ulcinj.com\/blog\/wp-content\/uploads\/2015\/03\/fshati-Kucisht\u00eb-.jpg\" alt=\"fshati-Kucisht\u00eb-\" width=\"508\" height=\"280\" srcset=\"https:\/\/www.visit-ulcinj.com\/blog\/wp-content\/uploads\/2015\/03\/fshati-Kucisht\u00eb-.jpg 650w, https:\/\/www.visit-ulcinj.com\/blog\/wp-content\/uploads\/2015\/03\/fshati-Kucisht\u00eb--300x165.jpg 300w\" sizes=\"(max-width: 508px) 100vw, 508px\" \/><\/a>Qytetar\u00eb t\u00eb an\u00ebs s\u00eb Pej\u00ebs, m\u00eb sakt\u00ebsisht t\u00eb fshatit Ku\u00e7isht\u00eb, jan\u00eb t\u00eb shqet\u00ebsuar se po pengohen p\u00ebr t\u2019i shfryt\u00ebzuar pronat e tyre n\u00eb kufi me Malin e Zi, raporton KTV.<\/h4>\n<p>E krejt kjo si pasoj\u00eb q\u00eb autoritetet malazeze, sipas tyre, pretendojn\u00eb t\u00eb marrin 40 kilometra brenda territorit t\u00eb Kosov\u00ebs.<\/p>\n<p>Uk\u00eb Xhevukaj, 80-vje\u00e7ar, tregon se si kishte qen\u00eb e ndar\u00eb kjo pjes\u00eb e kufirit me Malin e Zi dhe thot\u00eb se malazez\u00ebt e \u201ckan\u00eb lujt megj\u00ebn\u201d.<\/p>\n<p>Banor\u00ebt thon\u00eb se \u00ebsht\u00eb e papranueshme q\u00eb t\u00eb mos ken\u00eb t\u00eb drejt\u00eb t\u2019i punojn\u00eb tokat e tyre, p\u00ebrcjell koha.net. Madje, n\u00eb at\u00eb pjes\u00eb gjenden edhe varreza t\u00eb shqiptar\u00ebve t\u00eb k\u00ebsaj ane.<\/p>\n<p>E p\u00ebr k\u00ebt\u00eb thon\u00eb se fajet i kan\u00eb institucionet e Kosov\u00ebs. Banor\u00ebt k\u00ebrkojn\u00eb q\u00eb pikat kufitare mes dy vendeve t\u00eb mbesin ato q\u00eb jan\u00eb parapar\u00eb n\u00eb vitin 1974.<\/p>\n<p>Ndryshimet e pikave kufitare Kosov\u00eb-Mal i Zi i ka paraqitur edhe n\u00ebp\u00ebrmes grafik\u00ebs eksploruesi i bukurive natyrore t\u00eb Kosov\u00ebs, Arben Islami. N\u00eb fotot e publikuara n\u00eb rrjetet sociale shihet qart\u00eb kufiri i dikursh\u00ebm i Kosov\u00ebs me Malin e Zi, dhe ai ku \u00ebsht\u00eb sot.<\/p>\n<p>Po ashtu shihet se si \u00ebsht\u00eb ndar\u00eb n\u00eb dy pjes\u00eb liqeni q\u00eb gjendet shum\u00eb af\u00ebr fshatit Ku\u00e7isht\u00eb. E derisa kjo vazhdon t\u00eb mbetet shqet\u00ebsim p\u00ebr qytetar\u00ebt e Kosov\u00ebs, z\u00ebvend\u00ebskryeministri Hashim Tha\u00e7i, gjat\u00eb vizit\u00ebs s\u00eb fundit n\u00eb Mal t\u00eb Zi, ka lavd\u00ebruar marr\u00ebdh\u00ebniet e mira mes dy shteteve.<\/p>\n<p><strong>\u00a9 KOHA.net <\/strong><\/p>\n<p>&nbsp;<\/p>\n","protected":false},"excerpt":{"rendered":"<p>Qytetar\u00eb t\u00eb an\u00ebs s\u00eb Pej\u00ebs, m\u00eb sakt\u00ebsisht t\u00eb fshatit Ku\u00e7isht\u00eb, jan\u00eb t\u00eb shqet\u00ebsuar se po pengohen p\u00ebr t\u2019i shfryt\u00ebzuar pronat e tyre n\u00eb kufi me Malin e Zi, raporton KTV. E krejt kjo si pasoj\u00eb q\u00eb autoritetet malazeze, sipas tyre, pretendojn\u00eb t\u00eb marrin 40 kilometra brenda territorit t\u00eb Kosov\u00ebs. Uk\u00eb Xhevukaj, 80-vje\u00e7ar, tregon se si [&hellip;]<\/p>\n","protected":false},"author":1,"featured_media":0,"comment_status":"closed","ping_status":"closed","sticky":false,"template":"","format":"standard","meta":{"spay_email":"","jetpack_publicize_message":"","jetpack_is_tweetstorm":false,"jetpack_publicize_feature_enabled":true},"categories":[14],"tags":[],"jetpack_publicize_connections":[],"yoast_head":"<!-- This site is optimized with the Yoast SEO plugin v19.1 - https:\/\/yoast.com\/wordpress\/plugins\/seo\/ -->\n<title>Banor\u00ebt e Kuqisht\u00ebs t\u00eb shqet\u00ebsuar se Mali i Zi e \u201cluajti megj\u00ebn\u201d - Lajme nga Ulqini<\/title>\n<meta name=\"description\" content=\"Qytetar\u00eb t\u00eb an\u00ebs s\u00eb Pej\u00ebs, m\u00eb sakt\u00ebsisht t\u00eb fshatit Ku\u00e7isht\u00eb, jan\u00eb t\u00eb shqet\u00ebsuar se po pengohen p\u00ebr t\u2019i shfryt\u00ebzuar pronat e tyre n\u00eb kufi me Malin e Zi,\" \/>\n<meta name=\"robots\" content=\"index, follow, max-snippet:-1, max-image-preview:large, max-video-preview:-1\" \/>\n<link rel=\"canonical\" href=\"https:\/\/www.visit-ulcinj.com\/blog\/2015\/03\/02\/banoret-e-kuqishtes-te-shqetesuar-se-mali-zi-e-luajti-megjen\/\" \/>\n<meta property=\"og:locale\" content=\"en_US\" \/>\n<meta property=\"og:type\" content=\"article\" \/>\n<meta property=\"og:title\" content=\"Banor\u00ebt e Kuqisht\u00ebs t\u00eb shqet\u00ebsuar se Mali i Zi e \u201cluajti megj\u00ebn\u201d - Lajme nga Ulqini\" \/>\n<meta property=\"og:description\" content=\"Qytetar\u00eb t\u00eb an\u00ebs s\u00eb Pej\u00ebs, m\u00eb sakt\u00ebsisht t\u00eb fshatit Ku\u00e7isht\u00eb, jan\u00eb t\u00eb shqet\u00ebsuar se po pengohen p\u00ebr t\u2019i shfryt\u00ebzuar pronat e tyre n\u00eb kufi me Malin e Zi,\" \/>\n<meta property=\"og:url\" content=\"https:\/\/www.visit-ulcinj.com\/blog\/2015\/03\/02\/banoret-e-kuqishtes-te-shqetesuar-se-mali-zi-e-luajti-megjen\/\" \/>\n<meta property=\"og:site_name\" content=\"Lajme nga Ulqini\" \/>\n<meta property=\"article:published_time\" content=\"2015-03-02T08:37:37+00:00\" \/>\n<meta property=\"article:modified_time\" content=\"2015-03-02T08:47:46+00:00\" \/>\n<meta name=\"twitter:label1\" content=\"Written by\" \/>\n\t<meta name=\"twitter:data1\" content=\"ulqini\" \/>\n\t<meta name=\"twitter:label2\" content=\"Est. reading time\" \/>\n\t<meta name=\"twitter:data2\" content=\"1 minute\" \/>\n<script type=\"application\/ld+json\" class=\"yoast-schema-graph\">{\"@context\":\"https:\/\/schema.org\",\"@graph\":[{\"@type\":\"WebSite\",\"@id\":\"https:\/\/www.visit-ulcinj.com\/blog\/#website\",\"url\":\"https:\/\/www.visit-ulcinj.com\/blog\/\",\"name\":\"Lajme nga Ulqini\",\"description\":\"Lajme,Vijesti,Ulqini,Ulqin,Crna Gora,Mali i Zi\",\"potentialAction\":[{\"@type\":\"SearchAction\",\"target\":{\"@type\":\"EntryPoint\",\"urlTemplate\":\"https:\/\/www.visit-ulcinj.com\/blog\/?s={search_term_string}\"},\"query-input\":\"required name=search_term_string\"}],\"inLanguage\":\"en-US\"},{\"@type\":\"WebPage\",\"@id\":\"https:\/\/www.visit-ulcinj.com\/blog\/2015\/03\/02\/banoret-e-kuqishtes-te-shqetesuar-se-mali-zi-e-luajti-megjen\/#webpage\",\"url\":\"https:\/\/www.visit-ulcinj.com\/blog\/2015\/03\/02\/banoret-e-kuqishtes-te-shqetesuar-se-mali-zi-e-luajti-megjen\/\",\"name\":\"Banor\u00ebt e Kuqisht\u00ebs t\u00eb shqet\u00ebsuar se Mali i Zi e \u201cluajti megj\u00ebn\u201d - Lajme nga Ulqini\",\"isPartOf\":{\"@id\":\"https:\/\/www.visit-ulcinj.com\/blog\/#website\"},\"datePublished\":\"2015-03-02T08:37:37+00:00\",\"dateModified\":\"2015-03-02T08:47:46+00:00\",\"author\":{\"@id\":\"https:\/\/www.visit-ulcinj.com\/blog\/#\/schema\/person\/dcab619c614d3038751c63bc2aadc06d\"},\"description\":\"Qytetar\u00eb t\u00eb an\u00ebs s\u00eb Pej\u00ebs, m\u00eb sakt\u00ebsisht t\u00eb fshatit Ku\u00e7isht\u00eb, jan\u00eb t\u00eb shqet\u00ebsuar se po pengohen p\u00ebr t\u2019i shfryt\u00ebzuar pronat e tyre n\u00eb kufi me Malin e Zi,\",\"breadcrumb\":{\"@id\":\"https:\/\/www.visit-ulcinj.com\/blog\/2015\/03\/02\/banoret-e-kuqishtes-te-shqetesuar-se-mali-zi-e-luajti-megjen\/#breadcrumb\"},\"inLanguage\":\"en-US\",\"potentialAction\":[{\"@type\":\"ReadAction\",\"target\":[\"https:\/\/www.visit-ulcinj.com\/blog\/2015\/03\/02\/banoret-e-kuqishtes-te-shqetesuar-se-mali-zi-e-luajti-megjen\/\"]}]},{\"@type\":\"BreadcrumbList\",\"@id\":\"https:\/\/www.visit-ulcinj.com\/blog\/2015\/03\/02\/banoret-e-kuqishtes-te-shqetesuar-se-mali-zi-e-luajti-megjen\/#breadcrumb\",\"itemListElement\":[{\"@type\":\"ListItem\",\"position\":1,\"name\":\"Banor\u00ebt e Kuqisht\u00ebs t\u00eb shqet\u00ebsuar se Mali i Zi e \u201cluajti megj\u00ebn\u201d\"}]},{\"@type\":\"Person\",\"@id\":\"https:\/\/www.visit-ulcinj.com\/blog\/#\/schema\/person\/dcab619c614d3038751c63bc2aadc06d\",\"name\":\"ulqini\",\"sameAs\":[\"http:\/\/www.visit-ulcinj.com\"],\"url\":\"https:\/\/www.visit-ulcinj.com\/blog\/author\/admin\/\"}]}<\/script>\n<!-- \/ Yoast SEO plugin. -->","yoast_head_json":{"title":"Banor\u00ebt e Kuqisht\u00ebs t\u00eb shqet\u00ebsuar se Mali i Zi e \u201cluajti megj\u00ebn\u201d - Lajme nga Ulqini","description":"Qytetar\u00eb t\u00eb an\u00ebs s\u00eb Pej\u00ebs, m\u00eb sakt\u00ebsisht t\u00eb fshatit Ku\u00e7isht\u00eb, jan\u00eb t\u00eb shqet\u00ebsuar se po pengohen p\u00ebr t\u2019i shfryt\u00ebzuar pronat e tyre n\u00eb kufi me Malin e Zi,","robots":{"index":"index","follow":"follow","max-snippet":"max-snippet:-1","max-image-preview":"max-image-preview:large","max-video-preview":"max-video-preview:-1"},"canonical":"https:\/\/www.visit-ulcinj.com\/blog\/2015\/03\/02\/banoret-e-kuqishtes-te-shqetesuar-se-mali-zi-e-luajti-megjen\/","og_locale":"en_US","og_type":"article","og_title":"Banor\u00ebt e Kuqisht\u00ebs t\u00eb shqet\u00ebsuar se Mali i Zi e \u201cluajti megj\u00ebn\u201d - Lajme nga Ulqini","og_description":"Qytetar\u00eb t\u00eb an\u00ebs s\u00eb Pej\u00ebs, m\u00eb sakt\u00ebsisht t\u00eb fshatit Ku\u00e7isht\u00eb, jan\u00eb t\u00eb shqet\u00ebsuar se po pengohen p\u00ebr t\u2019i shfryt\u00ebzuar pronat e tyre n\u00eb kufi me Malin e Zi,","og_url":"https:\/\/www.visit-ulcinj.com\/blog\/2015\/03\/02\/banoret-e-kuqishtes-te-shqetesuar-se-mali-zi-e-luajti-megjen\/","og_site_name":"Lajme nga Ulqini","article_published_time":"2015-03-02T08:37:37+00:00","article_modified_time":"2015-03-02T08:47:46+00:00","twitter_misc":{"Written by":"ulqini","Est. reading time":"1 minute"},"schema":{"@context":"https:\/\/schema.org","@graph":[{"@type":"WebSite","@id":"https:\/\/www.visit-ulcinj.com\/blog\/#website","url":"https:\/\/www.visit-ulcinj.com\/blog\/","name":"Lajme nga Ulqini","description":"Lajme,Vijesti,Ulqini,Ulqin,Crna Gora,Mali i Zi","potentialAction":[{"@type":"SearchAction","target":{"@type":"EntryPoint","urlTemplate":"https:\/\/www.visit-ulcinj.com\/blog\/?s={search_term_string}"},"query-input":"required name=search_term_string"}],"inLanguage":"en-US"},{"@type":"WebPage","@id":"https:\/\/www.visit-ulcinj.com\/blog\/2015\/03\/02\/banoret-e-kuqishtes-te-shqetesuar-se-mali-zi-e-luajti-megjen\/#webpage","url":"https:\/\/www.visit-ulcinj.com\/blog\/2015\/03\/02\/banoret-e-kuqishtes-te-shqetesuar-se-mali-zi-e-luajti-megjen\/","name":"Banor\u00ebt e Kuqisht\u00ebs t\u00eb shqet\u00ebsuar se Mali i Zi e \u201cluajti megj\u00ebn\u201d - Lajme nga Ulqini","isPartOf":{"@id":"https:\/\/www.visit-ulcinj.com\/blog\/#website"},"datePublished":"2015-03-02T08:37:37+00:00","dateModified":"2015-03-02T08:47:46+00:00","author":{"@id":"https:\/\/www.visit-ulcinj.com\/blog\/#\/schema\/person\/dcab619c614d3038751c63bc2aadc06d"},"description":"Qytetar\u00eb t\u00eb an\u00ebs s\u00eb Pej\u00ebs, m\u00eb sakt\u00ebsisht t\u00eb fshatit Ku\u00e7isht\u00eb, jan\u00eb t\u00eb shqet\u00ebsuar se po pengohen p\u00ebr t\u2019i shfryt\u00ebzuar pronat e tyre n\u00eb kufi me Malin e Zi,","breadcrumb":{"@id":"https:\/\/www.visit-ulcinj.com\/blog\/2015\/03\/02\/banoret-e-kuqishtes-te-shqetesuar-se-mali-zi-e-luajti-megjen\/#breadcrumb"},"inLanguage":"en-US","potentialAction":[{"@type":"ReadAction","target":["https:\/\/www.visit-ulcinj.com\/blog\/2015\/03\/02\/banoret-e-kuqishtes-te-shqetesuar-se-mali-zi-e-luajti-megjen\/"]}]},{"@type":"BreadcrumbList","@id":"https:\/\/www.visit-ulcinj.com\/blog\/2015\/03\/02\/banoret-e-kuqishtes-te-shqetesuar-se-mali-zi-e-luajti-megjen\/#breadcrumb","itemListElement":[{"@type":"ListItem","position":1,"name":"Banor\u00ebt e Kuqisht\u00ebs t\u00eb shqet\u00ebsuar se Mali i Zi e \u201cluajti megj\u00ebn\u201d"}]},{"@type":"Person","@id":"https:\/\/www.visit-ulcinj.com\/blog\/#\/schema\/person\/dcab619c614d3038751c63bc2aadc06d","name":"ulqini","sameAs":["http:\/\/www.visit-ulcinj.com"],"url":"https:\/\/www.visit-ulcinj.com\/blog\/author\/admin\/"}]}},"jetpack_featured_media_url":"","jetpack_sharing_enabled":true,"jetpack_shortlink":"https:\/\/wp.me\/pe6lTn-nad","_links":{"self":[{"href":"https:\/\/www.visit-ulcinj.com\/blog\/wp-json\/wp\/v2\/posts\/89045"}],"collection":[{"href":"https:\/\/www.visit-ulcinj.com\/blog\/wp-json\/wp\/v2\/posts"}],"about":[{"href":"https:\/\/www.visit-ulcinj.com\/blog\/wp-json\/wp\/v2\/types\/post"}],"author":[{"embeddable":true,"href":"https:\/\/www.visit-ulcinj.com\/blog\/wp-json\/wp\/v2\/users\/1"}],"replies":[{"embeddable":true,"href":"https:\/\/www.visit-ulcinj.com\/blog\/wp-json\/wp\/v2\/comments?post=89045"}],"version-history":[{"count":4,"href":"https:\/\/www.visit-ulcinj.com\/blog\/wp-json\/wp\/v2\/posts\/89045\/revisions"}],"predecessor-version":[{"id":89050,"href":"https:\/\/www.visit-ulcinj.com\/blog\/wp-json\/wp\/v2\/posts\/89045\/revisions\/89050"}],"wp:attachment":[{"href":"https:\/\/www.visit-ulcinj.com\/blog\/wp-json\/wp\/v2\/media?parent=89045"}],"wp:term":[{"taxonomy":"category","embeddable":true,"href":"https:\/\/www.visit-ulcinj.com\/blog\/wp-json\/wp\/v2\/categories?post=89045"},{"taxonomy":"post_tag","embeddable":true,"href":"https:\/\/www.visit-ulcinj.com\/blog\/wp-json\/wp\/v2\/tags?post=89045"}],"curies":[{"name":"wp","href":"https:\/\/api.w.org\/{rel}","templated":true}]}}