{"id":89051,"date":"2015-03-02T13:22:42","date_gmt":"2015-03-02T12:22:42","guid":{"rendered":"http:\/\/www.visit-ulcinj.com\/blog\/?p=89051"},"modified":"2015-03-02T17:14:39","modified_gmt":"2015-03-02T16:14:39","slug":"pajiset-miniambulance-qendra-ditore-sirena-video","status":"publish","type":"post","link":"https:\/\/www.visit-ulcinj.com\/blog\/2015\/03\/02\/pajiset-miniambulance-qendra-ditore-sirena-video\/","title":{"rendered":"Pajiset me Miniambulanc\u00eb qendra ditore &#8220;Sirena&#8221; &#8211; Video"},"content":{"rendered":"<p><a href=\"http:\/\/www.visit-ulcinj.com\/blog\/wp-content\/uploads\/2015\/03\/Miniambulanc\u00eb-qendra-ditore-Sirena-Ulqin.jpg\"><img loading=\"lazy\" class=\"alignleft wp-image-89052\" src=\"http:\/\/www.visit-ulcinj.com\/blog\/wp-content\/uploads\/2015\/03\/Miniambulanc\u00eb-qendra-ditore-Sirena-Ulqin.jpg\" alt=\"Miniambulanc\u00eb qendra ditore-Sirena-Ulqin\" width=\"508\" height=\"340\" srcset=\"https:\/\/www.visit-ulcinj.com\/blog\/wp-content\/uploads\/2015\/03\/Miniambulanc\u00eb-qendra-ditore-Sirena-Ulqin.jpg 999w, https:\/\/www.visit-ulcinj.com\/blog\/wp-content\/uploads\/2015\/03\/Miniambulanc\u00eb-qendra-ditore-Sirena-Ulqin-300x201.jpg 300w\" sizes=\"(max-width: 508px) 100vw, 508px\" \/><\/a>M\u00eb 25.02.2015,vizituan Qendren ditore p\u00ebr f\u00ebmij\u00eb dhe t\u00eb rinj me pengesa dhe v\u00ebshtir\u00ebsi n\u00eb zhvillim &#8220;Sirena&#8221; p\u00ebrfaq\u00ebsuesit e Kish\u00ebs katolike Jezu Krishti,institucion i bamir\u00ebsis\u00eb nga SHBA me seli n\u00eb Podgoric\u00eb z.Alan Taylor dhe z-nja Christine Taylor q\u00eb mund\u00ebsuan pajisjen e mini-ambulanc\u00ebs me mjetet e duhura elementare.P\u00ebr pajisjen e ambulanc\u00ebs kontribuan edhe v\u00ebllez\u00ebrit Nexhat dhe Besnik Xhurreta si dhe barantorja PHARMA LIFE me pronaren Mehrixhana Dervishi Llazorja.<\/p>\n<p>Bilal Alaj<\/p>\n<p><em><strong>U Dnevni centar za djecu i omladinu sa smetnjama i teskocama u razvoju \u201cSirena\u201d<\/strong><\/em><\/p>\n<p><em><strong>IP Qendra ditore p\u00ebr f\u00ebmij\u00eb dhe t\u00eb rinj me pengesa dhe v\u00ebshtir\u00ebsi n\u00eb zhvillim \u201cSirena\u201d<\/strong><\/em><\/p>\n<p><strong>Ul.-Rr.Djerdj Kastrioti Skenderbeg Pib:02902877 Z.r:5201807282<\/strong><\/p>\n<p><strong><a href=\"mailto:e-mail%3Asirena_ul@hotmail.com\">e-mail:sirena_ul@hotmail.com<\/a> tel\/fax:<a href=\"tel:030%2F414-109\">030\/414-109<\/a><\/strong><\/p>\n<!--YouTube Error: bad URL entered-->\n\n\t\t<style type=\"text\/css\">\n\t\t\t#gallery-1 {\n\t\t\t\tmargin: auto;\n\t\t\t}\n\t\t\t#gallery-1 .gallery-item {\n\t\t\t\tfloat: left;\n\t\t\t\tmargin-top: 10px;\n\t\t\t\ttext-align: center;\n\t\t\t\twidth: 33%;\n\t\t\t}\n\t\t\t#gallery-1 img {\n\t\t\t\tborder: 2px solid #cfcfcf;\n\t\t\t}\n\t\t\t#gallery-1 .gallery-caption {\n\t\t\t\tmargin-left: 0;\n\t\t\t}\n\t\t\t\/* see gallery_shortcode() in wp-includes\/media.php *\/\n\t\t<\/style>\n\t\t<div id='gallery-1' class='gallery galleryid-89051 gallery-columns-3 gallery-size-thumbnail'><dl class='gallery-item'>\n\t\t\t<dt class='gallery-icon landscape'>\n\t\t\t\t<a href='https:\/\/www.visit-ulcinj.com\/blog\/2015\/03\/02\/pajiset-miniambulance-qendra-ditore-sirena-video\/miniambulance-qendra-ditore-sirena-ulqin-1\/'><img width=\"150\" height=\"150\" src=\"https:\/\/www.visit-ulcinj.com\/blog\/wp-content\/uploads\/2015\/03\/Miniambulanc\u00eb-qendra-ditore-Sirena-Ulqin-1-150x150.jpg\" class=\"attachment-thumbnail size-thumbnail\" alt=\"\" loading=\"lazy\" \/><\/a>\n\t\t\t<\/dt><\/dl><dl class='gallery-item'>\n\t\t\t<dt class='gallery-icon landscape'>\n\t\t\t\t<a href='https:\/\/www.visit-ulcinj.com\/blog\/2015\/03\/02\/pajiset-miniambulance-qendra-ditore-sirena-video\/miniambulance-qendra-ditore-sirena-ulqin-2\/'><img width=\"150\" height=\"150\" src=\"https:\/\/www.visit-ulcinj.com\/blog\/wp-content\/uploads\/2015\/03\/Miniambulanc\u00eb-qendra-ditore-Sirena-Ulqin-2-150x150.jpg\" class=\"attachment-thumbnail size-thumbnail\" alt=\"\" loading=\"lazy\" \/><\/a>\n\t\t\t<\/dt><\/dl><dl class='gallery-item'>\n\t\t\t<dt class='gallery-icon landscape'>\n\t\t\t\t<a href='https:\/\/www.visit-ulcinj.com\/blog\/2015\/03\/02\/pajiset-miniambulance-qendra-ditore-sirena-video\/miniambulance-qendra-ditore-sirena-ulqin-3\/'><img width=\"150\" height=\"150\" src=\"https:\/\/www.visit-ulcinj.com\/blog\/wp-content\/uploads\/2015\/03\/Miniambulanc\u00eb-qendra-ditore-Sirena-Ulqin-3-150x150.jpg\" class=\"attachment-thumbnail size-thumbnail\" alt=\"\" loading=\"lazy\" \/><\/a>\n\t\t\t<\/dt><\/dl><br style=\"clear: both\" \/><dl class='gallery-item'>\n\t\t\t<dt class='gallery-icon landscape'>\n\t\t\t\t<a href='https:\/\/www.visit-ulcinj.com\/blog\/2015\/03\/02\/pajiset-miniambulance-qendra-ditore-sirena-video\/miniambulance-qendra-ditore-sirena-ulqin-4\/'><img width=\"150\" height=\"150\" src=\"https:\/\/www.visit-ulcinj.com\/blog\/wp-content\/uploads\/2015\/03\/Miniambulanc\u00eb-qendra-ditore-Sirena-Ulqin-4-150x150.jpg\" class=\"attachment-thumbnail size-thumbnail\" alt=\"\" loading=\"lazy\" \/><\/a>\n\t\t\t<\/dt><\/dl><dl class='gallery-item'>\n\t\t\t<dt class='gallery-icon landscape'>\n\t\t\t\t<a href='https:\/\/www.visit-ulcinj.com\/blog\/2015\/03\/02\/pajiset-miniambulance-qendra-ditore-sirena-video\/miniambulance-qendra-ditore-sirena-ulqin-5\/'><img width=\"150\" height=\"150\" src=\"https:\/\/www.visit-ulcinj.com\/blog\/wp-content\/uploads\/2015\/03\/Miniambulanc\u00eb-qendra-ditore-Sirena-Ulqin-5-150x150.jpg\" class=\"attachment-thumbnail size-thumbnail\" alt=\"\" loading=\"lazy\" \/><\/a>\n\t\t\t<\/dt><\/dl><dl class='gallery-item'>\n\t\t\t<dt class='gallery-icon landscape'>\n\t\t\t\t<a href='https:\/\/www.visit-ulcinj.com\/blog\/2015\/03\/02\/pajiset-miniambulance-qendra-ditore-sirena-video\/miniambulance-qendra-ditore-sirena-ulqin-6\/'><img width=\"150\" height=\"150\" src=\"https:\/\/www.visit-ulcinj.com\/blog\/wp-content\/uploads\/2015\/03\/Miniambulanc\u00eb-qendra-ditore-Sirena-Ulqin-6-150x150.jpg\" class=\"attachment-thumbnail size-thumbnail\" alt=\"\" loading=\"lazy\" \/><\/a>\n\t\t\t<\/dt><\/dl><br style=\"clear: both\" \/>\n\t\t<\/div>\n\n","protected":false},"excerpt":{"rendered":"<p>M\u00eb 25.02.2015,vizituan Qendren ditore p\u00ebr f\u00ebmij\u00eb dhe t\u00eb rinj me pengesa dhe v\u00ebshtir\u00ebsi n\u00eb zhvillim &#8220;Sirena&#8221; p\u00ebrfaq\u00ebsuesit e Kish\u00ebs katolike Jezu Krishti,institucion i bamir\u00ebsis\u00eb nga SHBA me seli n\u00eb Podgoric\u00eb z.Alan Taylor dhe z-nja Christine Taylor q\u00eb mund\u00ebsuan pajisjen e mini-ambulanc\u00ebs me mjetet e duhura elementare.P\u00ebr pajisjen e ambulanc\u00ebs kontribuan edhe v\u00ebllez\u00ebrit Nexhat dhe Besnik [&hellip;]<\/p>\n","protected":false},"author":1,"featured_media":0,"comment_status":"closed","ping_status":"closed","sticky":false,"template":"","format":"standard","meta":{"spay_email":"","jetpack_publicize_message":"","jetpack_is_tweetstorm":false,"jetpack_publicize_feature_enabled":true},"categories":[1,11],"tags":[],"jetpack_publicize_connections":[],"yoast_head":"<!-- This site is optimized with the Yoast SEO plugin v19.1 - https:\/\/yoast.com\/wordpress\/plugins\/seo\/ -->\n<title>Pajiset me Miniambulanc\u00eb qendra ditore &quot;Sirena&quot; - Video - Lajme nga Ulqini<\/title>\n<meta name=\"description\" content=\"M\u00eb 25.02.2015,vizituan Qendren ditore p\u00ebr f\u00ebmij\u00eb dhe t\u00eb rinj me pengesa dhe v\u00ebshtir\u00ebsi n\u00eb zhvillim &quot;Sirena&quot; p\u00ebrfaq\u00ebsuesit e Kish\u00ebs katolike Jezu\" \/>\n<meta name=\"robots\" content=\"index, follow, max-snippet:-1, max-image-preview:large, max-video-preview:-1\" \/>\n<link rel=\"canonical\" href=\"https:\/\/www.visit-ulcinj.com\/blog\/2015\/03\/02\/pajiset-miniambulance-qendra-ditore-sirena-video\/\" \/>\n<meta property=\"og:locale\" content=\"en_US\" \/>\n<meta property=\"og:type\" content=\"article\" \/>\n<meta property=\"og:title\" content=\"Pajiset me Miniambulanc\u00eb qendra ditore &quot;Sirena&quot; - Video - Lajme nga Ulqini\" \/>\n<meta property=\"og:description\" content=\"M\u00eb 25.02.2015,vizituan Qendren ditore p\u00ebr f\u00ebmij\u00eb dhe t\u00eb rinj me pengesa dhe v\u00ebshtir\u00ebsi n\u00eb zhvillim &quot;Sirena&quot; p\u00ebrfaq\u00ebsuesit e Kish\u00ebs katolike Jezu\" \/>\n<meta property=\"og:url\" content=\"https:\/\/www.visit-ulcinj.com\/blog\/2015\/03\/02\/pajiset-miniambulance-qendra-ditore-sirena-video\/\" \/>\n<meta property=\"og:site_name\" content=\"Lajme nga Ulqini\" \/>\n<meta property=\"article:published_time\" content=\"2015-03-02T12:22:42+00:00\" \/>\n<meta property=\"article:modified_time\" content=\"2015-03-02T16:14:39+00:00\" \/>\n<meta property=\"og:image\" content=\"https:\/\/www.visit-ulcinj.com\/blog\/wp-content\/uploads\/2015\/03\/Miniambulanc\u00eb-qendra-ditore-Sirena-Ulqin-1-150x150.jpg\" \/>\n<meta name=\"twitter:label1\" content=\"Written by\" \/>\n\t<meta name=\"twitter:data1\" content=\"ulqini\" \/>\n\t<meta name=\"twitter:label2\" content=\"Est. reading time\" \/>\n\t<meta name=\"twitter:data2\" content=\"1 minute\" \/>\n<script type=\"application\/ld+json\" class=\"yoast-schema-graph\">{\"@context\":\"https:\/\/schema.org\",\"@graph\":[{\"@type\":\"WebSite\",\"@id\":\"https:\/\/www.visit-ulcinj.com\/blog\/#website\",\"url\":\"https:\/\/www.visit-ulcinj.com\/blog\/\",\"name\":\"Lajme nga Ulqini\",\"description\":\"Lajme,Vijesti,Ulqini,Ulqin,Crna Gora,Mali i Zi\",\"potentialAction\":[{\"@type\":\"SearchAction\",\"target\":{\"@type\":\"EntryPoint\",\"urlTemplate\":\"https:\/\/www.visit-ulcinj.com\/blog\/?s={search_term_string}\"},\"query-input\":\"required name=search_term_string\"}],\"inLanguage\":\"en-US\"},{\"@type\":\"WebPage\",\"@id\":\"https:\/\/www.visit-ulcinj.com\/blog\/2015\/03\/02\/pajiset-miniambulance-qendra-ditore-sirena-video\/#webpage\",\"url\":\"https:\/\/www.visit-ulcinj.com\/blog\/2015\/03\/02\/pajiset-miniambulance-qendra-ditore-sirena-video\/\",\"name\":\"Pajiset me Miniambulanc\u00eb qendra ditore \\\"Sirena\\\" - Video - Lajme nga Ulqini\",\"isPartOf\":{\"@id\":\"https:\/\/www.visit-ulcinj.com\/blog\/#website\"},\"datePublished\":\"2015-03-02T12:22:42+00:00\",\"dateModified\":\"2015-03-02T16:14:39+00:00\",\"author\":{\"@id\":\"https:\/\/www.visit-ulcinj.com\/blog\/#\/schema\/person\/dcab619c614d3038751c63bc2aadc06d\"},\"description\":\"M\u00eb 25.02.2015,vizituan Qendren ditore p\u00ebr f\u00ebmij\u00eb dhe t\u00eb rinj me pengesa dhe v\u00ebshtir\u00ebsi n\u00eb zhvillim \\\"Sirena\\\" p\u00ebrfaq\u00ebsuesit e Kish\u00ebs katolike Jezu\",\"breadcrumb\":{\"@id\":\"https:\/\/www.visit-ulcinj.com\/blog\/2015\/03\/02\/pajiset-miniambulance-qendra-ditore-sirena-video\/#breadcrumb\"},\"inLanguage\":\"en-US\",\"potentialAction\":[{\"@type\":\"ReadAction\",\"target\":[\"https:\/\/www.visit-ulcinj.com\/blog\/2015\/03\/02\/pajiset-miniambulance-qendra-ditore-sirena-video\/\"]}]},{\"@type\":\"BreadcrumbList\",\"@id\":\"https:\/\/www.visit-ulcinj.com\/blog\/2015\/03\/02\/pajiset-miniambulance-qendra-ditore-sirena-video\/#breadcrumb\",\"itemListElement\":[{\"@type\":\"ListItem\",\"position\":1,\"name\":\"Pajiset me Miniambulanc\u00eb qendra ditore &#8220;Sirena&#8221; &#8211; Video\"}]},{\"@type\":\"Person\",\"@id\":\"https:\/\/www.visit-ulcinj.com\/blog\/#\/schema\/person\/dcab619c614d3038751c63bc2aadc06d\",\"name\":\"ulqini\",\"sameAs\":[\"http:\/\/www.visit-ulcinj.com\"],\"url\":\"https:\/\/www.visit-ulcinj.com\/blog\/author\/admin\/\"}]}<\/script>\n<!-- \/ Yoast SEO plugin. -->","yoast_head_json":{"title":"Pajiset me Miniambulanc\u00eb qendra ditore \"Sirena\" - Video - Lajme nga Ulqini","description":"M\u00eb 25.02.2015,vizituan Qendren ditore p\u00ebr f\u00ebmij\u00eb dhe t\u00eb rinj me pengesa dhe v\u00ebshtir\u00ebsi n\u00eb zhvillim \"Sirena\" p\u00ebrfaq\u00ebsuesit e Kish\u00ebs katolike Jezu","robots":{"index":"index","follow":"follow","max-snippet":"max-snippet:-1","max-image-preview":"max-image-preview:large","max-video-preview":"max-video-preview:-1"},"canonical":"https:\/\/www.visit-ulcinj.com\/blog\/2015\/03\/02\/pajiset-miniambulance-qendra-ditore-sirena-video\/","og_locale":"en_US","og_type":"article","og_title":"Pajiset me Miniambulanc\u00eb qendra ditore \"Sirena\" - Video - Lajme nga Ulqini","og_description":"M\u00eb 25.02.2015,vizituan Qendren ditore p\u00ebr f\u00ebmij\u00eb dhe t\u00eb rinj me pengesa dhe v\u00ebshtir\u00ebsi n\u00eb zhvillim \"Sirena\" p\u00ebrfaq\u00ebsuesit e Kish\u00ebs katolike Jezu","og_url":"https:\/\/www.visit-ulcinj.com\/blog\/2015\/03\/02\/pajiset-miniambulance-qendra-ditore-sirena-video\/","og_site_name":"Lajme nga Ulqini","article_published_time":"2015-03-02T12:22:42+00:00","article_modified_time":"2015-03-02T16:14:39+00:00","og_image":[{"url":"https:\/\/www.visit-ulcinj.com\/blog\/wp-content\/uploads\/2015\/03\/Miniambulanc\u00eb-qendra-ditore-Sirena-Ulqin-1-150x150.jpg"}],"twitter_misc":{"Written by":"ulqini","Est. reading time":"1 minute"},"schema":{"@context":"https:\/\/schema.org","@graph":[{"@type":"WebSite","@id":"https:\/\/www.visit-ulcinj.com\/blog\/#website","url":"https:\/\/www.visit-ulcinj.com\/blog\/","name":"Lajme nga Ulqini","description":"Lajme,Vijesti,Ulqini,Ulqin,Crna Gora,Mali i Zi","potentialAction":[{"@type":"SearchAction","target":{"@type":"EntryPoint","urlTemplate":"https:\/\/www.visit-ulcinj.com\/blog\/?s={search_term_string}"},"query-input":"required name=search_term_string"}],"inLanguage":"en-US"},{"@type":"WebPage","@id":"https:\/\/www.visit-ulcinj.com\/blog\/2015\/03\/02\/pajiset-miniambulance-qendra-ditore-sirena-video\/#webpage","url":"https:\/\/www.visit-ulcinj.com\/blog\/2015\/03\/02\/pajiset-miniambulance-qendra-ditore-sirena-video\/","name":"Pajiset me Miniambulanc\u00eb qendra ditore \"Sirena\" - Video - Lajme nga Ulqini","isPartOf":{"@id":"https:\/\/www.visit-ulcinj.com\/blog\/#website"},"datePublished":"2015-03-02T12:22:42+00:00","dateModified":"2015-03-02T16:14:39+00:00","author":{"@id":"https:\/\/www.visit-ulcinj.com\/blog\/#\/schema\/person\/dcab619c614d3038751c63bc2aadc06d"},"description":"M\u00eb 25.02.2015,vizituan Qendren ditore p\u00ebr f\u00ebmij\u00eb dhe t\u00eb rinj me pengesa dhe v\u00ebshtir\u00ebsi n\u00eb zhvillim \"Sirena\" p\u00ebrfaq\u00ebsuesit e Kish\u00ebs katolike Jezu","breadcrumb":{"@id":"https:\/\/www.visit-ulcinj.com\/blog\/2015\/03\/02\/pajiset-miniambulance-qendra-ditore-sirena-video\/#breadcrumb"},"inLanguage":"en-US","potentialAction":[{"@type":"ReadAction","target":["https:\/\/www.visit-ulcinj.com\/blog\/2015\/03\/02\/pajiset-miniambulance-qendra-ditore-sirena-video\/"]}]},{"@type":"BreadcrumbList","@id":"https:\/\/www.visit-ulcinj.com\/blog\/2015\/03\/02\/pajiset-miniambulance-qendra-ditore-sirena-video\/#breadcrumb","itemListElement":[{"@type":"ListItem","position":1,"name":"Pajiset me Miniambulanc\u00eb qendra ditore &#8220;Sirena&#8221; &#8211; Video"}]},{"@type":"Person","@id":"https:\/\/www.visit-ulcinj.com\/blog\/#\/schema\/person\/dcab619c614d3038751c63bc2aadc06d","name":"ulqini","sameAs":["http:\/\/www.visit-ulcinj.com"],"url":"https:\/\/www.visit-ulcinj.com\/blog\/author\/admin\/"}]}},"jetpack_featured_media_url":"","jetpack_sharing_enabled":true,"jetpack_shortlink":"https:\/\/wp.me\/pe6lTn-naj","_links":{"self":[{"href":"https:\/\/www.visit-ulcinj.com\/blog\/wp-json\/wp\/v2\/posts\/89051"}],"collection":[{"href":"https:\/\/www.visit-ulcinj.com\/blog\/wp-json\/wp\/v2\/posts"}],"about":[{"href":"https:\/\/www.visit-ulcinj.com\/blog\/wp-json\/wp\/v2\/types\/post"}],"author":[{"embeddable":true,"href":"https:\/\/www.visit-ulcinj.com\/blog\/wp-json\/wp\/v2\/users\/1"}],"replies":[{"embeddable":true,"href":"https:\/\/www.visit-ulcinj.com\/blog\/wp-json\/wp\/v2\/comments?post=89051"}],"version-history":[{"count":1,"href":"https:\/\/www.visit-ulcinj.com\/blog\/wp-json\/wp\/v2\/posts\/89051\/revisions"}],"predecessor-version":[{"id":89059,"href":"https:\/\/www.visit-ulcinj.com\/blog\/wp-json\/wp\/v2\/posts\/89051\/revisions\/89059"}],"wp:attachment":[{"href":"https:\/\/www.visit-ulcinj.com\/blog\/wp-json\/wp\/v2\/media?parent=89051"}],"wp:term":[{"taxonomy":"category","embeddable":true,"href":"https:\/\/www.visit-ulcinj.com\/blog\/wp-json\/wp\/v2\/categories?post=89051"},{"taxonomy":"post_tag","embeddable":true,"href":"https:\/\/www.visit-ulcinj.com\/blog\/wp-json\/wp\/v2\/tags?post=89051"}],"curies":[{"name":"wp","href":"https:\/\/api.w.org\/{rel}","templated":true}]}}