{"id":89061,"date":"2015-03-02T17:12:04","date_gmt":"2015-03-02T16:12:04","guid":{"rendered":"http:\/\/www.visit-ulcinj.com\/blog\/?p=89061"},"modified":"2015-03-03T17:42:54","modified_gmt":"2015-03-03T16:42:54","slug":"dr-jakupi-gjate-muajit-mars-vizite-ne-shqiperi-kosove-presheve-maqedoni","status":"publish","type":"post","link":"https:\/\/www.visit-ulcinj.com\/blog\/2015\/03\/02\/dr-jakupi-gjate-muajit-mars-vizite-ne-shqiperi-kosove-presheve-maqedoni\/","title":{"rendered":"Dr Jakupi gjat\u00eb muajit mars vizit\u00eb n\u00eb Shqip\u00ebri, Kosov\u00eb, Preshev\u00eb, Maqedoni"},"content":{"rendered":"<p><a href=\"http:\/\/www.visit-ulcinj.com\/blog\/wp-content\/uploads\/2015\/03\/Dr-Isat-Jakupi-n\u00eb-Shqip\u00ebri-Kosov\u00eb-Preshev\u00eb-Maqedoni.jpg\"><img loading=\"lazy\" class=\"alignleft wp-image-89062\" src=\"http:\/\/www.visit-ulcinj.com\/blog\/wp-content\/uploads\/2015\/03\/Dr-Isat-Jakupi-n\u00eb-Shqip\u00ebri-Kosov\u00eb-Preshev\u00eb-Maqedoni.jpg\" alt=\"Dr Isat Jakupi n\u00eb Shqip\u00ebri, Kosov\u00eb, Preshev\u00eb, Maqedoni\" width=\"508\" height=\"457\" srcset=\"https:\/\/www.visit-ulcinj.com\/blog\/wp-content\/uploads\/2015\/03\/Dr-Isat-Jakupi-n\u00eb-Shqip\u00ebri-Kosov\u00eb-Preshev\u00eb-Maqedoni.jpg 999w, https:\/\/www.visit-ulcinj.com\/blog\/wp-content\/uploads\/2015\/03\/Dr-Isat-Jakupi-n\u00eb-Shqip\u00ebri-Kosov\u00eb-Preshev\u00eb-Maqedoni-300x270.jpg 300w\" sizes=\"(max-width: 508px) 100vw, 508px\" \/><\/a>Delegacioni i L\u00ebvizjes q\u00ebndrore shqiptare p\u00ebr integrime, n\u00eb krye me kryetarin Dr. Isat Jakupin gjat muajit mars do t\u00eb q\u00ebndroj\u00eb p\u00ebr vizit\u00eb zyrtare n\u00eb Kosov\u00eb dhe Shqip\u00ebri, ku do t\u00eb takohet me kryeministrin aktual Edi Rama.<\/p>\n<p>Tema kryesore e takimit pritet q\u00eb t\u00eb jet\u00eb thellimi i m\u00ebtejsh\u00ebm miq\u00ebsor si dhe p\u00ebrkrahja e fuqishme nga kryeministri Rama, Partive politike shqip\u00ebtare n\u00eb Mal t\u00eb Zi.<br \/>\nAi pritet q\u00eb t\u00eb zhvilloj takime edhe me Presidenten e Kosov\u00ebs Atifete Jahjagen, si dhe pritet t\u00eb takohet me ministrin e Jasht\u00ebm dhe Integrimeve Evropiane t\u00eb Malit t\u00eb Zi, Igor Lukshiq.<\/p>\n<p>Sipas agjend\u00ebs Delegacioni i L\u00ebvizjes q\u00ebndrore shqiptare p\u00ebr integrime do vazhdoj vizit\u00ebn n\u00eb Preshev\u00eb dhe Maqedoni.<\/p>\n","protected":false},"excerpt":{"rendered":"<p>Delegacioni i L\u00ebvizjes q\u00ebndrore shqiptare p\u00ebr integrime, n\u00eb krye me kryetarin Dr. Isat Jakupin gjat muajit mars do t\u00eb q\u00ebndroj\u00eb p\u00ebr vizit\u00eb zyrtare n\u00eb Kosov\u00eb dhe Shqip\u00ebri, ku do t\u00eb takohet me kryeministrin aktual Edi Rama. Tema kryesore e takimit pritet q\u00eb t\u00eb jet\u00eb thellimi i m\u00ebtejsh\u00ebm miq\u00ebsor si dhe p\u00ebrkrahja e fuqishme nga kryeministri [&hellip;]<\/p>\n","protected":false},"author":1,"featured_media":0,"comment_status":"closed","ping_status":"closed","sticky":false,"template":"","format":"standard","meta":{"spay_email":"","jetpack_publicize_message":"","jetpack_is_tweetstorm":false,"jetpack_publicize_feature_enabled":true},"categories":[1,2451],"tags":[],"jetpack_publicize_connections":[],"yoast_head":"<!-- This site is optimized with the Yoast SEO plugin v19.1 - https:\/\/yoast.com\/wordpress\/plugins\/seo\/ -->\n<title>Dr Jakupi gjat\u00eb muajit mars vizit\u00eb n\u00eb Shqip\u00ebri, Kosov\u00eb, Preshev\u00eb, Maqedoni - Lajme nga Ulqini<\/title>\n<meta name=\"description\" content=\"Delegacioni i L\u00ebvizjes q\u00ebndrore shqiptare p\u00ebr integrime, n\u00eb krye me kryetarin Dr. Isat Jakupin gjat muajit mars do t\u00eb q\u00ebndroj\u00eb p\u00ebr vizit\u00eb zyrtare n\u00eb\" \/>\n<meta name=\"robots\" content=\"index, follow, max-snippet:-1, max-image-preview:large, max-video-preview:-1\" \/>\n<link rel=\"canonical\" href=\"https:\/\/www.visit-ulcinj.com\/blog\/2015\/03\/02\/dr-jakupi-gjate-muajit-mars-vizite-ne-shqiperi-kosove-presheve-maqedoni\/\" \/>\n<meta property=\"og:locale\" content=\"en_US\" \/>\n<meta property=\"og:type\" content=\"article\" \/>\n<meta property=\"og:title\" content=\"Dr Jakupi gjat\u00eb muajit mars vizit\u00eb n\u00eb Shqip\u00ebri, Kosov\u00eb, Preshev\u00eb, Maqedoni - Lajme nga Ulqini\" \/>\n<meta property=\"og:description\" content=\"Delegacioni i L\u00ebvizjes q\u00ebndrore shqiptare p\u00ebr integrime, n\u00eb krye me kryetarin Dr. Isat Jakupin gjat muajit mars do t\u00eb q\u00ebndroj\u00eb p\u00ebr vizit\u00eb zyrtare n\u00eb\" \/>\n<meta property=\"og:url\" content=\"https:\/\/www.visit-ulcinj.com\/blog\/2015\/03\/02\/dr-jakupi-gjate-muajit-mars-vizite-ne-shqiperi-kosove-presheve-maqedoni\/\" \/>\n<meta property=\"og:site_name\" content=\"Lajme nga Ulqini\" \/>\n<meta property=\"article:published_time\" content=\"2015-03-02T16:12:04+00:00\" \/>\n<meta property=\"article:modified_time\" content=\"2015-03-03T16:42:54+00:00\" \/>\n<meta name=\"twitter:label1\" content=\"Written by\" \/>\n\t<meta name=\"twitter:data1\" content=\"ulqini\" \/>\n\t<meta name=\"twitter:label2\" content=\"Est. reading time\" \/>\n\t<meta name=\"twitter:data2\" content=\"1 minute\" \/>\n<script type=\"application\/ld+json\" class=\"yoast-schema-graph\">{\"@context\":\"https:\/\/schema.org\",\"@graph\":[{\"@type\":\"WebSite\",\"@id\":\"https:\/\/www.visit-ulcinj.com\/blog\/#website\",\"url\":\"https:\/\/www.visit-ulcinj.com\/blog\/\",\"name\":\"Lajme nga Ulqini\",\"description\":\"Lajme,Vijesti,Ulqini,Ulqin,Crna Gora,Mali i Zi\",\"potentialAction\":[{\"@type\":\"SearchAction\",\"target\":{\"@type\":\"EntryPoint\",\"urlTemplate\":\"https:\/\/www.visit-ulcinj.com\/blog\/?s={search_term_string}\"},\"query-input\":\"required name=search_term_string\"}],\"inLanguage\":\"en-US\"},{\"@type\":\"WebPage\",\"@id\":\"https:\/\/www.visit-ulcinj.com\/blog\/2015\/03\/02\/dr-jakupi-gjate-muajit-mars-vizite-ne-shqiperi-kosove-presheve-maqedoni\/#webpage\",\"url\":\"https:\/\/www.visit-ulcinj.com\/blog\/2015\/03\/02\/dr-jakupi-gjate-muajit-mars-vizite-ne-shqiperi-kosove-presheve-maqedoni\/\",\"name\":\"Dr Jakupi gjat\u00eb muajit mars vizit\u00eb n\u00eb Shqip\u00ebri, Kosov\u00eb, Preshev\u00eb, Maqedoni - Lajme nga Ulqini\",\"isPartOf\":{\"@id\":\"https:\/\/www.visit-ulcinj.com\/blog\/#website\"},\"datePublished\":\"2015-03-02T16:12:04+00:00\",\"dateModified\":\"2015-03-03T16:42:54+00:00\",\"author\":{\"@id\":\"https:\/\/www.visit-ulcinj.com\/blog\/#\/schema\/person\/dcab619c614d3038751c63bc2aadc06d\"},\"description\":\"Delegacioni i L\u00ebvizjes q\u00ebndrore shqiptare p\u00ebr integrime, n\u00eb krye me kryetarin Dr. Isat Jakupin gjat muajit mars do t\u00eb q\u00ebndroj\u00eb p\u00ebr vizit\u00eb zyrtare n\u00eb\",\"breadcrumb\":{\"@id\":\"https:\/\/www.visit-ulcinj.com\/blog\/2015\/03\/02\/dr-jakupi-gjate-muajit-mars-vizite-ne-shqiperi-kosove-presheve-maqedoni\/#breadcrumb\"},\"inLanguage\":\"en-US\",\"potentialAction\":[{\"@type\":\"ReadAction\",\"target\":[\"https:\/\/www.visit-ulcinj.com\/blog\/2015\/03\/02\/dr-jakupi-gjate-muajit-mars-vizite-ne-shqiperi-kosove-presheve-maqedoni\/\"]}]},{\"@type\":\"BreadcrumbList\",\"@id\":\"https:\/\/www.visit-ulcinj.com\/blog\/2015\/03\/02\/dr-jakupi-gjate-muajit-mars-vizite-ne-shqiperi-kosove-presheve-maqedoni\/#breadcrumb\",\"itemListElement\":[{\"@type\":\"ListItem\",\"position\":1,\"name\":\"Dr Jakupi gjat\u00eb muajit mars vizit\u00eb n\u00eb Shqip\u00ebri, Kosov\u00eb, Preshev\u00eb, Maqedoni\"}]},{\"@type\":\"Person\",\"@id\":\"https:\/\/www.visit-ulcinj.com\/blog\/#\/schema\/person\/dcab619c614d3038751c63bc2aadc06d\",\"name\":\"ulqini\",\"sameAs\":[\"http:\/\/www.visit-ulcinj.com\"],\"url\":\"https:\/\/www.visit-ulcinj.com\/blog\/author\/admin\/\"}]}<\/script>\n<!-- \/ Yoast SEO plugin. -->","yoast_head_json":{"title":"Dr Jakupi gjat\u00eb muajit mars vizit\u00eb n\u00eb Shqip\u00ebri, Kosov\u00eb, Preshev\u00eb, Maqedoni - Lajme nga Ulqini","description":"Delegacioni i L\u00ebvizjes q\u00ebndrore shqiptare p\u00ebr integrime, n\u00eb krye me kryetarin Dr. Isat Jakupin gjat muajit mars do t\u00eb q\u00ebndroj\u00eb p\u00ebr vizit\u00eb zyrtare n\u00eb","robots":{"index":"index","follow":"follow","max-snippet":"max-snippet:-1","max-image-preview":"max-image-preview:large","max-video-preview":"max-video-preview:-1"},"canonical":"https:\/\/www.visit-ulcinj.com\/blog\/2015\/03\/02\/dr-jakupi-gjate-muajit-mars-vizite-ne-shqiperi-kosove-presheve-maqedoni\/","og_locale":"en_US","og_type":"article","og_title":"Dr Jakupi gjat\u00eb muajit mars vizit\u00eb n\u00eb Shqip\u00ebri, Kosov\u00eb, Preshev\u00eb, Maqedoni - Lajme nga Ulqini","og_description":"Delegacioni i L\u00ebvizjes q\u00ebndrore shqiptare p\u00ebr integrime, n\u00eb krye me kryetarin Dr. Isat Jakupin gjat muajit mars do t\u00eb q\u00ebndroj\u00eb p\u00ebr vizit\u00eb zyrtare n\u00eb","og_url":"https:\/\/www.visit-ulcinj.com\/blog\/2015\/03\/02\/dr-jakupi-gjate-muajit-mars-vizite-ne-shqiperi-kosove-presheve-maqedoni\/","og_site_name":"Lajme nga Ulqini","article_published_time":"2015-03-02T16:12:04+00:00","article_modified_time":"2015-03-03T16:42:54+00:00","twitter_misc":{"Written by":"ulqini","Est. reading time":"1 minute"},"schema":{"@context":"https:\/\/schema.org","@graph":[{"@type":"WebSite","@id":"https:\/\/www.visit-ulcinj.com\/blog\/#website","url":"https:\/\/www.visit-ulcinj.com\/blog\/","name":"Lajme nga Ulqini","description":"Lajme,Vijesti,Ulqini,Ulqin,Crna Gora,Mali i Zi","potentialAction":[{"@type":"SearchAction","target":{"@type":"EntryPoint","urlTemplate":"https:\/\/www.visit-ulcinj.com\/blog\/?s={search_term_string}"},"query-input":"required name=search_term_string"}],"inLanguage":"en-US"},{"@type":"WebPage","@id":"https:\/\/www.visit-ulcinj.com\/blog\/2015\/03\/02\/dr-jakupi-gjate-muajit-mars-vizite-ne-shqiperi-kosove-presheve-maqedoni\/#webpage","url":"https:\/\/www.visit-ulcinj.com\/blog\/2015\/03\/02\/dr-jakupi-gjate-muajit-mars-vizite-ne-shqiperi-kosove-presheve-maqedoni\/","name":"Dr Jakupi gjat\u00eb muajit mars vizit\u00eb n\u00eb Shqip\u00ebri, Kosov\u00eb, Preshev\u00eb, Maqedoni - Lajme nga Ulqini","isPartOf":{"@id":"https:\/\/www.visit-ulcinj.com\/blog\/#website"},"datePublished":"2015-03-02T16:12:04+00:00","dateModified":"2015-03-03T16:42:54+00:00","author":{"@id":"https:\/\/www.visit-ulcinj.com\/blog\/#\/schema\/person\/dcab619c614d3038751c63bc2aadc06d"},"description":"Delegacioni i L\u00ebvizjes q\u00ebndrore shqiptare p\u00ebr integrime, n\u00eb krye me kryetarin Dr. Isat Jakupin gjat muajit mars do t\u00eb q\u00ebndroj\u00eb p\u00ebr vizit\u00eb zyrtare n\u00eb","breadcrumb":{"@id":"https:\/\/www.visit-ulcinj.com\/blog\/2015\/03\/02\/dr-jakupi-gjate-muajit-mars-vizite-ne-shqiperi-kosove-presheve-maqedoni\/#breadcrumb"},"inLanguage":"en-US","potentialAction":[{"@type":"ReadAction","target":["https:\/\/www.visit-ulcinj.com\/blog\/2015\/03\/02\/dr-jakupi-gjate-muajit-mars-vizite-ne-shqiperi-kosove-presheve-maqedoni\/"]}]},{"@type":"BreadcrumbList","@id":"https:\/\/www.visit-ulcinj.com\/blog\/2015\/03\/02\/dr-jakupi-gjate-muajit-mars-vizite-ne-shqiperi-kosove-presheve-maqedoni\/#breadcrumb","itemListElement":[{"@type":"ListItem","position":1,"name":"Dr Jakupi gjat\u00eb muajit mars vizit\u00eb n\u00eb Shqip\u00ebri, Kosov\u00eb, Preshev\u00eb, Maqedoni"}]},{"@type":"Person","@id":"https:\/\/www.visit-ulcinj.com\/blog\/#\/schema\/person\/dcab619c614d3038751c63bc2aadc06d","name":"ulqini","sameAs":["http:\/\/www.visit-ulcinj.com"],"url":"https:\/\/www.visit-ulcinj.com\/blog\/author\/admin\/"}]}},"jetpack_featured_media_url":"","jetpack_sharing_enabled":true,"jetpack_shortlink":"https:\/\/wp.me\/pe6lTn-nat","_links":{"self":[{"href":"https:\/\/www.visit-ulcinj.com\/blog\/wp-json\/wp\/v2\/posts\/89061"}],"collection":[{"href":"https:\/\/www.visit-ulcinj.com\/blog\/wp-json\/wp\/v2\/posts"}],"about":[{"href":"https:\/\/www.visit-ulcinj.com\/blog\/wp-json\/wp\/v2\/types\/post"}],"author":[{"embeddable":true,"href":"https:\/\/www.visit-ulcinj.com\/blog\/wp-json\/wp\/v2\/users\/1"}],"replies":[{"embeddable":true,"href":"https:\/\/www.visit-ulcinj.com\/blog\/wp-json\/wp\/v2\/comments?post=89061"}],"version-history":[{"count":1,"href":"https:\/\/www.visit-ulcinj.com\/blog\/wp-json\/wp\/v2\/posts\/89061\/revisions"}],"predecessor-version":[{"id":89063,"href":"https:\/\/www.visit-ulcinj.com\/blog\/wp-json\/wp\/v2\/posts\/89061\/revisions\/89063"}],"wp:attachment":[{"href":"https:\/\/www.visit-ulcinj.com\/blog\/wp-json\/wp\/v2\/media?parent=89061"}],"wp:term":[{"taxonomy":"category","embeddable":true,"href":"https:\/\/www.visit-ulcinj.com\/blog\/wp-json\/wp\/v2\/categories?post=89061"},{"taxonomy":"post_tag","embeddable":true,"href":"https:\/\/www.visit-ulcinj.com\/blog\/wp-json\/wp\/v2\/tags?post=89061"}],"curies":[{"name":"wp","href":"https:\/\/api.w.org\/{rel}","templated":true}]}}