{"id":89081,"date":"2015-03-03T08:18:30","date_gmt":"2015-03-03T07:18:30","guid":{"rendered":"http:\/\/www.visit-ulcinj.com\/blog\/?p=89081"},"modified":"2015-03-03T14:22:25","modified_gmt":"2015-03-03T13:22:25","slug":"ldmz-dega-e-rozhajes-mbajti-kuvendin-e-saj-te-5-te","status":"publish","type":"post","link":"https:\/\/www.visit-ulcinj.com\/blog\/2015\/03\/03\/ldmz-dega-e-rozhajes-mbajti-kuvendin-e-saj-te-5-te\/","title":{"rendered":"LDMZ dega e Rozhaj\u00ebs, mbajti kuvendin e saj t\u00eb 5-t\u00eb &#8211; Video"},"content":{"rendered":"<p><strong><a href=\"http:\/\/www.visit-ulcinj.com\/blog\/wp-content\/uploads\/2015\/03\/LDMZ-ROZHAJ\u00cb.jpg\"><img loading=\"lazy\" class=\"alignleft wp-image-89082\" src=\"http:\/\/www.visit-ulcinj.com\/blog\/wp-content\/uploads\/2015\/03\/LDMZ-ROZHAJ\u00cb.jpg\" alt=\"LDMZ-ROZHAJ\u00cb\" width=\"508\" height=\"381\" srcset=\"https:\/\/www.visit-ulcinj.com\/blog\/wp-content\/uploads\/2015\/03\/LDMZ-ROZHAJ\u00cb.jpg 658w, https:\/\/www.visit-ulcinj.com\/blog\/wp-content\/uploads\/2015\/03\/LDMZ-ROZHAJ\u00cb-300x225.jpg 300w\" sizes=\"(max-width: 508px) 100vw, 508px\" \/><\/a>DEGA E ROZHAJ\u00cbS E LIDHJES DEMOKRATIKE N\u00cb Mal t\u00eb ZI,<\/strong><\/p>\n<p><strong>t\u00eb diel\u00ebn, m\u00eb 1 mars 2015<\/strong><\/p>\n<p><strong>MBAJTI KUVENDIN E SAJ T\u00cb 5-t\u00eb<\/strong><\/p>\n<p><strong>\u00a0<\/strong><\/p>\n<p>Rozhaj\u00eb , m\u00eb\u00a0\u00a0 01 mars 2015<\/p>\n<p>T\u00eb diel\u00ebn, m\u00eb 1 mars 2015, Dega e Rozhaj\u00ebs e LD n\u00eb MZ, mbajti Kuvendin e saj t\u00eb 5-t\u00eb, zgjedhor. N\u00eb Kuvend mor\u00ebn pjes\u00eb shumica e an\u00ebtar\u00ebve delegat\u00eb t\u00eb kuvendit. Salla ishte e dekoruar me flamurin komb\u00ebtar shqiptar dhe me panon\u00eb ku ishte shkruar kuvendi i radh\u00ebs.<\/p>\n<p>Kuvendi e filloi pun\u00ebn me himnin komb\u00ebtar shqiptar, nd\u00ebsa pastaj t\u00eb pranishmit mbajt\u00ebn nj\u00eb minut heshtje p\u00ebr an\u00ebtar\u00ebt t\u00eb cil\u00ebt nuk jan\u00eb m\u00eb n\u00eb mesin ton\u00eb.<\/p>\n<p><a href=\"http:\/\/www.visit-ulcinj.com\/blog\/wp-content\/uploads\/2015\/03\/LDMZ-ROZHAJ\u00cb.-1.jpg\"><img loading=\"lazy\" class=\"alignleft wp-image-89083\" src=\"http:\/\/www.visit-ulcinj.com\/blog\/wp-content\/uploads\/2015\/03\/LDMZ-ROZHAJ\u00cb.-1.jpg\" alt=\"LDMZ-ROZHAJ\u00cb.-1\" width=\"508\" height=\"286\" srcset=\"https:\/\/www.visit-ulcinj.com\/blog\/wp-content\/uploads\/2015\/03\/LDMZ-ROZHAJ\u00cb.-1.jpg 700w, https:\/\/www.visit-ulcinj.com\/blog\/wp-content\/uploads\/2015\/03\/LDMZ-ROZHAJ\u00cb.-1-300x169.jpg 300w\" sizes=\"(max-width: 508px) 100vw, 508px\" \/><\/a><\/p>\n<p>N\u00eb Kuvend ishin prezent\u00eb edhe mysafir\u00eb t\u00eb ftuar nga Ulqini, Mal\u00ebsia, Kraja, Plava e Gucia dhe Kosova.<\/p>\n<p>N\u00eb mbledhjen e Kuvendit mor\u00ebn pjes\u00eb dy p\u00ebrfaq\u00ebsuesit e caktuar, delegat\u00eb t\u00eb autorizuar p\u00ebr p\u00ebrcjelljen e pun\u00ebs dhe me ndihmua n\u00eb mir\u00ebvajtjen e punimeve t\u00eb Kuvendit, zot\u00ebrinjt\u00eb: Saubih Mehmeti, skretar dhe an\u00ebtar i Kryesis\u00eb dhe Marash Dedvukaj, an\u00ebtar i Kryesis\u00eb s\u00eb LD n\u00eb MZ-s\u00eb.<\/p>\n<p>Kryesia e pun\u00ebs: Ali Daci. Haxhi Laj\u00e7i dhe Isa Nik\u00e7i.<\/p>\n<p>&nbsp;<\/p>\n<p>Raportin e pun\u00ebs n\u00eb mes t\u00eb dy kuvendeve e mbajti zotni Ali Daci, kryetari i Deg\u00ebs, i cili paraqiti n\u00eb m\u00ebnyr\u00eb kronologjike pun\u00ebn v\u00ebrtet\u00eb efikase e t\u00eb suksesshme t\u00eb k\u00ebsaj dege. Raporti u aprovua nj\u00ebz\u00ebri nga t\u00eb gjith\u00eb an\u00ebtar\u00ebt.<\/p>\n<p><a href=\"http:\/\/www.visit-ulcinj.com\/blog\/wp-content\/uploads\/2015\/03\/LDMZ-ROZHAJ\u00cb.-2.jpg\"><img loading=\"lazy\" class=\"alignleft wp-image-89084\" src=\"http:\/\/www.visit-ulcinj.com\/blog\/wp-content\/uploads\/2015\/03\/LDMZ-ROZHAJ\u00cb.-2.jpg\" alt=\"LDMZ-ROZHAJ\u00cb.-2\" width=\"508\" height=\"286\" srcset=\"https:\/\/www.visit-ulcinj.com\/blog\/wp-content\/uploads\/2015\/03\/LDMZ-ROZHAJ\u00cb.-2.jpg 700w, https:\/\/www.visit-ulcinj.com\/blog\/wp-content\/uploads\/2015\/03\/LDMZ-ROZHAJ\u00cb.-2-300x169.jpg 300w\" sizes=\"(max-width: 508px) 100vw, 508px\" \/><\/a><\/p>\n<p>N\u00eb Kuvend mori pjes\u00eb edhe kryetari i LD n\u00eb MZ, Mehmet Bardhi. Bardhi n\u00eb fjal\u00ebn e vet p\u00ebrsh\u00ebndet\u00ebse tha se t\u00eb gjith\u00eb ne mund t\u00eb jemi krenar me pun\u00ebn e k\u00ebsaj Dege, e cila n\u00eb kushte e rrethana specifike n\u00eb komun\u00ebn e Rozhaj\u00ebs, ku asimilimi dhe shp\u00ebrngulja, si edhe n\u00eb viset e tjera shqiptare, sot n\u00eb Malin e Zi, q\u00eb po marrin haqra\u00e7in e p\u00ebrditsh\u00ebm, kan\u00eb dh\u00ebn\u00eb kontributin e \u00e7muar dhe kan\u00eb qen\u00eb prezent\u00eb n\u00eb jet\u00ebn kulturore, arsimore, shoq\u00ebrore e politike gjithher\u00eb e sidomos n\u00eb datat e sh\u00ebnuara t\u00eb historius\u00eb son\u00eb. LD n\u00eb MZ, Dega e Rozhajes ishte ajo q\u00eb vuri themelet dhe me sukses tash gjasht\u00eb vite me radh\u00eb po mba Manifestimin Kulturoro Letrar ORA E MALEVE.<\/p>\n<p><a href=\"http:\/\/www.visit-ulcinj.com\/blog\/wp-content\/uploads\/2015\/03\/LDMZ-ROZHAJ\u00cb-BARDHI.jpg\"><img loading=\"lazy\" class=\"alignleft wp-image-89085\" src=\"http:\/\/www.visit-ulcinj.com\/blog\/wp-content\/uploads\/2015\/03\/LDMZ-ROZHAJ\u00cb-BARDHI.jpg\" alt=\"LDMZ-ROZHAJ\u00cb-BARDHI\" width=\"508\" height=\"286\" srcset=\"https:\/\/www.visit-ulcinj.com\/blog\/wp-content\/uploads\/2015\/03\/LDMZ-ROZHAJ\u00cb-BARDHI.jpg 700w, https:\/\/www.visit-ulcinj.com\/blog\/wp-content\/uploads\/2015\/03\/LDMZ-ROZHAJ\u00cb-BARDHI-300x169.jpg 300w\" sizes=\"(max-width: 508px) 100vw, 508px\" \/><\/a><\/p>\n<p>Ky Manifestim u themelua n\u00eb p\u00ebrkujtim t\u00eb viktimave t\u00eb pafajshme civile, shqiptar\u00ebve nga Kosova, q\u00eb u vran\u00eb n\u00eb trojet e Rozhajes nga plumbat e formacioneve t\u00eb ushtris\u00eb serbo malazeze n\u00eb prill t\u00eb vitit 1999, t\u00eb cil\u00ebt, nga m\u00ebsyemja n\u00eb rrug\u00ebtimin shpetues, u detyruan me i lan\u00eb vatrat e tyre, t\u00eb p\u00ebrndjekur nga formacionet paramilitare e ushtrake serbe q\u00eb po ushtronin dhun\u00eb e gjenocid t\u00eb papar\u00eb ndaj tyre, u detyruan t\u00eb k\u00ebrkojn\u00eb strehim e shp\u00ebtim te v\u00ebllaz\u00ebnit e tyre sot n\u00eb Malin e Zi. Bardhi foli edhe p\u00ebr shum\u00eb \u00e7\u00ebshtje aktuale q\u00eb shqiptar\u00ebt n\u00eb k\u00ebto treva etnike i mundojn\u00eb, prej shkollimit e deri te mosmund\u00ebsia e pun\u00ebsimit, kur ekonomia \u00ebsht\u00eb shkat\u00ebrrua ose \u00ebsht\u00eb n\u00eb shkat\u00ebrrim e sip\u00ebr dhe kur presionet politike t\u00eb shtuara, p\u00ebr ndonj\u00eb pun\u00ebsim etj. po v\u00ebshtir\u00ebsojn\u00eb edhe m\u00eb jet\u00ebn e shqiptar\u00ebve. Foli p\u00ebr organizimin e brendsh\u00ebm partiak dhe nevoj\u00ebn e nj\u00eb veprimi p\u00ebrq\u00ebndrues edhe m\u00eb t\u00eb madh, si kund\u00ebrv\u00ebnie t\u00eb disa veprimeve t\u00eb pakoordinuara q\u00eb po ngrisin krye her\u00eb pas here. Bardhi mbylli fjal\u00ebn e tij duke b\u00ebr\u00eb thirrje p\u00ebr unitetin e shqiptar\u00ebve p\u00ebr realizimin e lirive dhe t\u00eb drejtave t\u00eb tyre.<\/p>\n<p><a href=\"http:\/\/www.visit-ulcinj.com\/blog\/wp-content\/uploads\/2015\/03\/LDMZ-ROZHAJ\u00cb.-3.jpg\"><img loading=\"lazy\" class=\"alignleft wp-image-89086\" src=\"http:\/\/www.visit-ulcinj.com\/blog\/wp-content\/uploads\/2015\/03\/LDMZ-ROZHAJ\u00cb.-3.jpg\" alt=\"LDMZ-ROZHAJ\u00cb.-3\" width=\"508\" height=\"286\" srcset=\"https:\/\/www.visit-ulcinj.com\/blog\/wp-content\/uploads\/2015\/03\/LDMZ-ROZHAJ\u00cb.-3.jpg 700w, https:\/\/www.visit-ulcinj.com\/blog\/wp-content\/uploads\/2015\/03\/LDMZ-ROZHAJ\u00cb.-3-300x169.jpg 300w\" sizes=\"(max-width: 508px) 100vw, 508px\" \/><\/a><\/p>\n<p>Kuvendi zgjodhi Kryesin\u00eb e re t\u00eb Deg\u00ebs: kryetar \u2013 Hysen DACI, n\u00ebnkryetar\u00eb \u2013 Haxhi LAJ\u00c7I dhe Fatmir DACI, sekretar Ali Daci, Isa Nik\u00e7i, Azem Laj\u00e7i, Sadat Laj\u00e7i, Rrahman Laj\u00e7i dhe Fatmir Daci, an\u00ebtar\u00eb. Nj\u00ebherit Ali Daci, kryetar i deritash\u00ebm u zgjodh KRYETAR NDERI I DEG\u00cbS S\u00cb ROZHAJ\u00cbS T\u00cb LIDHJES DEMOKRATIKE N\u00cb MAL T\u00cb ZI.<\/p>\n<p>&nbsp;<\/p>\n<p><strong>SAUBIH MEHMETI, sekretar i LD n\u00eb MZ<\/strong><\/p>\n<!--YouTube Error: bad URL entered-->\n","protected":false},"excerpt":{"rendered":"<p>DEGA E ROZHAJ\u00cbS E LIDHJES DEMOKRATIKE N\u00cb Mal t\u00eb ZI, t\u00eb diel\u00ebn, m\u00eb 1 mars 2015 MBAJTI KUVENDIN E SAJ T\u00cb 5-t\u00eb \u00a0 Rozhaj\u00eb , m\u00eb\u00a0\u00a0 01 mars 2015 T\u00eb diel\u00ebn, m\u00eb 1 mars 2015, Dega e Rozhaj\u00ebs e LD n\u00eb MZ, mbajti Kuvendin e saj t\u00eb 5-t\u00eb, zgjedhor. N\u00eb Kuvend mor\u00ebn pjes\u00eb shumica e [&hellip;]<\/p>\n","protected":false},"author":1,"featured_media":0,"comment_status":"closed","ping_status":"closed","sticky":false,"template":"","format":"standard","meta":{"spay_email":"","jetpack_publicize_message":"","jetpack_is_tweetstorm":false,"jetpack_publicize_feature_enabled":true},"categories":[13],"tags":[],"jetpack_publicize_connections":[],"yoast_head":"<!-- This site is optimized with the Yoast SEO plugin v19.1 - https:\/\/yoast.com\/wordpress\/plugins\/seo\/ -->\n<title>LDMZ dega e Rozhaj\u00ebs, mbajti kuvendin e saj t\u00eb 5-t\u00eb - Video - Lajme nga Ulqini<\/title>\n<meta name=\"description\" content=\"DEGA E ROZHAJ\u00cbS E LIDHJES DEMOKRATIKE N\u00cb Mal t\u00eb ZI, t\u00eb diel\u00ebn, m\u00eb 1 mars 2015 MBAJTI KUVENDIN E SAJ T\u00cb 5-t\u00eb \u00a0 Rozhaj\u00eb , m\u00eb\u00a0\u00a0 01 mars 2015 T\u00eb diel\u00ebn, m\u00eb 1\" \/>\n<meta name=\"robots\" content=\"index, follow, max-snippet:-1, max-image-preview:large, max-video-preview:-1\" \/>\n<link rel=\"canonical\" href=\"https:\/\/www.visit-ulcinj.com\/blog\/2015\/03\/03\/ldmz-dega-e-rozhajes-mbajti-kuvendin-e-saj-te-5-te\/\" \/>\n<meta property=\"og:locale\" content=\"en_US\" \/>\n<meta property=\"og:type\" content=\"article\" \/>\n<meta property=\"og:title\" content=\"LDMZ dega e Rozhaj\u00ebs, mbajti kuvendin e saj t\u00eb 5-t\u00eb - Video - Lajme nga Ulqini\" \/>\n<meta property=\"og:description\" content=\"DEGA E ROZHAJ\u00cbS E LIDHJES DEMOKRATIKE N\u00cb Mal t\u00eb ZI, t\u00eb diel\u00ebn, m\u00eb 1 mars 2015 MBAJTI KUVENDIN E SAJ T\u00cb 5-t\u00eb \u00a0 Rozhaj\u00eb , m\u00eb\u00a0\u00a0 01 mars 2015 T\u00eb diel\u00ebn, m\u00eb 1\" \/>\n<meta property=\"og:url\" content=\"https:\/\/www.visit-ulcinj.com\/blog\/2015\/03\/03\/ldmz-dega-e-rozhajes-mbajti-kuvendin-e-saj-te-5-te\/\" \/>\n<meta property=\"og:site_name\" content=\"Lajme nga Ulqini\" \/>\n<meta property=\"article:published_time\" content=\"2015-03-03T07:18:30+00:00\" \/>\n<meta property=\"article:modified_time\" content=\"2015-03-03T13:22:25+00:00\" \/>\n<meta name=\"twitter:label1\" content=\"Written by\" \/>\n\t<meta name=\"twitter:data1\" content=\"ulqini\" \/>\n\t<meta name=\"twitter:label2\" content=\"Est. reading time\" \/>\n\t<meta name=\"twitter:data2\" content=\"3 minutes\" \/>\n<script type=\"application\/ld+json\" class=\"yoast-schema-graph\">{\"@context\":\"https:\/\/schema.org\",\"@graph\":[{\"@type\":\"WebSite\",\"@id\":\"https:\/\/www.visit-ulcinj.com\/blog\/#website\",\"url\":\"https:\/\/www.visit-ulcinj.com\/blog\/\",\"name\":\"Lajme nga Ulqini\",\"description\":\"Lajme,Vijesti,Ulqini,Ulqin,Crna Gora,Mali i Zi\",\"potentialAction\":[{\"@type\":\"SearchAction\",\"target\":{\"@type\":\"EntryPoint\",\"urlTemplate\":\"https:\/\/www.visit-ulcinj.com\/blog\/?s={search_term_string}\"},\"query-input\":\"required name=search_term_string\"}],\"inLanguage\":\"en-US\"},{\"@type\":\"WebPage\",\"@id\":\"https:\/\/www.visit-ulcinj.com\/blog\/2015\/03\/03\/ldmz-dega-e-rozhajes-mbajti-kuvendin-e-saj-te-5-te\/#webpage\",\"url\":\"https:\/\/www.visit-ulcinj.com\/blog\/2015\/03\/03\/ldmz-dega-e-rozhajes-mbajti-kuvendin-e-saj-te-5-te\/\",\"name\":\"LDMZ dega e Rozhaj\u00ebs, mbajti kuvendin e saj t\u00eb 5-t\u00eb - Video - Lajme nga Ulqini\",\"isPartOf\":{\"@id\":\"https:\/\/www.visit-ulcinj.com\/blog\/#website\"},\"datePublished\":\"2015-03-03T07:18:30+00:00\",\"dateModified\":\"2015-03-03T13:22:25+00:00\",\"author\":{\"@id\":\"https:\/\/www.visit-ulcinj.com\/blog\/#\/schema\/person\/dcab619c614d3038751c63bc2aadc06d\"},\"description\":\"DEGA E ROZHAJ\u00cbS E LIDHJES DEMOKRATIKE N\u00cb Mal t\u00eb ZI, t\u00eb diel\u00ebn, m\u00eb 1 mars 2015 MBAJTI KUVENDIN E SAJ T\u00cb 5-t\u00eb \u00a0 Rozhaj\u00eb , m\u00eb\u00a0\u00a0 01 mars 2015 T\u00eb diel\u00ebn, m\u00eb 1\",\"breadcrumb\":{\"@id\":\"https:\/\/www.visit-ulcinj.com\/blog\/2015\/03\/03\/ldmz-dega-e-rozhajes-mbajti-kuvendin-e-saj-te-5-te\/#breadcrumb\"},\"inLanguage\":\"en-US\",\"potentialAction\":[{\"@type\":\"ReadAction\",\"target\":[\"https:\/\/www.visit-ulcinj.com\/blog\/2015\/03\/03\/ldmz-dega-e-rozhajes-mbajti-kuvendin-e-saj-te-5-te\/\"]}]},{\"@type\":\"BreadcrumbList\",\"@id\":\"https:\/\/www.visit-ulcinj.com\/blog\/2015\/03\/03\/ldmz-dega-e-rozhajes-mbajti-kuvendin-e-saj-te-5-te\/#breadcrumb\",\"itemListElement\":[{\"@type\":\"ListItem\",\"position\":1,\"name\":\"LDMZ dega e Rozhaj\u00ebs, mbajti kuvendin e saj t\u00eb 5-t\u00eb &#8211; Video\"}]},{\"@type\":\"Person\",\"@id\":\"https:\/\/www.visit-ulcinj.com\/blog\/#\/schema\/person\/dcab619c614d3038751c63bc2aadc06d\",\"name\":\"ulqini\",\"sameAs\":[\"http:\/\/www.visit-ulcinj.com\"],\"url\":\"https:\/\/www.visit-ulcinj.com\/blog\/author\/admin\/\"}]}<\/script>\n<!-- \/ Yoast SEO plugin. -->","yoast_head_json":{"title":"LDMZ dega e Rozhaj\u00ebs, mbajti kuvendin e saj t\u00eb 5-t\u00eb - Video - Lajme nga Ulqini","description":"DEGA E ROZHAJ\u00cbS E LIDHJES DEMOKRATIKE N\u00cb Mal t\u00eb ZI, t\u00eb diel\u00ebn, m\u00eb 1 mars 2015 MBAJTI KUVENDIN E SAJ T\u00cb 5-t\u00eb \u00a0 Rozhaj\u00eb , m\u00eb\u00a0\u00a0 01 mars 2015 T\u00eb diel\u00ebn, m\u00eb 1","robots":{"index":"index","follow":"follow","max-snippet":"max-snippet:-1","max-image-preview":"max-image-preview:large","max-video-preview":"max-video-preview:-1"},"canonical":"https:\/\/www.visit-ulcinj.com\/blog\/2015\/03\/03\/ldmz-dega-e-rozhajes-mbajti-kuvendin-e-saj-te-5-te\/","og_locale":"en_US","og_type":"article","og_title":"LDMZ dega e Rozhaj\u00ebs, mbajti kuvendin e saj t\u00eb 5-t\u00eb - Video - Lajme nga Ulqini","og_description":"DEGA E ROZHAJ\u00cbS E LIDHJES DEMOKRATIKE N\u00cb Mal t\u00eb ZI, t\u00eb diel\u00ebn, m\u00eb 1 mars 2015 MBAJTI KUVENDIN E SAJ T\u00cb 5-t\u00eb \u00a0 Rozhaj\u00eb , m\u00eb\u00a0\u00a0 01 mars 2015 T\u00eb diel\u00ebn, m\u00eb 1","og_url":"https:\/\/www.visit-ulcinj.com\/blog\/2015\/03\/03\/ldmz-dega-e-rozhajes-mbajti-kuvendin-e-saj-te-5-te\/","og_site_name":"Lajme nga Ulqini","article_published_time":"2015-03-03T07:18:30+00:00","article_modified_time":"2015-03-03T13:22:25+00:00","twitter_misc":{"Written by":"ulqini","Est. reading time":"3 minutes"},"schema":{"@context":"https:\/\/schema.org","@graph":[{"@type":"WebSite","@id":"https:\/\/www.visit-ulcinj.com\/blog\/#website","url":"https:\/\/www.visit-ulcinj.com\/blog\/","name":"Lajme nga Ulqini","description":"Lajme,Vijesti,Ulqini,Ulqin,Crna Gora,Mali i Zi","potentialAction":[{"@type":"SearchAction","target":{"@type":"EntryPoint","urlTemplate":"https:\/\/www.visit-ulcinj.com\/blog\/?s={search_term_string}"},"query-input":"required name=search_term_string"}],"inLanguage":"en-US"},{"@type":"WebPage","@id":"https:\/\/www.visit-ulcinj.com\/blog\/2015\/03\/03\/ldmz-dega-e-rozhajes-mbajti-kuvendin-e-saj-te-5-te\/#webpage","url":"https:\/\/www.visit-ulcinj.com\/blog\/2015\/03\/03\/ldmz-dega-e-rozhajes-mbajti-kuvendin-e-saj-te-5-te\/","name":"LDMZ dega e Rozhaj\u00ebs, mbajti kuvendin e saj t\u00eb 5-t\u00eb - Video - Lajme nga Ulqini","isPartOf":{"@id":"https:\/\/www.visit-ulcinj.com\/blog\/#website"},"datePublished":"2015-03-03T07:18:30+00:00","dateModified":"2015-03-03T13:22:25+00:00","author":{"@id":"https:\/\/www.visit-ulcinj.com\/blog\/#\/schema\/person\/dcab619c614d3038751c63bc2aadc06d"},"description":"DEGA E ROZHAJ\u00cbS E LIDHJES DEMOKRATIKE N\u00cb Mal t\u00eb ZI, t\u00eb diel\u00ebn, m\u00eb 1 mars 2015 MBAJTI KUVENDIN E SAJ T\u00cb 5-t\u00eb \u00a0 Rozhaj\u00eb , m\u00eb\u00a0\u00a0 01 mars 2015 T\u00eb diel\u00ebn, m\u00eb 1","breadcrumb":{"@id":"https:\/\/www.visit-ulcinj.com\/blog\/2015\/03\/03\/ldmz-dega-e-rozhajes-mbajti-kuvendin-e-saj-te-5-te\/#breadcrumb"},"inLanguage":"en-US","potentialAction":[{"@type":"ReadAction","target":["https:\/\/www.visit-ulcinj.com\/blog\/2015\/03\/03\/ldmz-dega-e-rozhajes-mbajti-kuvendin-e-saj-te-5-te\/"]}]},{"@type":"BreadcrumbList","@id":"https:\/\/www.visit-ulcinj.com\/blog\/2015\/03\/03\/ldmz-dega-e-rozhajes-mbajti-kuvendin-e-saj-te-5-te\/#breadcrumb","itemListElement":[{"@type":"ListItem","position":1,"name":"LDMZ dega e Rozhaj\u00ebs, mbajti kuvendin e saj t\u00eb 5-t\u00eb &#8211; Video"}]},{"@type":"Person","@id":"https:\/\/www.visit-ulcinj.com\/blog\/#\/schema\/person\/dcab619c614d3038751c63bc2aadc06d","name":"ulqini","sameAs":["http:\/\/www.visit-ulcinj.com"],"url":"https:\/\/www.visit-ulcinj.com\/blog\/author\/admin\/"}]}},"jetpack_featured_media_url":"","jetpack_sharing_enabled":true,"jetpack_shortlink":"https:\/\/wp.me\/pe6lTn-naN","_links":{"self":[{"href":"https:\/\/www.visit-ulcinj.com\/blog\/wp-json\/wp\/v2\/posts\/89081"}],"collection":[{"href":"https:\/\/www.visit-ulcinj.com\/blog\/wp-json\/wp\/v2\/posts"}],"about":[{"href":"https:\/\/www.visit-ulcinj.com\/blog\/wp-json\/wp\/v2\/types\/post"}],"author":[{"embeddable":true,"href":"https:\/\/www.visit-ulcinj.com\/blog\/wp-json\/wp\/v2\/users\/1"}],"replies":[{"embeddable":true,"href":"https:\/\/www.visit-ulcinj.com\/blog\/wp-json\/wp\/v2\/comments?post=89081"}],"version-history":[{"count":3,"href":"https:\/\/www.visit-ulcinj.com\/blog\/wp-json\/wp\/v2\/posts\/89081\/revisions"}],"predecessor-version":[{"id":89089,"href":"https:\/\/www.visit-ulcinj.com\/blog\/wp-json\/wp\/v2\/posts\/89081\/revisions\/89089"}],"wp:attachment":[{"href":"https:\/\/www.visit-ulcinj.com\/blog\/wp-json\/wp\/v2\/media?parent=89081"}],"wp:term":[{"taxonomy":"category","embeddable":true,"href":"https:\/\/www.visit-ulcinj.com\/blog\/wp-json\/wp\/v2\/categories?post=89081"},{"taxonomy":"post_tag","embeddable":true,"href":"https:\/\/www.visit-ulcinj.com\/blog\/wp-json\/wp\/v2\/tags?post=89081"}],"curies":[{"name":"wp","href":"https:\/\/api.w.org\/{rel}","templated":true}]}}