{"id":89093,"date":"2015-03-03T17:39:49","date_gmt":"2015-03-03T16:39:49","guid":{"rendered":"http:\/\/www.visit-ulcinj.com\/blog\/?p=89093"},"modified":"2015-03-03T17:39:49","modified_gmt":"2015-03-03T16:39:49","slug":"vasel-sinishtaj-kush-qeshet-fundit-qeshet-se-embli","status":"publish","type":"post","link":"https:\/\/www.visit-ulcinj.com\/blog\/2015\/03\/03\/vasel-sinishtaj-kush-qeshet-fundit-qeshet-se-embli\/","title":{"rendered":"Vasel Sinishtaj: Kush qeshet i fundit, qeshet m\u00eb s\u00eb \u00ebmbli"},"content":{"rendered":"<p><a href=\"http:\/\/www.visit-ulcinj.com\/blog\/wp-content\/uploads\/2015\/01\/cunmulaj-cungu-sinishtaj-nimanbegu-koalicioni.jpg\"><img loading=\"lazy\" class=\"alignleft wp-image-87551\" src=\"http:\/\/www.visit-ulcinj.com\/blog\/wp-content\/uploads\/2015\/01\/cunmulaj-cungu-sinishtaj-nimanbegu-koalicioni.jpg\" alt=\"cunmulaj-cungu-sinishtaj-nimanbegu-koalicioni\" width=\"508\" height=\"339\" srcset=\"https:\/\/www.visit-ulcinj.com\/blog\/wp-content\/uploads\/2015\/01\/cunmulaj-cungu-sinishtaj-nimanbegu-koalicioni.jpg 1024w, https:\/\/www.visit-ulcinj.com\/blog\/wp-content\/uploads\/2015\/01\/cunmulaj-cungu-sinishtaj-nimanbegu-koalicioni-300x200.jpg 300w\" sizes=\"(max-width: 508px) 100vw, 508px\" \/><\/a>Funksionari i Iniciativ\u00ebs qytetare Vasel Sinishtaj ka th\u00ebn\u00eb se n\u00eb kontestin rreth mandatit t\u00eb deputetit me deputetin e Forc\u00ebs Genci Nimanbegun do t\u2019i \u201cq\u00ebndroj\u00eb\u201d institucioneve vendase, raporton Portali Ul.info.<\/p>\n<p>\u201cDo t\u00eb d\u00ebrgoj\u00eb v\u00ebrejtjen dhe sakt\u00eb do t\u2019i ceki p\u00ebrgjegj\u00ebsit t\u00eb cilat i mor\u00ebn p\u00ebrsip\u00ebr me mosrespektimin e marr\u00ebveshjes. Pastaj do t\u00eb shkoj\u00eb rrug\u00ebs gjyq\u00ebsore, prej momentit kur duhej t\u00eb isha deputet deri n\u00eb at\u00eb moment q\u00eb t\u00eb lirohet vendi i deputetit. N\u00ebse nuk lirohet \u2013 prap\u00eb asgj\u00eb. Shpresoj t\u00eb vendos gjykata\u201d, tha Sinishtaj p\u00ebr \u201cPobjeda\u201d.<\/p>\n<p>Sipas fjal\u00ebve t\u00eb tija, politikan\u00ebt duhet t\u00eb m\u00ebsojn\u00eb q\u00eb, p\u00ebrve\u00e7 privilegjeve, kan\u00eb dhe p\u00ebrgjegj\u00ebsi. \u201cDuhet t\u00eb jemi shembuj t\u00eb par\u00eb t\u00eb shtetit ligjor. Mendoj se kjo q\u00eb po ndodh krijon fotografi t\u00eb keqe p\u00ebr vet Shqiptar\u00ebt n\u00eb Mal t\u00eb Zi\u201d, tha Sinishtaj.<\/p>\n<p>Ai rikujton se i d\u00ebrgoj let\u00ebr publike Genci Nimanbegut dhe liderit t\u00eb Forc\u00ebs Nazif Cungut. \u201cAto le ta b\u00ebjn\u00eb mandatin e tyre deri n\u00eb fund. E jona \u00ebsht\u00eb q\u00eb t\u2019i padisim. A e dini at\u00eb fjal\u00ebn popullore: \u201cKush qeshet i fundit, qeshet m\u00eb s\u00eb \u00ebmbli\u201d, p\u00ebrfundoi Sinishtaj.<\/p>\n","protected":false},"excerpt":{"rendered":"<p>Funksionari i Iniciativ\u00ebs qytetare Vasel Sinishtaj ka th\u00ebn\u00eb se n\u00eb kontestin rreth mandatit t\u00eb deputetit me deputetin e Forc\u00ebs Genci Nimanbegun do t\u2019i \u201cq\u00ebndroj\u00eb\u201d institucioneve vendase, raporton Portali Ul.info. \u201cDo t\u00eb d\u00ebrgoj\u00eb v\u00ebrejtjen dhe sakt\u00eb do t\u2019i ceki p\u00ebrgjegj\u00ebsit t\u00eb cilat i mor\u00ebn p\u00ebrsip\u00ebr me mosrespektimin e marr\u00ebveshjes. Pastaj do t\u00eb shkoj\u00eb rrug\u00ebs gjyq\u00ebsore, prej [&hellip;]<\/p>\n","protected":false},"author":1,"featured_media":0,"comment_status":"closed","ping_status":"closed","sticky":false,"template":"","format":"standard","meta":{"spay_email":"","jetpack_publicize_message":"","jetpack_is_tweetstorm":false,"jetpack_publicize_feature_enabled":true},"categories":[6],"tags":[],"jetpack_publicize_connections":[],"yoast_head":"<!-- This site is optimized with the Yoast SEO plugin v19.1 - https:\/\/yoast.com\/wordpress\/plugins\/seo\/ -->\n<title>Vasel Sinishtaj: Kush qeshet i fundit, qeshet m\u00eb s\u00eb \u00ebmbli - Lajme nga Ulqini<\/title>\n<meta name=\"description\" content=\"Funksionari i Iniciativ\u00ebs qytetare Vasel Sinishtaj ka th\u00ebn\u00eb se n\u00eb kontestin rreth mandatit t\u00eb deputetit me deputetin e Forc\u00ebs Genci Nimanbegun do t\u2019i\" \/>\n<meta name=\"robots\" content=\"index, follow, max-snippet:-1, max-image-preview:large, max-video-preview:-1\" \/>\n<link rel=\"canonical\" href=\"https:\/\/www.visit-ulcinj.com\/blog\/2015\/03\/03\/vasel-sinishtaj-kush-qeshet-fundit-qeshet-se-embli\/\" \/>\n<meta property=\"og:locale\" content=\"en_US\" \/>\n<meta property=\"og:type\" content=\"article\" \/>\n<meta property=\"og:title\" content=\"Vasel Sinishtaj: Kush qeshet i fundit, qeshet m\u00eb s\u00eb \u00ebmbli - Lajme nga Ulqini\" \/>\n<meta property=\"og:description\" content=\"Funksionari i Iniciativ\u00ebs qytetare Vasel Sinishtaj ka th\u00ebn\u00eb se n\u00eb kontestin rreth mandatit t\u00eb deputetit me deputetin e Forc\u00ebs Genci Nimanbegun do t\u2019i\" \/>\n<meta property=\"og:url\" content=\"https:\/\/www.visit-ulcinj.com\/blog\/2015\/03\/03\/vasel-sinishtaj-kush-qeshet-fundit-qeshet-se-embli\/\" \/>\n<meta property=\"og:site_name\" content=\"Lajme nga Ulqini\" \/>\n<meta property=\"article:published_time\" content=\"2015-03-03T16:39:49+00:00\" \/>\n<meta property=\"og:image\" content=\"http:\/\/www.visit-ulcinj.com\/blog\/wp-content\/uploads\/2015\/01\/cunmulaj-cungu-sinishtaj-nimanbegu-koalicioni.jpg\" \/>\n<meta name=\"twitter:label1\" content=\"Written by\" \/>\n\t<meta name=\"twitter:data1\" content=\"ulqini\" \/>\n\t<meta name=\"twitter:label2\" content=\"Est. reading time\" \/>\n\t<meta name=\"twitter:data2\" content=\"1 minute\" \/>\n<script type=\"application\/ld+json\" class=\"yoast-schema-graph\">{\"@context\":\"https:\/\/schema.org\",\"@graph\":[{\"@type\":\"WebSite\",\"@id\":\"https:\/\/www.visit-ulcinj.com\/blog\/#website\",\"url\":\"https:\/\/www.visit-ulcinj.com\/blog\/\",\"name\":\"Lajme nga Ulqini\",\"description\":\"Lajme,Vijesti,Ulqini,Ulqin,Crna Gora,Mali i Zi\",\"potentialAction\":[{\"@type\":\"SearchAction\",\"target\":{\"@type\":\"EntryPoint\",\"urlTemplate\":\"https:\/\/www.visit-ulcinj.com\/blog\/?s={search_term_string}\"},\"query-input\":\"required name=search_term_string\"}],\"inLanguage\":\"en-US\"},{\"@type\":\"ImageObject\",\"inLanguage\":\"en-US\",\"@id\":\"https:\/\/www.visit-ulcinj.com\/blog\/2015\/03\/03\/vasel-sinishtaj-kush-qeshet-fundit-qeshet-se-embli\/#primaryimage\",\"url\":\"https:\/\/www.visit-ulcinj.com\/blog\/wp-content\/uploads\/2015\/01\/cunmulaj-cungu-sinishtaj-nimanbegu-koalicioni.jpg\",\"contentUrl\":\"https:\/\/www.visit-ulcinj.com\/blog\/wp-content\/uploads\/2015\/01\/cunmulaj-cungu-sinishtaj-nimanbegu-koalicioni.jpg\",\"width\":1024,\"height\":683},{\"@type\":\"WebPage\",\"@id\":\"https:\/\/www.visit-ulcinj.com\/blog\/2015\/03\/03\/vasel-sinishtaj-kush-qeshet-fundit-qeshet-se-embli\/#webpage\",\"url\":\"https:\/\/www.visit-ulcinj.com\/blog\/2015\/03\/03\/vasel-sinishtaj-kush-qeshet-fundit-qeshet-se-embli\/\",\"name\":\"Vasel Sinishtaj: Kush qeshet i fundit, qeshet m\u00eb s\u00eb \u00ebmbli - Lajme nga Ulqini\",\"isPartOf\":{\"@id\":\"https:\/\/www.visit-ulcinj.com\/blog\/#website\"},\"primaryImageOfPage\":{\"@id\":\"https:\/\/www.visit-ulcinj.com\/blog\/2015\/03\/03\/vasel-sinishtaj-kush-qeshet-fundit-qeshet-se-embli\/#primaryimage\"},\"datePublished\":\"2015-03-03T16:39:49+00:00\",\"dateModified\":\"2015-03-03T16:39:49+00:00\",\"author\":{\"@id\":\"https:\/\/www.visit-ulcinj.com\/blog\/#\/schema\/person\/dcab619c614d3038751c63bc2aadc06d\"},\"description\":\"Funksionari i Iniciativ\u00ebs qytetare Vasel Sinishtaj ka th\u00ebn\u00eb se n\u00eb kontestin rreth mandatit t\u00eb deputetit me deputetin e Forc\u00ebs Genci Nimanbegun do t\u2019i\",\"breadcrumb\":{\"@id\":\"https:\/\/www.visit-ulcinj.com\/blog\/2015\/03\/03\/vasel-sinishtaj-kush-qeshet-fundit-qeshet-se-embli\/#breadcrumb\"},\"inLanguage\":\"en-US\",\"potentialAction\":[{\"@type\":\"ReadAction\",\"target\":[\"https:\/\/www.visit-ulcinj.com\/blog\/2015\/03\/03\/vasel-sinishtaj-kush-qeshet-fundit-qeshet-se-embli\/\"]}]},{\"@type\":\"BreadcrumbList\",\"@id\":\"https:\/\/www.visit-ulcinj.com\/blog\/2015\/03\/03\/vasel-sinishtaj-kush-qeshet-fundit-qeshet-se-embli\/#breadcrumb\",\"itemListElement\":[{\"@type\":\"ListItem\",\"position\":1,\"name\":\"Vasel Sinishtaj: Kush qeshet i fundit, qeshet m\u00eb s\u00eb \u00ebmbli\"}]},{\"@type\":\"Person\",\"@id\":\"https:\/\/www.visit-ulcinj.com\/blog\/#\/schema\/person\/dcab619c614d3038751c63bc2aadc06d\",\"name\":\"ulqini\",\"sameAs\":[\"http:\/\/www.visit-ulcinj.com\"],\"url\":\"https:\/\/www.visit-ulcinj.com\/blog\/author\/admin\/\"}]}<\/script>\n<!-- \/ Yoast SEO plugin. -->","yoast_head_json":{"title":"Vasel Sinishtaj: Kush qeshet i fundit, qeshet m\u00eb s\u00eb \u00ebmbli - Lajme nga Ulqini","description":"Funksionari i Iniciativ\u00ebs qytetare Vasel Sinishtaj ka th\u00ebn\u00eb se n\u00eb kontestin rreth mandatit t\u00eb deputetit me deputetin e Forc\u00ebs Genci Nimanbegun do t\u2019i","robots":{"index":"index","follow":"follow","max-snippet":"max-snippet:-1","max-image-preview":"max-image-preview:large","max-video-preview":"max-video-preview:-1"},"canonical":"https:\/\/www.visit-ulcinj.com\/blog\/2015\/03\/03\/vasel-sinishtaj-kush-qeshet-fundit-qeshet-se-embli\/","og_locale":"en_US","og_type":"article","og_title":"Vasel Sinishtaj: Kush qeshet i fundit, qeshet m\u00eb s\u00eb \u00ebmbli - Lajme nga Ulqini","og_description":"Funksionari i Iniciativ\u00ebs qytetare Vasel Sinishtaj ka th\u00ebn\u00eb se n\u00eb kontestin rreth mandatit t\u00eb deputetit me deputetin e Forc\u00ebs Genci Nimanbegun do t\u2019i","og_url":"https:\/\/www.visit-ulcinj.com\/blog\/2015\/03\/03\/vasel-sinishtaj-kush-qeshet-fundit-qeshet-se-embli\/","og_site_name":"Lajme nga Ulqini","article_published_time":"2015-03-03T16:39:49+00:00","og_image":[{"url":"http:\/\/www.visit-ulcinj.com\/blog\/wp-content\/uploads\/2015\/01\/cunmulaj-cungu-sinishtaj-nimanbegu-koalicioni.jpg"}],"twitter_misc":{"Written by":"ulqini","Est. reading time":"1 minute"},"schema":{"@context":"https:\/\/schema.org","@graph":[{"@type":"WebSite","@id":"https:\/\/www.visit-ulcinj.com\/blog\/#website","url":"https:\/\/www.visit-ulcinj.com\/blog\/","name":"Lajme nga Ulqini","description":"Lajme,Vijesti,Ulqini,Ulqin,Crna Gora,Mali i Zi","potentialAction":[{"@type":"SearchAction","target":{"@type":"EntryPoint","urlTemplate":"https:\/\/www.visit-ulcinj.com\/blog\/?s={search_term_string}"},"query-input":"required name=search_term_string"}],"inLanguage":"en-US"},{"@type":"ImageObject","inLanguage":"en-US","@id":"https:\/\/www.visit-ulcinj.com\/blog\/2015\/03\/03\/vasel-sinishtaj-kush-qeshet-fundit-qeshet-se-embli\/#primaryimage","url":"https:\/\/www.visit-ulcinj.com\/blog\/wp-content\/uploads\/2015\/01\/cunmulaj-cungu-sinishtaj-nimanbegu-koalicioni.jpg","contentUrl":"https:\/\/www.visit-ulcinj.com\/blog\/wp-content\/uploads\/2015\/01\/cunmulaj-cungu-sinishtaj-nimanbegu-koalicioni.jpg","width":1024,"height":683},{"@type":"WebPage","@id":"https:\/\/www.visit-ulcinj.com\/blog\/2015\/03\/03\/vasel-sinishtaj-kush-qeshet-fundit-qeshet-se-embli\/#webpage","url":"https:\/\/www.visit-ulcinj.com\/blog\/2015\/03\/03\/vasel-sinishtaj-kush-qeshet-fundit-qeshet-se-embli\/","name":"Vasel Sinishtaj: Kush qeshet i fundit, qeshet m\u00eb s\u00eb \u00ebmbli - Lajme nga Ulqini","isPartOf":{"@id":"https:\/\/www.visit-ulcinj.com\/blog\/#website"},"primaryImageOfPage":{"@id":"https:\/\/www.visit-ulcinj.com\/blog\/2015\/03\/03\/vasel-sinishtaj-kush-qeshet-fundit-qeshet-se-embli\/#primaryimage"},"datePublished":"2015-03-03T16:39:49+00:00","dateModified":"2015-03-03T16:39:49+00:00","author":{"@id":"https:\/\/www.visit-ulcinj.com\/blog\/#\/schema\/person\/dcab619c614d3038751c63bc2aadc06d"},"description":"Funksionari i Iniciativ\u00ebs qytetare Vasel Sinishtaj ka th\u00ebn\u00eb se n\u00eb kontestin rreth mandatit t\u00eb deputetit me deputetin e Forc\u00ebs Genci Nimanbegun do t\u2019i","breadcrumb":{"@id":"https:\/\/www.visit-ulcinj.com\/blog\/2015\/03\/03\/vasel-sinishtaj-kush-qeshet-fundit-qeshet-se-embli\/#breadcrumb"},"inLanguage":"en-US","potentialAction":[{"@type":"ReadAction","target":["https:\/\/www.visit-ulcinj.com\/blog\/2015\/03\/03\/vasel-sinishtaj-kush-qeshet-fundit-qeshet-se-embli\/"]}]},{"@type":"BreadcrumbList","@id":"https:\/\/www.visit-ulcinj.com\/blog\/2015\/03\/03\/vasel-sinishtaj-kush-qeshet-fundit-qeshet-se-embli\/#breadcrumb","itemListElement":[{"@type":"ListItem","position":1,"name":"Vasel Sinishtaj: Kush qeshet i fundit, qeshet m\u00eb s\u00eb \u00ebmbli"}]},{"@type":"Person","@id":"https:\/\/www.visit-ulcinj.com\/blog\/#\/schema\/person\/dcab619c614d3038751c63bc2aadc06d","name":"ulqini","sameAs":["http:\/\/www.visit-ulcinj.com"],"url":"https:\/\/www.visit-ulcinj.com\/blog\/author\/admin\/"}]}},"jetpack_featured_media_url":"","jetpack_sharing_enabled":true,"jetpack_shortlink":"https:\/\/wp.me\/pe6lTn-naZ","_links":{"self":[{"href":"https:\/\/www.visit-ulcinj.com\/blog\/wp-json\/wp\/v2\/posts\/89093"}],"collection":[{"href":"https:\/\/www.visit-ulcinj.com\/blog\/wp-json\/wp\/v2\/posts"}],"about":[{"href":"https:\/\/www.visit-ulcinj.com\/blog\/wp-json\/wp\/v2\/types\/post"}],"author":[{"embeddable":true,"href":"https:\/\/www.visit-ulcinj.com\/blog\/wp-json\/wp\/v2\/users\/1"}],"replies":[{"embeddable":true,"href":"https:\/\/www.visit-ulcinj.com\/blog\/wp-json\/wp\/v2\/comments?post=89093"}],"version-history":[{"count":1,"href":"https:\/\/www.visit-ulcinj.com\/blog\/wp-json\/wp\/v2\/posts\/89093\/revisions"}],"predecessor-version":[{"id":89094,"href":"https:\/\/www.visit-ulcinj.com\/blog\/wp-json\/wp\/v2\/posts\/89093\/revisions\/89094"}],"wp:attachment":[{"href":"https:\/\/www.visit-ulcinj.com\/blog\/wp-json\/wp\/v2\/media?parent=89093"}],"wp:term":[{"taxonomy":"category","embeddable":true,"href":"https:\/\/www.visit-ulcinj.com\/blog\/wp-json\/wp\/v2\/categories?post=89093"},{"taxonomy":"post_tag","embeddable":true,"href":"https:\/\/www.visit-ulcinj.com\/blog\/wp-json\/wp\/v2\/tags?post=89093"}],"curies":[{"name":"wp","href":"https:\/\/api.w.org\/{rel}","templated":true}]}}