{"id":89095,"date":"2015-03-03T17:58:10","date_gmt":"2015-03-03T16:58:10","guid":{"rendered":"http:\/\/www.visit-ulcinj.com\/blog\/?p=89095"},"modified":"2015-03-03T23:22:43","modified_gmt":"2015-03-03T22:22:43","slug":"nika-contra-populus-cronicus-cikel-shkrimesh-anti-korrupsion","status":"publish","type":"post","link":"https:\/\/www.visit-ulcinj.com\/blog\/2015\/03\/03\/nika-contra-populus-cronicus-cikel-shkrimesh-anti-korrupsion\/","title":{"rendered":"Nika: CONTRA  POPULUS  CRONICUS &#8211; cik\u00ebl shkrimesh anti korrupsion"},"content":{"rendered":"<p><strong><em>Shkruan : Muhamet Nika,<\/em><\/strong><\/p>\n<p><strong><em>CONTRA POPULUS CRONICUS- cik\u00ebl shkrimesh anti korrupsion<\/em><\/strong><\/p>\n<p><strong><em>Ruzvelti : T\u00eb drejtat duhet t\u00eb ndahen&#8230;.?!!!<\/em><\/strong><\/p>\n<p><strong><em> Dhe se :\u201d&#8230; p\u00ebr nj\u00eb popull \u00ebsht\u00eb m\u00eb mir\u00eb t\u00eb udh\u00ebhiqet nga nj\u00eb qeveri q\u00eb gabon se sa nga nj\u00eb qeveri q\u00eb \u00ebsht\u00eb n\u00eb total e pap\u00ebrgjegjshme e indiferente&#8230;?!!!<\/em><\/strong><\/p>\n<p>Kjo ishte platforma politike e presidentit amerikan q\u00eb fitoi 4 mandate radhazi duke e nxjerr\u00eb Amerik\u00ebn p\u00ebrfundimisht nga kriza . Ai k\u00ebt\u00eb sh\u00ebnohet , ta ket\u00eb th\u00ebn\u00eb, diku n\u00eb pragun e\u00a0\u00a0 Luft\u00ebs s\u00eb Dyt\u00eb Bot\u00ebrore. Mu n\u00eb koh\u00ebn kur shoq\u00ebria amerikane ishte zhytur n\u00eb nj\u00eb kriz\u00eb t\u00eb r\u00ebnd\u00eb financiare pasi , bankar\u00ebt, industrialist\u00ebt dhe tregtar\u00ebt kishin arritur t\u00eb shtinin n\u00eb dor\u00eb dhe t\u00eb kontrollonin p\u00ebrmes qeveris\u00eb , t\u00eb drejtat n\u00eb pasurit\u00eb komb\u00ebtare amerikane duke filluar nga ata t\u00eb tok\u00ebs &#8211; minierat dhe gjith\u00eb t\u00eb drejtat tjera. Gjendja dramatizohej , dita dit\u00ebs, sepse ata edhe pse jetonin n\u00eb luks nuk i paguanin tatimin q\u00eb i takonte shtetit.<\/p>\n<p>Borxhet publike kishin arritur kulmin bashk\u00eb me varf\u00ebrin\u00eb shoq\u00ebrore. Puna kish arritur deri aty , sa q\u00eb shteti , kish hapur mensa publike p\u00ebr t\u00eb shuar varf\u00ebrin\u00eb qytetare, nd\u00ebrsa ndihmat p\u00ebr ironi t\u00eb fatit p\u00ebr koh\u00ebn i arrinin asaj , bile edhe nga Afrika e Zez\u00eb &#8230;?!!!<\/p>\n<ol start=\"8\">\n<li><strong><em> Konformizmi politik dhe informativ<\/em><\/strong><\/li>\n<\/ol>\n<p>Shpesh her\u00eb n\u00eb jet\u00eb na takon t\u00eb d\u00ebgjojm\u00eb\u00a0\u00a0 shprehje e fjal\u00eb si : \u201c hiqu atij se \u00ebsht\u00eb politikan konformist , ose gazetar konformist..\u201d?!! K\u00ebtyre fjal\u00ebve, nga nj\u00eb her\u00eb, nuk iu dim\u00eb as kuptimin, por me gjith\u00eb at\u00eb i p\u00ebrdorim mbi baz\u00ebn e asaj q\u00eb d\u00ebgjojm\u00eb si koncept nga t\u00eb tjer\u00ebt.<\/p>\n<p>Po kujt i thuhet kjo shprehje?! Fjala \u00ebsht\u00eb p\u00ebr politikan\u00eb dhe mediume , t\u00eb cilat veprojn\u00eb dhe propagandojn\u00eb duke iu mbajtur krahun gj\u00ebrave q\u00eb ndodhin ose pritet t\u00eb ndodhin sipas nj\u00eb forme t\u00eb caktuar . Me gjith\u00eb at\u00eb \u2013 komikja e gjith\u00eb k\u00ebsaj q\u00ebndron n\u00eb at\u00eb kur p\u00ebrkrahin pun\u00eb , t\u00eb cilat as vet\u00eb nuk iu besojn\u00eb ?!!! Po pse ndodh\u00eb kjo?! Thjesht , kategoria e tyre, jeton n\u00eb bot\u00ebn e imazheve formaliste. Ata dihet se \u00a0nuk guxojn\u00eb t\u00eb ken\u00eb as opinionin e vet sa do t\u00eb thjesht\u00eb rreth nj\u00eb problemi q\u00eb paraqitet. Mir\u00eb po t\u00eb till\u00ebt, prap\u00eb se prap\u00eb , b\u00ebjn\u00eb m\u00eb shum\u00eb sherr se sa hair?!! Ngase kur i ngjiten politik\u00ebs, ose sprovojn\u00eb n\u00eb informimin- si gazetar\u00eb , p\u00ebr fenomenet dhe ngjarjet q\u00eb ndodhin e nuk kan\u00eb model- heshtin duke mos trumbetuar m\u00eb\u201d t\u00eb v\u00ebrtet\u00ebn e tyre dhe t\u00ebrhiqen ..?!!!<\/p>\n<p>Mendojm\u00eb se nj\u00eb veprim konformist , ndodhi edhe gjat\u00eb vikendit q\u00eb shkoi, kur merret vesh, q\u00eb forcat policore anti- terror, u paraqit\u00ebn n\u00eb Shtoj , t\u00eb ftuar rreth problemit t\u00eb nd\u00ebrtimit t\u00eb parkut ujor q\u00eb aktualisht ka familja e Rudajve, me kryesin pun\u00ebve. Familja proteston kund\u00ebr ngritjes s\u00eb tij, pas nj\u00eb vendimi t\u00eb komun\u00ebs p\u00ebr dh\u00ebnien e tok\u00ebs p\u00ebr t\u00eb cil\u00ebn rudajt cekin se \u00ebsht\u00eb e tyrja. Fatbardh\u00ebsisht ngjarja mbaroi pa incident dhe nd\u00ebrhyrje policore. Mir\u00eb po kjo nuk do t\u00eb thot\u00eb se p\u00ebrjashtohet mund\u00ebsia e p\u00ebrs\u00ebritjes s\u00eb incidenteit , kur kryesi i pun\u00ebve t\u00eb mos p\u00ebrs\u00ebris\u00eb gabimin e t\u00eb dal\u00eb n\u00eb terren pa lejen e marr\u00eb nga pushteti vendor , si\u00e7 veproi k\u00ebsaj radhe.<\/p>\n<p>Dhe tashti njeriu pyet, po si vall\u00eb na humb\u00ebn dhe d\u00ebshtuan ,n\u00eb k\u00ebt\u00eb dit\u00eb, t\u00eb gjith\u00eb ata politikan\u00eb dhe media, q\u00eb nuk iu ndanin Antos s\u00eb Rudajve, duke e ndjekur at\u00eb k\u00ebmba k\u00ebmb\u00ebs \u2013 si v\u00ebllai , v\u00ebllan\u00eb, me aparate e kamera e duke e l\u00ebn\u00eb n\u00eb balt\u00eb n\u00eb momentin m\u00eb t\u00eb v\u00ebshtir\u00eb..?!! Por nejse!!!<\/p>\n<p><strong><em>Pak fjal\u00eb p\u00ebr statusin e tokave t\u00eb Shtojit<\/em><\/strong><\/p>\n<p>Drumi i Shtojit \u00ebsht\u00eb nj\u00eb brez toke e cila historikisht formohej \u2013shtohej nga prurjet e lumit Buna, q\u00eb arrinin nga alpet shqiptare p\u00ebrmes lumit Dri. Toka e shtuar nga Drini , kish statusin e Merajes apo halijerit \u2013halis\u00eb (kullos\u00eb p\u00ebr t\u00eb gjith\u00eb), p\u00ebr t\u00eb cil\u00ebn thuhet se veziri i Shkodr\u00ebs, iu dha si kullos\u00eb , fiseve nomade t\u00eb shkrelit \u2013 prej fush\u00ebs s\u00eb Ulqinit e deri n\u00eb Velipoj\u00eb. Kjo u b\u00eb sepse nomad\u00ebt( baritor\u00ebt) e Shkrelit, gjat\u00eb dimrit kur\u201d i sht\u00ebrngonte acari\u201d, zbrisnin me gj\u00ebn\u00eb e vet t\u00eb gjall\u00eb deri n\u00eb breg det, sepse blegtoret e zonave p\u00ebr rreth nuk i lejonin n\u00eb kullosat e veta&#8230;?!!! Me mbylljen e kufirit me Shqip\u00ebrin\u00eb, kjo popullsi nuk doli m\u00eb gjat\u00eb ver\u00ebs n\u00eb bjeshk\u00ebt shqiptare, por tash ti veronte n\u00eb disa fshatra t\u00eb An\u00ebs s\u00eb Malit- kryesisht n\u00eb bjeshk\u00ebn e Kravarit e t\u00eb Rashtish\u00ebs dhe gjetk\u00eb.<\/p>\n<p>Pikat m\u00eb t\u00eb larta t\u00eb tok\u00ebs n\u00eb Drumin e Shtojit ishin ata , k\u00ebndej Bregut t\u00eb K\u00ebnet\u00ebs , kah Breg Vija(shih hart\u00ebn) dhe ishin n\u00eb pron\u00ebsi t\u00eb begler\u00ebve , nd\u00ebrsa n\u00eb thell\u00ebsi t\u00eb Bregvis\u00eb q\u00eb vazhdimisht shtonte deri n\u00eb det u vendos popullsia e ardhur(nomade). K\u00ebta t\u00eb fundit n\u00eb tok\u00eb , kishin statusin \u201ce \u00e7ip\u00e7ive ..\u201d?!!<\/p>\n<p>Argument i k\u00ebsaj mund t\u00eb jen\u00eb edhe emrat e tokave q\u00eb hasim sot n\u00eb terren. Me r\u00ebnien e Turqis\u00eb t\u00ebrhiqen dhe bejler\u00ebt, t\u00eb cil\u00ebt p\u00ebr tokat e humbura n\u00eb Shtoj, nga shteti i vet me siguri do t\u00eb duhej t\u00eb jen\u00eb kompensuar me tok\u00eb n\u00eb vende tjera. Kurse mal\u00ebsoret pa tjet\u00ebr q\u00eb kan\u00eb argumente p\u00ebr marrjen e tokave nga bejler\u00ebt n\u00eb pron\u00ebsi<\/p>\n<p>Rudajt, p\u00ebr shembull kan\u00eb nj\u00eb tapi &#8211; d\u00ebshmi turke se tok\u00ebn e kishin t\u00eb bler\u00eb nga nj\u00ebfar\u00eb Beqir Tula , diku rreth viteve 1870, dhe shtojm\u00eb q\u00eb patronimi <strong>TULA<\/strong>, na del si em\u00ebr i nj\u00eb familjeje t\u00eb vjet\u00ebr fisnik\u00ebsh shqiptar\u00eb.<\/p>\n<p><strong>Kur u b\u00eb regjistri i par\u00eb i tok\u00ebs(1954) dhe statusi aktual n\u00eb treg<\/strong><\/p>\n<p>&nbsp;<\/p>\n<p>Regjistri i par\u00eb i saj u b\u00eb n\u00eb vitin 1954, por regjistri nuk k\u00ebrkonte dokumente pron\u00ebsie, ve\u00e7se dokument shfryt\u00ebzimi. Ajo nj\u00eb koh\u00eb u kolektivizua si Dobro Jadran , mir\u00ebpo d\u00ebshtoi dhe m\u00eb pas , p\u00ebrmes restitucionit- gjat\u00eb vitit 92, komuna iu ktheu banor\u00ebve t\u00eb Shtojit.<\/p>\n<p>Nd\u00ebrsa ajo m\u00eb kryesorja n\u00ebn magjistral\u00eb-buz\u00eb detit ,kontrollohet dhe del n\u00eb treg p\u00ebr shitje nga qeveria- si tok\u00eb nd\u00ebrtimore me kubik\u00eb t\u00eb lart\u00eb nd\u00ebrtimi ?!! <strong>E kjo u b\u00eb , pa p\u00eblqimin e popullsis\u00eb dhe komun\u00ebs duke formuar edhe kadstrin e shitjes n\u00eb Podgoric\u00eb\u2026.?!!<\/strong> E gjith\u00eb pjesa tjet\u00ebr e mbetur , q\u00eb shfryt\u00ebzon komuna bashk\u00eb me pronat private kan\u00eb statusin e tok\u00ebs bujq\u00ebsore .<\/p>\n<p><a href=\"http:\/\/www.visit-ulcinj.com\/blog\/wp-content\/uploads\/2015\/03\/Lagja-Shtoj\u00eb-Ulqin-Drumi-Shtojit.jpg\"><img loading=\"lazy\" class=\"alignleft wp-image-89096\" src=\"http:\/\/www.visit-ulcinj.com\/blog\/wp-content\/uploads\/2015\/03\/Lagja-Shtoj\u00eb-Ulqin-Drumi-Shtojit.jpg\" alt=\"Lagja-Shtoj\u00eb-Ulqin-Drumi-Shtojit\" width=\"508\" height=\"368\" srcset=\"https:\/\/www.visit-ulcinj.com\/blog\/wp-content\/uploads\/2015\/03\/Lagja-Shtoj\u00eb-Ulqin-Drumi-Shtojit.jpg 628w, https:\/\/www.visit-ulcinj.com\/blog\/wp-content\/uploads\/2015\/03\/Lagja-Shtoj\u00eb-Ulqin-Drumi-Shtojit-300x217.jpg 300w\" sizes=\"(max-width: 508px) 100vw, 508px\" \/><\/a><\/p>\n<p><strong><em>Shikuar me vemendje k\u00ebt\u00eb skic\u00eb t\u00eb b\u00ebr\u00eb para m\u00eb se 2 dekadave, v\u00ebrejm\u00eb se nd\u00ebrtimet pa leje nisin nga krahu i djath\u00eb i Breg Vis\u00eb- ku shohim se \u201csi ishte thyer p\u00ebr her\u00eb t\u00eb par\u00eb fronti\u201d i sh\u00ebnuar me ngjyr\u00eb portokall dhe q\u00eb ishte tok\u00eb e komun\u00ebs.. Fjala duhet t\u00eb jet\u00eb p\u00ebr pron\u00eb shtetrore e cila u b\u00eb private nga familjet e vjetra malazeze , q\u00eb e fituan k\u00ebt\u00eb , ndoshta si kompenzim n\u00eb em\u00ebr t\u00eb<\/em><\/strong><strong><em> tokave t\u00eb marra , dikur nga Kriporja e Ulqinit\u2026?!!!<\/em><\/strong><\/p>\n<p><strong><em>( <\/em><\/strong><strong>Vazhdon- konfrontimi i komun\u00ebs , dilerave dhe shtetit gjat\u00eb shitjes s\u00eb Shtojit<em> )<\/em><\/strong><\/p>\n","protected":false},"excerpt":{"rendered":"<p>Shkruan : Muhamet Nika, CONTRA POPULUS CRONICUS- cik\u00ebl shkrimesh anti korrupsion Ruzvelti : T\u00eb drejtat duhet t\u00eb ndahen&#8230;.?!!! Dhe se :\u201d&#8230; p\u00ebr nj\u00eb popull \u00ebsht\u00eb m\u00eb mir\u00eb t\u00eb udh\u00ebhiqet nga nj\u00eb qeveri q\u00eb gabon se sa nga nj\u00eb qeveri q\u00eb \u00ebsht\u00eb n\u00eb total e pap\u00ebrgjegjshme e indiferente&#8230;?!!! Kjo ishte platforma politike e presidentit amerikan q\u00eb [&hellip;]<\/p>\n","protected":false},"author":1,"featured_media":0,"comment_status":"closed","ping_status":"closed","sticky":false,"template":"","format":"standard","meta":{"spay_email":"","jetpack_publicize_message":"","jetpack_is_tweetstorm":false,"jetpack_publicize_feature_enabled":true},"categories":[14249],"tags":[],"jetpack_publicize_connections":[],"yoast_head":"<!-- This site is optimized with the Yoast SEO plugin v19.1 - https:\/\/yoast.com\/wordpress\/plugins\/seo\/ -->\n<title>Nika: CONTRA POPULUS CRONICUS - cik\u00ebl shkrimesh anti korrupsion - Lajme nga Ulqini<\/title>\n<meta name=\"description\" content=\"Shkruan : Muhamet Nika, CONTRA POPULUS CRONICUS- cik\u00ebl shkrimesh anti korrupsion Ruzvelti : T\u00eb drejtat duhet t\u00eb ndahen....?!!! Dhe se :\u201d... p\u00ebr nj\u00eb popull\" \/>\n<meta name=\"robots\" content=\"index, follow, max-snippet:-1, max-image-preview:large, max-video-preview:-1\" \/>\n<link rel=\"canonical\" href=\"https:\/\/www.visit-ulcinj.com\/blog\/2015\/03\/03\/nika-contra-populus-cronicus-cikel-shkrimesh-anti-korrupsion\/\" \/>\n<meta property=\"og:locale\" content=\"en_US\" \/>\n<meta property=\"og:type\" content=\"article\" \/>\n<meta property=\"og:title\" content=\"Nika: CONTRA POPULUS CRONICUS - cik\u00ebl shkrimesh anti korrupsion - Lajme nga Ulqini\" \/>\n<meta property=\"og:description\" content=\"Shkruan : Muhamet Nika, CONTRA POPULUS CRONICUS- cik\u00ebl shkrimesh anti korrupsion Ruzvelti : T\u00eb drejtat duhet t\u00eb ndahen....?!!! Dhe se :\u201d... p\u00ebr nj\u00eb popull\" \/>\n<meta property=\"og:url\" content=\"https:\/\/www.visit-ulcinj.com\/blog\/2015\/03\/03\/nika-contra-populus-cronicus-cikel-shkrimesh-anti-korrupsion\/\" \/>\n<meta property=\"og:site_name\" content=\"Lajme nga Ulqini\" \/>\n<meta property=\"article:published_time\" content=\"2015-03-03T16:58:10+00:00\" \/>\n<meta property=\"article:modified_time\" content=\"2015-03-03T22:22:43+00:00\" \/>\n<meta name=\"twitter:label1\" content=\"Written by\" \/>\n\t<meta name=\"twitter:data1\" content=\"ulqini\" \/>\n\t<meta name=\"twitter:label2\" content=\"Est. reading time\" \/>\n\t<meta name=\"twitter:data2\" content=\"6 minutes\" \/>\n<script type=\"application\/ld+json\" class=\"yoast-schema-graph\">{\"@context\":\"https:\/\/schema.org\",\"@graph\":[{\"@type\":\"WebSite\",\"@id\":\"https:\/\/www.visit-ulcinj.com\/blog\/#website\",\"url\":\"https:\/\/www.visit-ulcinj.com\/blog\/\",\"name\":\"Lajme nga Ulqini\",\"description\":\"Lajme,Vijesti,Ulqini,Ulqin,Crna Gora,Mali i Zi\",\"potentialAction\":[{\"@type\":\"SearchAction\",\"target\":{\"@type\":\"EntryPoint\",\"urlTemplate\":\"https:\/\/www.visit-ulcinj.com\/blog\/?s={search_term_string}\"},\"query-input\":\"required name=search_term_string\"}],\"inLanguage\":\"en-US\"},{\"@type\":\"WebPage\",\"@id\":\"https:\/\/www.visit-ulcinj.com\/blog\/2015\/03\/03\/nika-contra-populus-cronicus-cikel-shkrimesh-anti-korrupsion\/#webpage\",\"url\":\"https:\/\/www.visit-ulcinj.com\/blog\/2015\/03\/03\/nika-contra-populus-cronicus-cikel-shkrimesh-anti-korrupsion\/\",\"name\":\"Nika: CONTRA POPULUS CRONICUS - cik\u00ebl shkrimesh anti korrupsion - Lajme nga Ulqini\",\"isPartOf\":{\"@id\":\"https:\/\/www.visit-ulcinj.com\/blog\/#website\"},\"datePublished\":\"2015-03-03T16:58:10+00:00\",\"dateModified\":\"2015-03-03T22:22:43+00:00\",\"author\":{\"@id\":\"https:\/\/www.visit-ulcinj.com\/blog\/#\/schema\/person\/dcab619c614d3038751c63bc2aadc06d\"},\"description\":\"Shkruan : Muhamet Nika, CONTRA POPULUS CRONICUS- cik\u00ebl shkrimesh anti korrupsion Ruzvelti : T\u00eb drejtat duhet t\u00eb ndahen....?!!! Dhe se :\u201d... p\u00ebr nj\u00eb popull\",\"breadcrumb\":{\"@id\":\"https:\/\/www.visit-ulcinj.com\/blog\/2015\/03\/03\/nika-contra-populus-cronicus-cikel-shkrimesh-anti-korrupsion\/#breadcrumb\"},\"inLanguage\":\"en-US\",\"potentialAction\":[{\"@type\":\"ReadAction\",\"target\":[\"https:\/\/www.visit-ulcinj.com\/blog\/2015\/03\/03\/nika-contra-populus-cronicus-cikel-shkrimesh-anti-korrupsion\/\"]}]},{\"@type\":\"BreadcrumbList\",\"@id\":\"https:\/\/www.visit-ulcinj.com\/blog\/2015\/03\/03\/nika-contra-populus-cronicus-cikel-shkrimesh-anti-korrupsion\/#breadcrumb\",\"itemListElement\":[{\"@type\":\"ListItem\",\"position\":1,\"name\":\"Nika: CONTRA POPULUS CRONICUS &#8211; cik\u00ebl shkrimesh anti korrupsion\"}]},{\"@type\":\"Person\",\"@id\":\"https:\/\/www.visit-ulcinj.com\/blog\/#\/schema\/person\/dcab619c614d3038751c63bc2aadc06d\",\"name\":\"ulqini\",\"sameAs\":[\"http:\/\/www.visit-ulcinj.com\"],\"url\":\"https:\/\/www.visit-ulcinj.com\/blog\/author\/admin\/\"}]}<\/script>\n<!-- \/ Yoast SEO plugin. -->","yoast_head_json":{"title":"Nika: CONTRA POPULUS CRONICUS - cik\u00ebl shkrimesh anti korrupsion - Lajme nga Ulqini","description":"Shkruan : Muhamet Nika, CONTRA POPULUS CRONICUS- cik\u00ebl shkrimesh anti korrupsion Ruzvelti : T\u00eb drejtat duhet t\u00eb ndahen....?!!! Dhe se :\u201d... p\u00ebr nj\u00eb popull","robots":{"index":"index","follow":"follow","max-snippet":"max-snippet:-1","max-image-preview":"max-image-preview:large","max-video-preview":"max-video-preview:-1"},"canonical":"https:\/\/www.visit-ulcinj.com\/blog\/2015\/03\/03\/nika-contra-populus-cronicus-cikel-shkrimesh-anti-korrupsion\/","og_locale":"en_US","og_type":"article","og_title":"Nika: CONTRA POPULUS CRONICUS - cik\u00ebl shkrimesh anti korrupsion - Lajme nga Ulqini","og_description":"Shkruan : Muhamet Nika, CONTRA POPULUS CRONICUS- cik\u00ebl shkrimesh anti korrupsion Ruzvelti : T\u00eb drejtat duhet t\u00eb ndahen....?!!! Dhe se :\u201d... p\u00ebr nj\u00eb popull","og_url":"https:\/\/www.visit-ulcinj.com\/blog\/2015\/03\/03\/nika-contra-populus-cronicus-cikel-shkrimesh-anti-korrupsion\/","og_site_name":"Lajme nga Ulqini","article_published_time":"2015-03-03T16:58:10+00:00","article_modified_time":"2015-03-03T22:22:43+00:00","twitter_misc":{"Written by":"ulqini","Est. reading time":"6 minutes"},"schema":{"@context":"https:\/\/schema.org","@graph":[{"@type":"WebSite","@id":"https:\/\/www.visit-ulcinj.com\/blog\/#website","url":"https:\/\/www.visit-ulcinj.com\/blog\/","name":"Lajme nga Ulqini","description":"Lajme,Vijesti,Ulqini,Ulqin,Crna Gora,Mali i Zi","potentialAction":[{"@type":"SearchAction","target":{"@type":"EntryPoint","urlTemplate":"https:\/\/www.visit-ulcinj.com\/blog\/?s={search_term_string}"},"query-input":"required name=search_term_string"}],"inLanguage":"en-US"},{"@type":"WebPage","@id":"https:\/\/www.visit-ulcinj.com\/blog\/2015\/03\/03\/nika-contra-populus-cronicus-cikel-shkrimesh-anti-korrupsion\/#webpage","url":"https:\/\/www.visit-ulcinj.com\/blog\/2015\/03\/03\/nika-contra-populus-cronicus-cikel-shkrimesh-anti-korrupsion\/","name":"Nika: CONTRA POPULUS CRONICUS - cik\u00ebl shkrimesh anti korrupsion - Lajme nga Ulqini","isPartOf":{"@id":"https:\/\/www.visit-ulcinj.com\/blog\/#website"},"datePublished":"2015-03-03T16:58:10+00:00","dateModified":"2015-03-03T22:22:43+00:00","author":{"@id":"https:\/\/www.visit-ulcinj.com\/blog\/#\/schema\/person\/dcab619c614d3038751c63bc2aadc06d"},"description":"Shkruan : Muhamet Nika, CONTRA POPULUS CRONICUS- cik\u00ebl shkrimesh anti korrupsion Ruzvelti : T\u00eb drejtat duhet t\u00eb ndahen....?!!! Dhe se :\u201d... p\u00ebr nj\u00eb popull","breadcrumb":{"@id":"https:\/\/www.visit-ulcinj.com\/blog\/2015\/03\/03\/nika-contra-populus-cronicus-cikel-shkrimesh-anti-korrupsion\/#breadcrumb"},"inLanguage":"en-US","potentialAction":[{"@type":"ReadAction","target":["https:\/\/www.visit-ulcinj.com\/blog\/2015\/03\/03\/nika-contra-populus-cronicus-cikel-shkrimesh-anti-korrupsion\/"]}]},{"@type":"BreadcrumbList","@id":"https:\/\/www.visit-ulcinj.com\/blog\/2015\/03\/03\/nika-contra-populus-cronicus-cikel-shkrimesh-anti-korrupsion\/#breadcrumb","itemListElement":[{"@type":"ListItem","position":1,"name":"Nika: CONTRA POPULUS CRONICUS &#8211; cik\u00ebl shkrimesh anti korrupsion"}]},{"@type":"Person","@id":"https:\/\/www.visit-ulcinj.com\/blog\/#\/schema\/person\/dcab619c614d3038751c63bc2aadc06d","name":"ulqini","sameAs":["http:\/\/www.visit-ulcinj.com"],"url":"https:\/\/www.visit-ulcinj.com\/blog\/author\/admin\/"}]}},"jetpack_featured_media_url":"","jetpack_sharing_enabled":true,"jetpack_shortlink":"https:\/\/wp.me\/pe6lTn-nb1","_links":{"self":[{"href":"https:\/\/www.visit-ulcinj.com\/blog\/wp-json\/wp\/v2\/posts\/89095"}],"collection":[{"href":"https:\/\/www.visit-ulcinj.com\/blog\/wp-json\/wp\/v2\/posts"}],"about":[{"href":"https:\/\/www.visit-ulcinj.com\/blog\/wp-json\/wp\/v2\/types\/post"}],"author":[{"embeddable":true,"href":"https:\/\/www.visit-ulcinj.com\/blog\/wp-json\/wp\/v2\/users\/1"}],"replies":[{"embeddable":true,"href":"https:\/\/www.visit-ulcinj.com\/blog\/wp-json\/wp\/v2\/comments?post=89095"}],"version-history":[{"count":2,"href":"https:\/\/www.visit-ulcinj.com\/blog\/wp-json\/wp\/v2\/posts\/89095\/revisions"}],"predecessor-version":[{"id":89104,"href":"https:\/\/www.visit-ulcinj.com\/blog\/wp-json\/wp\/v2\/posts\/89095\/revisions\/89104"}],"wp:attachment":[{"href":"https:\/\/www.visit-ulcinj.com\/blog\/wp-json\/wp\/v2\/media?parent=89095"}],"wp:term":[{"taxonomy":"category","embeddable":true,"href":"https:\/\/www.visit-ulcinj.com\/blog\/wp-json\/wp\/v2\/categories?post=89095"},{"taxonomy":"post_tag","embeddable":true,"href":"https:\/\/www.visit-ulcinj.com\/blog\/wp-json\/wp\/v2\/tags?post=89095"}],"curies":[{"name":"wp","href":"https:\/\/api.w.org\/{rel}","templated":true}]}}