{"id":89098,"date":"2015-03-03T18:02:15","date_gmt":"2015-03-03T17:02:15","guid":{"rendered":"http:\/\/www.visit-ulcinj.com\/blog\/?p=89098"},"modified":"2015-03-03T18:02:15","modified_gmt":"2015-03-03T17:02:15","slug":"fuad-lamezevic-zaustaviti-prodaju-atraktivnih-ulcinjskih-resursa","status":"publish","type":"post","link":"https:\/\/www.visit-ulcinj.com\/blog\/2015\/03\/03\/fuad-lamezevic-zaustaviti-prodaju-atraktivnih-ulcinjskih-resursa\/","title":{"rendered":"Fuad Lame\u017eevi\u0107: Zaustaviti prodaju atraktivnih ulcinjskih resursa"},"content":{"rendered":"<p><a href=\"http:\/\/www.visit-ulcinj.com\/blog\/wp-content\/uploads\/2015\/01\/Fuad-Lamezevic.jpeg\"><img loading=\"lazy\" class=\"alignleft wp-image-87971\" src=\"http:\/\/www.visit-ulcinj.com\/blog\/wp-content\/uploads\/2015\/01\/Fuad-Lamezevic.jpeg\" alt=\"Fuad Lamezevic\" width=\"508\" height=\"424\" srcset=\"https:\/\/www.visit-ulcinj.com\/blog\/wp-content\/uploads\/2015\/01\/Fuad-Lamezevic.jpeg 573w, https:\/\/www.visit-ulcinj.com\/blog\/wp-content\/uploads\/2015\/01\/Fuad-Lamezevic-300x250.jpeg 300w\" sizes=\"(max-width: 508px) 100vw, 508px\" \/><\/a>Pozitivna Crna Gora zahtijeva od \u00a0gradona\u010delnika Ulcinja i njegovih koalicionih partnera da zaustave prodaju atraktivnih op\u0161tinskih resursa, ve\u0107 da iste ponude,na javnom tenderu, \u00a0investitorima u dugoro\u010dni zakup , kako bi se \u00a0omogu\u0107ilo otvaranje novih radnih mjesta,a op\u0161tinska zemlji\u0161ta \u00a0ostala u vlasni\u0161tvu op\u0161tine i njenih gra\u0111ana, navodi se u saop\u0161tenju \u010dlana Glavnog odbora Pozitivne Ulcinj Fuada Lame\u017eevi\u0107a.<\/p>\n<div class=\"body-text\">\n<p>Naime, kako navodi, lokalna vlast je uz saglasnost Vlade,odnosno ministarstva finansija raspisala tender za prodaju dvije parcele od po 1.500 kvadratnih metara u atraktivnom naselju Pinje\u0161, a koje je su u vlasni\u0161tvu op\u0161tine.<\/p>\n<p>&#8220;Tako\u0111e, gradona\u010delnik \u00a0je nalo\u017eio da se u roku od deset dana sru\u0161i objekat biv\u0161e samoposluge \u201cOtrantkomerc\u201d i \u201cRoda marketa\u201d,povr\u0161ine od preko 400 kvadratnih metara, u samom srcu Pristana, u blizini \u00a0mora,koja je tako\u0111e u vlasni\u0161tvu op\u0161tine,kako bi \u00a0i tu lokaciju lokalna vlast ponudila na javnu prodaju. Ono \u0161to je Vlada primjenjivala u Ulcinju kroz sumnjive privatizacije i prodaju op\u0161tinske imovine u poslednjih 25 godina ,to sada ubrzanim koracima radi nova koalicina vlast u Ulcinju, pa nije te\u0161ko zaklju\u010diti da je loklalna vlast odli\u010dan u\u010denik i saveznik DPS-a u kr\u010dmljenju \u00a0op\u0161tinske imovine. I Vlada i \u00a0nova lokalna vlast treba da znaju da op\u0161tinska imovina, prema kojoj se odnose na neodgovoran i bahat na\u010din, nije njihovo nasljedstvo&#8221;, smatra Lame\u017eevi\u0107.<\/p>\n<p>Stoga, Pozitivna Crna Gora zahtjeva od lokalne vlast da zaustavi prodaju atraktivnih lokacija,ve\u0107 \u00a0iste ponudi \u00a0investitorima na dugoro\u010dni zakup, kako bi se omogu\u0107ilo otvaranje novih radnih mjesta, a op\u0161tinska zemlji\u0161ta \u00a0ostala u vlasni\u0161tvu op\u0161tine i njenih gra\u0111ana.<\/p>\n<p><strong>Izvor: CDM<\/strong><\/p>\n<\/div>\n","protected":false},"excerpt":{"rendered":"<p>Pozitivna Crna Gora zahtijeva od \u00a0gradona\u010delnika Ulcinja i njegovih koalicionih partnera da zaustave prodaju atraktivnih op\u0161tinskih resursa, ve\u0107 da iste ponude,na javnom tenderu, \u00a0investitorima u dugoro\u010dni zakup , kako bi se \u00a0omogu\u0107ilo otvaranje novih radnih mjesta,a op\u0161tinska zemlji\u0161ta \u00a0ostala u vlasni\u0161tvu op\u0161tine i njenih gra\u0111ana, navodi se u saop\u0161tenju \u010dlana Glavnog odbora Pozitivne Ulcinj Fuada [&hellip;]<\/p>\n","protected":false},"author":1,"featured_media":0,"comment_status":"closed","ping_status":"closed","sticky":false,"template":"","format":"standard","meta":{"spay_email":"","jetpack_publicize_message":"","jetpack_is_tweetstorm":false,"jetpack_publicize_feature_enabled":true},"categories":[8337],"tags":[],"jetpack_publicize_connections":[],"yoast_head":"<!-- This site is optimized with the Yoast SEO plugin v19.1 - https:\/\/yoast.com\/wordpress\/plugins\/seo\/ -->\n<title>Fuad Lame\u017eevi\u0107: Zaustaviti prodaju atraktivnih ulcinjskih resursa - Lajme nga Ulqini<\/title>\n<meta name=\"description\" content=\"Pozitivna Crna Gora zahtijeva od \u00a0gradona\u010delnika Ulcinja i njegovih koalicionih partnera da zaustave prodaju atraktivnih op\u0161tinskih resursa, ve\u0107 da iste\" \/>\n<meta name=\"robots\" content=\"index, follow, max-snippet:-1, max-image-preview:large, max-video-preview:-1\" \/>\n<link rel=\"canonical\" href=\"https:\/\/www.visit-ulcinj.com\/blog\/2015\/03\/03\/fuad-lamezevic-zaustaviti-prodaju-atraktivnih-ulcinjskih-resursa\/\" \/>\n<meta property=\"og:locale\" content=\"en_US\" \/>\n<meta property=\"og:type\" content=\"article\" \/>\n<meta property=\"og:title\" content=\"Fuad Lame\u017eevi\u0107: Zaustaviti prodaju atraktivnih ulcinjskih resursa - Lajme nga Ulqini\" \/>\n<meta property=\"og:description\" content=\"Pozitivna Crna Gora zahtijeva od \u00a0gradona\u010delnika Ulcinja i njegovih koalicionih partnera da zaustave prodaju atraktivnih op\u0161tinskih resursa, ve\u0107 da iste\" \/>\n<meta property=\"og:url\" content=\"https:\/\/www.visit-ulcinj.com\/blog\/2015\/03\/03\/fuad-lamezevic-zaustaviti-prodaju-atraktivnih-ulcinjskih-resursa\/\" \/>\n<meta property=\"og:site_name\" content=\"Lajme nga Ulqini\" \/>\n<meta property=\"article:published_time\" content=\"2015-03-03T17:02:15+00:00\" \/>\n<meta property=\"og:image\" content=\"http:\/\/www.visit-ulcinj.com\/blog\/wp-content\/uploads\/2015\/01\/Fuad-Lamezevic.jpeg\" \/>\n<meta name=\"twitter:label1\" content=\"Written by\" \/>\n\t<meta name=\"twitter:data1\" content=\"ulqini\" \/>\n\t<meta name=\"twitter:label2\" content=\"Est. reading time\" \/>\n\t<meta name=\"twitter:data2\" content=\"1 minute\" \/>\n<script type=\"application\/ld+json\" class=\"yoast-schema-graph\">{\"@context\":\"https:\/\/schema.org\",\"@graph\":[{\"@type\":\"WebSite\",\"@id\":\"https:\/\/www.visit-ulcinj.com\/blog\/#website\",\"url\":\"https:\/\/www.visit-ulcinj.com\/blog\/\",\"name\":\"Lajme nga Ulqini\",\"description\":\"Lajme,Vijesti,Ulqini,Ulqin,Crna Gora,Mali i Zi\",\"potentialAction\":[{\"@type\":\"SearchAction\",\"target\":{\"@type\":\"EntryPoint\",\"urlTemplate\":\"https:\/\/www.visit-ulcinj.com\/blog\/?s={search_term_string}\"},\"query-input\":\"required name=search_term_string\"}],\"inLanguage\":\"en-US\"},{\"@type\":\"ImageObject\",\"inLanguage\":\"en-US\",\"@id\":\"https:\/\/www.visit-ulcinj.com\/blog\/2015\/03\/03\/fuad-lamezevic-zaustaviti-prodaju-atraktivnih-ulcinjskih-resursa\/#primaryimage\",\"url\":\"https:\/\/www.visit-ulcinj.com\/blog\/wp-content\/uploads\/2015\/01\/Fuad-Lamezevic.jpeg\",\"contentUrl\":\"https:\/\/www.visit-ulcinj.com\/blog\/wp-content\/uploads\/2015\/01\/Fuad-Lamezevic.jpeg\",\"width\":573,\"height\":478},{\"@type\":\"WebPage\",\"@id\":\"https:\/\/www.visit-ulcinj.com\/blog\/2015\/03\/03\/fuad-lamezevic-zaustaviti-prodaju-atraktivnih-ulcinjskih-resursa\/#webpage\",\"url\":\"https:\/\/www.visit-ulcinj.com\/blog\/2015\/03\/03\/fuad-lamezevic-zaustaviti-prodaju-atraktivnih-ulcinjskih-resursa\/\",\"name\":\"Fuad Lame\u017eevi\u0107: Zaustaviti prodaju atraktivnih ulcinjskih resursa - Lajme nga Ulqini\",\"isPartOf\":{\"@id\":\"https:\/\/www.visit-ulcinj.com\/blog\/#website\"},\"primaryImageOfPage\":{\"@id\":\"https:\/\/www.visit-ulcinj.com\/blog\/2015\/03\/03\/fuad-lamezevic-zaustaviti-prodaju-atraktivnih-ulcinjskih-resursa\/#primaryimage\"},\"datePublished\":\"2015-03-03T17:02:15+00:00\",\"dateModified\":\"2015-03-03T17:02:15+00:00\",\"author\":{\"@id\":\"https:\/\/www.visit-ulcinj.com\/blog\/#\/schema\/person\/dcab619c614d3038751c63bc2aadc06d\"},\"description\":\"Pozitivna Crna Gora zahtijeva od \u00a0gradona\u010delnika Ulcinja i njegovih koalicionih partnera da zaustave prodaju atraktivnih op\u0161tinskih resursa, ve\u0107 da iste\",\"breadcrumb\":{\"@id\":\"https:\/\/www.visit-ulcinj.com\/blog\/2015\/03\/03\/fuad-lamezevic-zaustaviti-prodaju-atraktivnih-ulcinjskih-resursa\/#breadcrumb\"},\"inLanguage\":\"en-US\",\"potentialAction\":[{\"@type\":\"ReadAction\",\"target\":[\"https:\/\/www.visit-ulcinj.com\/blog\/2015\/03\/03\/fuad-lamezevic-zaustaviti-prodaju-atraktivnih-ulcinjskih-resursa\/\"]}]},{\"@type\":\"BreadcrumbList\",\"@id\":\"https:\/\/www.visit-ulcinj.com\/blog\/2015\/03\/03\/fuad-lamezevic-zaustaviti-prodaju-atraktivnih-ulcinjskih-resursa\/#breadcrumb\",\"itemListElement\":[{\"@type\":\"ListItem\",\"position\":1,\"name\":\"Fuad Lame\u017eevi\u0107: Zaustaviti prodaju atraktivnih ulcinjskih resursa\"}]},{\"@type\":\"Person\",\"@id\":\"https:\/\/www.visit-ulcinj.com\/blog\/#\/schema\/person\/dcab619c614d3038751c63bc2aadc06d\",\"name\":\"ulqini\",\"sameAs\":[\"http:\/\/www.visit-ulcinj.com\"],\"url\":\"https:\/\/www.visit-ulcinj.com\/blog\/author\/admin\/\"}]}<\/script>\n<!-- \/ Yoast SEO plugin. -->","yoast_head_json":{"title":"Fuad Lame\u017eevi\u0107: Zaustaviti prodaju atraktivnih ulcinjskih resursa - Lajme nga Ulqini","description":"Pozitivna Crna Gora zahtijeva od \u00a0gradona\u010delnika Ulcinja i njegovih koalicionih partnera da zaustave prodaju atraktivnih op\u0161tinskih resursa, ve\u0107 da iste","robots":{"index":"index","follow":"follow","max-snippet":"max-snippet:-1","max-image-preview":"max-image-preview:large","max-video-preview":"max-video-preview:-1"},"canonical":"https:\/\/www.visit-ulcinj.com\/blog\/2015\/03\/03\/fuad-lamezevic-zaustaviti-prodaju-atraktivnih-ulcinjskih-resursa\/","og_locale":"en_US","og_type":"article","og_title":"Fuad Lame\u017eevi\u0107: Zaustaviti prodaju atraktivnih ulcinjskih resursa - Lajme nga Ulqini","og_description":"Pozitivna Crna Gora zahtijeva od \u00a0gradona\u010delnika Ulcinja i njegovih koalicionih partnera da zaustave prodaju atraktivnih op\u0161tinskih resursa, ve\u0107 da iste","og_url":"https:\/\/www.visit-ulcinj.com\/blog\/2015\/03\/03\/fuad-lamezevic-zaustaviti-prodaju-atraktivnih-ulcinjskih-resursa\/","og_site_name":"Lajme nga Ulqini","article_published_time":"2015-03-03T17:02:15+00:00","og_image":[{"url":"http:\/\/www.visit-ulcinj.com\/blog\/wp-content\/uploads\/2015\/01\/Fuad-Lamezevic.jpeg"}],"twitter_misc":{"Written by":"ulqini","Est. reading time":"1 minute"},"schema":{"@context":"https:\/\/schema.org","@graph":[{"@type":"WebSite","@id":"https:\/\/www.visit-ulcinj.com\/blog\/#website","url":"https:\/\/www.visit-ulcinj.com\/blog\/","name":"Lajme nga Ulqini","description":"Lajme,Vijesti,Ulqini,Ulqin,Crna Gora,Mali i Zi","potentialAction":[{"@type":"SearchAction","target":{"@type":"EntryPoint","urlTemplate":"https:\/\/www.visit-ulcinj.com\/blog\/?s={search_term_string}"},"query-input":"required name=search_term_string"}],"inLanguage":"en-US"},{"@type":"ImageObject","inLanguage":"en-US","@id":"https:\/\/www.visit-ulcinj.com\/blog\/2015\/03\/03\/fuad-lamezevic-zaustaviti-prodaju-atraktivnih-ulcinjskih-resursa\/#primaryimage","url":"https:\/\/www.visit-ulcinj.com\/blog\/wp-content\/uploads\/2015\/01\/Fuad-Lamezevic.jpeg","contentUrl":"https:\/\/www.visit-ulcinj.com\/blog\/wp-content\/uploads\/2015\/01\/Fuad-Lamezevic.jpeg","width":573,"height":478},{"@type":"WebPage","@id":"https:\/\/www.visit-ulcinj.com\/blog\/2015\/03\/03\/fuad-lamezevic-zaustaviti-prodaju-atraktivnih-ulcinjskih-resursa\/#webpage","url":"https:\/\/www.visit-ulcinj.com\/blog\/2015\/03\/03\/fuad-lamezevic-zaustaviti-prodaju-atraktivnih-ulcinjskih-resursa\/","name":"Fuad Lame\u017eevi\u0107: Zaustaviti prodaju atraktivnih ulcinjskih resursa - Lajme nga Ulqini","isPartOf":{"@id":"https:\/\/www.visit-ulcinj.com\/blog\/#website"},"primaryImageOfPage":{"@id":"https:\/\/www.visit-ulcinj.com\/blog\/2015\/03\/03\/fuad-lamezevic-zaustaviti-prodaju-atraktivnih-ulcinjskih-resursa\/#primaryimage"},"datePublished":"2015-03-03T17:02:15+00:00","dateModified":"2015-03-03T17:02:15+00:00","author":{"@id":"https:\/\/www.visit-ulcinj.com\/blog\/#\/schema\/person\/dcab619c614d3038751c63bc2aadc06d"},"description":"Pozitivna Crna Gora zahtijeva od \u00a0gradona\u010delnika Ulcinja i njegovih koalicionih partnera da zaustave prodaju atraktivnih op\u0161tinskih resursa, ve\u0107 da iste","breadcrumb":{"@id":"https:\/\/www.visit-ulcinj.com\/blog\/2015\/03\/03\/fuad-lamezevic-zaustaviti-prodaju-atraktivnih-ulcinjskih-resursa\/#breadcrumb"},"inLanguage":"en-US","potentialAction":[{"@type":"ReadAction","target":["https:\/\/www.visit-ulcinj.com\/blog\/2015\/03\/03\/fuad-lamezevic-zaustaviti-prodaju-atraktivnih-ulcinjskih-resursa\/"]}]},{"@type":"BreadcrumbList","@id":"https:\/\/www.visit-ulcinj.com\/blog\/2015\/03\/03\/fuad-lamezevic-zaustaviti-prodaju-atraktivnih-ulcinjskih-resursa\/#breadcrumb","itemListElement":[{"@type":"ListItem","position":1,"name":"Fuad Lame\u017eevi\u0107: Zaustaviti prodaju atraktivnih ulcinjskih resursa"}]},{"@type":"Person","@id":"https:\/\/www.visit-ulcinj.com\/blog\/#\/schema\/person\/dcab619c614d3038751c63bc2aadc06d","name":"ulqini","sameAs":["http:\/\/www.visit-ulcinj.com"],"url":"https:\/\/www.visit-ulcinj.com\/blog\/author\/admin\/"}]}},"jetpack_featured_media_url":"","jetpack_sharing_enabled":true,"jetpack_shortlink":"https:\/\/wp.me\/pe6lTn-nb4","_links":{"self":[{"href":"https:\/\/www.visit-ulcinj.com\/blog\/wp-json\/wp\/v2\/posts\/89098"}],"collection":[{"href":"https:\/\/www.visit-ulcinj.com\/blog\/wp-json\/wp\/v2\/posts"}],"about":[{"href":"https:\/\/www.visit-ulcinj.com\/blog\/wp-json\/wp\/v2\/types\/post"}],"author":[{"embeddable":true,"href":"https:\/\/www.visit-ulcinj.com\/blog\/wp-json\/wp\/v2\/users\/1"}],"replies":[{"embeddable":true,"href":"https:\/\/www.visit-ulcinj.com\/blog\/wp-json\/wp\/v2\/comments?post=89098"}],"version-history":[{"count":1,"href":"https:\/\/www.visit-ulcinj.com\/blog\/wp-json\/wp\/v2\/posts\/89098\/revisions"}],"predecessor-version":[{"id":89099,"href":"https:\/\/www.visit-ulcinj.com\/blog\/wp-json\/wp\/v2\/posts\/89098\/revisions\/89099"}],"wp:attachment":[{"href":"https:\/\/www.visit-ulcinj.com\/blog\/wp-json\/wp\/v2\/media?parent=89098"}],"wp:term":[{"taxonomy":"category","embeddable":true,"href":"https:\/\/www.visit-ulcinj.com\/blog\/wp-json\/wp\/v2\/categories?post=89098"},{"taxonomy":"post_tag","embeddable":true,"href":"https:\/\/www.visit-ulcinj.com\/blog\/wp-json\/wp\/v2\/tags?post=89098"}],"curies":[{"name":"wp","href":"https:\/\/api.w.org\/{rel}","templated":true}]}}