{"id":89121,"date":"2015-03-04T17:10:50","date_gmt":"2015-03-04T16:10:50","guid":{"rendered":"http:\/\/www.visit-ulcinj.com\/blog\/?p=89121"},"modified":"2015-03-04T17:10:50","modified_gmt":"2015-03-04T16:10:50","slug":"malazezet-ne-krye-te-evropes-shume-telefona-celulare-se-banore","status":"publish","type":"post","link":"https:\/\/www.visit-ulcinj.com\/blog\/2015\/03\/04\/malazezet-ne-krye-te-evropes-shume-telefona-celulare-se-banore\/","title":{"rendered":"Malazez\u00ebt n\u00eb krye t\u00eb Evrop\u00ebs: M\u00eb shum\u00eb telefona celular\u00eb se banor\u00eb"},"content":{"rendered":"<p><strong><a href=\"http:\/\/www.visit-ulcinj.com\/blog\/wp-content\/uploads\/2015\/03\/Celular-mali-zi.jpg\"><img loading=\"lazy\" class=\"alignleft wp-image-89122\" src=\"http:\/\/www.visit-ulcinj.com\/blog\/wp-content\/uploads\/2015\/03\/Celular-mali-zi.jpg\" alt=\"Celular-mali-zi\" width=\"508\" height=\"375\" \/><\/a>Malazez\u00ebt jan\u00eb ngjitur n\u00eb krye t\u00eb Evrop\u00ebs kur \u00ebsht\u00eb fjala p\u00ebr p\u00ebrdoruesit e telefonave celular\u00eb. N\u00eb k\u00ebt\u00eb vend ballkanik, n\u00eb nj\u00eb mij\u00eb banor\u00eb ka 1.580 telefona celular\u00eb, treguan t\u00eb dh\u00ebnat e fundit.<\/strong><\/p>\n<p>Sipas Agjencis\u00eb p\u00ebr komunikime elektronike dhe sh\u00ebrbimet postare (EKIP), n\u00eb fund t\u00eb janarit t\u00eb k\u00ebtij viti n\u00eb Mal t\u00eb Zi ka pasur 987.555 konsumator\u00eb t\u00eb telefonis\u00eb mobile rrjedhimisht m\u00eb shum\u00eb se popullsia e p\u00ebrgjithshme e vendit bazuar n\u00eb regjistrimin e fundit t\u00eb popullsis\u00eb.<\/p>\n<p>Duke pasur parasysh se Mali i Zi ka 625 mij\u00eb banor\u00eb, kalkulimet tregojn\u00eb se n\u00eb nj\u00eb mij\u00eb banor\u00eb ekzistojn\u00eb 1.580 telefona celular\u00eb, p\u00ebrkat\u00ebsisht konsumator\u00eb t\u00eb numrave t\u00eb telefonis\u00eb mobile.<\/p>\n<p>K\u00ebto t\u00eb dh\u00ebnat e kan\u00eb vendosur Malin e Zi n\u00eb maj\u00eb t\u00eb Evrop\u00ebs kur \u00ebsht\u00eb fjala p\u00ebr numrin e konsumator\u00ebve t\u00eb telefonis\u00eb mobile n\u00eb nj\u00eb mij\u00eb banor\u00eb, shkruan AA, transmeton Telegrafi.<\/p>\n<p>Megjithat\u00eb, numri i konsumator\u00ebve t\u00eb telefonis\u00eb mobile n\u00eb fund t\u00eb janarit t\u00eb k\u00ebtij viti \u00ebsht\u00eb zvogluar me 2,5 p\u00ebr qind n\u00eb krahasim me dhjetorin 2014.<\/p>\n<p>Nga ana tjet\u00ebr, n\u00eb krahasim me periudh\u00ebn e nj\u00ebjt\u00eb vitin e kaluar, numri i konsumator\u00ebve t\u00eb telefonis\u00eb mobile \u00ebsht\u00eb m\u00eb i madh p\u00ebr 2,65 p\u00ebr qind.<\/p>\n<p>Pjesa e abonent\u00ebve me kontrat\u00eb ka qen\u00eb 36,55 p\u00ebr qind, nd\u00ebrsa ata q\u00eb llogarit\u00eb e tyre e mbushin me kartela apo n\u00eb m\u00ebnyr\u00eb elektronike ishin 63,45 p\u00ebr qind. \/Telegrafi\/<\/p>\n","protected":false},"excerpt":{"rendered":"<p>Malazez\u00ebt jan\u00eb ngjitur n\u00eb krye t\u00eb Evrop\u00ebs kur \u00ebsht\u00eb fjala p\u00ebr p\u00ebrdoruesit e telefonave celular\u00eb. N\u00eb k\u00ebt\u00eb vend ballkanik, n\u00eb nj\u00eb mij\u00eb banor\u00eb ka 1.580 telefona celular\u00eb, treguan t\u00eb dh\u00ebnat e fundit. Sipas Agjencis\u00eb p\u00ebr komunikime elektronike dhe sh\u00ebrbimet postare (EKIP), n\u00eb fund t\u00eb janarit t\u00eb k\u00ebtij viti n\u00eb Mal t\u00eb Zi ka pasur 987.555 [&hellip;]<\/p>\n","protected":false},"author":1,"featured_media":0,"comment_status":"closed","ping_status":"closed","sticky":false,"template":"","format":"standard","meta":{"spay_email":"","jetpack_publicize_message":"","jetpack_is_tweetstorm":false,"jetpack_publicize_feature_enabled":true},"categories":[13],"tags":[],"jetpack_publicize_connections":[],"yoast_head":"<!-- This site is optimized with the Yoast SEO plugin v19.1 - https:\/\/yoast.com\/wordpress\/plugins\/seo\/ -->\n<title>Malazez\u00ebt n\u00eb krye t\u00eb Evrop\u00ebs: M\u00eb shum\u00eb telefona celular\u00eb se banor\u00eb - Lajme nga Ulqini<\/title>\n<meta name=\"description\" content=\"Malazez\u00ebt jan\u00eb ngjitur n\u00eb krye t\u00eb Evrop\u00ebs kur \u00ebsht\u00eb fjala p\u00ebr p\u00ebrdoruesit e telefonave celular\u00eb. N\u00eb k\u00ebt\u00eb vend ballkanik, n\u00eb nj\u00eb mij\u00eb banor\u00eb ka 1.580\" \/>\n<meta name=\"robots\" content=\"index, follow, max-snippet:-1, max-image-preview:large, max-video-preview:-1\" \/>\n<link rel=\"canonical\" href=\"https:\/\/www.visit-ulcinj.com\/blog\/2015\/03\/04\/malazezet-ne-krye-te-evropes-shume-telefona-celulare-se-banore\/\" \/>\n<meta property=\"og:locale\" content=\"en_US\" \/>\n<meta property=\"og:type\" content=\"article\" \/>\n<meta property=\"og:title\" content=\"Malazez\u00ebt n\u00eb krye t\u00eb Evrop\u00ebs: M\u00eb shum\u00eb telefona celular\u00eb se banor\u00eb - Lajme nga Ulqini\" \/>\n<meta property=\"og:description\" content=\"Malazez\u00ebt jan\u00eb ngjitur n\u00eb krye t\u00eb Evrop\u00ebs kur \u00ebsht\u00eb fjala p\u00ebr p\u00ebrdoruesit e telefonave celular\u00eb. N\u00eb k\u00ebt\u00eb vend ballkanik, n\u00eb nj\u00eb mij\u00eb banor\u00eb ka 1.580\" \/>\n<meta property=\"og:url\" content=\"https:\/\/www.visit-ulcinj.com\/blog\/2015\/03\/04\/malazezet-ne-krye-te-evropes-shume-telefona-celulare-se-banore\/\" \/>\n<meta property=\"og:site_name\" content=\"Lajme nga Ulqini\" \/>\n<meta property=\"article:published_time\" content=\"2015-03-04T16:10:50+00:00\" \/>\n<meta property=\"og:image\" content=\"http:\/\/www.visit-ulcinj.com\/blog\/wp-content\/uploads\/2015\/03\/Celular-mali-zi.jpg\" \/>\n<meta name=\"twitter:label1\" content=\"Written by\" \/>\n\t<meta name=\"twitter:data1\" content=\"ulqini\" \/>\n\t<meta name=\"twitter:label2\" content=\"Est. reading time\" \/>\n\t<meta name=\"twitter:data2\" content=\"1 minute\" \/>\n<script type=\"application\/ld+json\" class=\"yoast-schema-graph\">{\"@context\":\"https:\/\/schema.org\",\"@graph\":[{\"@type\":\"WebSite\",\"@id\":\"https:\/\/www.visit-ulcinj.com\/blog\/#website\",\"url\":\"https:\/\/www.visit-ulcinj.com\/blog\/\",\"name\":\"Lajme nga Ulqini\",\"description\":\"Lajme,Vijesti,Ulqini,Ulqin,Crna Gora,Mali i Zi\",\"potentialAction\":[{\"@type\":\"SearchAction\",\"target\":{\"@type\":\"EntryPoint\",\"urlTemplate\":\"https:\/\/www.visit-ulcinj.com\/blog\/?s={search_term_string}\"},\"query-input\":\"required name=search_term_string\"}],\"inLanguage\":\"en-US\"},{\"@type\":\"ImageObject\",\"inLanguage\":\"en-US\",\"@id\":\"https:\/\/www.visit-ulcinj.com\/blog\/2015\/03\/04\/malazezet-ne-krye-te-evropes-shume-telefona-celulare-se-banore\/#primaryimage\",\"url\":\"http:\/\/www.visit-ulcinj.com\/blog\/wp-content\/uploads\/2015\/03\/Celular-mali-zi.jpg\",\"contentUrl\":\"http:\/\/www.visit-ulcinj.com\/blog\/wp-content\/uploads\/2015\/03\/Celular-mali-zi.jpg\"},{\"@type\":\"WebPage\",\"@id\":\"https:\/\/www.visit-ulcinj.com\/blog\/2015\/03\/04\/malazezet-ne-krye-te-evropes-shume-telefona-celulare-se-banore\/#webpage\",\"url\":\"https:\/\/www.visit-ulcinj.com\/blog\/2015\/03\/04\/malazezet-ne-krye-te-evropes-shume-telefona-celulare-se-banore\/\",\"name\":\"Malazez\u00ebt n\u00eb krye t\u00eb Evrop\u00ebs: M\u00eb shum\u00eb telefona celular\u00eb se banor\u00eb - Lajme nga Ulqini\",\"isPartOf\":{\"@id\":\"https:\/\/www.visit-ulcinj.com\/blog\/#website\"},\"primaryImageOfPage\":{\"@id\":\"https:\/\/www.visit-ulcinj.com\/blog\/2015\/03\/04\/malazezet-ne-krye-te-evropes-shume-telefona-celulare-se-banore\/#primaryimage\"},\"datePublished\":\"2015-03-04T16:10:50+00:00\",\"dateModified\":\"2015-03-04T16:10:50+00:00\",\"author\":{\"@id\":\"https:\/\/www.visit-ulcinj.com\/blog\/#\/schema\/person\/dcab619c614d3038751c63bc2aadc06d\"},\"description\":\"Malazez\u00ebt jan\u00eb ngjitur n\u00eb krye t\u00eb Evrop\u00ebs kur \u00ebsht\u00eb fjala p\u00ebr p\u00ebrdoruesit e telefonave celular\u00eb. N\u00eb k\u00ebt\u00eb vend ballkanik, n\u00eb nj\u00eb mij\u00eb banor\u00eb ka 1.580\",\"breadcrumb\":{\"@id\":\"https:\/\/www.visit-ulcinj.com\/blog\/2015\/03\/04\/malazezet-ne-krye-te-evropes-shume-telefona-celulare-se-banore\/#breadcrumb\"},\"inLanguage\":\"en-US\",\"potentialAction\":[{\"@type\":\"ReadAction\",\"target\":[\"https:\/\/www.visit-ulcinj.com\/blog\/2015\/03\/04\/malazezet-ne-krye-te-evropes-shume-telefona-celulare-se-banore\/\"]}]},{\"@type\":\"BreadcrumbList\",\"@id\":\"https:\/\/www.visit-ulcinj.com\/blog\/2015\/03\/04\/malazezet-ne-krye-te-evropes-shume-telefona-celulare-se-banore\/#breadcrumb\",\"itemListElement\":[{\"@type\":\"ListItem\",\"position\":1,\"name\":\"Malazez\u00ebt n\u00eb krye t\u00eb Evrop\u00ebs: M\u00eb shum\u00eb telefona celular\u00eb se banor\u00eb\"}]},{\"@type\":\"Person\",\"@id\":\"https:\/\/www.visit-ulcinj.com\/blog\/#\/schema\/person\/dcab619c614d3038751c63bc2aadc06d\",\"name\":\"ulqini\",\"sameAs\":[\"http:\/\/www.visit-ulcinj.com\"],\"url\":\"https:\/\/www.visit-ulcinj.com\/blog\/author\/admin\/\"}]}<\/script>\n<!-- \/ Yoast SEO plugin. -->","yoast_head_json":{"title":"Malazez\u00ebt n\u00eb krye t\u00eb Evrop\u00ebs: M\u00eb shum\u00eb telefona celular\u00eb se banor\u00eb - Lajme nga Ulqini","description":"Malazez\u00ebt jan\u00eb ngjitur n\u00eb krye t\u00eb Evrop\u00ebs kur \u00ebsht\u00eb fjala p\u00ebr p\u00ebrdoruesit e telefonave celular\u00eb. N\u00eb k\u00ebt\u00eb vend ballkanik, n\u00eb nj\u00eb mij\u00eb banor\u00eb ka 1.580","robots":{"index":"index","follow":"follow","max-snippet":"max-snippet:-1","max-image-preview":"max-image-preview:large","max-video-preview":"max-video-preview:-1"},"canonical":"https:\/\/www.visit-ulcinj.com\/blog\/2015\/03\/04\/malazezet-ne-krye-te-evropes-shume-telefona-celulare-se-banore\/","og_locale":"en_US","og_type":"article","og_title":"Malazez\u00ebt n\u00eb krye t\u00eb Evrop\u00ebs: M\u00eb shum\u00eb telefona celular\u00eb se banor\u00eb - Lajme nga Ulqini","og_description":"Malazez\u00ebt jan\u00eb ngjitur n\u00eb krye t\u00eb Evrop\u00ebs kur \u00ebsht\u00eb fjala p\u00ebr p\u00ebrdoruesit e telefonave celular\u00eb. N\u00eb k\u00ebt\u00eb vend ballkanik, n\u00eb nj\u00eb mij\u00eb banor\u00eb ka 1.580","og_url":"https:\/\/www.visit-ulcinj.com\/blog\/2015\/03\/04\/malazezet-ne-krye-te-evropes-shume-telefona-celulare-se-banore\/","og_site_name":"Lajme nga Ulqini","article_published_time":"2015-03-04T16:10:50+00:00","og_image":[{"url":"http:\/\/www.visit-ulcinj.com\/blog\/wp-content\/uploads\/2015\/03\/Celular-mali-zi.jpg"}],"twitter_misc":{"Written by":"ulqini","Est. reading time":"1 minute"},"schema":{"@context":"https:\/\/schema.org","@graph":[{"@type":"WebSite","@id":"https:\/\/www.visit-ulcinj.com\/blog\/#website","url":"https:\/\/www.visit-ulcinj.com\/blog\/","name":"Lajme nga Ulqini","description":"Lajme,Vijesti,Ulqini,Ulqin,Crna Gora,Mali i Zi","potentialAction":[{"@type":"SearchAction","target":{"@type":"EntryPoint","urlTemplate":"https:\/\/www.visit-ulcinj.com\/blog\/?s={search_term_string}"},"query-input":"required name=search_term_string"}],"inLanguage":"en-US"},{"@type":"ImageObject","inLanguage":"en-US","@id":"https:\/\/www.visit-ulcinj.com\/blog\/2015\/03\/04\/malazezet-ne-krye-te-evropes-shume-telefona-celulare-se-banore\/#primaryimage","url":"http:\/\/www.visit-ulcinj.com\/blog\/wp-content\/uploads\/2015\/03\/Celular-mali-zi.jpg","contentUrl":"http:\/\/www.visit-ulcinj.com\/blog\/wp-content\/uploads\/2015\/03\/Celular-mali-zi.jpg"},{"@type":"WebPage","@id":"https:\/\/www.visit-ulcinj.com\/blog\/2015\/03\/04\/malazezet-ne-krye-te-evropes-shume-telefona-celulare-se-banore\/#webpage","url":"https:\/\/www.visit-ulcinj.com\/blog\/2015\/03\/04\/malazezet-ne-krye-te-evropes-shume-telefona-celulare-se-banore\/","name":"Malazez\u00ebt n\u00eb krye t\u00eb Evrop\u00ebs: M\u00eb shum\u00eb telefona celular\u00eb se banor\u00eb - Lajme nga Ulqini","isPartOf":{"@id":"https:\/\/www.visit-ulcinj.com\/blog\/#website"},"primaryImageOfPage":{"@id":"https:\/\/www.visit-ulcinj.com\/blog\/2015\/03\/04\/malazezet-ne-krye-te-evropes-shume-telefona-celulare-se-banore\/#primaryimage"},"datePublished":"2015-03-04T16:10:50+00:00","dateModified":"2015-03-04T16:10:50+00:00","author":{"@id":"https:\/\/www.visit-ulcinj.com\/blog\/#\/schema\/person\/dcab619c614d3038751c63bc2aadc06d"},"description":"Malazez\u00ebt jan\u00eb ngjitur n\u00eb krye t\u00eb Evrop\u00ebs kur \u00ebsht\u00eb fjala p\u00ebr p\u00ebrdoruesit e telefonave celular\u00eb. N\u00eb k\u00ebt\u00eb vend ballkanik, n\u00eb nj\u00eb mij\u00eb banor\u00eb ka 1.580","breadcrumb":{"@id":"https:\/\/www.visit-ulcinj.com\/blog\/2015\/03\/04\/malazezet-ne-krye-te-evropes-shume-telefona-celulare-se-banore\/#breadcrumb"},"inLanguage":"en-US","potentialAction":[{"@type":"ReadAction","target":["https:\/\/www.visit-ulcinj.com\/blog\/2015\/03\/04\/malazezet-ne-krye-te-evropes-shume-telefona-celulare-se-banore\/"]}]},{"@type":"BreadcrumbList","@id":"https:\/\/www.visit-ulcinj.com\/blog\/2015\/03\/04\/malazezet-ne-krye-te-evropes-shume-telefona-celulare-se-banore\/#breadcrumb","itemListElement":[{"@type":"ListItem","position":1,"name":"Malazez\u00ebt n\u00eb krye t\u00eb Evrop\u00ebs: M\u00eb shum\u00eb telefona celular\u00eb se banor\u00eb"}]},{"@type":"Person","@id":"https:\/\/www.visit-ulcinj.com\/blog\/#\/schema\/person\/dcab619c614d3038751c63bc2aadc06d","name":"ulqini","sameAs":["http:\/\/www.visit-ulcinj.com"],"url":"https:\/\/www.visit-ulcinj.com\/blog\/author\/admin\/"}]}},"jetpack_featured_media_url":"","jetpack_sharing_enabled":true,"jetpack_shortlink":"https:\/\/wp.me\/pe6lTn-nbr","_links":{"self":[{"href":"https:\/\/www.visit-ulcinj.com\/blog\/wp-json\/wp\/v2\/posts\/89121"}],"collection":[{"href":"https:\/\/www.visit-ulcinj.com\/blog\/wp-json\/wp\/v2\/posts"}],"about":[{"href":"https:\/\/www.visit-ulcinj.com\/blog\/wp-json\/wp\/v2\/types\/post"}],"author":[{"embeddable":true,"href":"https:\/\/www.visit-ulcinj.com\/blog\/wp-json\/wp\/v2\/users\/1"}],"replies":[{"embeddable":true,"href":"https:\/\/www.visit-ulcinj.com\/blog\/wp-json\/wp\/v2\/comments?post=89121"}],"version-history":[{"count":1,"href":"https:\/\/www.visit-ulcinj.com\/blog\/wp-json\/wp\/v2\/posts\/89121\/revisions"}],"predecessor-version":[{"id":89123,"href":"https:\/\/www.visit-ulcinj.com\/blog\/wp-json\/wp\/v2\/posts\/89121\/revisions\/89123"}],"wp:attachment":[{"href":"https:\/\/www.visit-ulcinj.com\/blog\/wp-json\/wp\/v2\/media?parent=89121"}],"wp:term":[{"taxonomy":"category","embeddable":true,"href":"https:\/\/www.visit-ulcinj.com\/blog\/wp-json\/wp\/v2\/categories?post=89121"},{"taxonomy":"post_tag","embeddable":true,"href":"https:\/\/www.visit-ulcinj.com\/blog\/wp-json\/wp\/v2\/tags?post=89121"}],"curies":[{"name":"wp","href":"https:\/\/api.w.org\/{rel}","templated":true}]}}