{"id":89126,"date":"2015-03-05T16:40:09","date_gmt":"2015-03-05T15:40:09","guid":{"rendered":"http:\/\/www.visit-ulcinj.com\/blog\/?p=89126"},"modified":"2015-03-05T16:40:09","modified_gmt":"2015-03-05T15:40:09","slug":"shkreli-viktimat-e-para-te-komunizmit-shqiptar","status":"publish","type":"post","link":"https:\/\/www.visit-ulcinj.com\/blog\/2015\/03\/05\/shkreli-viktimat-e-para-te-komunizmit-shqiptar\/","title":{"rendered":"Shkreli: Viktimat e para t\u00eb komunizmit shqiptar"},"content":{"rendered":"<p><strong><a href=\"http:\/\/www.visit-ulcinj.com\/blog\/wp-content\/uploads\/2015\/03\/Dom-Ndre-Zadeja-Dom-Laz\u00ebr-Shantoja.jpg\"><img loading=\"lazy\" class=\"alignleft wp-image-89127 size-medium\" src=\"http:\/\/www.visit-ulcinj.com\/blog\/wp-content\/uploads\/2015\/03\/Dom-Ndre-Zadeja-Dom-Laz\u00ebr-Shantoja-300x169.jpg\" alt=\"Dom Ndre Zadeja-Dom Laz\u00ebr Shantoja\" width=\"300\" height=\"169\" \/><\/a>Nga Frank Shkreli<\/strong><\/p>\n<p>Marsi\u00a0i vitit 1945 ishte fillimi\u00a0i nj\u00eb kalvari t\u00eb v\u00ebrtet\u00eb vuajtjesh, vrasjesh, burgosjesh dhe\u00a0 internimesh p\u00ebr klerin katolik shqiptar.\u00a0 \u00cbsht\u00eb ky nj\u00eb 70-vjetor q\u00eb na detyron t\u00eb kujtojm\u00eb viktimat e para t\u00eb regjimit komunist t\u00eb Enver Hoxh\u00ebs, t\u00eb cil\u00ebt dhan\u00eb jet\u00ebn si heronj\u00eb t\u00eb kombit shqiptar, n\u00eb mbrojtje t\u00eb idealeve m\u00eb t\u00eb larta njerzore\u00a0t\u00eb dashuris\u00eb p\u00ebr Per\u00ebndin\u00eb dhe p\u00ebr lirin\u00eb e\u00a0Atdheut t\u00eb\u00a0\u00a0tyre, dhe n\u00eb mb\u00ebshtetje t\u00eb nderit e burr\u00ebnis\u00eb, t\u00eb dinjitetit njer\u00ebzor\u00a0dhe t\u00eb vlerave baz\u00eb universale p\u00ebr veten dhe p\u00ebr t\u00eb gjith\u00eb bashkkombasit \u00a0e\u00a0vet.\u00a0 K\u00ebta ran\u00eb viktima t\u00eb nj\u00eb regjimi\u00a0diktatorial t\u00eb pa bes\u00eb e t\u00eb pa fe dhe t\u00eb nj\u00eb ideologjie t\u00eb huaj sllavo-aziatike\u00a0p\u00ebr shqiptar\u00ebt, t\u00eb nj\u00eb regjimi q\u00eb nd\u00ebrmori shtypjet dhe mizorit\u00eb m\u00eb t\u00eb eg\u00ebra kund\u00ebr t\u00eb gjith\u00eb besimtar\u00ebve shqiptar\u00eb pa dallim, por n\u00eb ve\u00e7anti kund\u00ebr klerit katolik.<\/p>\n<p>Ajo q\u00eb e b\u00ebn edhe m\u00eb t\u00eb trishtueshme k\u00ebt\u00eb histori viktimizimi t\u00eb bijve nd\u00ebr m\u00eb t\u00eb mir\u00eb t\u00eb kombit, \u00ebsht\u00eb fakti se ishte\u00a0vet\u00eb dora e shqiptarit q\u00eb shkaktoi vrasjen mizore\u00a0t\u00eb k\u00ebtyre viktimave t\u00eb pafajshme. \u00cbsht\u00eb kjo nj\u00eb njoll\u00eb e zez\u00eb mbi kombin shqiptar.\u00a0 Regjimi komunist\u00a0i Enver Hoxh\u00ebs,\u00a0i shtyr\u00eb\u00a0 nga armiqt\u00eb e kombit shqiptar, rus\u00ebt dhe serb\u00ebt, dhe i bindur nga vetvetja, filloi si mas\u00eb t\u00eb par\u00eb t\u00eb regjimit t\u00eb tij n\u00eb Mars t\u00eb vitit 1945, eliminimin e Kish\u00ebs Katolike Shqiptare duke pushkatuar\u00a0\u00a0klerik\u00ebt m\u00eb t\u00eb njohur t\u00eb saj, duke\u00a0krijuar\u00a0 k\u00ebshtu nj\u00eb boshll\u00ebk t\u00eb madh jo vet\u00ebm n\u00eb radh\u00ebt e Kish\u00ebs, por edhe n\u00eb fush\u00ebn e kultur\u00ebs, gjuh\u00ebs dhe let\u00ebrsis\u00eb komb\u00ebtare.\u00a0 Enver Hoxha dhe regjimi i tij &#8212; t\u00eb shtyr\u00eb nga\u00a0pasione\u00a0dhe interesa t\u00eb huaja q\u00eb nuk kishin aspak t\u00eb b\u00ebnin me interesat e kombit t\u00eb vet &#8212;\u00a0pushkatoi e burgosi nd\u00ebr m\u00eb t\u00eb mir\u00ebt e kombit duke krijuar n\u00eb boshll\u00ebk dhe varf\u00ebri kulturore t\u00eb papar\u00eb n\u00eb historin\u00eb shqiptare.<\/p>\n<p>Andaj, n\u00eb k\u00ebt\u00eb p\u00ebrvjetor q\u00eb sh\u00ebnon viktimat e para t\u00eb regjimit enverist n\u00eb luft\u00ebne tij kund\u00ebr Kish\u00ebs Katolike dhe klerit t\u00eb saj, ndaj klerik\u00ebve t\u00eb feve t\u00eb tjera dhe jo vet\u00ebm k\u00ebtyre, por t\u00eb gjith\u00eb atyre q\u00eb\u00a0u viktimizuan\u00a0 n\u00eb pafajsi, vet\u00ebm e vet\u00ebm se nuk pajtoheshin me regjimin komunist \u2013\u00a0\u00ebsht\u00eb ndoshta nj\u00eb rast i mir\u00eb q\u00eb t\u00eb reflektohet,\u00a0 m\u00eb n\u00eb fund, mbi faktin se si n\u00eb t\u00eb v\u00ebrtet\u00eb \u00ebsht\u00eb e mundur q\u00eb nj\u00eb regjim i p\u00ebrb\u00ebr\u00eb nga individ t\u00eb t\u00eb nj\u00ebjtit gjak, mund t\u00eb vriste e t\u00eb priste pa kurrfar\u00eb dhimbjeje bashatdhetar\u00ebt e vet, vet\u00ebm e vet\u00ebm sepse mendonin ndryshe dhe nuk pajtoheshin me nj\u00eb ideologji t\u00eb huaj.\u00a0 \u00a0P\u00ebr m\u00eb tep\u00ebr, ndoshta duhet t\u00eb reflektohet n\u00ebse mungesa e p\u00ebrballimit\u00a0serioz me at\u00eb histori t\u00eb p\u00ebrgjakshme mund t\u00eb ket\u00eb\u00a0gjithnj\u00eb pasoja edhe p\u00ebr aktualitetin e jet\u00ebs politike dhe shoq\u00ebrore t\u00eb kombit shqiptar, madje edhe pas nj\u00eb \u00e7erek shekulli t\u00eb shembjes s\u00eb regjimit komunist.\u00a0\u00a0 P\u00ebrballimi me k\u00ebt\u00eb histori nuk duhet t\u00eb b\u00ebhet p\u00ebr q\u00ebllim t\u00eb hakmarrjes, jo. Dhe jo se nuk duhet ta duam drejt\u00ebsin\u00eb dhe jo se nuk duam t\u00eb kujtojm\u00eb kujtimin e viktimave t\u00eb komunizmit barbar t\u00eb Enver Hoxh\u00ebs, por si\u00e7 ka shkruar me nj\u00eb rast i fam\u00ebshmi albanolog At Zef Valentini, p\u00ebrballimi me at\u00eb histori t\u00eb p\u00ebrgjakshme, sidomos kund\u00ebr klerit katolik shqiptar, \u00ebsht\u00eb m\u00eb shum\u00eb i nevojsh\u00ebm &#8212; nga pik\u00ebpamja e tij fetare \u2013 \u201cp\u00ebr me shlyer kujtimin e m\u00ebkatit t\u00eb tjer\u00ebve nga faqet e historis\u00eb s\u00eb kombit\u201d. Nj\u00eb gj\u00eb e till\u00eb, q\u00eb sipas tij t\u00eb \u00e7onte n\u00eb vend amanetin e k\u00ebtyre viktimave t\u00eb komunizmit, q\u00eb Shqip\u00ebria dhe shqiptar\u00ebt t\u00eb vazhdojn\u00eb n\u00eb rrug\u00ebn e ngadalshme, t\u00eb v\u00ebshtir\u00eb e shpesh t\u00eb kund\u00ebrshtuar, por kurr\u00eb t\u00eb nd\u00ebrprer\u00eb n\u00eb rrug\u00ebn drejt\u00eb qytet\u00ebrimit t\u00eb kombeve si motra, bazuar n\u00eb kultur\u00ebn dhe traditat m\u00eb t\u00eb sh\u00ebndosha t\u00eb qytet\u00ebrimit t\u00eb v\u00ebrtet\u00eb t\u00eb nj\u00eb prej kombeve m\u00eb t\u00eb vjet\u00ebr t\u00eb k\u00ebsaj bote, kombit t\u00eb vjet\u00ebr shqiptar.<\/p>\n<p>Marsi i vitit 1945 sh\u00ebnon fillimin e viktimizimit t\u00eb gjat\u00eb dhe barbar t\u00eb klerit katolik shqiptar, me vrasjen e Dom Laz\u00ebr Shantoj\u00ebs dhe Dom Ndre Zadej\u00ebs, klerikut, dramaturgut, poetit e prozatorit. Isha n\u00eb t\u00eb v\u00ebrtet\u00eb duke lexuar nj\u00eb lib\u00ebr poezish\u00eb nga Xhevat Kallajxhiu, nj\u00eb ish-koleg i imi n\u00eb Z\u00ebrin e Amerik\u00ebs, gjat\u00eb viteve 1970 dhe po k\u00ebrkoja nj\u00eb vjersh\u00eb t\u00eb tij, kushtuar nj\u00ebrit prej k\u00ebtyre viktimave t\u00eb para t\u00eb regjimit enverist, Dom Ndre Zadej\u00ebs klerikut dhe shkrimtarit i cili u pushkatua n\u00eb Shkod\u00ebr n\u00eb mars t\u00eb vitit 1945, i akuzuar si \u201cfashist, armik i popullit dhe tradh\u00ebtar\u201d.<\/p>\n<p>Ja poezia q\u00eb Xhevat Kallajxhiu i kishte kushtuar mikut t\u00eb tij, \u201cKryeheroit t\u00eb patriotizmit dhe t\u00eb virtyteve tradcionale shqiptare\u201d, dhe nj\u00ebrit prej viktimave t\u00eb para t\u00eb regjimit komunist, vrar\u00eb n\u00eb Shkod\u00ebr Marsin e vitit 1945 dhe q\u00eb i p\u00ebrshtatet k\u00ebtij p\u00ebrvjetori:<\/p>\n<p><strong>\u00a0 DOM NDRE ZADEJA<\/strong><\/p>\n<p>Ndalu dor\u00eb mizore! Si guxon t\u2019 q\u00ebllosh Dom Zaden\u00eb!<\/p>\n<p>Priftin patriot shum\u00eb t\u00eb shquem q\u00eb ka lind Shqipnia?<\/p>\n<p>Q\u00eb gjith\u00eb jet\u00ebn e kushtoi p\u00ebr t\u00eb sh\u00ebrbye Atdhen\u00eb,<\/p>\n<p>Dhe p\u00ebr \u2018T\u00eb gjith\u00e7ka ishte Zoti e Shqiptarija!<\/p>\n<p>&nbsp;<\/p>\n<p>\u201cFashist\u201d! e qojte pa turp at\u00eb q\u00eb me guxim kumtoi:<\/p>\n<p>\u201cAdries m\u2019i thuej krenare \u2013Valona asht\u00eb tok\u00eb shqiptare\u201d!<\/p>\n<p>Q\u00eb n\u00eb gjith\u00eb jet\u00ebn e Tij as u ndal as nuk ngurroi<\/p>\n<p>Me lart\u00ebsue \u00c7erdhen Ilire, me qen\u00eb krenare!<\/p>\n<p>&nbsp;<\/p>\n<p>\u201cArmik\u201d! e qojte at\u00eb q\u00eb burr\u00ebnisht Shkjaun njoftoi:<\/p>\n<p>\u201c\u00c7ka ka liqeni e Buna q\u00eb po lajm\u00ebrojn\u00eb poter\u00eb\u201d,<\/p>\n<p>(Kur Rozafa maj\u2019n e Taraboshit e kqyr me droj\u2019)<\/p>\n<p>T\u2019a dij\u00eb jugosllavi se Shkodra vdes me nder.\u201d<\/p>\n<p>Me Ty o misjonar i Krishtit dhe i M\u00ebm\u00ebdheut,<\/p>\n<p>T\u00eb tjer\u00eb misjonar\u00eb t\u00eb shquem jet\u00ebn e tret\u00ebn.<\/p>\n<p>Besnik\u00eb t\u00eb traditave t\u00eb Tok\u00ebs s\u00eb Sk\u00ebnderbeut,<\/p>\n<p>Me gzim jet\u00ebn fal\u00ebn p\u00ebr Liri, Fe dhe t\u00eb V\u00ebrtet\u00ebn.<\/p>\n<p>&nbsp;<\/p>\n<p>T\u00eb p\u00ebrunjem, Dom Zadeja, krenaria e k\u00ebtij Fisit t\u00eb Iliris\u00eb!<\/p>\n<p>Lavdi Kombit q\u00eb t\u00eb lindi, o bir i denj\u00eb e me vler\u00eb!<\/p>\n<p>Lavdi Ty, q\u00eb gjakun pa kursim e fale Shqip\u00ebnis\u00eb!<\/p>\n<p>N\u2019faqe t\u00eb historis\u2019 do t\u00eb p\u00ebrmendesh me adhurim p\u00ebrher\u00eb!<\/p>\n<p>&nbsp;<\/p>\n<p>1945<\/p>\n<p>&nbsp;<\/p>\n<p>Le t\u00eb jet\u00eb ky p\u00ebrvjetor i kujtimit t\u00eb viktimave t\u00eb para t\u00eb regjimit komunist 70-vjet\u00eb m\u00eb par\u00eb, jo si nj\u00eb ngjarje q\u00eb ngjall\u00eb dhe nxit\u00eb hakmarrje, pasi k\u00ebto viktima t\u00eb komunzmit, k\u00ebto \u201crreze qytetnije t\u00eb fikuna\u201d, nuk do t\u00eb k\u00ebrkonin nj\u00eb gj\u00eb t\u00eb till\u00eb, p\u00ebrkundrazi do t\u00eb ishin kund\u00ebr. Por, ata do t\u00eb k\u00ebmb\u00ebngulnin q\u00eb sakrifica e tyre t\u00eb mos harrohet dhe q\u00eb vdekja e tyre t\u00eb p\u00ebrkujtohej dhe q\u00eb t\u00eb sh\u00ebrbente sot p\u00ebr t\u00eb nxit\u00eb nj\u00eb p\u00ebrt\u00ebritje t\u00eb Shqip\u00ebris\u00eb, q\u00eb t\u00eb \u00e7oj\u00eb n\u00eb nj\u00eb t\u00eb ardhme m\u00eb t\u00eb mir\u00eb dhe m\u00eb t\u00eb ndritur p\u00ebr kombin shqiptar.<\/p>\n<p><strong>Frank Shkreli<\/strong><\/p>\n<p>&nbsp;<\/p>\n","protected":false},"excerpt":{"rendered":"<p>Nga Frank Shkreli Marsi\u00a0i vitit 1945 ishte fillimi\u00a0i nj\u00eb kalvari t\u00eb v\u00ebrtet\u00eb vuajtjesh, vrasjesh, burgosjesh dhe\u00a0 internimesh p\u00ebr klerin katolik shqiptar.\u00a0 \u00cbsht\u00eb ky nj\u00eb 70-vjetor q\u00eb na detyron t\u00eb kujtojm\u00eb viktimat e para t\u00eb regjimit komunist t\u00eb Enver Hoxh\u00ebs, t\u00eb cil\u00ebt dhan\u00eb jet\u00ebn si heronj\u00eb t\u00eb kombit shqiptar, n\u00eb mbrojtje t\u00eb idealeve m\u00eb t\u00eb larta [&hellip;]<\/p>\n","protected":false},"author":1,"featured_media":0,"comment_status":"closed","ping_status":"closed","sticky":false,"template":"","format":"standard","meta":{"spay_email":"","jetpack_publicize_message":"","jetpack_is_tweetstorm":false,"jetpack_publicize_feature_enabled":true},"categories":[7],"tags":[],"jetpack_publicize_connections":[],"yoast_head":"<!-- This site is optimized with the Yoast SEO plugin v19.1 - https:\/\/yoast.com\/wordpress\/plugins\/seo\/ -->\n<title>Shkreli: Viktimat e para t\u00eb komunizmit shqiptar - Lajme nga Ulqini<\/title>\n<meta name=\"description\" content=\"Nga Frank Shkreli Marsi\u00a0i vitit 1945 ishte fillimi\u00a0i nj\u00eb kalvari t\u00eb v\u00ebrtet\u00eb vuajtjesh, vrasjesh, burgosjesh dhe\u00a0 internimesh p\u00ebr klerin katolik shqiptar.\u00a0\" \/>\n<meta name=\"robots\" content=\"index, follow, max-snippet:-1, max-image-preview:large, max-video-preview:-1\" \/>\n<link rel=\"canonical\" href=\"https:\/\/www.visit-ulcinj.com\/blog\/2015\/03\/05\/shkreli-viktimat-e-para-te-komunizmit-shqiptar\/\" \/>\n<meta property=\"og:locale\" content=\"en_US\" \/>\n<meta property=\"og:type\" content=\"article\" \/>\n<meta property=\"og:title\" content=\"Shkreli: Viktimat e para t\u00eb komunizmit shqiptar - Lajme nga Ulqini\" \/>\n<meta property=\"og:description\" content=\"Nga Frank Shkreli Marsi\u00a0i vitit 1945 ishte fillimi\u00a0i nj\u00eb kalvari t\u00eb v\u00ebrtet\u00eb vuajtjesh, vrasjesh, burgosjesh dhe\u00a0 internimesh p\u00ebr klerin katolik shqiptar.\u00a0\" \/>\n<meta property=\"og:url\" content=\"https:\/\/www.visit-ulcinj.com\/blog\/2015\/03\/05\/shkreli-viktimat-e-para-te-komunizmit-shqiptar\/\" \/>\n<meta property=\"og:site_name\" content=\"Lajme nga Ulqini\" \/>\n<meta property=\"article:published_time\" content=\"2015-03-05T15:40:09+00:00\" \/>\n<meta name=\"twitter:label1\" content=\"Written by\" \/>\n\t<meta name=\"twitter:data1\" content=\"ulqini\" \/>\n\t<meta name=\"twitter:label2\" content=\"Est. reading time\" \/>\n\t<meta name=\"twitter:data2\" content=\"6 minutes\" \/>\n<script type=\"application\/ld+json\" class=\"yoast-schema-graph\">{\"@context\":\"https:\/\/schema.org\",\"@graph\":[{\"@type\":\"WebSite\",\"@id\":\"https:\/\/www.visit-ulcinj.com\/blog\/#website\",\"url\":\"https:\/\/www.visit-ulcinj.com\/blog\/\",\"name\":\"Lajme nga Ulqini\",\"description\":\"Lajme,Vijesti,Ulqini,Ulqin,Crna Gora,Mali i Zi\",\"potentialAction\":[{\"@type\":\"SearchAction\",\"target\":{\"@type\":\"EntryPoint\",\"urlTemplate\":\"https:\/\/www.visit-ulcinj.com\/blog\/?s={search_term_string}\"},\"query-input\":\"required name=search_term_string\"}],\"inLanguage\":\"en-US\"},{\"@type\":\"WebPage\",\"@id\":\"https:\/\/www.visit-ulcinj.com\/blog\/2015\/03\/05\/shkreli-viktimat-e-para-te-komunizmit-shqiptar\/#webpage\",\"url\":\"https:\/\/www.visit-ulcinj.com\/blog\/2015\/03\/05\/shkreli-viktimat-e-para-te-komunizmit-shqiptar\/\",\"name\":\"Shkreli: Viktimat e para t\u00eb komunizmit shqiptar - Lajme nga Ulqini\",\"isPartOf\":{\"@id\":\"https:\/\/www.visit-ulcinj.com\/blog\/#website\"},\"datePublished\":\"2015-03-05T15:40:09+00:00\",\"dateModified\":\"2015-03-05T15:40:09+00:00\",\"author\":{\"@id\":\"https:\/\/www.visit-ulcinj.com\/blog\/#\/schema\/person\/dcab619c614d3038751c63bc2aadc06d\"},\"description\":\"Nga Frank Shkreli Marsi\u00a0i vitit 1945 ishte fillimi\u00a0i nj\u00eb kalvari t\u00eb v\u00ebrtet\u00eb vuajtjesh, vrasjesh, burgosjesh dhe\u00a0 internimesh p\u00ebr klerin katolik shqiptar.\u00a0\",\"breadcrumb\":{\"@id\":\"https:\/\/www.visit-ulcinj.com\/blog\/2015\/03\/05\/shkreli-viktimat-e-para-te-komunizmit-shqiptar\/#breadcrumb\"},\"inLanguage\":\"en-US\",\"potentialAction\":[{\"@type\":\"ReadAction\",\"target\":[\"https:\/\/www.visit-ulcinj.com\/blog\/2015\/03\/05\/shkreli-viktimat-e-para-te-komunizmit-shqiptar\/\"]}]},{\"@type\":\"BreadcrumbList\",\"@id\":\"https:\/\/www.visit-ulcinj.com\/blog\/2015\/03\/05\/shkreli-viktimat-e-para-te-komunizmit-shqiptar\/#breadcrumb\",\"itemListElement\":[{\"@type\":\"ListItem\",\"position\":1,\"name\":\"Shkreli: Viktimat e para t\u00eb komunizmit shqiptar\"}]},{\"@type\":\"Person\",\"@id\":\"https:\/\/www.visit-ulcinj.com\/blog\/#\/schema\/person\/dcab619c614d3038751c63bc2aadc06d\",\"name\":\"ulqini\",\"sameAs\":[\"http:\/\/www.visit-ulcinj.com\"],\"url\":\"https:\/\/www.visit-ulcinj.com\/blog\/author\/admin\/\"}]}<\/script>\n<!-- \/ Yoast SEO plugin. -->","yoast_head_json":{"title":"Shkreli: Viktimat e para t\u00eb komunizmit shqiptar - Lajme nga Ulqini","description":"Nga Frank Shkreli Marsi\u00a0i vitit 1945 ishte fillimi\u00a0i nj\u00eb kalvari t\u00eb v\u00ebrtet\u00eb vuajtjesh, vrasjesh, burgosjesh dhe\u00a0 internimesh p\u00ebr klerin katolik shqiptar.\u00a0","robots":{"index":"index","follow":"follow","max-snippet":"max-snippet:-1","max-image-preview":"max-image-preview:large","max-video-preview":"max-video-preview:-1"},"canonical":"https:\/\/www.visit-ulcinj.com\/blog\/2015\/03\/05\/shkreli-viktimat-e-para-te-komunizmit-shqiptar\/","og_locale":"en_US","og_type":"article","og_title":"Shkreli: Viktimat e para t\u00eb komunizmit shqiptar - Lajme nga Ulqini","og_description":"Nga Frank Shkreli Marsi\u00a0i vitit 1945 ishte fillimi\u00a0i nj\u00eb kalvari t\u00eb v\u00ebrtet\u00eb vuajtjesh, vrasjesh, burgosjesh dhe\u00a0 internimesh p\u00ebr klerin katolik shqiptar.\u00a0","og_url":"https:\/\/www.visit-ulcinj.com\/blog\/2015\/03\/05\/shkreli-viktimat-e-para-te-komunizmit-shqiptar\/","og_site_name":"Lajme nga Ulqini","article_published_time":"2015-03-05T15:40:09+00:00","twitter_misc":{"Written by":"ulqini","Est. reading time":"6 minutes"},"schema":{"@context":"https:\/\/schema.org","@graph":[{"@type":"WebSite","@id":"https:\/\/www.visit-ulcinj.com\/blog\/#website","url":"https:\/\/www.visit-ulcinj.com\/blog\/","name":"Lajme nga Ulqini","description":"Lajme,Vijesti,Ulqini,Ulqin,Crna Gora,Mali i Zi","potentialAction":[{"@type":"SearchAction","target":{"@type":"EntryPoint","urlTemplate":"https:\/\/www.visit-ulcinj.com\/blog\/?s={search_term_string}"},"query-input":"required name=search_term_string"}],"inLanguage":"en-US"},{"@type":"WebPage","@id":"https:\/\/www.visit-ulcinj.com\/blog\/2015\/03\/05\/shkreli-viktimat-e-para-te-komunizmit-shqiptar\/#webpage","url":"https:\/\/www.visit-ulcinj.com\/blog\/2015\/03\/05\/shkreli-viktimat-e-para-te-komunizmit-shqiptar\/","name":"Shkreli: Viktimat e para t\u00eb komunizmit shqiptar - Lajme nga Ulqini","isPartOf":{"@id":"https:\/\/www.visit-ulcinj.com\/blog\/#website"},"datePublished":"2015-03-05T15:40:09+00:00","dateModified":"2015-03-05T15:40:09+00:00","author":{"@id":"https:\/\/www.visit-ulcinj.com\/blog\/#\/schema\/person\/dcab619c614d3038751c63bc2aadc06d"},"description":"Nga Frank Shkreli Marsi\u00a0i vitit 1945 ishte fillimi\u00a0i nj\u00eb kalvari t\u00eb v\u00ebrtet\u00eb vuajtjesh, vrasjesh, burgosjesh dhe\u00a0 internimesh p\u00ebr klerin katolik shqiptar.\u00a0","breadcrumb":{"@id":"https:\/\/www.visit-ulcinj.com\/blog\/2015\/03\/05\/shkreli-viktimat-e-para-te-komunizmit-shqiptar\/#breadcrumb"},"inLanguage":"en-US","potentialAction":[{"@type":"ReadAction","target":["https:\/\/www.visit-ulcinj.com\/blog\/2015\/03\/05\/shkreli-viktimat-e-para-te-komunizmit-shqiptar\/"]}]},{"@type":"BreadcrumbList","@id":"https:\/\/www.visit-ulcinj.com\/blog\/2015\/03\/05\/shkreli-viktimat-e-para-te-komunizmit-shqiptar\/#breadcrumb","itemListElement":[{"@type":"ListItem","position":1,"name":"Shkreli: Viktimat e para t\u00eb komunizmit shqiptar"}]},{"@type":"Person","@id":"https:\/\/www.visit-ulcinj.com\/blog\/#\/schema\/person\/dcab619c614d3038751c63bc2aadc06d","name":"ulqini","sameAs":["http:\/\/www.visit-ulcinj.com"],"url":"https:\/\/www.visit-ulcinj.com\/blog\/author\/admin\/"}]}},"jetpack_featured_media_url":"","jetpack_sharing_enabled":true,"jetpack_shortlink":"https:\/\/wp.me\/pe6lTn-nbw","_links":{"self":[{"href":"https:\/\/www.visit-ulcinj.com\/blog\/wp-json\/wp\/v2\/posts\/89126"}],"collection":[{"href":"https:\/\/www.visit-ulcinj.com\/blog\/wp-json\/wp\/v2\/posts"}],"about":[{"href":"https:\/\/www.visit-ulcinj.com\/blog\/wp-json\/wp\/v2\/types\/post"}],"author":[{"embeddable":true,"href":"https:\/\/www.visit-ulcinj.com\/blog\/wp-json\/wp\/v2\/users\/1"}],"replies":[{"embeddable":true,"href":"https:\/\/www.visit-ulcinj.com\/blog\/wp-json\/wp\/v2\/comments?post=89126"}],"version-history":[{"count":1,"href":"https:\/\/www.visit-ulcinj.com\/blog\/wp-json\/wp\/v2\/posts\/89126\/revisions"}],"predecessor-version":[{"id":89128,"href":"https:\/\/www.visit-ulcinj.com\/blog\/wp-json\/wp\/v2\/posts\/89126\/revisions\/89128"}],"wp:attachment":[{"href":"https:\/\/www.visit-ulcinj.com\/blog\/wp-json\/wp\/v2\/media?parent=89126"}],"wp:term":[{"taxonomy":"category","embeddable":true,"href":"https:\/\/www.visit-ulcinj.com\/blog\/wp-json\/wp\/v2\/categories?post=89126"},{"taxonomy":"post_tag","embeddable":true,"href":"https:\/\/www.visit-ulcinj.com\/blog\/wp-json\/wp\/v2\/tags?post=89126"}],"curies":[{"name":"wp","href":"https:\/\/api.w.org\/{rel}","templated":true}]}}