{"id":89132,"date":"2015-03-05T17:13:40","date_gmt":"2015-03-05T16:13:40","guid":{"rendered":"http:\/\/www.visit-ulcinj.com\/blog\/?p=89132"},"modified":"2015-03-09T14:54:53","modified_gmt":"2015-03-09T13:54:53","slug":"permbytje-masive-ne-ulqin-nga-reshjet-e-shiut-foto","status":"publish","type":"post","link":"https:\/\/www.visit-ulcinj.com\/blog\/2015\/03\/05\/permbytje-masive-ne-ulqin-nga-reshjet-e-shiut-foto\/","title":{"rendered":"P\u00ebrmbytje masive n\u00eb Ulqin nga reshjet e shiut + Foto t\u00eb reja &#8211; Video"},"content":{"rendered":"<p><strong><a href=\"http:\/\/www.visit-ulcinj.com\/blog\/wp-content\/uploads\/2015\/03\/P\u00ebrmbytje-masive-n\u00eb-Ulqin-nga-shiu.jpg\"><img loading=\"lazy\" class=\"alignleft wp-image-89134\" src=\"http:\/\/www.visit-ulcinj.com\/blog\/wp-content\/uploads\/2015\/03\/P\u00ebrmbytje-masive-n\u00eb-Ulqin-nga-shiu.jpg\" alt=\"P\u00ebrmbytje masive n\u00eb Ulqin-nga-shiu\" width=\"508\" height=\"335\" srcset=\"https:\/\/www.visit-ulcinj.com\/blog\/wp-content\/uploads\/2015\/03\/P\u00ebrmbytje-masive-n\u00eb-Ulqin-nga-shiu.jpg 959w, https:\/\/www.visit-ulcinj.com\/blog\/wp-content\/uploads\/2015\/03\/P\u00ebrmbytje-masive-n\u00eb-Ulqin-nga-shiu-300x198.jpg 300w\" sizes=\"(max-width: 508px) 100vw, 508px\" \/><\/a>Ulqini dje dhe sot \u00ebsht\u00eb p\u00ebrfshir\u00eb nga moti i keq dhe reshjet intensive t\u00eb shiut. <\/strong><\/p>\n<p>Reshjet kan\u00eb shkaktuar p\u00ebrmbytje n\u00eb disa pjes\u00eb t\u00eb krye t\u00eb qytetit, p\u00ebrfshir\u00eb edhe pjes\u00ebn qendrore, sikurse Rana, Gjeranat, Kodrat, Bratica, Shtoji etj.<\/p>\n<p>M\u00eb t\u00eb rrezikshme p\u00ebr l\u00ebvizjen e lir\u00eb kan\u00eb qen\u00eb pjes\u00ebt e ul\u00ebta n\u00ebn ura si dhe zona tjera nevralgjike, q\u00eb vazhdimisht p\u00ebrmbyten nga reshjet e shiut.<\/p>\n<p>Rrebeshi i shiut nuk ka pushuar p\u00ebr disa or\u00eb, duke rritur nivelin e ujit edhe t\u00eb lumit Buna. Por v\u00ebrshime t\u00eb nj\u00ebjta jan\u00eb shkaktuar edhe disa pjes\u00eb t\u00eb vendit ku nuk kan\u00eb pushuar reshjet e shiut.<\/p>\n<p><strong>Reshjet e shiut dhe era e fort\u00eb ka shkaktuar probleme n\u00eb rrug\u00ebt e Ulqinit. <\/strong><\/p>\n<p>Qendra dhe pjes\u00eb t\u00eb tjera t\u00eb qytetit t\u00eb Ulqinit jan\u00eb v\u00ebrshuar nga uji, sikurse Rana, tek shkolla \u201cV\u00ebllaz\u00ebrim Bashkim\u201d, rruga ku gjendet marketi Solaris, rruga q\u00eb \u00e7on n\u00eb Kodra, Gjerana rruga q\u00eb \u00e7on n\u00eb plazhin e madhe tek Garazha e Becit etj, i cili po bie pa nd\u00ebrprer\u00eb prej m\u00eb shum\u00eb se 24 or\u00ebsh dhe gjendja paraqitet alarmante.<\/p>\n<p>Sh\u00ebrbimet e emergjenc\u00ebs ndodhen n\u00eb terren, por v\u00ebshtir\u00eb se mund t\u00eb ndihmojn\u00eb shum\u00eb, duke marr\u00eb parasysh intenzitetin dhe sasin\u00eb e rreshjeve.<\/p>\n<!--YouTube Error: bad URL entered-->\n\n\t\t<style type=\"text\/css\">\n\t\t\t#gallery-1 {\n\t\t\t\tmargin: auto;\n\t\t\t}\n\t\t\t#gallery-1 .gallery-item {\n\t\t\t\tfloat: left;\n\t\t\t\tmargin-top: 10px;\n\t\t\t\ttext-align: center;\n\t\t\t\twidth: 33%;\n\t\t\t}\n\t\t\t#gallery-1 img {\n\t\t\t\tborder: 2px solid #cfcfcf;\n\t\t\t}\n\t\t\t#gallery-1 .gallery-caption {\n\t\t\t\tmargin-left: 0;\n\t\t\t}\n\t\t\t\/* see gallery_shortcode() in wp-includes\/media.php *\/\n\t\t<\/style>\n\t\t<div id='gallery-1' class='gallery galleryid-89132 gallery-columns-3 gallery-size-thumbnail'><dl class='gallery-item'>\n\t\t\t<dt class='gallery-icon landscape'>\n\t\t\t\t<a href='https:\/\/www.visit-ulcinj.com\/blog\/2015\/03\/05\/permbytje-masive-ne-ulqin-nga-reshjet-e-shiut-foto\/permbytje-masive-ne-ulqin-nga-shiu\/'><img width=\"150\" height=\"150\" src=\"https:\/\/www.visit-ulcinj.com\/blog\/wp-content\/uploads\/2015\/03\/P\u00ebrmbytje-masive-n\u00eb-Ulqin-nga-shiu-150x150.jpg\" class=\"attachment-thumbnail size-thumbnail\" alt=\"\" loading=\"lazy\" \/><\/a>\n\t\t\t<\/dt><\/dl><dl class='gallery-item'>\n\t\t\t<dt class='gallery-icon portrait'>\n\t\t\t\t<a href='https:\/\/www.visit-ulcinj.com\/blog\/2015\/03\/05\/permbytje-masive-ne-ulqin-nga-reshjet-e-shiut-foto\/permbytje-masive-ne-ulqin-nga-shiu-1\/'><img width=\"150\" height=\"150\" src=\"https:\/\/www.visit-ulcinj.com\/blog\/wp-content\/uploads\/2015\/03\/P\u00ebrmbytje-masive-n\u00eb-Ulqin-nga-shiu-1-150x150.jpg\" class=\"attachment-thumbnail size-thumbnail\" alt=\"\" loading=\"lazy\" \/><\/a>\n\t\t\t<\/dt><\/dl><dl class='gallery-item'>\n\t\t\t<dt class='gallery-icon landscape'>\n\t\t\t\t<a href='https:\/\/www.visit-ulcinj.com\/blog\/2015\/03\/05\/permbytje-masive-ne-ulqin-nga-reshjet-e-shiut-foto\/permbytje-masive-ne-ulqin-nga-shiu-3\/'><img width=\"150\" height=\"150\" src=\"https:\/\/www.visit-ulcinj.com\/blog\/wp-content\/uploads\/2015\/03\/P\u00ebrmbytje-masive-n\u00eb-Ulqin-nga-shiu-3-150x150.jpg\" class=\"attachment-thumbnail size-thumbnail\" alt=\"\" loading=\"lazy\" \/><\/a>\n\t\t\t<\/dt><\/dl><br style=\"clear: both\" \/><dl class='gallery-item'>\n\t\t\t<dt class='gallery-icon portrait'>\n\t\t\t\t<a href='https:\/\/www.visit-ulcinj.com\/blog\/2015\/03\/05\/permbytje-masive-ne-ulqin-nga-reshjet-e-shiut-foto\/permbytje-masive-ne-ulqin-nga-shiu-2\/'><img width=\"150\" height=\"150\" src=\"https:\/\/www.visit-ulcinj.com\/blog\/wp-content\/uploads\/2015\/03\/P\u00ebrmbytje-masive-n\u00eb-Ulqin-nga-shiu-2-150x150.jpg\" class=\"attachment-thumbnail size-thumbnail\" alt=\"\" loading=\"lazy\" \/><\/a>\n\t\t\t<\/dt><\/dl><dl class='gallery-item'>\n\t\t\t<dt class='gallery-icon portrait'>\n\t\t\t\t<a href='https:\/\/www.visit-ulcinj.com\/blog\/2015\/03\/05\/permbytje-masive-ne-ulqin-nga-reshjet-e-shiut-foto\/permbytje-masive-ne-ulqin-nga-shiu-4\/'><img width=\"150\" height=\"150\" src=\"https:\/\/www.visit-ulcinj.com\/blog\/wp-content\/uploads\/2015\/03\/P\u00ebrmbytje-masive-n\u00eb-Ulqin-nga-shiu-4-150x150.jpg\" class=\"attachment-thumbnail size-thumbnail\" alt=\"\" loading=\"lazy\" \/><\/a>\n\t\t\t<\/dt><\/dl><dl class='gallery-item'>\n\t\t\t<dt class='gallery-icon landscape'>\n\t\t\t\t<a href='https:\/\/www.visit-ulcinj.com\/blog\/2015\/03\/05\/permbytje-masive-ne-ulqin-nga-reshjet-e-shiut-foto\/permbytje-masive-ne-ulqin-nga-shiu-5\/'><img width=\"150\" height=\"150\" src=\"https:\/\/www.visit-ulcinj.com\/blog\/wp-content\/uploads\/2015\/03\/P\u00ebrmbytje-masive-n\u00eb-Ulqin-nga-shiu-5-150x150.jpg\" class=\"attachment-thumbnail size-thumbnail\" alt=\"\" loading=\"lazy\" \/><\/a>\n\t\t\t<\/dt><\/dl><br style=\"clear: both\" \/><dl class='gallery-item'>\n\t\t\t<dt class='gallery-icon portrait'>\n\t\t\t\t<a href='https:\/\/www.visit-ulcinj.com\/blog\/2015\/03\/05\/permbytje-masive-ne-ulqin-nga-reshjet-e-shiut-foto\/permbytje-masive-ne-ulqin-nga-shiu-6\/'><img width=\"150\" height=\"150\" src=\"https:\/\/www.visit-ulcinj.com\/blog\/wp-content\/uploads\/2015\/03\/P\u00ebrmbytje-masive-n\u00eb-Ulqin-nga-shiu-6-150x150.jpg\" class=\"attachment-thumbnail size-thumbnail\" alt=\"\" loading=\"lazy\" \/><\/a>\n\t\t\t<\/dt><\/dl><dl class='gallery-item'>\n\t\t\t<dt class='gallery-icon landscape'>\n\t\t\t\t<a href='https:\/\/www.visit-ulcinj.com\/blog\/2015\/03\/05\/permbytje-masive-ne-ulqin-nga-reshjet-e-shiut-foto\/permbytje-masive-ne-ulqin-nga-shiu-7\/'><img width=\"150\" height=\"150\" src=\"https:\/\/www.visit-ulcinj.com\/blog\/wp-content\/uploads\/2015\/03\/P\u00ebrmbytje-masive-n\u00eb-Ulqin-nga-shiu-7-150x150.jpg\" class=\"attachment-thumbnail size-thumbnail\" alt=\"\" loading=\"lazy\" \/><\/a>\n\t\t\t<\/dt><\/dl><dl class='gallery-item'>\n\t\t\t<dt class='gallery-icon landscape'>\n\t\t\t\t<a href='https:\/\/www.visit-ulcinj.com\/blog\/2015\/03\/05\/permbytje-masive-ne-ulqin-nga-reshjet-e-shiut-foto\/permbytje-masive-ne-ulqin-nga-shiu-8\/'><img width=\"150\" height=\"150\" src=\"https:\/\/www.visit-ulcinj.com\/blog\/wp-content\/uploads\/2015\/03\/P\u00ebrmbytje-masive-n\u00eb-Ulqin-nga-shiu-8-150x150.jpg\" class=\"attachment-thumbnail size-thumbnail\" alt=\"\" loading=\"lazy\" \/><\/a>\n\t\t\t<\/dt><\/dl><br style=\"clear: both\" \/><dl class='gallery-item'>\n\t\t\t<dt class='gallery-icon landscape'>\n\t\t\t\t<a href='https:\/\/www.visit-ulcinj.com\/blog\/2015\/03\/05\/permbytje-masive-ne-ulqin-nga-reshjet-e-shiut-foto\/permbytje-masive-ne-ulqin-nga-shiu-7-2\/'><img width=\"150\" height=\"150\" src=\"https:\/\/www.visit-ulcinj.com\/blog\/wp-content\/uploads\/2015\/03\/P\u00ebrmbytje-masive-n\u00eb-Ulqin-nga-shiu-.7-150x150.jpg\" class=\"attachment-thumbnail size-thumbnail\" alt=\"\" loading=\"lazy\" \/><\/a>\n\t\t\t<\/dt><\/dl><dl class='gallery-item'>\n\t\t\t<dt class='gallery-icon landscape'>\n\t\t\t\t<a href='https:\/\/www.visit-ulcinj.com\/blog\/2015\/03\/05\/permbytje-masive-ne-ulqin-nga-reshjet-e-shiut-foto\/permbytje-masive-ne-ulqin-nga-shiu-8-2\/'><img width=\"150\" height=\"150\" src=\"https:\/\/www.visit-ulcinj.com\/blog\/wp-content\/uploads\/2015\/03\/P\u00ebrmbytje-masive-n\u00eb-Ulqin-nga-shiu-.8-150x150.jpg\" class=\"attachment-thumbnail size-thumbnail\" alt=\"\" loading=\"lazy\" \/><\/a>\n\t\t\t<\/dt><\/dl><dl class='gallery-item'>\n\t\t\t<dt class='gallery-icon landscape'>\n\t\t\t\t<a href='https:\/\/www.visit-ulcinj.com\/blog\/2015\/03\/05\/permbytje-masive-ne-ulqin-nga-reshjet-e-shiut-foto\/permbytje-masive-ne-ulqin-nga-shiu-9\/'><img width=\"150\" height=\"150\" src=\"https:\/\/www.visit-ulcinj.com\/blog\/wp-content\/uploads\/2015\/03\/P\u00ebrmbytje-masive-n\u00eb-Ulqin-nga-shiu-.9-150x150.jpg\" class=\"attachment-thumbnail size-thumbnail\" alt=\"\" loading=\"lazy\" \/><\/a>\n\t\t\t<\/dt><\/dl><br style=\"clear: both\" \/><dl class='gallery-item'>\n\t\t\t<dt class='gallery-icon landscape'>\n\t\t\t\t<a href='https:\/\/www.visit-ulcinj.com\/blog\/2015\/03\/05\/permbytje-masive-ne-ulqin-nga-reshjet-e-shiut-foto\/permbytje-masive-ne-ulqin-nga-shiu-10\/'><img width=\"150\" height=\"150\" src=\"https:\/\/www.visit-ulcinj.com\/blog\/wp-content\/uploads\/2015\/03\/P\u00ebrmbytje-masive-n\u00eb-Ulqin-nga-shiu-.10-150x150.jpg\" class=\"attachment-thumbnail size-thumbnail\" alt=\"\" loading=\"lazy\" \/><\/a>\n\t\t\t<\/dt><\/dl><dl class='gallery-item'>\n\t\t\t<dt class='gallery-icon landscape'>\n\t\t\t\t<a href='https:\/\/www.visit-ulcinj.com\/blog\/2015\/03\/05\/permbytje-masive-ne-ulqin-nga-reshjet-e-shiut-foto\/permbytje-masive-ne-ulqin-nga-shiu-11\/'><img width=\"150\" height=\"150\" src=\"https:\/\/www.visit-ulcinj.com\/blog\/wp-content\/uploads\/2015\/03\/P\u00ebrmbytje-masive-n\u00eb-Ulqin-nga-shiu-.11-150x150.jpg\" class=\"attachment-thumbnail size-thumbnail\" alt=\"\" loading=\"lazy\" \/><\/a>\n\t\t\t<\/dt><\/dl><dl class='gallery-item'>\n\t\t\t<dt class='gallery-icon landscape'>\n\t\t\t\t<a href='https:\/\/www.visit-ulcinj.com\/blog\/2015\/03\/05\/permbytje-masive-ne-ulqin-nga-reshjet-e-shiut-foto\/permbytje-masive-ne-ulqin-nga-shiu-12\/'><img width=\"150\" height=\"150\" src=\"https:\/\/www.visit-ulcinj.com\/blog\/wp-content\/uploads\/2015\/03\/P\u00ebrmbytje-masive-n\u00eb-Ulqin-nga-shiu-.12-150x150.jpg\" class=\"attachment-thumbnail size-thumbnail\" alt=\"\" loading=\"lazy\" \/><\/a>\n\t\t\t<\/dt><\/dl><br style=\"clear: both\" \/><dl class='gallery-item'>\n\t\t\t<dt class='gallery-icon landscape'>\n\t\t\t\t<a href='https:\/\/www.visit-ulcinj.com\/blog\/2015\/03\/05\/permbytje-masive-ne-ulqin-nga-reshjet-e-shiut-foto\/permbytje-masive-ne-ulqin-nga-shiu-13\/'><img width=\"150\" height=\"150\" src=\"https:\/\/www.visit-ulcinj.com\/blog\/wp-content\/uploads\/2015\/03\/P\u00ebrmbytje-masive-n\u00eb-Ulqin-nga-shiu-.13-150x150.jpg\" class=\"attachment-thumbnail size-thumbnail\" alt=\"\" loading=\"lazy\" \/><\/a>\n\t\t\t<\/dt><\/dl><dl class='gallery-item'>\n\t\t\t<dt class='gallery-icon portrait'>\n\t\t\t\t<a href='https:\/\/www.visit-ulcinj.com\/blog\/2015\/03\/05\/permbytje-masive-ne-ulqin-nga-reshjet-e-shiut-foto\/permbytje-masive-ne-ulqin-nga-shiu-14\/'><img width=\"150\" height=\"150\" src=\"https:\/\/www.visit-ulcinj.com\/blog\/wp-content\/uploads\/2015\/03\/P\u00ebrmbytje-masive-n\u00eb-Ulqin-nga-shiu-.14-150x150.jpg\" class=\"attachment-thumbnail size-thumbnail\" alt=\"\" loading=\"lazy\" \/><\/a>\n\t\t\t<\/dt><\/dl><dl class='gallery-item'>\n\t\t\t<dt class='gallery-icon portrait'>\n\t\t\t\t<a href='https:\/\/www.visit-ulcinj.com\/blog\/2015\/03\/05\/permbytje-masive-ne-ulqin-nga-reshjet-e-shiut-foto\/permbytje-masive-ne-ulqin-nga-shiu-15\/'><img width=\"150\" height=\"150\" src=\"https:\/\/www.visit-ulcinj.com\/blog\/wp-content\/uploads\/2015\/03\/P\u00ebrmbytje-masive-n\u00eb-Ulqin-nga-shiu-.15-150x150.jpg\" class=\"attachment-thumbnail size-thumbnail\" alt=\"\" loading=\"lazy\" \/><\/a>\n\t\t\t<\/dt><\/dl><br style=\"clear: both\" \/><dl class='gallery-item'>\n\t\t\t<dt class='gallery-icon portrait'>\n\t\t\t\t<a href='https:\/\/www.visit-ulcinj.com\/blog\/2015\/03\/05\/poplave-u-ulcinj-nakon-obilnih-padavina-foto\/permbytje-masive-ne-ulqin-nga-shiu-16\/'><img width=\"150\" height=\"150\" src=\"https:\/\/www.visit-ulcinj.com\/blog\/wp-content\/uploads\/2015\/03\/P\u00ebrmbytje-masive-n\u00eb-Ulqin-nga-shiu-.16-150x150.jpg\" class=\"attachment-thumbnail size-thumbnail\" alt=\"\" loading=\"lazy\" \/><\/a>\n\t\t\t<\/dt><\/dl><dl class='gallery-item'>\n\t\t\t<dt class='gallery-icon landscape'>\n\t\t\t\t<a href='https:\/\/www.visit-ulcinj.com\/blog\/2015\/03\/05\/permbytje-masive-ne-ulqin-nga-reshjet-e-shiut-foto\/permbytje-masive-ne-ulqin-nga-shiu-17\/'><img width=\"150\" height=\"150\" src=\"https:\/\/www.visit-ulcinj.com\/blog\/wp-content\/uploads\/2015\/03\/P\u00ebrmbytje-masive-n\u00eb-Ulqin-nga-shiu-.17-150x150.jpg\" class=\"attachment-thumbnail size-thumbnail\" alt=\"\" loading=\"lazy\" \/><\/a>\n\t\t\t<\/dt><\/dl><dl class='gallery-item'>\n\t\t\t<dt class='gallery-icon portrait'>\n\t\t\t\t<a href='https:\/\/www.visit-ulcinj.com\/blog\/2015\/03\/05\/permbytje-masive-ne-ulqin-nga-reshjet-e-shiut-foto\/permbytje-masive-ne-ulqin-nga-shiu-18\/'><img width=\"150\" height=\"150\" src=\"https:\/\/www.visit-ulcinj.com\/blog\/wp-content\/uploads\/2015\/03\/P\u00ebrmbytje-masive-n\u00eb-Ulqin-nga-shiu-.18-150x150.jpg\" class=\"attachment-thumbnail size-thumbnail\" alt=\"\" loading=\"lazy\" \/><\/a>\n\t\t\t<\/dt><\/dl><br style=\"clear: both\" \/><dl class='gallery-item'>\n\t\t\t<dt class='gallery-icon portrait'>\n\t\t\t\t<a href='https:\/\/www.visit-ulcinj.com\/blog\/2015\/03\/05\/permbytje-masive-ne-ulqin-nga-reshjet-e-shiut-foto\/permbytje-masive-ne-ulqin-nga-shiu-19\/'><img width=\"150\" height=\"150\" src=\"https:\/\/www.visit-ulcinj.com\/blog\/wp-content\/uploads\/2015\/03\/P\u00ebrmbytje-masive-n\u00eb-Ulqin-nga-shiu-.19-150x150.jpg\" class=\"attachment-thumbnail size-thumbnail\" alt=\"\" loading=\"lazy\" \/><\/a>\n\t\t\t<\/dt><\/dl><dl class='gallery-item'>\n\t\t\t<dt class='gallery-icon landscape'>\n\t\t\t\t<a href='https:\/\/www.visit-ulcinj.com\/blog\/2015\/03\/05\/permbytje-masive-ne-ulqin-nga-reshjet-e-shiut-foto\/permbytje-masive-ne-ulqin-nga-shiu-20\/'><img width=\"150\" height=\"150\" src=\"https:\/\/www.visit-ulcinj.com\/blog\/wp-content\/uploads\/2015\/03\/P\u00ebrmbytje-masive-n\u00eb-Ulqin-nga-shiu-.20-150x150.jpg\" class=\"attachment-thumbnail size-thumbnail\" alt=\"\" loading=\"lazy\" \/><\/a>\n\t\t\t<\/dt><\/dl><dl class='gallery-item'>\n\t\t\t<dt class='gallery-icon landscape'>\n\t\t\t\t<a href='https:\/\/www.visit-ulcinj.com\/blog\/2015\/03\/05\/permbytje-masive-ne-ulqin-nga-reshjet-e-shiut-foto\/permbytje-masive-ne-ulqin-nga-shiu-21\/'><img width=\"150\" height=\"150\" src=\"https:\/\/www.visit-ulcinj.com\/blog\/wp-content\/uploads\/2015\/03\/P\u00ebrmbytje-masive-n\u00eb-Ulqin-nga-shiu-.21-150x150.jpg\" class=\"attachment-thumbnail size-thumbnail\" alt=\"\" loading=\"lazy\" \/><\/a>\n\t\t\t<\/dt><\/dl><br style=\"clear: both\" \/><dl class='gallery-item'>\n\t\t\t<dt class='gallery-icon portrait'>\n\t\t\t\t<a href='https:\/\/www.visit-ulcinj.com\/blog\/2015\/03\/05\/permbytje-masive-ne-ulqin-nga-reshjet-e-shiut-foto\/permbytje-masive-ne-ulqin-nga-shiu-22\/'><img width=\"150\" height=\"150\" src=\"https:\/\/www.visit-ulcinj.com\/blog\/wp-content\/uploads\/2015\/03\/P\u00ebrmbytje-masive-n\u00eb-Ulqin-nga-shiu-.22-150x150.jpg\" class=\"attachment-thumbnail size-thumbnail\" alt=\"\" loading=\"lazy\" \/><\/a>\n\t\t\t<\/dt><\/dl><dl class='gallery-item'>\n\t\t\t<dt class='gallery-icon landscape'>\n\t\t\t\t<a href='https:\/\/www.visit-ulcinj.com\/blog\/2015\/03\/05\/permbytje-masive-ne-ulqin-nga-reshjet-e-shiut-foto\/permbytje-masive-ne-ulqin-nga-shiu-24\/'><img width=\"150\" height=\"150\" src=\"https:\/\/www.visit-ulcinj.com\/blog\/wp-content\/uploads\/2015\/03\/P\u00ebrmbytje-masive-n\u00eb-Ulqin-nga-shiu-.24-150x150.jpg\" class=\"attachment-thumbnail size-thumbnail\" alt=\"\" loading=\"lazy\" \/><\/a>\n\t\t\t<\/dt><\/dl><dl class='gallery-item'>\n\t\t\t<dt class='gallery-icon landscape'>\n\t\t\t\t<a href='https:\/\/www.visit-ulcinj.com\/blog\/2015\/03\/05\/permbytje-masive-ne-ulqin-nga-reshjet-e-shiut-foto\/permbytje-masive-ne-ulqin-nga-shiu-23\/'><img width=\"150\" height=\"150\" src=\"https:\/\/www.visit-ulcinj.com\/blog\/wp-content\/uploads\/2015\/03\/P\u00ebrmbytje-masive-n\u00eb-Ulqin-nga-shiu-.23-150x150.jpg\" class=\"attachment-thumbnail size-thumbnail\" alt=\"\" loading=\"lazy\" \/><\/a>\n\t\t\t<\/dt><\/dl><br style=\"clear: both\" \/><dl class='gallery-item'>\n\t\t\t<dt class='gallery-icon landscape'>\n\t\t\t\t<a href='https:\/\/www.visit-ulcinj.com\/blog\/2015\/03\/05\/permbytje-masive-ne-ulqin-nga-reshjet-e-shiut-foto\/permbytje-masive-ne-ulqin-nga-shiu-25\/'><img width=\"150\" height=\"150\" src=\"https:\/\/www.visit-ulcinj.com\/blog\/wp-content\/uploads\/2015\/03\/P\u00ebrmbytje-masive-n\u00eb-Ulqin-nga-shiu-.25-150x150.jpg\" class=\"attachment-thumbnail size-thumbnail\" alt=\"\" loading=\"lazy\" \/><\/a>\n\t\t\t<\/dt><\/dl><dl class='gallery-item'>\n\t\t\t<dt class='gallery-icon landscape'>\n\t\t\t\t<a href='https:\/\/www.visit-ulcinj.com\/blog\/2015\/03\/05\/permbytje-masive-ne-ulqin-nga-reshjet-e-shiut-foto\/permbytje-masive-ne-ulqin-nga-shiu-26\/'><img width=\"150\" height=\"150\" src=\"https:\/\/www.visit-ulcinj.com\/blog\/wp-content\/uploads\/2015\/03\/P\u00ebrmbytje-masive-n\u00eb-Ulqin-nga-shiu-.26-150x150.jpg\" class=\"attachment-thumbnail size-thumbnail\" alt=\"\" loading=\"lazy\" \/><\/a>\n\t\t\t<\/dt><\/dl><dl class='gallery-item'>\n\t\t\t<dt class='gallery-icon portrait'>\n\t\t\t\t<a href='https:\/\/www.visit-ulcinj.com\/blog\/2015\/03\/05\/permbytje-masive-ne-ulqin-nga-reshjet-e-shiut-foto\/permbytje-masive-ne-ulqin-nga-shiu-27\/'><img width=\"150\" height=\"150\" src=\"https:\/\/www.visit-ulcinj.com\/blog\/wp-content\/uploads\/2015\/03\/P\u00ebrmbytje-masive-n\u00eb-Ulqin-nga-shiu-.27-150x150.jpg\" class=\"attachment-thumbnail size-thumbnail\" alt=\"\" loading=\"lazy\" \/><\/a>\n\t\t\t<\/dt><\/dl><br style=\"clear: both\" \/><dl class='gallery-item'>\n\t\t\t<dt class='gallery-icon portrait'>\n\t\t\t\t<a href='https:\/\/www.visit-ulcinj.com\/blog\/2015\/03\/05\/permbytje-masive-ne-ulqin-nga-reshjet-e-shiut-foto\/permbytje-masive-ne-ulqin-nga-shiu-29\/'><img width=\"150\" height=\"150\" src=\"https:\/\/www.visit-ulcinj.com\/blog\/wp-content\/uploads\/2015\/03\/P\u00ebrmbytje-masive-n\u00eb-Ulqin-nga-shiu-.29-150x150.jpg\" class=\"attachment-thumbnail size-thumbnail\" alt=\"\" loading=\"lazy\" \/><\/a>\n\t\t\t<\/dt><\/dl>\n\t\t\t<br style='clear: both' \/>\n\t\t<\/div>\n\n","protected":false},"excerpt":{"rendered":"<p>Ulqini dje dhe sot \u00ebsht\u00eb p\u00ebrfshir\u00eb nga moti i keq dhe reshjet intensive t\u00eb shiut. Reshjet kan\u00eb shkaktuar p\u00ebrmbytje n\u00eb disa pjes\u00eb t\u00eb krye t\u00eb qytetit, p\u00ebrfshir\u00eb edhe pjes\u00ebn qendrore, sikurse Rana, Gjeranat, Kodrat, Bratica, Shtoji etj. M\u00eb t\u00eb rrezikshme p\u00ebr l\u00ebvizjen e lir\u00eb kan\u00eb qen\u00eb pjes\u00ebt e ul\u00ebta n\u00ebn ura si dhe zona tjera [&hellip;]<\/p>\n","protected":false},"author":1,"featured_media":0,"comment_status":"closed","ping_status":"closed","sticky":false,"template":"","format":"standard","meta":{"spay_email":"","jetpack_publicize_message":"","jetpack_is_tweetstorm":false,"jetpack_publicize_feature_enabled":true},"categories":[1,12],"tags":[],"jetpack_publicize_connections":[],"yoast_head":"<!-- This site is optimized with the Yoast SEO plugin v19.1 - https:\/\/yoast.com\/wordpress\/plugins\/seo\/ -->\n<title>P\u00ebrmbytje masive n\u00eb Ulqin nga reshjet e shiut + Foto t\u00eb reja - Video - Lajme nga Ulqini<\/title>\n<meta name=\"description\" content=\"Ulqini dje dhe sot \u00ebsht\u00eb p\u00ebrfshir\u00eb nga moti i keq dhe reshjet intensive t\u00eb shiut. Reshjet kan\u00eb shkaktuar p\u00ebrmbytje n\u00eb disa pjes\u00eb t\u00eb krye t\u00eb qytetit,\" \/>\n<meta name=\"robots\" content=\"index, follow, max-snippet:-1, max-image-preview:large, max-video-preview:-1\" \/>\n<link rel=\"canonical\" href=\"https:\/\/www.visit-ulcinj.com\/blog\/2015\/03\/05\/permbytje-masive-ne-ulqin-nga-reshjet-e-shiut-foto\/\" \/>\n<meta property=\"og:locale\" content=\"en_US\" \/>\n<meta property=\"og:type\" content=\"article\" \/>\n<meta property=\"og:title\" content=\"P\u00ebrmbytje masive n\u00eb Ulqin nga reshjet e shiut + Foto t\u00eb reja - Video - Lajme nga Ulqini\" \/>\n<meta property=\"og:description\" content=\"Ulqini dje dhe sot \u00ebsht\u00eb p\u00ebrfshir\u00eb nga moti i keq dhe reshjet intensive t\u00eb shiut. Reshjet kan\u00eb shkaktuar p\u00ebrmbytje n\u00eb disa pjes\u00eb t\u00eb krye t\u00eb qytetit,\" \/>\n<meta property=\"og:url\" content=\"https:\/\/www.visit-ulcinj.com\/blog\/2015\/03\/05\/permbytje-masive-ne-ulqin-nga-reshjet-e-shiut-foto\/\" \/>\n<meta property=\"og:site_name\" content=\"Lajme nga Ulqini\" \/>\n<meta property=\"article:published_time\" content=\"2015-03-05T16:13:40+00:00\" \/>\n<meta property=\"article:modified_time\" content=\"2015-03-09T13:54:53+00:00\" \/>\n<meta property=\"og:image\" content=\"https:\/\/www.visit-ulcinj.com\/blog\/wp-content\/uploads\/2015\/03\/P\u00ebrmbytje-masive-n\u00eb-Ulqin-nga-shiu-150x150.jpg\" \/>\n<meta name=\"twitter:label1\" content=\"Written by\" \/>\n\t<meta name=\"twitter:data1\" content=\"ulqini\" \/>\n\t<meta name=\"twitter:label2\" content=\"Est. reading time\" \/>\n\t<meta name=\"twitter:data2\" content=\"1 minute\" \/>\n<script type=\"application\/ld+json\" class=\"yoast-schema-graph\">{\"@context\":\"https:\/\/schema.org\",\"@graph\":[{\"@type\":\"WebSite\",\"@id\":\"https:\/\/www.visit-ulcinj.com\/blog\/#website\",\"url\":\"https:\/\/www.visit-ulcinj.com\/blog\/\",\"name\":\"Lajme nga Ulqini\",\"description\":\"Lajme,Vijesti,Ulqini,Ulqin,Crna Gora,Mali i Zi\",\"potentialAction\":[{\"@type\":\"SearchAction\",\"target\":{\"@type\":\"EntryPoint\",\"urlTemplate\":\"https:\/\/www.visit-ulcinj.com\/blog\/?s={search_term_string}\"},\"query-input\":\"required name=search_term_string\"}],\"inLanguage\":\"en-US\"},{\"@type\":\"WebPage\",\"@id\":\"https:\/\/www.visit-ulcinj.com\/blog\/2015\/03\/05\/permbytje-masive-ne-ulqin-nga-reshjet-e-shiut-foto\/#webpage\",\"url\":\"https:\/\/www.visit-ulcinj.com\/blog\/2015\/03\/05\/permbytje-masive-ne-ulqin-nga-reshjet-e-shiut-foto\/\",\"name\":\"P\u00ebrmbytje masive n\u00eb Ulqin nga reshjet e shiut + Foto t\u00eb reja - Video - Lajme nga Ulqini\",\"isPartOf\":{\"@id\":\"https:\/\/www.visit-ulcinj.com\/blog\/#website\"},\"datePublished\":\"2015-03-05T16:13:40+00:00\",\"dateModified\":\"2015-03-09T13:54:53+00:00\",\"author\":{\"@id\":\"https:\/\/www.visit-ulcinj.com\/blog\/#\/schema\/person\/dcab619c614d3038751c63bc2aadc06d\"},\"description\":\"Ulqini dje dhe sot \u00ebsht\u00eb p\u00ebrfshir\u00eb nga moti i keq dhe reshjet intensive t\u00eb shiut. Reshjet kan\u00eb shkaktuar p\u00ebrmbytje n\u00eb disa pjes\u00eb t\u00eb krye t\u00eb qytetit,\",\"breadcrumb\":{\"@id\":\"https:\/\/www.visit-ulcinj.com\/blog\/2015\/03\/05\/permbytje-masive-ne-ulqin-nga-reshjet-e-shiut-foto\/#breadcrumb\"},\"inLanguage\":\"en-US\",\"potentialAction\":[{\"@type\":\"ReadAction\",\"target\":[\"https:\/\/www.visit-ulcinj.com\/blog\/2015\/03\/05\/permbytje-masive-ne-ulqin-nga-reshjet-e-shiut-foto\/\"]}]},{\"@type\":\"BreadcrumbList\",\"@id\":\"https:\/\/www.visit-ulcinj.com\/blog\/2015\/03\/05\/permbytje-masive-ne-ulqin-nga-reshjet-e-shiut-foto\/#breadcrumb\",\"itemListElement\":[{\"@type\":\"ListItem\",\"position\":1,\"name\":\"P\u00ebrmbytje masive n\u00eb Ulqin nga reshjet e shiut + Foto t\u00eb reja &#8211; Video\"}]},{\"@type\":\"Person\",\"@id\":\"https:\/\/www.visit-ulcinj.com\/blog\/#\/schema\/person\/dcab619c614d3038751c63bc2aadc06d\",\"name\":\"ulqini\",\"sameAs\":[\"http:\/\/www.visit-ulcinj.com\"],\"url\":\"https:\/\/www.visit-ulcinj.com\/blog\/author\/admin\/\"}]}<\/script>\n<!-- \/ Yoast SEO plugin. -->","yoast_head_json":{"title":"P\u00ebrmbytje masive n\u00eb Ulqin nga reshjet e shiut + Foto t\u00eb reja - Video - Lajme nga Ulqini","description":"Ulqini dje dhe sot \u00ebsht\u00eb p\u00ebrfshir\u00eb nga moti i keq dhe reshjet intensive t\u00eb shiut. Reshjet kan\u00eb shkaktuar p\u00ebrmbytje n\u00eb disa pjes\u00eb t\u00eb krye t\u00eb qytetit,","robots":{"index":"index","follow":"follow","max-snippet":"max-snippet:-1","max-image-preview":"max-image-preview:large","max-video-preview":"max-video-preview:-1"},"canonical":"https:\/\/www.visit-ulcinj.com\/blog\/2015\/03\/05\/permbytje-masive-ne-ulqin-nga-reshjet-e-shiut-foto\/","og_locale":"en_US","og_type":"article","og_title":"P\u00ebrmbytje masive n\u00eb Ulqin nga reshjet e shiut + Foto t\u00eb reja - Video - Lajme nga Ulqini","og_description":"Ulqini dje dhe sot \u00ebsht\u00eb p\u00ebrfshir\u00eb nga moti i keq dhe reshjet intensive t\u00eb shiut. Reshjet kan\u00eb shkaktuar p\u00ebrmbytje n\u00eb disa pjes\u00eb t\u00eb krye t\u00eb qytetit,","og_url":"https:\/\/www.visit-ulcinj.com\/blog\/2015\/03\/05\/permbytje-masive-ne-ulqin-nga-reshjet-e-shiut-foto\/","og_site_name":"Lajme nga Ulqini","article_published_time":"2015-03-05T16:13:40+00:00","article_modified_time":"2015-03-09T13:54:53+00:00","og_image":[{"url":"https:\/\/www.visit-ulcinj.com\/blog\/wp-content\/uploads\/2015\/03\/P\u00ebrmbytje-masive-n\u00eb-Ulqin-nga-shiu-150x150.jpg"}],"twitter_misc":{"Written by":"ulqini","Est. reading time":"1 minute"},"schema":{"@context":"https:\/\/schema.org","@graph":[{"@type":"WebSite","@id":"https:\/\/www.visit-ulcinj.com\/blog\/#website","url":"https:\/\/www.visit-ulcinj.com\/blog\/","name":"Lajme nga Ulqini","description":"Lajme,Vijesti,Ulqini,Ulqin,Crna Gora,Mali i Zi","potentialAction":[{"@type":"SearchAction","target":{"@type":"EntryPoint","urlTemplate":"https:\/\/www.visit-ulcinj.com\/blog\/?s={search_term_string}"},"query-input":"required name=search_term_string"}],"inLanguage":"en-US"},{"@type":"WebPage","@id":"https:\/\/www.visit-ulcinj.com\/blog\/2015\/03\/05\/permbytje-masive-ne-ulqin-nga-reshjet-e-shiut-foto\/#webpage","url":"https:\/\/www.visit-ulcinj.com\/blog\/2015\/03\/05\/permbytje-masive-ne-ulqin-nga-reshjet-e-shiut-foto\/","name":"P\u00ebrmbytje masive n\u00eb Ulqin nga reshjet e shiut + Foto t\u00eb reja - Video - Lajme nga Ulqini","isPartOf":{"@id":"https:\/\/www.visit-ulcinj.com\/blog\/#website"},"datePublished":"2015-03-05T16:13:40+00:00","dateModified":"2015-03-09T13:54:53+00:00","author":{"@id":"https:\/\/www.visit-ulcinj.com\/blog\/#\/schema\/person\/dcab619c614d3038751c63bc2aadc06d"},"description":"Ulqini dje dhe sot \u00ebsht\u00eb p\u00ebrfshir\u00eb nga moti i keq dhe reshjet intensive t\u00eb shiut. Reshjet kan\u00eb shkaktuar p\u00ebrmbytje n\u00eb disa pjes\u00eb t\u00eb krye t\u00eb qytetit,","breadcrumb":{"@id":"https:\/\/www.visit-ulcinj.com\/blog\/2015\/03\/05\/permbytje-masive-ne-ulqin-nga-reshjet-e-shiut-foto\/#breadcrumb"},"inLanguage":"en-US","potentialAction":[{"@type":"ReadAction","target":["https:\/\/www.visit-ulcinj.com\/blog\/2015\/03\/05\/permbytje-masive-ne-ulqin-nga-reshjet-e-shiut-foto\/"]}]},{"@type":"BreadcrumbList","@id":"https:\/\/www.visit-ulcinj.com\/blog\/2015\/03\/05\/permbytje-masive-ne-ulqin-nga-reshjet-e-shiut-foto\/#breadcrumb","itemListElement":[{"@type":"ListItem","position":1,"name":"P\u00ebrmbytje masive n\u00eb Ulqin nga reshjet e shiut + Foto t\u00eb reja &#8211; Video"}]},{"@type":"Person","@id":"https:\/\/www.visit-ulcinj.com\/blog\/#\/schema\/person\/dcab619c614d3038751c63bc2aadc06d","name":"ulqini","sameAs":["http:\/\/www.visit-ulcinj.com"],"url":"https:\/\/www.visit-ulcinj.com\/blog\/author\/admin\/"}]}},"jetpack_featured_media_url":"","jetpack_sharing_enabled":true,"jetpack_shortlink":"https:\/\/wp.me\/pe6lTn-nbC","_links":{"self":[{"href":"https:\/\/www.visit-ulcinj.com\/blog\/wp-json\/wp\/v2\/posts\/89132"}],"collection":[{"href":"https:\/\/www.visit-ulcinj.com\/blog\/wp-json\/wp\/v2\/posts"}],"about":[{"href":"https:\/\/www.visit-ulcinj.com\/blog\/wp-json\/wp\/v2\/types\/post"}],"author":[{"embeddable":true,"href":"https:\/\/www.visit-ulcinj.com\/blog\/wp-json\/wp\/v2\/users\/1"}],"replies":[{"embeddable":true,"href":"https:\/\/www.visit-ulcinj.com\/blog\/wp-json\/wp\/v2\/comments?post=89132"}],"version-history":[{"count":17,"href":"https:\/\/www.visit-ulcinj.com\/blog\/wp-json\/wp\/v2\/posts\/89132\/revisions"}],"predecessor-version":[{"id":89208,"href":"https:\/\/www.visit-ulcinj.com\/blog\/wp-json\/wp\/v2\/posts\/89132\/revisions\/89208"}],"wp:attachment":[{"href":"https:\/\/www.visit-ulcinj.com\/blog\/wp-json\/wp\/v2\/media?parent=89132"}],"wp:term":[{"taxonomy":"category","embeddable":true,"href":"https:\/\/www.visit-ulcinj.com\/blog\/wp-json\/wp\/v2\/categories?post=89132"},{"taxonomy":"post_tag","embeddable":true,"href":"https:\/\/www.visit-ulcinj.com\/blog\/wp-json\/wp\/v2\/tags?post=89132"}],"curies":[{"name":"wp","href":"https:\/\/api.w.org\/{rel}","templated":true}]}}