{"id":89142,"date":"2015-03-05T17:22:37","date_gmt":"2015-03-05T16:22:37","guid":{"rendered":"http:\/\/www.visit-ulcinj.com\/blog\/?p=89142"},"modified":"2015-03-05T17:22:37","modified_gmt":"2015-03-05T16:22:37","slug":"uspjesno-predstavljanje-ulcinjske-rivijere-u-berlinu","status":"publish","type":"post","link":"https:\/\/www.visit-ulcinj.com\/blog\/2015\/03\/05\/uspjesno-predstavljanje-ulcinjske-rivijere-u-berlinu\/","title":{"rendered":"Uspje\u0161no predstavljanje Ulcinjske rivijere u Berlinu"},"content":{"rendered":"<p><a href=\"http:\/\/www.visit-ulcinj.com\/blog\/wp-content\/uploads\/2015\/03\/Ulcinjska-rivijera-u-sajmu-u-Berlinu.jpg\"><img loading=\"lazy\" class=\"alignleft wp-image-89144\" src=\"http:\/\/www.visit-ulcinj.com\/blog\/wp-content\/uploads\/2015\/03\/Ulcinjska-rivijera-u-sajmu-u-Berlinu.jpg\" alt=\"Ulcinjska rivijera u sajmu u Berlinu\" width=\"508\" height=\"677\" srcset=\"https:\/\/www.visit-ulcinj.com\/blog\/wp-content\/uploads\/2015\/03\/Ulcinjska-rivijera-u-sajmu-u-Berlinu.jpg 700w, https:\/\/www.visit-ulcinj.com\/blog\/wp-content\/uploads\/2015\/03\/Ulcinjska-rivijera-u-sajmu-u-Berlinu-225x300.jpg 225w\" sizes=\"(max-width: 508px) 100vw, 508px\" \/><\/a>HTP Ulcinjska rivijera predstavlja turisti\u010dku ponudu u Berlinu na najve\u0107oj svjetskoj turisti\u010dkoj berzi \u201cITB\u201d koja se odr\u017eava od 3. do 8. marta. Za Hotelijersko turisti\u010dko preduze\u0107e Njema\u010dka \u00a0je jedno od glavnih emitivnih tr\u017ei\u0161ta jer svake godine gosti iz Njema\u010dke u Ulcinjskoj rivijeri ostvare oko 10.000 no\u0107enja. Njemci su tradicionalno veliki ljubitelji Ade Bojane i dolaze posredstvom turisti\u010dkih agencija \u201cObena\u201d i \u201cITS\u201d. U nudisti\u010dkom naselju na Adi Bojani i u hotelu \u201cOlympic\u201d na Velikoj pla\u017ei Njemci borave prete\u017eno u periodu pred i postsezone.<\/p>\n<p>Na berlinskoj berzi o\u010dekuju se susreti sa dugogodi\u0161njim partnerima \u2013 agencijama sa kojima Ulcinjska rivijera sara\u0111uje vi\u0161e decenija. Drugog dana sajma obnovljen je ugovor sa najve\u0107om njema\u010dkom specijalizovanom turisti\u010dkom agencijom za nudizam \u2013 Obenom. Iz Obene su saop\u0161tili su da je prodaja za sezonu 2015. bolja od pro\u0161logodinje.<\/p>\n<p>Na sajmu u Berlinu u okviru \u0161tanda Nacionalne turisti\u010dke organizacije gde je predstavljena ponuda Ulcinjske rivijere se dijeli nov propagandni materijal: bro\u0161ura Ulcinjske rivijere i flajeri Ade Bojane. Cijene su u 2015. godini na nivou pro\u0161logodi\u0161njih.<\/p>\n<p>U 26 sajamskih hala ove godine organizatori o\u010dekuju vi\u0161e od 10 hiljada izlaga\u010da iz 180 zemalja i preko 180 hiljada posjetilaca, od \u010dega je 130 hiljada profesionalaca iz oblasti turizma.<\/p>\n<p><a href=\"http:\/\/www.visit-ulcinj.com\/blog\/wp-content\/uploads\/2015\/03\/Ulcinjska-rivijera-u-sajmu-u-Berlinu-1.jpg\"><img loading=\"lazy\" class=\"alignleft wp-image-89145\" src=\"http:\/\/www.visit-ulcinj.com\/blog\/wp-content\/uploads\/2015\/03\/Ulcinjska-rivijera-u-sajmu-u-Berlinu-1.jpg\" alt=\"Ulcinjska rivijera u sajmu u Berlinu-1\" width=\"508\" height=\"677\" srcset=\"https:\/\/www.visit-ulcinj.com\/blog\/wp-content\/uploads\/2015\/03\/Ulcinjska-rivijera-u-sajmu-u-Berlinu-1.jpg 700w, https:\/\/www.visit-ulcinj.com\/blog\/wp-content\/uploads\/2015\/03\/Ulcinjska-rivijera-u-sajmu-u-Berlinu-1-225x300.jpg 225w\" sizes=\"(max-width: 508px) 100vw, 508px\" \/><\/a><\/p>\n<p>&nbsp;<\/p>\n<p>HTP Ulcinjska rivijera<\/p>\n<p>&nbsp;<\/p>\n","protected":false},"excerpt":{"rendered":"<p>HTP Ulcinjska rivijera predstavlja turisti\u010dku ponudu u Berlinu na najve\u0107oj svjetskoj turisti\u010dkoj berzi \u201cITB\u201d koja se odr\u017eava od 3. do 8. marta. Za Hotelijersko turisti\u010dko preduze\u0107e Njema\u010dka \u00a0je jedno od glavnih emitivnih tr\u017ei\u0161ta jer svake godine gosti iz Njema\u010dke u Ulcinjskoj rivijeri ostvare oko 10.000 no\u0107enja. Njemci su tradicionalno veliki ljubitelji Ade Bojane i dolaze [&hellip;]<\/p>\n","protected":false},"author":1,"featured_media":0,"comment_status":"closed","ping_status":"closed","sticky":false,"template":"","format":"standard","meta":{"spay_email":"","jetpack_publicize_message":"","jetpack_is_tweetstorm":false,"jetpack_publicize_feature_enabled":true},"categories":[8337],"tags":[],"jetpack_publicize_connections":[],"yoast_head":"<!-- This site is optimized with the Yoast SEO plugin v19.1 - https:\/\/yoast.com\/wordpress\/plugins\/seo\/ -->\n<title>Uspje\u0161no predstavljanje Ulcinjske rivijere u Berlinu - Lajme nga Ulqini<\/title>\n<meta name=\"description\" content=\"HTP Ulcinjska rivijera predstavlja turisti\u010dku ponudu u Berlinu na najve\u0107oj svjetskoj turisti\u010dkoj berzi \u201cITB\u201d koja se odr\u017eava od 3. do 8. marta. Za\" \/>\n<meta name=\"robots\" content=\"index, follow, max-snippet:-1, max-image-preview:large, max-video-preview:-1\" \/>\n<link rel=\"canonical\" href=\"https:\/\/www.visit-ulcinj.com\/blog\/2015\/03\/05\/uspjesno-predstavljanje-ulcinjske-rivijere-u-berlinu\/\" \/>\n<meta property=\"og:locale\" content=\"en_US\" \/>\n<meta property=\"og:type\" content=\"article\" \/>\n<meta property=\"og:title\" content=\"Uspje\u0161no predstavljanje Ulcinjske rivijere u Berlinu - Lajme nga Ulqini\" \/>\n<meta property=\"og:description\" content=\"HTP Ulcinjska rivijera predstavlja turisti\u010dku ponudu u Berlinu na najve\u0107oj svjetskoj turisti\u010dkoj berzi \u201cITB\u201d koja se odr\u017eava od 3. do 8. marta. Za\" \/>\n<meta property=\"og:url\" content=\"https:\/\/www.visit-ulcinj.com\/blog\/2015\/03\/05\/uspjesno-predstavljanje-ulcinjske-rivijere-u-berlinu\/\" \/>\n<meta property=\"og:site_name\" content=\"Lajme nga Ulqini\" \/>\n<meta property=\"article:published_time\" content=\"2015-03-05T16:22:37+00:00\" \/>\n<meta property=\"og:image\" content=\"http:\/\/www.visit-ulcinj.com\/blog\/wp-content\/uploads\/2015\/03\/Ulcinjska-rivijera-u-sajmu-u-Berlinu.jpg\" \/>\n<meta name=\"twitter:label1\" content=\"Written by\" \/>\n\t<meta name=\"twitter:data1\" content=\"ulqini\" \/>\n\t<meta name=\"twitter:label2\" content=\"Est. reading time\" \/>\n\t<meta name=\"twitter:data2\" content=\"1 minute\" \/>\n<script type=\"application\/ld+json\" class=\"yoast-schema-graph\">{\"@context\":\"https:\/\/schema.org\",\"@graph\":[{\"@type\":\"WebSite\",\"@id\":\"https:\/\/www.visit-ulcinj.com\/blog\/#website\",\"url\":\"https:\/\/www.visit-ulcinj.com\/blog\/\",\"name\":\"Lajme nga Ulqini\",\"description\":\"Lajme,Vijesti,Ulqini,Ulqin,Crna Gora,Mali i Zi\",\"potentialAction\":[{\"@type\":\"SearchAction\",\"target\":{\"@type\":\"EntryPoint\",\"urlTemplate\":\"https:\/\/www.visit-ulcinj.com\/blog\/?s={search_term_string}\"},\"query-input\":\"required name=search_term_string\"}],\"inLanguage\":\"en-US\"},{\"@type\":\"ImageObject\",\"inLanguage\":\"en-US\",\"@id\":\"https:\/\/www.visit-ulcinj.com\/blog\/2015\/03\/05\/uspjesno-predstavljanje-ulcinjske-rivijere-u-berlinu\/#primaryimage\",\"url\":\"https:\/\/www.visit-ulcinj.com\/blog\/wp-content\/uploads\/2015\/03\/Ulcinjska-rivijera-u-sajmu-u-Berlinu.jpg\",\"contentUrl\":\"https:\/\/www.visit-ulcinj.com\/blog\/wp-content\/uploads\/2015\/03\/Ulcinjska-rivijera-u-sajmu-u-Berlinu.jpg\",\"width\":700,\"height\":933},{\"@type\":\"WebPage\",\"@id\":\"https:\/\/www.visit-ulcinj.com\/blog\/2015\/03\/05\/uspjesno-predstavljanje-ulcinjske-rivijere-u-berlinu\/#webpage\",\"url\":\"https:\/\/www.visit-ulcinj.com\/blog\/2015\/03\/05\/uspjesno-predstavljanje-ulcinjske-rivijere-u-berlinu\/\",\"name\":\"Uspje\u0161no predstavljanje Ulcinjske rivijere u Berlinu - Lajme nga Ulqini\",\"isPartOf\":{\"@id\":\"https:\/\/www.visit-ulcinj.com\/blog\/#website\"},\"primaryImageOfPage\":{\"@id\":\"https:\/\/www.visit-ulcinj.com\/blog\/2015\/03\/05\/uspjesno-predstavljanje-ulcinjske-rivijere-u-berlinu\/#primaryimage\"},\"datePublished\":\"2015-03-05T16:22:37+00:00\",\"dateModified\":\"2015-03-05T16:22:37+00:00\",\"author\":{\"@id\":\"https:\/\/www.visit-ulcinj.com\/blog\/#\/schema\/person\/dcab619c614d3038751c63bc2aadc06d\"},\"description\":\"HTP Ulcinjska rivijera predstavlja turisti\u010dku ponudu u Berlinu na najve\u0107oj svjetskoj turisti\u010dkoj berzi \u201cITB\u201d koja se odr\u017eava od 3. do 8. marta. Za\",\"breadcrumb\":{\"@id\":\"https:\/\/www.visit-ulcinj.com\/blog\/2015\/03\/05\/uspjesno-predstavljanje-ulcinjske-rivijere-u-berlinu\/#breadcrumb\"},\"inLanguage\":\"en-US\",\"potentialAction\":[{\"@type\":\"ReadAction\",\"target\":[\"https:\/\/www.visit-ulcinj.com\/blog\/2015\/03\/05\/uspjesno-predstavljanje-ulcinjske-rivijere-u-berlinu\/\"]}]},{\"@type\":\"BreadcrumbList\",\"@id\":\"https:\/\/www.visit-ulcinj.com\/blog\/2015\/03\/05\/uspjesno-predstavljanje-ulcinjske-rivijere-u-berlinu\/#breadcrumb\",\"itemListElement\":[{\"@type\":\"ListItem\",\"position\":1,\"name\":\"Uspje\u0161no predstavljanje Ulcinjske rivijere u Berlinu\"}]},{\"@type\":\"Person\",\"@id\":\"https:\/\/www.visit-ulcinj.com\/blog\/#\/schema\/person\/dcab619c614d3038751c63bc2aadc06d\",\"name\":\"ulqini\",\"sameAs\":[\"http:\/\/www.visit-ulcinj.com\"],\"url\":\"https:\/\/www.visit-ulcinj.com\/blog\/author\/admin\/\"}]}<\/script>\n<!-- \/ Yoast SEO plugin. -->","yoast_head_json":{"title":"Uspje\u0161no predstavljanje Ulcinjske rivijere u Berlinu - Lajme nga Ulqini","description":"HTP Ulcinjska rivijera predstavlja turisti\u010dku ponudu u Berlinu na najve\u0107oj svjetskoj turisti\u010dkoj berzi \u201cITB\u201d koja se odr\u017eava od 3. do 8. marta. Za","robots":{"index":"index","follow":"follow","max-snippet":"max-snippet:-1","max-image-preview":"max-image-preview:large","max-video-preview":"max-video-preview:-1"},"canonical":"https:\/\/www.visit-ulcinj.com\/blog\/2015\/03\/05\/uspjesno-predstavljanje-ulcinjske-rivijere-u-berlinu\/","og_locale":"en_US","og_type":"article","og_title":"Uspje\u0161no predstavljanje Ulcinjske rivijere u Berlinu - Lajme nga Ulqini","og_description":"HTP Ulcinjska rivijera predstavlja turisti\u010dku ponudu u Berlinu na najve\u0107oj svjetskoj turisti\u010dkoj berzi \u201cITB\u201d koja se odr\u017eava od 3. do 8. marta. Za","og_url":"https:\/\/www.visit-ulcinj.com\/blog\/2015\/03\/05\/uspjesno-predstavljanje-ulcinjske-rivijere-u-berlinu\/","og_site_name":"Lajme nga Ulqini","article_published_time":"2015-03-05T16:22:37+00:00","og_image":[{"url":"http:\/\/www.visit-ulcinj.com\/blog\/wp-content\/uploads\/2015\/03\/Ulcinjska-rivijera-u-sajmu-u-Berlinu.jpg"}],"twitter_misc":{"Written by":"ulqini","Est. reading time":"1 minute"},"schema":{"@context":"https:\/\/schema.org","@graph":[{"@type":"WebSite","@id":"https:\/\/www.visit-ulcinj.com\/blog\/#website","url":"https:\/\/www.visit-ulcinj.com\/blog\/","name":"Lajme nga Ulqini","description":"Lajme,Vijesti,Ulqini,Ulqin,Crna Gora,Mali i Zi","potentialAction":[{"@type":"SearchAction","target":{"@type":"EntryPoint","urlTemplate":"https:\/\/www.visit-ulcinj.com\/blog\/?s={search_term_string}"},"query-input":"required name=search_term_string"}],"inLanguage":"en-US"},{"@type":"ImageObject","inLanguage":"en-US","@id":"https:\/\/www.visit-ulcinj.com\/blog\/2015\/03\/05\/uspjesno-predstavljanje-ulcinjske-rivijere-u-berlinu\/#primaryimage","url":"https:\/\/www.visit-ulcinj.com\/blog\/wp-content\/uploads\/2015\/03\/Ulcinjska-rivijera-u-sajmu-u-Berlinu.jpg","contentUrl":"https:\/\/www.visit-ulcinj.com\/blog\/wp-content\/uploads\/2015\/03\/Ulcinjska-rivijera-u-sajmu-u-Berlinu.jpg","width":700,"height":933},{"@type":"WebPage","@id":"https:\/\/www.visit-ulcinj.com\/blog\/2015\/03\/05\/uspjesno-predstavljanje-ulcinjske-rivijere-u-berlinu\/#webpage","url":"https:\/\/www.visit-ulcinj.com\/blog\/2015\/03\/05\/uspjesno-predstavljanje-ulcinjske-rivijere-u-berlinu\/","name":"Uspje\u0161no predstavljanje Ulcinjske rivijere u Berlinu - Lajme nga Ulqini","isPartOf":{"@id":"https:\/\/www.visit-ulcinj.com\/blog\/#website"},"primaryImageOfPage":{"@id":"https:\/\/www.visit-ulcinj.com\/blog\/2015\/03\/05\/uspjesno-predstavljanje-ulcinjske-rivijere-u-berlinu\/#primaryimage"},"datePublished":"2015-03-05T16:22:37+00:00","dateModified":"2015-03-05T16:22:37+00:00","author":{"@id":"https:\/\/www.visit-ulcinj.com\/blog\/#\/schema\/person\/dcab619c614d3038751c63bc2aadc06d"},"description":"HTP Ulcinjska rivijera predstavlja turisti\u010dku ponudu u Berlinu na najve\u0107oj svjetskoj turisti\u010dkoj berzi \u201cITB\u201d koja se odr\u017eava od 3. do 8. marta. Za","breadcrumb":{"@id":"https:\/\/www.visit-ulcinj.com\/blog\/2015\/03\/05\/uspjesno-predstavljanje-ulcinjske-rivijere-u-berlinu\/#breadcrumb"},"inLanguage":"en-US","potentialAction":[{"@type":"ReadAction","target":["https:\/\/www.visit-ulcinj.com\/blog\/2015\/03\/05\/uspjesno-predstavljanje-ulcinjske-rivijere-u-berlinu\/"]}]},{"@type":"BreadcrumbList","@id":"https:\/\/www.visit-ulcinj.com\/blog\/2015\/03\/05\/uspjesno-predstavljanje-ulcinjske-rivijere-u-berlinu\/#breadcrumb","itemListElement":[{"@type":"ListItem","position":1,"name":"Uspje\u0161no predstavljanje Ulcinjske rivijere u Berlinu"}]},{"@type":"Person","@id":"https:\/\/www.visit-ulcinj.com\/blog\/#\/schema\/person\/dcab619c614d3038751c63bc2aadc06d","name":"ulqini","sameAs":["http:\/\/www.visit-ulcinj.com"],"url":"https:\/\/www.visit-ulcinj.com\/blog\/author\/admin\/"}]}},"jetpack_featured_media_url":"","jetpack_sharing_enabled":true,"jetpack_shortlink":"https:\/\/wp.me\/pe6lTn-nbM","_links":{"self":[{"href":"https:\/\/www.visit-ulcinj.com\/blog\/wp-json\/wp\/v2\/posts\/89142"}],"collection":[{"href":"https:\/\/www.visit-ulcinj.com\/blog\/wp-json\/wp\/v2\/posts"}],"about":[{"href":"https:\/\/www.visit-ulcinj.com\/blog\/wp-json\/wp\/v2\/types\/post"}],"author":[{"embeddable":true,"href":"https:\/\/www.visit-ulcinj.com\/blog\/wp-json\/wp\/v2\/users\/1"}],"replies":[{"embeddable":true,"href":"https:\/\/www.visit-ulcinj.com\/blog\/wp-json\/wp\/v2\/comments?post=89142"}],"version-history":[{"count":1,"href":"https:\/\/www.visit-ulcinj.com\/blog\/wp-json\/wp\/v2\/posts\/89142\/revisions"}],"predecessor-version":[{"id":89146,"href":"https:\/\/www.visit-ulcinj.com\/blog\/wp-json\/wp\/v2\/posts\/89142\/revisions\/89146"}],"wp:attachment":[{"href":"https:\/\/www.visit-ulcinj.com\/blog\/wp-json\/wp\/v2\/media?parent=89142"}],"wp:term":[{"taxonomy":"category","embeddable":true,"href":"https:\/\/www.visit-ulcinj.com\/blog\/wp-json\/wp\/v2\/categories?post=89142"},{"taxonomy":"post_tag","embeddable":true,"href":"https:\/\/www.visit-ulcinj.com\/blog\/wp-json\/wp\/v2\/tags?post=89142"}],"curies":[{"name":"wp","href":"https:\/\/api.w.org\/{rel}","templated":true}]}}