{"id":89156,"date":"2015-03-05T20:18:21","date_gmt":"2015-03-05T19:18:21","guid":{"rendered":"http:\/\/www.visit-ulcinj.com\/blog\/?p=89156"},"modified":"2015-03-05T20:18:21","modified_gmt":"2015-03-05T19:18:21","slug":"dritan-abazovic-obesmisljavaju-ideju-vlade-u-sjenci","status":"publish","type":"post","link":"https:\/\/www.visit-ulcinj.com\/blog\/2015\/03\/05\/dritan-abazovic-obesmisljavaju-ideju-vlade-u-sjenci\/","title":{"rendered":"Dritan Abazovi\u0107: Obesmi\u0161ljavaju ideju vlade u sjenci"},"content":{"rendered":"<p><a href=\"http:\/\/www.visit-ulcinj.com\/blog\/wp-content\/uploads\/2015\/03\/Dritan-Abazovic-.jpg\"><img loading=\"lazy\" class=\"alignleft wp-image-89157\" src=\"http:\/\/www.visit-ulcinj.com\/blog\/wp-content\/uploads\/2015\/03\/Dritan-Abazovic-.jpg\" alt=\"Dritan-Abazovic-\" width=\"508\" height=\"381\" srcset=\"https:\/\/www.visit-ulcinj.com\/blog\/wp-content\/uploads\/2015\/03\/Dritan-Abazovic-.jpg 640w, https:\/\/www.visit-ulcinj.com\/blog\/wp-content\/uploads\/2015\/03\/Dritan-Abazovic--300x225.jpg 300w\" sizes=\"(max-width: 508px) 100vw, 508px\" \/><\/a>U Vladi u sjenci, koju \u0107e formirati Gra\u0111anski pokret, ne\u0107e biti ljudi iz drugih opozicionih subjekata, a informacije koje proteklih dana pojavljuju u medijima poku\u0161aj su obesmi\u0161ljavanja te ideje, saop\u0161tio je jedan od osniva\u010da Pokreta, Dritan Abazovi\u0107.<\/p>\n<p>\u201eGra\u0111anski pokret je, u cilju fer ponude bira\u010dima, konstatovao da je potrebno formirati vladu u sjenci, i mi \u0107emo to uraditi na osniva\u010dkoj konvenciji 14. marta, ili odmah nakon nje\u201c, kazao je Abazovi\u0107 agenciji Mina.<\/p>\n<p>On je pojasnio da nijesu \u017eeljeli da bilo koga zaobi\u0111u u tom smislu, nego da poka\u017eu da imaju kapacitet i kredibilne ljude koji imaju zavidne biografije u obavljanju javnih funkcija, i da kao takvi nude ne\u0161to novo na crnogorskoj politi\u010dkoj sceni.<\/p>\n<p>\u201eNakon toga je krenula lavina vlada u sjenci, \u010diji je cilj, vjerovatno, obesmi\u0161ljavanje te ideje\u201c, kazao je Abazovi\u0107.<\/p>\n<p>Prema njegovim rije\u010dima, ne treba na to gledati kao na ne\u0161to lo\u0161e.<\/p>\n<p>\u201eSvi koji misle da imaju ne\u0161to da ponude, treba to i da urade, a gra\u0111ani \u0107e ocjenjivati kvalitet, snagu i kredibilnost ljudi koji bi \u010dinili te &#8216;vlade u sjenci&#8217;, i vidjeti ko zaista ozbiljno pristupa odre\u0111enim poslovima, a ko ima cilj da medijskim \u0161pekulacijama dezavui\u0161e jednu kvalitetnu ideju\u201c, pojasnio je Abazovi\u0107.<\/p>\n<p>Kako je naveo, sve \u0161to se pojavilo nakon toga jeste legitimno, i u GP nemaju problema s tim.<\/p>\n<p>\u201eGP nema ekskluzivno pravo na ideju vlade u sjenci, ali odmah \u0107e se iskristalisati ko zaista mo\u017ee da je formira, a ko je mo\u017ee stvarati samo u medijskim napisima i izjavama\u201c, rekao je Abazovi\u0107.<\/p>\n<p>On je naglasio da \u201e\u0161to se ti\u010de nekih konkretnih imena opozicionih kolega koja su pominjana, to nije ne\u0161to \u0161to je vezano za GP, uz du\u017eno po\u0161tovanje svih\u201c.<\/p>\n<p>\u201eNa\u0161u vladu u sjenci \u010dini\u0107e ljudi iz GP i iz civinog sektora koji su bliski Pokretu, i koji ne pripadaju drugim opozicionim subjektima\u201c, precizirao je Abazovi\u0107.<\/p>\n<p>On je poru\u010dio da GP ostaje pri onome \u0161to su ranije najavili &#8211; da je svako ko misli da mo\u017ee da pomogne, ko ima kvalitetne kadrove i ko \u017eeli da svojim idejama konkretno doprinese boljoj ponudi bira\u010dima, dorodo\u0161ao da bude njihov potencijalni partner.<\/p>\n<p>\u201eAli, mislim da nikome ne koristi da se kroz medijske napise obesmi\u0161ljava jedna kvalitetna i ozbiljna ideja\u201c, dodao je Abazovi\u0107.<\/p>\n<p>GP je, kako je kazao, dao prili\u010dan doprinos u razgovorima o vladi nacionalnog jedinstva, koja, na\u017ealost, nije uspjela.<\/p>\n<p>\u201eSada smo odlu\u010dni da poka\u017eemo gra\u0111anima svoje kapacitete, jer kao novi politi\u010dki subjekt moramo pokazati novi kvalitet i ponuditi novi proizvod.Uvjereni smo da \u0107e ljudi koji budu sa\u010dinjavali na\u0161u vladu u sjenci svojim anga\u017emanom dokazati da su dostojni da vrlo relevantno predstavljaju odre\u0111ene sektore vezano za javne politike Crne Gore\u201c, naveo je Abazovi\u0107.<\/p>\n<p><strong>(Mina) &#8211; \/ RTCG<\/strong><\/p>\n","protected":false},"excerpt":{"rendered":"<p>U Vladi u sjenci, koju \u0107e formirati Gra\u0111anski pokret, ne\u0107e biti ljudi iz drugih opozicionih subjekata, a informacije koje proteklih dana pojavljuju u medijima poku\u0161aj su obesmi\u0161ljavanja te ideje, saop\u0161tio je jedan od osniva\u010da Pokreta, Dritan Abazovi\u0107. \u201eGra\u0111anski pokret je, u cilju fer ponude bira\u010dima, konstatovao da je potrebno formirati vladu u sjenci, i mi [&hellip;]<\/p>\n","protected":false},"author":1,"featured_media":0,"comment_status":"closed","ping_status":"closed","sticky":false,"template":"","format":"standard","meta":{"spay_email":"","jetpack_publicize_message":"","jetpack_is_tweetstorm":false,"jetpack_publicize_feature_enabled":true},"categories":[8337],"tags":[],"jetpack_publicize_connections":[],"yoast_head":"<!-- This site is optimized with the Yoast SEO plugin v19.1 - https:\/\/yoast.com\/wordpress\/plugins\/seo\/ -->\n<title>Dritan Abazovi\u0107: Obesmi\u0161ljavaju ideju vlade u sjenci - Lajme nga Ulqini<\/title>\n<meta name=\"description\" content=\"U Vladi u sjenci, koju \u0107e formirati Gra\u0111anski pokret, ne\u0107e biti ljudi iz drugih opozicionih subjekata, a informacije koje proteklih dana pojavljuju u\" \/>\n<meta name=\"robots\" content=\"index, follow, max-snippet:-1, max-image-preview:large, max-video-preview:-1\" \/>\n<link rel=\"canonical\" href=\"https:\/\/www.visit-ulcinj.com\/blog\/2015\/03\/05\/dritan-abazovic-obesmisljavaju-ideju-vlade-u-sjenci\/\" \/>\n<meta property=\"og:locale\" content=\"en_US\" \/>\n<meta property=\"og:type\" content=\"article\" \/>\n<meta property=\"og:title\" content=\"Dritan Abazovi\u0107: Obesmi\u0161ljavaju ideju vlade u sjenci - Lajme nga Ulqini\" \/>\n<meta property=\"og:description\" content=\"U Vladi u sjenci, koju \u0107e formirati Gra\u0111anski pokret, ne\u0107e biti ljudi iz drugih opozicionih subjekata, a informacije koje proteklih dana pojavljuju u\" \/>\n<meta property=\"og:url\" content=\"https:\/\/www.visit-ulcinj.com\/blog\/2015\/03\/05\/dritan-abazovic-obesmisljavaju-ideju-vlade-u-sjenci\/\" \/>\n<meta property=\"og:site_name\" content=\"Lajme nga Ulqini\" \/>\n<meta property=\"article:published_time\" content=\"2015-03-05T19:18:21+00:00\" \/>\n<meta property=\"og:image\" content=\"http:\/\/www.visit-ulcinj.com\/blog\/wp-content\/uploads\/2015\/03\/Dritan-Abazovic-.jpg\" \/>\n<meta name=\"twitter:label1\" content=\"Written by\" \/>\n\t<meta name=\"twitter:data1\" content=\"ulqini\" \/>\n\t<meta name=\"twitter:label2\" content=\"Est. reading time\" \/>\n\t<meta name=\"twitter:data2\" content=\"2 minutes\" \/>\n<script type=\"application\/ld+json\" class=\"yoast-schema-graph\">{\"@context\":\"https:\/\/schema.org\",\"@graph\":[{\"@type\":\"WebSite\",\"@id\":\"https:\/\/www.visit-ulcinj.com\/blog\/#website\",\"url\":\"https:\/\/www.visit-ulcinj.com\/blog\/\",\"name\":\"Lajme nga Ulqini\",\"description\":\"Lajme,Vijesti,Ulqini,Ulqin,Crna Gora,Mali i Zi\",\"potentialAction\":[{\"@type\":\"SearchAction\",\"target\":{\"@type\":\"EntryPoint\",\"urlTemplate\":\"https:\/\/www.visit-ulcinj.com\/blog\/?s={search_term_string}\"},\"query-input\":\"required name=search_term_string\"}],\"inLanguage\":\"en-US\"},{\"@type\":\"ImageObject\",\"inLanguage\":\"en-US\",\"@id\":\"https:\/\/www.visit-ulcinj.com\/blog\/2015\/03\/05\/dritan-abazovic-obesmisljavaju-ideju-vlade-u-sjenci\/#primaryimage\",\"url\":\"https:\/\/www.visit-ulcinj.com\/blog\/wp-content\/uploads\/2015\/03\/Dritan-Abazovic-.jpg\",\"contentUrl\":\"https:\/\/www.visit-ulcinj.com\/blog\/wp-content\/uploads\/2015\/03\/Dritan-Abazovic-.jpg\",\"width\":640,\"height\":480},{\"@type\":\"WebPage\",\"@id\":\"https:\/\/www.visit-ulcinj.com\/blog\/2015\/03\/05\/dritan-abazovic-obesmisljavaju-ideju-vlade-u-sjenci\/#webpage\",\"url\":\"https:\/\/www.visit-ulcinj.com\/blog\/2015\/03\/05\/dritan-abazovic-obesmisljavaju-ideju-vlade-u-sjenci\/\",\"name\":\"Dritan Abazovi\u0107: Obesmi\u0161ljavaju ideju vlade u sjenci - Lajme nga Ulqini\",\"isPartOf\":{\"@id\":\"https:\/\/www.visit-ulcinj.com\/blog\/#website\"},\"primaryImageOfPage\":{\"@id\":\"https:\/\/www.visit-ulcinj.com\/blog\/2015\/03\/05\/dritan-abazovic-obesmisljavaju-ideju-vlade-u-sjenci\/#primaryimage\"},\"datePublished\":\"2015-03-05T19:18:21+00:00\",\"dateModified\":\"2015-03-05T19:18:21+00:00\",\"author\":{\"@id\":\"https:\/\/www.visit-ulcinj.com\/blog\/#\/schema\/person\/dcab619c614d3038751c63bc2aadc06d\"},\"description\":\"U Vladi u sjenci, koju \u0107e formirati Gra\u0111anski pokret, ne\u0107e biti ljudi iz drugih opozicionih subjekata, a informacije koje proteklih dana pojavljuju u\",\"breadcrumb\":{\"@id\":\"https:\/\/www.visit-ulcinj.com\/blog\/2015\/03\/05\/dritan-abazovic-obesmisljavaju-ideju-vlade-u-sjenci\/#breadcrumb\"},\"inLanguage\":\"en-US\",\"potentialAction\":[{\"@type\":\"ReadAction\",\"target\":[\"https:\/\/www.visit-ulcinj.com\/blog\/2015\/03\/05\/dritan-abazovic-obesmisljavaju-ideju-vlade-u-sjenci\/\"]}]},{\"@type\":\"BreadcrumbList\",\"@id\":\"https:\/\/www.visit-ulcinj.com\/blog\/2015\/03\/05\/dritan-abazovic-obesmisljavaju-ideju-vlade-u-sjenci\/#breadcrumb\",\"itemListElement\":[{\"@type\":\"ListItem\",\"position\":1,\"name\":\"Dritan Abazovi\u0107: Obesmi\u0161ljavaju ideju vlade u sjenci\"}]},{\"@type\":\"Person\",\"@id\":\"https:\/\/www.visit-ulcinj.com\/blog\/#\/schema\/person\/dcab619c614d3038751c63bc2aadc06d\",\"name\":\"ulqini\",\"sameAs\":[\"http:\/\/www.visit-ulcinj.com\"],\"url\":\"https:\/\/www.visit-ulcinj.com\/blog\/author\/admin\/\"}]}<\/script>\n<!-- \/ Yoast SEO plugin. -->","yoast_head_json":{"title":"Dritan Abazovi\u0107: Obesmi\u0161ljavaju ideju vlade u sjenci - Lajme nga Ulqini","description":"U Vladi u sjenci, koju \u0107e formirati Gra\u0111anski pokret, ne\u0107e biti ljudi iz drugih opozicionih subjekata, a informacije koje proteklih dana pojavljuju u","robots":{"index":"index","follow":"follow","max-snippet":"max-snippet:-1","max-image-preview":"max-image-preview:large","max-video-preview":"max-video-preview:-1"},"canonical":"https:\/\/www.visit-ulcinj.com\/blog\/2015\/03\/05\/dritan-abazovic-obesmisljavaju-ideju-vlade-u-sjenci\/","og_locale":"en_US","og_type":"article","og_title":"Dritan Abazovi\u0107: Obesmi\u0161ljavaju ideju vlade u sjenci - Lajme nga Ulqini","og_description":"U Vladi u sjenci, koju \u0107e formirati Gra\u0111anski pokret, ne\u0107e biti ljudi iz drugih opozicionih subjekata, a informacije koje proteklih dana pojavljuju u","og_url":"https:\/\/www.visit-ulcinj.com\/blog\/2015\/03\/05\/dritan-abazovic-obesmisljavaju-ideju-vlade-u-sjenci\/","og_site_name":"Lajme nga Ulqini","article_published_time":"2015-03-05T19:18:21+00:00","og_image":[{"url":"http:\/\/www.visit-ulcinj.com\/blog\/wp-content\/uploads\/2015\/03\/Dritan-Abazovic-.jpg"}],"twitter_misc":{"Written by":"ulqini","Est. reading time":"2 minutes"},"schema":{"@context":"https:\/\/schema.org","@graph":[{"@type":"WebSite","@id":"https:\/\/www.visit-ulcinj.com\/blog\/#website","url":"https:\/\/www.visit-ulcinj.com\/blog\/","name":"Lajme nga Ulqini","description":"Lajme,Vijesti,Ulqini,Ulqin,Crna Gora,Mali i Zi","potentialAction":[{"@type":"SearchAction","target":{"@type":"EntryPoint","urlTemplate":"https:\/\/www.visit-ulcinj.com\/blog\/?s={search_term_string}"},"query-input":"required name=search_term_string"}],"inLanguage":"en-US"},{"@type":"ImageObject","inLanguage":"en-US","@id":"https:\/\/www.visit-ulcinj.com\/blog\/2015\/03\/05\/dritan-abazovic-obesmisljavaju-ideju-vlade-u-sjenci\/#primaryimage","url":"https:\/\/www.visit-ulcinj.com\/blog\/wp-content\/uploads\/2015\/03\/Dritan-Abazovic-.jpg","contentUrl":"https:\/\/www.visit-ulcinj.com\/blog\/wp-content\/uploads\/2015\/03\/Dritan-Abazovic-.jpg","width":640,"height":480},{"@type":"WebPage","@id":"https:\/\/www.visit-ulcinj.com\/blog\/2015\/03\/05\/dritan-abazovic-obesmisljavaju-ideju-vlade-u-sjenci\/#webpage","url":"https:\/\/www.visit-ulcinj.com\/blog\/2015\/03\/05\/dritan-abazovic-obesmisljavaju-ideju-vlade-u-sjenci\/","name":"Dritan Abazovi\u0107: Obesmi\u0161ljavaju ideju vlade u sjenci - Lajme nga Ulqini","isPartOf":{"@id":"https:\/\/www.visit-ulcinj.com\/blog\/#website"},"primaryImageOfPage":{"@id":"https:\/\/www.visit-ulcinj.com\/blog\/2015\/03\/05\/dritan-abazovic-obesmisljavaju-ideju-vlade-u-sjenci\/#primaryimage"},"datePublished":"2015-03-05T19:18:21+00:00","dateModified":"2015-03-05T19:18:21+00:00","author":{"@id":"https:\/\/www.visit-ulcinj.com\/blog\/#\/schema\/person\/dcab619c614d3038751c63bc2aadc06d"},"description":"U Vladi u sjenci, koju \u0107e formirati Gra\u0111anski pokret, ne\u0107e biti ljudi iz drugih opozicionih subjekata, a informacije koje proteklih dana pojavljuju u","breadcrumb":{"@id":"https:\/\/www.visit-ulcinj.com\/blog\/2015\/03\/05\/dritan-abazovic-obesmisljavaju-ideju-vlade-u-sjenci\/#breadcrumb"},"inLanguage":"en-US","potentialAction":[{"@type":"ReadAction","target":["https:\/\/www.visit-ulcinj.com\/blog\/2015\/03\/05\/dritan-abazovic-obesmisljavaju-ideju-vlade-u-sjenci\/"]}]},{"@type":"BreadcrumbList","@id":"https:\/\/www.visit-ulcinj.com\/blog\/2015\/03\/05\/dritan-abazovic-obesmisljavaju-ideju-vlade-u-sjenci\/#breadcrumb","itemListElement":[{"@type":"ListItem","position":1,"name":"Dritan Abazovi\u0107: Obesmi\u0161ljavaju ideju vlade u sjenci"}]},{"@type":"Person","@id":"https:\/\/www.visit-ulcinj.com\/blog\/#\/schema\/person\/dcab619c614d3038751c63bc2aadc06d","name":"ulqini","sameAs":["http:\/\/www.visit-ulcinj.com"],"url":"https:\/\/www.visit-ulcinj.com\/blog\/author\/admin\/"}]}},"jetpack_featured_media_url":"","jetpack_sharing_enabled":true,"jetpack_shortlink":"https:\/\/wp.me\/pe6lTn-nc0","_links":{"self":[{"href":"https:\/\/www.visit-ulcinj.com\/blog\/wp-json\/wp\/v2\/posts\/89156"}],"collection":[{"href":"https:\/\/www.visit-ulcinj.com\/blog\/wp-json\/wp\/v2\/posts"}],"about":[{"href":"https:\/\/www.visit-ulcinj.com\/blog\/wp-json\/wp\/v2\/types\/post"}],"author":[{"embeddable":true,"href":"https:\/\/www.visit-ulcinj.com\/blog\/wp-json\/wp\/v2\/users\/1"}],"replies":[{"embeddable":true,"href":"https:\/\/www.visit-ulcinj.com\/blog\/wp-json\/wp\/v2\/comments?post=89156"}],"version-history":[{"count":1,"href":"https:\/\/www.visit-ulcinj.com\/blog\/wp-json\/wp\/v2\/posts\/89156\/revisions"}],"predecessor-version":[{"id":89158,"href":"https:\/\/www.visit-ulcinj.com\/blog\/wp-json\/wp\/v2\/posts\/89156\/revisions\/89158"}],"wp:attachment":[{"href":"https:\/\/www.visit-ulcinj.com\/blog\/wp-json\/wp\/v2\/media?parent=89156"}],"wp:term":[{"taxonomy":"category","embeddable":true,"href":"https:\/\/www.visit-ulcinj.com\/blog\/wp-json\/wp\/v2\/categories?post=89156"},{"taxonomy":"post_tag","embeddable":true,"href":"https:\/\/www.visit-ulcinj.com\/blog\/wp-json\/wp\/v2\/tags?post=89156"}],"curies":[{"name":"wp","href":"https:\/\/api.w.org\/{rel}","templated":true}]}}