{"id":89209,"date":"2015-03-06T15:59:55","date_gmt":"2015-03-06T14:59:55","guid":{"rendered":"http:\/\/www.visit-ulcinj.com\/blog\/?p=89209"},"modified":"2015-03-06T15:59:55","modified_gmt":"2015-03-06T14:59:55","slug":"ulqin-ruajtja-dhe-perkujdesja-e-trashegimise-kulturore-detyre-e-te-gjitheve","status":"publish","type":"post","link":"https:\/\/www.visit-ulcinj.com\/blog\/2015\/03\/06\/ulqin-ruajtja-dhe-perkujdesja-e-trashegimise-kulturore-detyre-e-te-gjitheve\/","title":{"rendered":"Ulqin: Ruajtja dhe p\u00ebrkujdesja e trash\u00ebgimis\u00eb kulturore detyr\u00eb e t\u00eb gjith\u00ebve"},"content":{"rendered":"<p><a href=\"http:\/\/www.visit-ulcinj.com\/blog\/wp-content\/uploads\/2015\/03\/Komuna-Ulqinit-mledhja.jpg\"><img loading=\"lazy\" class=\"alignleft wp-image-89210\" src=\"http:\/\/www.visit-ulcinj.com\/blog\/wp-content\/uploads\/2015\/03\/Komuna-Ulqinit-mledhja.jpg\" alt=\"Komuna-Ulqinit-mledhja\" width=\"508\" height=\"381\" srcset=\"https:\/\/www.visit-ulcinj.com\/blog\/wp-content\/uploads\/2015\/03\/Komuna-Ulqinit-mledhja.jpg 800w, https:\/\/www.visit-ulcinj.com\/blog\/wp-content\/uploads\/2015\/03\/Komuna-Ulqinit-mledhja-300x225.jpg 300w\" sizes=\"(max-width: 508px) 100vw, 508px\" \/><\/a>Shikuar\u00a0 n\u00eb\u00a0 aspektin nd\u00ebrtimor\u00a0 gj\u00ebndja\u00a0 n\u00eb\u00a0 kalan\u00eb e\u00a0 Ulqinit\u00a0\u00a0 nga dita n\u00eb dit\u00eb\u00a0 b\u00ebhet\u00a0 m\u00eb\u00a0 brengos\u00ebse . Nisur nga kjo dhe me q\u00ebllim\u00a0\u00a0 t\u00eb\u00a0 ndaljes\u00a0 s\u00eb\u00a0 hovit\u00a0 t\u00eb devastimit\u00a0 t\u00eb\u00a0 m\u00ebtutjesh\u00ebm\u00a0 u\u00a0 organizua\u00a0 nj\u00eb takim\u00a0 me strukturat\u00a0\u00a0 udheheq\u00ebse\u00a0 komunale.<\/p>\n<p>N\u00ebnkryetarja\u00a0 Zenepa Lika , duke\u00a0 p\u00ebrsh\u00ebndetur\u00a0 t\u00eb\u00a0 pranishmit\u00a0\u00a0 theksoi se\u00a0 fillimisht\u00a0 kemi inicuar\u00a0 takim\u00a0 t\u00eb\u00a0 k\u00ebtij lloji\u00a0 p\u00ebr t\u00eb vazhduar\u00a0 m\u00eb pas\u00a0 me\u00a0\u00a0 t\u00eb\u00a0 gjith\u00eb\u00a0 subjektet\u00a0\u00a0 dhe pal\u00ebt e\u00a0\u00a0 interesuara\u00a0 t\u00eb\u00a0 cil\u00ebt mund t\u00eb\u00a0 japin\u00a0 ndihmes\u00ebn e tyre\u00a0 n\u00eb\u00a0 ruajtjen e trash\u00ebgimis\u00eb\u00a0 kulturore\u00a0 q\u00eb mbetet\u00a0 e pashlyer\u00a0\u00a0 nga d\u00ebshmit\u00eb\u00a0 historike\u00a0 e kulturore\u00a0 t\u00eb s\u00eb kaluar\u00ebs .<\/p>\n<p>N\u00eb\u00a0 takim\u00a0\u00a0 ishte e ftuar dhe Dr. Igballa Shaboviq, arkitekte e cila me vite punon n\u00eb tem\u00ebn e trash\u00ebgimis\u00eb arkitekturale n\u00eb Ulqin e q\u00eb \u00a0p\u00ebr\u00a0 t\u00eb pranishmit\u00a0 b\u00ebri \u00a0prezantimin \u00a0,,Trash\u00ebgimia\u00a0 e nd\u00ebrtimtaris\u00eb n\u00eb Ulqin- dje sot nes\u00ebr\u201d.<\/p>\n<p>Duke e cil\u00ebsuar\u00a0 kalan\u00eb e Ulqinit\u00a0 si pasuri\u00a0 t\u00eb madhe kulturore p\u00ebr Ulqinin, Malin e Zi\u00a0 dhe m\u00eb gj\u00ebr\u00eb\u00a0\u00a0 dhe si\u00a0 aset\u00a0 t\u00eb jasht\u00ebzakonsh\u00ebm\u00a0 t\u00eb kultur\u00ebs , Dr. Igballa Shaboviq\u00a0 n\u00ebpermes analizave, fotove nd\u00ebr shekuj dekada dhe vite solli\u00a0 pasqyr\u00ebn e gjendjes\u00a0 momentale\u00a0\u00a0 t\u00eb\u00a0 nd\u00ebrtimeve n\u00eb k\u00ebt\u00eb\u00a0 objekt\u00a0 kulturore\u00a0 t\u00eb kategoris\u00eb\u00a0 s\u00eb par\u00eb.<\/p>\n<p>Fatkeqesisht , gjendja\u00a0 \u00ebsht\u00eb shqet\u00ebsuese , andaj\u00a0 ajo\u00a0 t\u00ebrhoqi\u00a0 vem\u00ebndjen\u00a0 q\u00eb kjo trash\u00ebgimi\u00a0 ka nevoj\u00eb\u00a0 t\u00eb\u00a0 mbrohet\u00a0 nga t\u00eb gjith\u00eb , t\u00eb shp\u00ebtohet dhe t\u00eb dal\u00eb\u00a0 n\u00eb drit\u00eb , sepse po iku , skthehet\u00a0 m\u00eb\u00a0 e ne nuk duhet\u00a0 ta lem\u00eb\u00a0 t\u00eb\u00a0 vdes\u00eb.<\/p>\n<p>Me\u00a0 interes\u00a0 u\u00a0 p\u00ebrcoll\u00a0 nd\u00ebrtimi\u00a0 dhe\u00a0 gj\u00ebndja e\u00a0 objekteve \u00a0e atyre ,q\u00eb i\u00a0 jane\u00a0 p\u00ebrmbajtur rregullave\u00a0 urbanistik\u00a0 t\u00eb\u00a0\u00a0 tjer\u00eb\u00a0 ndertues q\u00eb\u00a0 k\u00ebto rregulla\u00a0\u00a0 i kan\u00eb \u00a0shkelur apo ata\u00a0\u00a0, t\u00eb\u00a0 tjer\u00ebt q\u00eb\u00a0 kan\u00eb nd\u00ebrtuar\u00a0 pa\u00a0 kurrfar\u00eb\u00a0 kriteriumesh<\/p>\n<p>N\u00eb\u00a0 fund\u00a0 t\u00eb\u00a0 pranishmit\u00a0\u00a0 u pajtuan\u00a0\u00a0 q\u00eb sa\u00a0 m\u00eb\u00a0 par\u00eb\u00a0 duhet\u00a0 punuar n\u00eb hartimin e planeve\u00a0 p\u00ebr\u00a0 k\u00ebt\u00eb\u00a0 zon\u00eb, por u\u00a0 vecua\u00a0 dhe ajo ,\u00a0 q\u00eb organet\u00a0 p\u00ebrkatese\u00a0\u00a0 republikane duhet \u00a0 t\u00eb tregojn\u00eb\u00a0 m\u00eb shum\u00eb\u00a0 p\u00ebrkujdesje\u00a0 dhe t\u00eb ndajn\u00eb\u00a0 m\u00eb shum\u00eb\u00a0\u00a0 mjete materiale\u00a0\u00a0 p\u00ebr kalan\u00eb.<\/p>\n<p>Ky takim \u00a0 \u00ebsht\u00eb\u00a0 vet\u00ebm nism\u00eb , e\u00a0 takime\u00a0 t\u00eb\u00a0 tjer\u00eb\u00a0 do t\u00eb mbahen\u00a0 me nj\u00eb augjenc\u00eb\u00a0 m\u00eb t\u00eb gj\u00ebr\u00eb\u00a0 ku do t\u00eb \u00a0 diskutohen\u00a0 jo\u00a0 vet\u00ebm\u00a0 problemet n\u00eb kalan\u00eb \u00a0e\u00a0 Ulqinit , por\u00a0 dhe gjendja e\u00a0 objekteve\u00a0 \u00a0 t\u00eb tjer\u00eb\u00a0\u00a0 \u00a0t\u00eb kultur\u00ebs\u00a0 n\u00eb \u00a0qytet.<\/p>\n<p>Ne duhet ti mbrojm\u00eb \u00a0ata theksuan\u00a0 diskutuesit.\u00a0 Duke mos\u00a0 kursyer dashuri ndaj tyre , ato k\u00ebt\u00eb \u00a0dashur na\u00a0 e\u00a0 kthejne shumfish.<\/p>\n<p><strong>Komuna Ulqinit<\/strong><\/p>\n","protected":false},"excerpt":{"rendered":"<p>Shikuar\u00a0 n\u00eb\u00a0 aspektin nd\u00ebrtimor\u00a0 gj\u00ebndja\u00a0 n\u00eb\u00a0 kalan\u00eb e\u00a0 Ulqinit\u00a0\u00a0 nga dita n\u00eb dit\u00eb\u00a0 b\u00ebhet\u00a0 m\u00eb\u00a0 brengos\u00ebse . Nisur nga kjo dhe me q\u00ebllim\u00a0\u00a0 t\u00eb\u00a0 ndaljes\u00a0 s\u00eb\u00a0 hovit\u00a0 t\u00eb devastimit\u00a0 t\u00eb\u00a0 m\u00ebtutjesh\u00ebm\u00a0 u\u00a0 organizua\u00a0 nj\u00eb takim\u00a0 me strukturat\u00a0\u00a0 udheheq\u00ebse\u00a0 komunale. N\u00ebnkryetarja\u00a0 Zenepa Lika , duke\u00a0 p\u00ebrsh\u00ebndetur\u00a0 t\u00eb\u00a0 pranishmit\u00a0\u00a0 theksoi se\u00a0 fillimisht\u00a0 kemi inicuar\u00a0 takim\u00a0 t\u00eb\u00a0 k\u00ebtij [&hellip;]<\/p>\n","protected":false},"author":1,"featured_media":0,"comment_status":"closed","ping_status":"closed","sticky":false,"template":"","format":"standard","meta":{"spay_email":"","jetpack_publicize_message":"","jetpack_is_tweetstorm":false,"jetpack_publicize_feature_enabled":true},"categories":[11],"tags":[],"jetpack_publicize_connections":[],"yoast_head":"<!-- This site is optimized with the Yoast SEO plugin v19.1 - https:\/\/yoast.com\/wordpress\/plugins\/seo\/ -->\n<title>Ulqin: Ruajtja dhe p\u00ebrkujdesja e trash\u00ebgimis\u00eb kulturore detyr\u00eb e t\u00eb gjith\u00ebve - Lajme nga Ulqini<\/title>\n<meta name=\"description\" content=\"Shikuar\u00a0 n\u00eb\u00a0 aspektin nd\u00ebrtimor\u00a0 gj\u00ebndja\u00a0 n\u00eb\u00a0 kalan\u00eb e\u00a0 Ulqinit\u00a0\u00a0 nga dita n\u00eb dit\u00eb\u00a0 b\u00ebhet\u00a0 m\u00eb\u00a0 brengos\u00ebse . Nisur nga kjo dhe me q\u00ebllim\u00a0\u00a0 t\u00eb\u00a0 ndaljes\u00a0 s\u00eb\u00a0\" \/>\n<meta name=\"robots\" content=\"index, follow, max-snippet:-1, max-image-preview:large, max-video-preview:-1\" \/>\n<link rel=\"canonical\" href=\"https:\/\/www.visit-ulcinj.com\/blog\/2015\/03\/06\/ulqin-ruajtja-dhe-perkujdesja-e-trashegimise-kulturore-detyre-e-te-gjitheve\/\" \/>\n<meta property=\"og:locale\" content=\"en_US\" \/>\n<meta property=\"og:type\" content=\"article\" \/>\n<meta property=\"og:title\" content=\"Ulqin: Ruajtja dhe p\u00ebrkujdesja e trash\u00ebgimis\u00eb kulturore detyr\u00eb e t\u00eb gjith\u00ebve - Lajme nga Ulqini\" \/>\n<meta property=\"og:description\" content=\"Shikuar\u00a0 n\u00eb\u00a0 aspektin nd\u00ebrtimor\u00a0 gj\u00ebndja\u00a0 n\u00eb\u00a0 kalan\u00eb e\u00a0 Ulqinit\u00a0\u00a0 nga dita n\u00eb dit\u00eb\u00a0 b\u00ebhet\u00a0 m\u00eb\u00a0 brengos\u00ebse . Nisur nga kjo dhe me q\u00ebllim\u00a0\u00a0 t\u00eb\u00a0 ndaljes\u00a0 s\u00eb\u00a0\" \/>\n<meta property=\"og:url\" content=\"https:\/\/www.visit-ulcinj.com\/blog\/2015\/03\/06\/ulqin-ruajtja-dhe-perkujdesja-e-trashegimise-kulturore-detyre-e-te-gjitheve\/\" \/>\n<meta property=\"og:site_name\" content=\"Lajme nga Ulqini\" \/>\n<meta property=\"article:published_time\" content=\"2015-03-06T14:59:55+00:00\" \/>\n<meta property=\"og:image\" content=\"http:\/\/www.visit-ulcinj.com\/blog\/wp-content\/uploads\/2015\/03\/Komuna-Ulqinit-mledhja.jpg\" \/>\n<meta name=\"twitter:label1\" content=\"Written by\" \/>\n\t<meta name=\"twitter:data1\" content=\"ulqini\" \/>\n\t<meta name=\"twitter:label2\" content=\"Est. reading time\" \/>\n\t<meta name=\"twitter:data2\" content=\"2 minutes\" \/>\n<script type=\"application\/ld+json\" class=\"yoast-schema-graph\">{\"@context\":\"https:\/\/schema.org\",\"@graph\":[{\"@type\":\"WebSite\",\"@id\":\"https:\/\/www.visit-ulcinj.com\/blog\/#website\",\"url\":\"https:\/\/www.visit-ulcinj.com\/blog\/\",\"name\":\"Lajme nga Ulqini\",\"description\":\"Lajme,Vijesti,Ulqini,Ulqin,Crna Gora,Mali i Zi\",\"potentialAction\":[{\"@type\":\"SearchAction\",\"target\":{\"@type\":\"EntryPoint\",\"urlTemplate\":\"https:\/\/www.visit-ulcinj.com\/blog\/?s={search_term_string}\"},\"query-input\":\"required name=search_term_string\"}],\"inLanguage\":\"en-US\"},{\"@type\":\"ImageObject\",\"inLanguage\":\"en-US\",\"@id\":\"https:\/\/www.visit-ulcinj.com\/blog\/2015\/03\/06\/ulqin-ruajtja-dhe-perkujdesja-e-trashegimise-kulturore-detyre-e-te-gjitheve\/#primaryimage\",\"url\":\"https:\/\/www.visit-ulcinj.com\/blog\/wp-content\/uploads\/2015\/03\/Komuna-Ulqinit-mledhja.jpg\",\"contentUrl\":\"https:\/\/www.visit-ulcinj.com\/blog\/wp-content\/uploads\/2015\/03\/Komuna-Ulqinit-mledhja.jpg\",\"width\":800,\"height\":600},{\"@type\":\"WebPage\",\"@id\":\"https:\/\/www.visit-ulcinj.com\/blog\/2015\/03\/06\/ulqin-ruajtja-dhe-perkujdesja-e-trashegimise-kulturore-detyre-e-te-gjitheve\/#webpage\",\"url\":\"https:\/\/www.visit-ulcinj.com\/blog\/2015\/03\/06\/ulqin-ruajtja-dhe-perkujdesja-e-trashegimise-kulturore-detyre-e-te-gjitheve\/\",\"name\":\"Ulqin: Ruajtja dhe p\u00ebrkujdesja e trash\u00ebgimis\u00eb kulturore detyr\u00eb e t\u00eb gjith\u00ebve - Lajme nga Ulqini\",\"isPartOf\":{\"@id\":\"https:\/\/www.visit-ulcinj.com\/blog\/#website\"},\"primaryImageOfPage\":{\"@id\":\"https:\/\/www.visit-ulcinj.com\/blog\/2015\/03\/06\/ulqin-ruajtja-dhe-perkujdesja-e-trashegimise-kulturore-detyre-e-te-gjitheve\/#primaryimage\"},\"datePublished\":\"2015-03-06T14:59:55+00:00\",\"dateModified\":\"2015-03-06T14:59:55+00:00\",\"author\":{\"@id\":\"https:\/\/www.visit-ulcinj.com\/blog\/#\/schema\/person\/dcab619c614d3038751c63bc2aadc06d\"},\"description\":\"Shikuar\u00a0 n\u00eb\u00a0 aspektin nd\u00ebrtimor\u00a0 gj\u00ebndja\u00a0 n\u00eb\u00a0 kalan\u00eb e\u00a0 Ulqinit\u00a0\u00a0 nga dita n\u00eb dit\u00eb\u00a0 b\u00ebhet\u00a0 m\u00eb\u00a0 brengos\u00ebse . Nisur nga kjo dhe me q\u00ebllim\u00a0\u00a0 t\u00eb\u00a0 ndaljes\u00a0 s\u00eb\u00a0\",\"breadcrumb\":{\"@id\":\"https:\/\/www.visit-ulcinj.com\/blog\/2015\/03\/06\/ulqin-ruajtja-dhe-perkujdesja-e-trashegimise-kulturore-detyre-e-te-gjitheve\/#breadcrumb\"},\"inLanguage\":\"en-US\",\"potentialAction\":[{\"@type\":\"ReadAction\",\"target\":[\"https:\/\/www.visit-ulcinj.com\/blog\/2015\/03\/06\/ulqin-ruajtja-dhe-perkujdesja-e-trashegimise-kulturore-detyre-e-te-gjitheve\/\"]}]},{\"@type\":\"BreadcrumbList\",\"@id\":\"https:\/\/www.visit-ulcinj.com\/blog\/2015\/03\/06\/ulqin-ruajtja-dhe-perkujdesja-e-trashegimise-kulturore-detyre-e-te-gjitheve\/#breadcrumb\",\"itemListElement\":[{\"@type\":\"ListItem\",\"position\":1,\"name\":\"Ulqin: Ruajtja dhe p\u00ebrkujdesja e trash\u00ebgimis\u00eb kulturore detyr\u00eb e t\u00eb gjith\u00ebve\"}]},{\"@type\":\"Person\",\"@id\":\"https:\/\/www.visit-ulcinj.com\/blog\/#\/schema\/person\/dcab619c614d3038751c63bc2aadc06d\",\"name\":\"ulqini\",\"sameAs\":[\"http:\/\/www.visit-ulcinj.com\"],\"url\":\"https:\/\/www.visit-ulcinj.com\/blog\/author\/admin\/\"}]}<\/script>\n<!-- \/ Yoast SEO plugin. -->","yoast_head_json":{"title":"Ulqin: Ruajtja dhe p\u00ebrkujdesja e trash\u00ebgimis\u00eb kulturore detyr\u00eb e t\u00eb gjith\u00ebve - Lajme nga Ulqini","description":"Shikuar\u00a0 n\u00eb\u00a0 aspektin nd\u00ebrtimor\u00a0 gj\u00ebndja\u00a0 n\u00eb\u00a0 kalan\u00eb e\u00a0 Ulqinit\u00a0\u00a0 nga dita n\u00eb dit\u00eb\u00a0 b\u00ebhet\u00a0 m\u00eb\u00a0 brengos\u00ebse . Nisur nga kjo dhe me q\u00ebllim\u00a0\u00a0 t\u00eb\u00a0 ndaljes\u00a0 s\u00eb\u00a0","robots":{"index":"index","follow":"follow","max-snippet":"max-snippet:-1","max-image-preview":"max-image-preview:large","max-video-preview":"max-video-preview:-1"},"canonical":"https:\/\/www.visit-ulcinj.com\/blog\/2015\/03\/06\/ulqin-ruajtja-dhe-perkujdesja-e-trashegimise-kulturore-detyre-e-te-gjitheve\/","og_locale":"en_US","og_type":"article","og_title":"Ulqin: Ruajtja dhe p\u00ebrkujdesja e trash\u00ebgimis\u00eb kulturore detyr\u00eb e t\u00eb gjith\u00ebve - Lajme nga Ulqini","og_description":"Shikuar\u00a0 n\u00eb\u00a0 aspektin nd\u00ebrtimor\u00a0 gj\u00ebndja\u00a0 n\u00eb\u00a0 kalan\u00eb e\u00a0 Ulqinit\u00a0\u00a0 nga dita n\u00eb dit\u00eb\u00a0 b\u00ebhet\u00a0 m\u00eb\u00a0 brengos\u00ebse . Nisur nga kjo dhe me q\u00ebllim\u00a0\u00a0 t\u00eb\u00a0 ndaljes\u00a0 s\u00eb\u00a0","og_url":"https:\/\/www.visit-ulcinj.com\/blog\/2015\/03\/06\/ulqin-ruajtja-dhe-perkujdesja-e-trashegimise-kulturore-detyre-e-te-gjitheve\/","og_site_name":"Lajme nga Ulqini","article_published_time":"2015-03-06T14:59:55+00:00","og_image":[{"url":"http:\/\/www.visit-ulcinj.com\/blog\/wp-content\/uploads\/2015\/03\/Komuna-Ulqinit-mledhja.jpg"}],"twitter_misc":{"Written by":"ulqini","Est. reading time":"2 minutes"},"schema":{"@context":"https:\/\/schema.org","@graph":[{"@type":"WebSite","@id":"https:\/\/www.visit-ulcinj.com\/blog\/#website","url":"https:\/\/www.visit-ulcinj.com\/blog\/","name":"Lajme nga Ulqini","description":"Lajme,Vijesti,Ulqini,Ulqin,Crna Gora,Mali i Zi","potentialAction":[{"@type":"SearchAction","target":{"@type":"EntryPoint","urlTemplate":"https:\/\/www.visit-ulcinj.com\/blog\/?s={search_term_string}"},"query-input":"required name=search_term_string"}],"inLanguage":"en-US"},{"@type":"ImageObject","inLanguage":"en-US","@id":"https:\/\/www.visit-ulcinj.com\/blog\/2015\/03\/06\/ulqin-ruajtja-dhe-perkujdesja-e-trashegimise-kulturore-detyre-e-te-gjitheve\/#primaryimage","url":"https:\/\/www.visit-ulcinj.com\/blog\/wp-content\/uploads\/2015\/03\/Komuna-Ulqinit-mledhja.jpg","contentUrl":"https:\/\/www.visit-ulcinj.com\/blog\/wp-content\/uploads\/2015\/03\/Komuna-Ulqinit-mledhja.jpg","width":800,"height":600},{"@type":"WebPage","@id":"https:\/\/www.visit-ulcinj.com\/blog\/2015\/03\/06\/ulqin-ruajtja-dhe-perkujdesja-e-trashegimise-kulturore-detyre-e-te-gjitheve\/#webpage","url":"https:\/\/www.visit-ulcinj.com\/blog\/2015\/03\/06\/ulqin-ruajtja-dhe-perkujdesja-e-trashegimise-kulturore-detyre-e-te-gjitheve\/","name":"Ulqin: Ruajtja dhe p\u00ebrkujdesja e trash\u00ebgimis\u00eb kulturore detyr\u00eb e t\u00eb gjith\u00ebve - Lajme nga Ulqini","isPartOf":{"@id":"https:\/\/www.visit-ulcinj.com\/blog\/#website"},"primaryImageOfPage":{"@id":"https:\/\/www.visit-ulcinj.com\/blog\/2015\/03\/06\/ulqin-ruajtja-dhe-perkujdesja-e-trashegimise-kulturore-detyre-e-te-gjitheve\/#primaryimage"},"datePublished":"2015-03-06T14:59:55+00:00","dateModified":"2015-03-06T14:59:55+00:00","author":{"@id":"https:\/\/www.visit-ulcinj.com\/blog\/#\/schema\/person\/dcab619c614d3038751c63bc2aadc06d"},"description":"Shikuar\u00a0 n\u00eb\u00a0 aspektin nd\u00ebrtimor\u00a0 gj\u00ebndja\u00a0 n\u00eb\u00a0 kalan\u00eb e\u00a0 Ulqinit\u00a0\u00a0 nga dita n\u00eb dit\u00eb\u00a0 b\u00ebhet\u00a0 m\u00eb\u00a0 brengos\u00ebse . Nisur nga kjo dhe me q\u00ebllim\u00a0\u00a0 t\u00eb\u00a0 ndaljes\u00a0 s\u00eb\u00a0","breadcrumb":{"@id":"https:\/\/www.visit-ulcinj.com\/blog\/2015\/03\/06\/ulqin-ruajtja-dhe-perkujdesja-e-trashegimise-kulturore-detyre-e-te-gjitheve\/#breadcrumb"},"inLanguage":"en-US","potentialAction":[{"@type":"ReadAction","target":["https:\/\/www.visit-ulcinj.com\/blog\/2015\/03\/06\/ulqin-ruajtja-dhe-perkujdesja-e-trashegimise-kulturore-detyre-e-te-gjitheve\/"]}]},{"@type":"BreadcrumbList","@id":"https:\/\/www.visit-ulcinj.com\/blog\/2015\/03\/06\/ulqin-ruajtja-dhe-perkujdesja-e-trashegimise-kulturore-detyre-e-te-gjitheve\/#breadcrumb","itemListElement":[{"@type":"ListItem","position":1,"name":"Ulqin: Ruajtja dhe p\u00ebrkujdesja e trash\u00ebgimis\u00eb kulturore detyr\u00eb e t\u00eb gjith\u00ebve"}]},{"@type":"Person","@id":"https:\/\/www.visit-ulcinj.com\/blog\/#\/schema\/person\/dcab619c614d3038751c63bc2aadc06d","name":"ulqini","sameAs":["http:\/\/www.visit-ulcinj.com"],"url":"https:\/\/www.visit-ulcinj.com\/blog\/author\/admin\/"}]}},"jetpack_featured_media_url":"","jetpack_sharing_enabled":true,"jetpack_shortlink":"https:\/\/wp.me\/pe6lTn-ncR","_links":{"self":[{"href":"https:\/\/www.visit-ulcinj.com\/blog\/wp-json\/wp\/v2\/posts\/89209"}],"collection":[{"href":"https:\/\/www.visit-ulcinj.com\/blog\/wp-json\/wp\/v2\/posts"}],"about":[{"href":"https:\/\/www.visit-ulcinj.com\/blog\/wp-json\/wp\/v2\/types\/post"}],"author":[{"embeddable":true,"href":"https:\/\/www.visit-ulcinj.com\/blog\/wp-json\/wp\/v2\/users\/1"}],"replies":[{"embeddable":true,"href":"https:\/\/www.visit-ulcinj.com\/blog\/wp-json\/wp\/v2\/comments?post=89209"}],"version-history":[{"count":1,"href":"https:\/\/www.visit-ulcinj.com\/blog\/wp-json\/wp\/v2\/posts\/89209\/revisions"}],"predecessor-version":[{"id":89211,"href":"https:\/\/www.visit-ulcinj.com\/blog\/wp-json\/wp\/v2\/posts\/89209\/revisions\/89211"}],"wp:attachment":[{"href":"https:\/\/www.visit-ulcinj.com\/blog\/wp-json\/wp\/v2\/media?parent=89209"}],"wp:term":[{"taxonomy":"category","embeddable":true,"href":"https:\/\/www.visit-ulcinj.com\/blog\/wp-json\/wp\/v2\/categories?post=89209"},{"taxonomy":"post_tag","embeddable":true,"href":"https:\/\/www.visit-ulcinj.com\/blog\/wp-json\/wp\/v2\/tags?post=89209"}],"curies":[{"name":"wp","href":"https:\/\/api.w.org\/{rel}","templated":true}]}}