{"id":89216,"date":"2015-03-09T14:38:22","date_gmt":"2015-03-09T13:38:22","guid":{"rendered":"http:\/\/www.visit-ulcinj.com\/blog\/?p=89216"},"modified":"2015-03-09T20:15:57","modified_gmt":"2015-03-09T19:15:57","slug":"emir-dervishi-ftohet-nga-kombetarja-shqiptare","status":"publish","type":"post","link":"https:\/\/www.visit-ulcinj.com\/blog\/2015\/03\/09\/emir-dervishi-ftohet-nga-kombetarja-shqiptare\/","title":{"rendered":"Emir Dervishi ftohet nga komb\u00ebtarja Shqiptare"},"content":{"rendered":"<div><a href=\"http:\/\/www.visit-ulcinj.com\/blog\/wp-content\/uploads\/2015\/03\/Emir-Dervishi-Korab.jpg\"><img loading=\"lazy\" class=\"alignleft wp-image-89217\" src=\"http:\/\/www.visit-ulcinj.com\/blog\/wp-content\/uploads\/2015\/03\/Emir-Dervishi-Korab.jpg\" alt=\"Emir-Dervishi-Korab\" width=\"508\" height=\"286\" srcset=\"https:\/\/www.visit-ulcinj.com\/blog\/wp-content\/uploads\/2015\/03\/Emir-Dervishi-Korab.jpg 960w, https:\/\/www.visit-ulcinj.com\/blog\/wp-content\/uploads\/2015\/03\/Emir-Dervishi-Korab-300x169.jpg 300w\" sizes=\"(max-width: 508px) 100vw, 508px\" \/><\/a>Emir Dervishi kick-boksieri i mir\u00ebnjohur nga Ulqini dhe sportisti i vitit 2014 n\u00eb Ulqin,nuk ndalon me surpriza dhe p\u00ebrfaq\u00ebsime t\u00eb denj\u00ebshme si n\u00eb nivelin komb\u00ebtar por edhe nd\u00ebrkomb\u00ebtar.<\/div>\n<div>Pasi q\u00eb p\u00ebr t\u00eb dyt\u00ebn her\u00eb radhazi u nderua me \u00e7mimin e kick-boksierit m\u00eb t\u00eb mir\u00eb n\u00eb Mal\u00eb t\u00eb Zi,n\u00eb peshat deri n\u00eb 75kg dhe \u00e7mimin e sportistit t\u00eb vitit 2014 n\u00eb Ulqin,Emir Dervishi nuk e ka nd\u00ebrmend t\u00eb ndalet me \u00e7mime t\u00eb sukses\u00ebshme dhe n\u00eb turneun komb\u00ebtar t\u00eb Shqip\u00ebris,te mbajtur me 7 mars te ketij viti si kick-boksier i pamvarur nga Ulqini u shpall si fitues edhe n\u00eb k\u00ebt\u00eb turne dhe n\u00eb finale mundi 2-1 me an\u00eb te pik\u00ebve kampionin Kosovar,Korab Sinanin.<\/div>\n<div>Sipas informatave q\u00eb na jep gazeta ditore sportive Shqip\u00ebtare &#8220;Panorama Sport&#8221; Emir Dervishit mbas turneut komb\u00ebtar ju ofrua t\u00eb marr pjes\u00eb ne kampionatin bot\u00ebror n\u00eb Portugali si p\u00ebrfaq\u00ebsues i Shqip\u00ebris.<\/div>\n<div>Citim:Sportisti i cili po p\u00ebrfaq\u00ebson n\u00eb m\u00ebnyr\u00eb t\u00eb shk\u00eblqyer komun\u00ebn e Ulqinit,fatkeq\u00ebsisht t\u00eb gjitha shpenzimet q\u00eb i p\u00ebrfshin ky sport \u00ebsht\u00eb i detyruar ti mbuloj\u00eb vet,edhe pse si student \u00ebsht\u00eb tep\u00ebr e v\u00ebshtir t\u00eb mbulohet.<\/div>\n<div>Dhe me shpres\u00eb q\u00eb s\u00eb shpejti si Komuna e Ulqinit por edhe bizneset e sektorit privat do t\u00eb kthejn\u00eb syt tek sportisti i vitit ne Ulqin,Emiri do vazhdoj\u00eb me suksese edhe n\u00eb nivelin nd\u00ebrkomb\u00ebtar,ndoshta s\u00eb shpejti edhe n\u00eb kampionatin bot\u00ebror n\u00eb Portugali k\u00ebt\u00eb vit.<\/div>\n<div><\/div>\n<div>\n<h3 class=\"iw\"><span class=\"gD\">Artan Osmanovic<\/span><\/h3>\n<\/div>\n","protected":false},"excerpt":{"rendered":"<p>Emir Dervishi kick-boksieri i mir\u00ebnjohur nga Ulqini dhe sportisti i vitit 2014 n\u00eb Ulqin,nuk ndalon me surpriza dhe p\u00ebrfaq\u00ebsime t\u00eb denj\u00ebshme si n\u00eb nivelin komb\u00ebtar por edhe nd\u00ebrkomb\u00ebtar. Pasi q\u00eb p\u00ebr t\u00eb dyt\u00ebn her\u00eb radhazi u nderua me \u00e7mimin e kick-boksierit m\u00eb t\u00eb mir\u00eb n\u00eb Mal\u00eb t\u00eb Zi,n\u00eb peshat deri n\u00eb 75kg dhe \u00e7mimin e [&hellip;]<\/p>\n","protected":false},"author":1,"featured_media":0,"comment_status":"closed","ping_status":"closed","sticky":false,"template":"","format":"standard","meta":{"spay_email":"","jetpack_publicize_message":"","jetpack_is_tweetstorm":false,"jetpack_publicize_feature_enabled":true},"categories":[1,3],"tags":[],"jetpack_publicize_connections":[],"yoast_head":"<!-- This site is optimized with the Yoast SEO plugin v19.1 - https:\/\/yoast.com\/wordpress\/plugins\/seo\/ -->\n<title>Emir Dervishi ftohet nga komb\u00ebtarja Shqiptare - Lajme nga Ulqini<\/title>\n<meta name=\"description\" content=\"Emir Dervishi kick-boksieri i mir\u00ebnjohur nga Ulqini dhe sportisti i vitit 2014 n\u00eb Ulqin,nuk ndalon me surpriza dhe p\u00ebrfaq\u00ebsime t\u00eb denj\u00ebshme si n\u00eb nivelin\" \/>\n<meta name=\"robots\" content=\"index, follow, max-snippet:-1, max-image-preview:large, max-video-preview:-1\" \/>\n<link rel=\"canonical\" href=\"https:\/\/www.visit-ulcinj.com\/blog\/2015\/03\/09\/emir-dervishi-ftohet-nga-kombetarja-shqiptare\/\" \/>\n<meta property=\"og:locale\" content=\"en_US\" \/>\n<meta property=\"og:type\" content=\"article\" \/>\n<meta property=\"og:title\" content=\"Emir Dervishi ftohet nga komb\u00ebtarja Shqiptare - Lajme nga Ulqini\" \/>\n<meta property=\"og:description\" content=\"Emir Dervishi kick-boksieri i mir\u00ebnjohur nga Ulqini dhe sportisti i vitit 2014 n\u00eb Ulqin,nuk ndalon me surpriza dhe p\u00ebrfaq\u00ebsime t\u00eb denj\u00ebshme si n\u00eb nivelin\" \/>\n<meta property=\"og:url\" content=\"https:\/\/www.visit-ulcinj.com\/blog\/2015\/03\/09\/emir-dervishi-ftohet-nga-kombetarja-shqiptare\/\" \/>\n<meta property=\"og:site_name\" content=\"Lajme nga Ulqini\" \/>\n<meta property=\"article:published_time\" content=\"2015-03-09T13:38:22+00:00\" \/>\n<meta property=\"article:modified_time\" content=\"2015-03-09T19:15:57+00:00\" \/>\n<meta property=\"og:image\" content=\"http:\/\/www.visit-ulcinj.com\/blog\/wp-content\/uploads\/2015\/03\/Emir-Dervishi-Korab.jpg\" \/>\n<meta name=\"twitter:label1\" content=\"Written by\" \/>\n\t<meta name=\"twitter:data1\" content=\"ulqini\" \/>\n\t<meta name=\"twitter:label2\" content=\"Est. reading time\" \/>\n\t<meta name=\"twitter:data2\" content=\"1 minute\" \/>\n<script type=\"application\/ld+json\" class=\"yoast-schema-graph\">{\"@context\":\"https:\/\/schema.org\",\"@graph\":[{\"@type\":\"WebSite\",\"@id\":\"https:\/\/www.visit-ulcinj.com\/blog\/#website\",\"url\":\"https:\/\/www.visit-ulcinj.com\/blog\/\",\"name\":\"Lajme nga Ulqini\",\"description\":\"Lajme,Vijesti,Ulqini,Ulqin,Crna Gora,Mali i Zi\",\"potentialAction\":[{\"@type\":\"SearchAction\",\"target\":{\"@type\":\"EntryPoint\",\"urlTemplate\":\"https:\/\/www.visit-ulcinj.com\/blog\/?s={search_term_string}\"},\"query-input\":\"required name=search_term_string\"}],\"inLanguage\":\"en-US\"},{\"@type\":\"ImageObject\",\"inLanguage\":\"en-US\",\"@id\":\"https:\/\/www.visit-ulcinj.com\/blog\/2015\/03\/09\/emir-dervishi-ftohet-nga-kombetarja-shqiptare\/#primaryimage\",\"url\":\"https:\/\/www.visit-ulcinj.com\/blog\/wp-content\/uploads\/2015\/03\/Emir-Dervishi-Korab.jpg\",\"contentUrl\":\"https:\/\/www.visit-ulcinj.com\/blog\/wp-content\/uploads\/2015\/03\/Emir-Dervishi-Korab.jpg\",\"width\":960,\"height\":540},{\"@type\":\"WebPage\",\"@id\":\"https:\/\/www.visit-ulcinj.com\/blog\/2015\/03\/09\/emir-dervishi-ftohet-nga-kombetarja-shqiptare\/#webpage\",\"url\":\"https:\/\/www.visit-ulcinj.com\/blog\/2015\/03\/09\/emir-dervishi-ftohet-nga-kombetarja-shqiptare\/\",\"name\":\"Emir Dervishi ftohet nga komb\u00ebtarja Shqiptare - Lajme nga Ulqini\",\"isPartOf\":{\"@id\":\"https:\/\/www.visit-ulcinj.com\/blog\/#website\"},\"primaryImageOfPage\":{\"@id\":\"https:\/\/www.visit-ulcinj.com\/blog\/2015\/03\/09\/emir-dervishi-ftohet-nga-kombetarja-shqiptare\/#primaryimage\"},\"datePublished\":\"2015-03-09T13:38:22+00:00\",\"dateModified\":\"2015-03-09T19:15:57+00:00\",\"author\":{\"@id\":\"https:\/\/www.visit-ulcinj.com\/blog\/#\/schema\/person\/dcab619c614d3038751c63bc2aadc06d\"},\"description\":\"Emir Dervishi kick-boksieri i mir\u00ebnjohur nga Ulqini dhe sportisti i vitit 2014 n\u00eb Ulqin,nuk ndalon me surpriza dhe p\u00ebrfaq\u00ebsime t\u00eb denj\u00ebshme si n\u00eb nivelin\",\"breadcrumb\":{\"@id\":\"https:\/\/www.visit-ulcinj.com\/blog\/2015\/03\/09\/emir-dervishi-ftohet-nga-kombetarja-shqiptare\/#breadcrumb\"},\"inLanguage\":\"en-US\",\"potentialAction\":[{\"@type\":\"ReadAction\",\"target\":[\"https:\/\/www.visit-ulcinj.com\/blog\/2015\/03\/09\/emir-dervishi-ftohet-nga-kombetarja-shqiptare\/\"]}]},{\"@type\":\"BreadcrumbList\",\"@id\":\"https:\/\/www.visit-ulcinj.com\/blog\/2015\/03\/09\/emir-dervishi-ftohet-nga-kombetarja-shqiptare\/#breadcrumb\",\"itemListElement\":[{\"@type\":\"ListItem\",\"position\":1,\"name\":\"Emir Dervishi ftohet nga komb\u00ebtarja Shqiptare\"}]},{\"@type\":\"Person\",\"@id\":\"https:\/\/www.visit-ulcinj.com\/blog\/#\/schema\/person\/dcab619c614d3038751c63bc2aadc06d\",\"name\":\"ulqini\",\"sameAs\":[\"http:\/\/www.visit-ulcinj.com\"],\"url\":\"https:\/\/www.visit-ulcinj.com\/blog\/author\/admin\/\"}]}<\/script>\n<!-- \/ Yoast SEO plugin. -->","yoast_head_json":{"title":"Emir Dervishi ftohet nga komb\u00ebtarja Shqiptare - Lajme nga Ulqini","description":"Emir Dervishi kick-boksieri i mir\u00ebnjohur nga Ulqini dhe sportisti i vitit 2014 n\u00eb Ulqin,nuk ndalon me surpriza dhe p\u00ebrfaq\u00ebsime t\u00eb denj\u00ebshme si n\u00eb nivelin","robots":{"index":"index","follow":"follow","max-snippet":"max-snippet:-1","max-image-preview":"max-image-preview:large","max-video-preview":"max-video-preview:-1"},"canonical":"https:\/\/www.visit-ulcinj.com\/blog\/2015\/03\/09\/emir-dervishi-ftohet-nga-kombetarja-shqiptare\/","og_locale":"en_US","og_type":"article","og_title":"Emir Dervishi ftohet nga komb\u00ebtarja Shqiptare - Lajme nga Ulqini","og_description":"Emir Dervishi kick-boksieri i mir\u00ebnjohur nga Ulqini dhe sportisti i vitit 2014 n\u00eb Ulqin,nuk ndalon me surpriza dhe p\u00ebrfaq\u00ebsime t\u00eb denj\u00ebshme si n\u00eb nivelin","og_url":"https:\/\/www.visit-ulcinj.com\/blog\/2015\/03\/09\/emir-dervishi-ftohet-nga-kombetarja-shqiptare\/","og_site_name":"Lajme nga Ulqini","article_published_time":"2015-03-09T13:38:22+00:00","article_modified_time":"2015-03-09T19:15:57+00:00","og_image":[{"url":"http:\/\/www.visit-ulcinj.com\/blog\/wp-content\/uploads\/2015\/03\/Emir-Dervishi-Korab.jpg"}],"twitter_misc":{"Written by":"ulqini","Est. reading time":"1 minute"},"schema":{"@context":"https:\/\/schema.org","@graph":[{"@type":"WebSite","@id":"https:\/\/www.visit-ulcinj.com\/blog\/#website","url":"https:\/\/www.visit-ulcinj.com\/blog\/","name":"Lajme nga Ulqini","description":"Lajme,Vijesti,Ulqini,Ulqin,Crna Gora,Mali i Zi","potentialAction":[{"@type":"SearchAction","target":{"@type":"EntryPoint","urlTemplate":"https:\/\/www.visit-ulcinj.com\/blog\/?s={search_term_string}"},"query-input":"required name=search_term_string"}],"inLanguage":"en-US"},{"@type":"ImageObject","inLanguage":"en-US","@id":"https:\/\/www.visit-ulcinj.com\/blog\/2015\/03\/09\/emir-dervishi-ftohet-nga-kombetarja-shqiptare\/#primaryimage","url":"https:\/\/www.visit-ulcinj.com\/blog\/wp-content\/uploads\/2015\/03\/Emir-Dervishi-Korab.jpg","contentUrl":"https:\/\/www.visit-ulcinj.com\/blog\/wp-content\/uploads\/2015\/03\/Emir-Dervishi-Korab.jpg","width":960,"height":540},{"@type":"WebPage","@id":"https:\/\/www.visit-ulcinj.com\/blog\/2015\/03\/09\/emir-dervishi-ftohet-nga-kombetarja-shqiptare\/#webpage","url":"https:\/\/www.visit-ulcinj.com\/blog\/2015\/03\/09\/emir-dervishi-ftohet-nga-kombetarja-shqiptare\/","name":"Emir Dervishi ftohet nga komb\u00ebtarja Shqiptare - Lajme nga Ulqini","isPartOf":{"@id":"https:\/\/www.visit-ulcinj.com\/blog\/#website"},"primaryImageOfPage":{"@id":"https:\/\/www.visit-ulcinj.com\/blog\/2015\/03\/09\/emir-dervishi-ftohet-nga-kombetarja-shqiptare\/#primaryimage"},"datePublished":"2015-03-09T13:38:22+00:00","dateModified":"2015-03-09T19:15:57+00:00","author":{"@id":"https:\/\/www.visit-ulcinj.com\/blog\/#\/schema\/person\/dcab619c614d3038751c63bc2aadc06d"},"description":"Emir Dervishi kick-boksieri i mir\u00ebnjohur nga Ulqini dhe sportisti i vitit 2014 n\u00eb Ulqin,nuk ndalon me surpriza dhe p\u00ebrfaq\u00ebsime t\u00eb denj\u00ebshme si n\u00eb nivelin","breadcrumb":{"@id":"https:\/\/www.visit-ulcinj.com\/blog\/2015\/03\/09\/emir-dervishi-ftohet-nga-kombetarja-shqiptare\/#breadcrumb"},"inLanguage":"en-US","potentialAction":[{"@type":"ReadAction","target":["https:\/\/www.visit-ulcinj.com\/blog\/2015\/03\/09\/emir-dervishi-ftohet-nga-kombetarja-shqiptare\/"]}]},{"@type":"BreadcrumbList","@id":"https:\/\/www.visit-ulcinj.com\/blog\/2015\/03\/09\/emir-dervishi-ftohet-nga-kombetarja-shqiptare\/#breadcrumb","itemListElement":[{"@type":"ListItem","position":1,"name":"Emir Dervishi ftohet nga komb\u00ebtarja Shqiptare"}]},{"@type":"Person","@id":"https:\/\/www.visit-ulcinj.com\/blog\/#\/schema\/person\/dcab619c614d3038751c63bc2aadc06d","name":"ulqini","sameAs":["http:\/\/www.visit-ulcinj.com"],"url":"https:\/\/www.visit-ulcinj.com\/blog\/author\/admin\/"}]}},"jetpack_featured_media_url":"","jetpack_sharing_enabled":true,"jetpack_shortlink":"https:\/\/wp.me\/pe6lTn-ncY","_links":{"self":[{"href":"https:\/\/www.visit-ulcinj.com\/blog\/wp-json\/wp\/v2\/posts\/89216"}],"collection":[{"href":"https:\/\/www.visit-ulcinj.com\/blog\/wp-json\/wp\/v2\/posts"}],"about":[{"href":"https:\/\/www.visit-ulcinj.com\/blog\/wp-json\/wp\/v2\/types\/post"}],"author":[{"embeddable":true,"href":"https:\/\/www.visit-ulcinj.com\/blog\/wp-json\/wp\/v2\/users\/1"}],"replies":[{"embeddable":true,"href":"https:\/\/www.visit-ulcinj.com\/blog\/wp-json\/wp\/v2\/comments?post=89216"}],"version-history":[{"count":1,"href":"https:\/\/www.visit-ulcinj.com\/blog\/wp-json\/wp\/v2\/posts\/89216\/revisions"}],"predecessor-version":[{"id":89218,"href":"https:\/\/www.visit-ulcinj.com\/blog\/wp-json\/wp\/v2\/posts\/89216\/revisions\/89218"}],"wp:attachment":[{"href":"https:\/\/www.visit-ulcinj.com\/blog\/wp-json\/wp\/v2\/media?parent=89216"}],"wp:term":[{"taxonomy":"category","embeddable":true,"href":"https:\/\/www.visit-ulcinj.com\/blog\/wp-json\/wp\/v2\/categories?post=89216"},{"taxonomy":"post_tag","embeddable":true,"href":"https:\/\/www.visit-ulcinj.com\/blog\/wp-json\/wp\/v2\/tags?post=89216"}],"curies":[{"name":"wp","href":"https:\/\/api.w.org\/{rel}","templated":true}]}}