{"id":89224,"date":"2015-03-09T15:04:16","date_gmt":"2015-03-09T14:04:16","guid":{"rendered":"http:\/\/www.visit-ulcinj.com\/blog\/?p=89224"},"modified":"2015-03-09T15:04:16","modified_gmt":"2015-03-09T14:04:16","slug":"kordic-odgovor-na-temu-trazenje-nafte-na-obali-ulcinja","status":"publish","type":"post","link":"https:\/\/www.visit-ulcinj.com\/blog\/2015\/03\/09\/kordic-odgovor-na-temu-trazenje-nafte-na-obali-ulcinja\/","title":{"rendered":"Kordic: Odgovor na temu tra\u017eenje nafte na obali Ulcinja"},"content":{"rendered":"<div class=\"_5pbx userContent\" data-ft=\"{&quot;tn&quot;:&quot;K&quot;}\">\n<p><strong><a href=\"http:\/\/www.visit-ulcinj.com\/blog\/wp-content\/uploads\/2013\/11\/platforma-nafte.jpg\"><img loading=\"lazy\" class=\"alignleft wp-image-76514\" src=\"http:\/\/www.visit-ulcinj.com\/blog\/wp-content\/uploads\/2013\/11\/platforma-nafte.jpg\" alt=\"platforma-nafte\" width=\"508\" height=\"298\" srcset=\"https:\/\/www.visit-ulcinj.com\/blog\/wp-content\/uploads\/2013\/11\/platforma-nafte.jpg 648w, https:\/\/www.visit-ulcinj.com\/blog\/wp-content\/uploads\/2013\/11\/platforma-nafte-300x175.jpg 300w\" sizes=\"(max-width: 508px) 100vw, 508px\" \/><\/a>Ta\u010dno prije godinu dana sam napisao ovaj tekst kao reakciju i odgovor na temu tra\u017eenje nafte na obali Ulcinja. Ovom prilikom ga objavljujem jo\u0161 jednom bez ikakve promjene:<\/strong><\/p>\n<p>Da je sre\u0107e da Solana funkcioni\u0161e, da proizvodi na hiljade tona soli, kao \u0161to je to bio slu\u010daj prije 40-50 godina, da turisti\u010dka sezona u Ulcinju traje puna tri mjeseca i da se povrate strani gosti, da dodatno bude dobra i maslinarska sezona, da se razvije ribarstvo. To bi bilo idealno. Ne bi ljudi morali da \u017eivotare devet mjeseci da bi onda radili i \u017eivjeli tri mjeseca. U ovakvoj konstelaciji sezonskih faktora, koji su sudbinski za Ulcinjane, Ulcinj i njegov razvoj, po\u017eeli \u010dovjek jo\u0161 kakvu drugu mogu\u0107nost konstantnog privre\u0111ivanja, ne bili se nekako otka\u010dili od te vje\u010dite neizvjesnosti, privredne, ekonomske nesigurnosti, nestabilnosti, straha za \u017eivotnu egzistenciju, za budu\u0107nost i perspektivu svoje djece.<br \/>\nUlcinj, odnosno njegovo podmorje krije \u201cte\u010dno zlato\u201d, na povr\u0161ini od tri hiljade kvadratnih kilometara. \u201cNa tom prostoru su Udru\u017eene jugoslovenske naftne kompanije kotorski \u201cJugopetrol\u201d i novosadski \u201cNaftagas\u201d osamdesetih godina pro\u0161log vijeka, bu\u0161ili u Valdanosu do dubine od 5.309 metara, ali nafta nije prona\u0111ena..\u201d<br \/>\nI tada u osamdesetim godinama, radovao sam se \u0161to nije na\u0111eno \u201cte\u010dno zlato\u201d (to jest \u201ccrno zlato\u201d), i danas u ovom Novom Milenijumu, obradovao bih se jo\u0161 vi\u0161e ako ne procuri ni kap crne sudbine. Ako bi se, ne daj Bo\u017ee, ostvario prijedlog ameri\u010dke kompanije Foster Viler od 2006. godine, da se izgradi Rafinerija nafte kod Ulcinja, onda bi to bila definitivna propast Ulcinja i Ulcinjana. Onda bi slobodno mogli svih 20 hiljada stanovnika da se odsele po bijelome svijetu i da bje\u017ee od \u201ccrnog zlata\u201d. Za\u0161to?<br \/>\nSve to zvu\u010di lijepo ekonomski: preradom sirove nafte dobijali bi se svi derivati, od benzina do obi\u010dnog petroleja. Cijela investicija iznosila bi par milijardi eura, a zaposlilo bi se 400, 500, 1000 ljudi, \u0161to zna\u010di da bi oko 5-10 hiljada stanovnika imali stalna, sigurna mjese\u010dna primanja. Idealno, perfektno, pomislio bi \u010dovjek. Kona\u010dno bi se stvorio siguran ekonomski izvor za pove\u0107anje \u017eivotnog standarda, obezbije\u0111enje budu\u0107nosti kako op\u0161tine tako i stanovni\u0161tva Ulcinja. Ne bi vi\u0161e niko bio zavisan od berbe soli, turizma, maslinarstva i druge sitne privrede i mu\u010dnog privre\u0111ivanja. Ove poslednje privredne oblasti bi postale sekundarne, dodatne, dopunske, ako bi \u010dovjek htio jo\u0161 malo da pove\u0107a svoja primanja i standard. \u0160to se crnogorske Vlade ti\u010de, ovaj \u201cposao stolje\u0107a\u201d ve\u0107 mo\u017ee da po\u010dne. No, ovdje se neizostavno name\u0107e pitanje: \u201cposao stolje\u0107a\u201d za koga??? Zar nije najbolji odgovor ova izjava zvani\u010dnika Vlade: \u201c.a tako\u0111e je poznato da \u0107e ukupni prihodi dr\u017eave od naftnog biznisa iznositi 65 do 70 odsto neto profita svih koncesionara\u201d. Ni rije\u010di o prihodima Ulcinja od \u201cnaftnog biznisa\u201d!!!<br \/>\nUzimaju\u0107i sve dana\u0161nje kao i dosada\u0161nje privredne, ekonomske, socijalne, demografske, faktore a naro\u010dito politi\u010dke \u010dinjenice u Crnoj Gori, odnosno Ulcinju, posebno nizak nivo svijesti \u010duvanja sredine i okoline, biodiverziteta, za\u0161tite biolo\u0161kog svijeta, flore i faune.i pored tvrdnji i izjava vladinih predstavnika, \u201c.da je najvi\u0161e vo\u0111eno ra\u010duna o za\u0161titi \u017eivotne sredine\u201d, \u201ccrno-zlatni\u201d scenario bi izgledao odprilike kao \u0161to slijedi.<br \/>\nPrva faza: istra\u017eivanja \u0107e trajati tri do pet godina, a onda bi jo\u0161 toliko trebalo za pripremu bu\u0161otina, dakle, 6-10 godina. Tokom tog perioda bi Valdanos opet bio okupiran, nepristupa\u010dan za turiste i mje\u0161tane, putevi grada, periferije i Maslinjaka bili bi o\u0161te\u0107eni odnosno uni\u0161teni pod ogromnim teretima transportera gra\u0111evinskog i tehni\u010dkog materijala za izgradnju infrastrukture kako na kopnu tako i na Platformi bu\u0161otine.<br \/>\nDruga faza: buka, zaga\u0111enje vazduha, zakr\u010denje ionako uskih puteva \u010dak u vansezonskim mjesecima, a o julu, avgustu, pa \u010dak i septembru da i ne govorimo. Saobra\u0107aj brodova, tankera, teglja\u010da i drugih plovidbenih objekata neophodnih za snabdijevanje Platforme na pu\u010dini, tehni\u010dki radovi, servisi i drugi neizostavni radovi, koji su neophodni za stalan bezprekoran saobra\u0107aj izme\u0111u Bu\u0161otine i obale, izuskuju 24-\u010dasovni pokret i raspolo\u017eivost ljudstvom, tehnikom i logistikom, da bi takav gigantski projekt funkcionisao bez problema.<br \/>\nTre\u0107a faza: Dodamo li tome jo\u0161 X-nepredvidljivih faktora rizika, koji se kriju u ovakvim kompleksnim operacija, a koje gledamo i pratimo ve\u0107 godinama u svim sredstvima svijetskih medija: havarije, brodolomi, curenje velikih koli\u010dina nafte u more, zaga\u0111ivanje mora za slede\u0107e dvije tri generacije zbog tehni\u010dkih gre\u0161aka ili ljudske nemarnosti, uklju\u010divanje starih i odslu\u017eenih tehni\u010dkih sredstava u eksploataciju i transport nafte iz finansijskih razloga, tj., \u0161to manjih tro\u0161kova. Bez obzira koliko bi ta Platforma bila daleko od ulcinjske obale, riziko i vjerovatno\u0107a nastupanja jednog od ovih crnih scenarija su veoma visoki.<br \/>\nUzmimo na razmatranje jo\u0161 i pozitivni faktor zapo\u0161ljavanja stanovni\u0161tva na ovako jedinstvenom giganstkom projektu. Ako bi se u ovom intenzivnom i dobro pla\u0107enom radnom ciklusu zaposlili prvenstveno radno sposobni ljudi iz svih profesionalnih profila Ulcinja i okoline, pa tek po potrebi iz drugih mjesta i krajeva Crne Gore, bila bi i akceptancija (prihvatljivost) navedenih riziko faktora mnogo ve\u0107a kod naroda. No, ko garantuje da bi to bio slu\u010daj, uzimaju\u0107i u obzir iskustva iz pro\u0161losti.<br \/>\nNajsu\u0161tinskije pitanje u svemu ovome je: da li bi Op\u0161tina Ulcinj, bud\u017eet Ulcinja, op\u0161tinska kasa, osjetili finansijske blagodeti ovog \u201cte\u010dnog zlata\u201d, odnosno, da li bi uop\u0161te od svog tog \u201czlata\u201d ostala i neka mrvica za Ulcinj i Ulcinjane? \u010cisto sumnjam!!! Naprotiv, najvjerovatniji scenario bi bio taj, da bi Ulcinj pretrpio prirodno biolo\u0161ku, finansijsku i strukturalnu katastrofu sa nepredvidljivim posljedicama za sljede\u0107ih sto godina, a da bi od ovog \u201cnaftnog biznisa\u201d imala korist samo dr\u017eava, odnosno Vlada.<br \/>\n\u0160to je onda bolje, ostati na ovakav nivo, prihvatiti status quo, \u010dekati svake godine 9 mjeseci na ona 3 ljetnja turisti\u010dka mjeseca i tako u slede\u0107ih sto godina, ili prihvatiti i pomiriti se sa varijantom \u201cte\u010dnog zlata\u201d, koje bi se sa velikom vjerovatno\u0107om pretvorio u crnu moru stolje\u0107a??? Quo vadis Ulcinj?<\/p>\n<h5 class=\"_5pbw\" data-ft=\"{&quot;tn&quot;:&quot;C&quot;}\"><span class=\"fwb fcg\" data-ft=\"{&quot;tn&quot;:&quot;;&quot;}\"><a id=\"js_h\" href=\"https:\/\/www.facebook.com\/profile.php?id=100002258040793&amp;fref=nf\" data-hovercard=\"\/ajax\/hovercard\/user.php?id=100002258040793&amp;extragetparams=%7B%22fref%22%3A%22nf%22%7D\">Silver Korda Kordic Facebook<\/a><\/span><\/h5>\n<\/div>\n","protected":false},"excerpt":{"rendered":"<p>Ta\u010dno prije godinu dana sam napisao ovaj tekst kao reakciju i odgovor na temu tra\u017eenje nafte na obali Ulcinja. Ovom prilikom ga objavljujem jo\u0161 jednom bez ikakve promjene: Da je sre\u0107e da Solana funkcioni\u0161e, da proizvodi na hiljade tona soli, kao \u0161to je to bio slu\u010daj prije 40-50 godina, da turisti\u010dka sezona u Ulcinju traje [&hellip;]<\/p>\n","protected":false},"author":1,"featured_media":0,"comment_status":"closed","ping_status":"closed","sticky":false,"template":"","format":"standard","meta":{"spay_email":"","jetpack_publicize_message":"","jetpack_is_tweetstorm":false,"jetpack_publicize_feature_enabled":true},"categories":[8337],"tags":[],"jetpack_publicize_connections":[],"yoast_head":"<!-- This site is optimized with the Yoast SEO plugin v19.1 - https:\/\/yoast.com\/wordpress\/plugins\/seo\/ -->\n<title>Kordic: Odgovor na temu tra\u017eenje nafte na obali Ulcinja - Lajme nga Ulqini<\/title>\n<meta name=\"description\" content=\"Ta\u010dno prije godinu dana sam napisao ovaj tekst kao reakciju i odgovor na temu tra\u017eenje nafte na obali Ulcinja. Ovom prilikom ga objavljujem jo\u0161 jednom bez\" \/>\n<meta name=\"robots\" content=\"index, follow, max-snippet:-1, max-image-preview:large, max-video-preview:-1\" \/>\n<link rel=\"canonical\" href=\"https:\/\/www.visit-ulcinj.com\/blog\/2015\/03\/09\/kordic-odgovor-na-temu-trazenje-nafte-na-obali-ulcinja\/\" \/>\n<meta property=\"og:locale\" content=\"en_US\" \/>\n<meta property=\"og:type\" content=\"article\" \/>\n<meta property=\"og:title\" content=\"Kordic: Odgovor na temu tra\u017eenje nafte na obali Ulcinja - Lajme nga Ulqini\" \/>\n<meta property=\"og:description\" content=\"Ta\u010dno prije godinu dana sam napisao ovaj tekst kao reakciju i odgovor na temu tra\u017eenje nafte na obali Ulcinja. Ovom prilikom ga objavljujem jo\u0161 jednom bez\" \/>\n<meta property=\"og:url\" content=\"https:\/\/www.visit-ulcinj.com\/blog\/2015\/03\/09\/kordic-odgovor-na-temu-trazenje-nafte-na-obali-ulcinja\/\" \/>\n<meta property=\"og:site_name\" content=\"Lajme nga Ulqini\" \/>\n<meta property=\"article:published_time\" content=\"2015-03-09T14:04:16+00:00\" \/>\n<meta property=\"og:image\" content=\"http:\/\/www.visit-ulcinj.com\/blog\/wp-content\/uploads\/2013\/11\/platforma-nafte.jpg\" \/>\n<meta name=\"twitter:label1\" content=\"Written by\" \/>\n\t<meta name=\"twitter:data1\" content=\"ulqini\" \/>\n\t<meta name=\"twitter:label2\" content=\"Est. reading time\" \/>\n\t<meta name=\"twitter:data2\" content=\"5 minutes\" \/>\n<script type=\"application\/ld+json\" class=\"yoast-schema-graph\">{\"@context\":\"https:\/\/schema.org\",\"@graph\":[{\"@type\":\"WebSite\",\"@id\":\"https:\/\/www.visit-ulcinj.com\/blog\/#website\",\"url\":\"https:\/\/www.visit-ulcinj.com\/blog\/\",\"name\":\"Lajme nga Ulqini\",\"description\":\"Lajme,Vijesti,Ulqini,Ulqin,Crna Gora,Mali i Zi\",\"potentialAction\":[{\"@type\":\"SearchAction\",\"target\":{\"@type\":\"EntryPoint\",\"urlTemplate\":\"https:\/\/www.visit-ulcinj.com\/blog\/?s={search_term_string}\"},\"query-input\":\"required name=search_term_string\"}],\"inLanguage\":\"en-US\"},{\"@type\":\"ImageObject\",\"inLanguage\":\"en-US\",\"@id\":\"https:\/\/www.visit-ulcinj.com\/blog\/2015\/03\/09\/kordic-odgovor-na-temu-trazenje-nafte-na-obali-ulcinja\/#primaryimage\",\"url\":\"https:\/\/www.visit-ulcinj.com\/blog\/wp-content\/uploads\/2013\/11\/platforma-nafte.jpg\",\"contentUrl\":\"https:\/\/www.visit-ulcinj.com\/blog\/wp-content\/uploads\/2013\/11\/platforma-nafte.jpg\",\"width\":648,\"height\":380},{\"@type\":\"WebPage\",\"@id\":\"https:\/\/www.visit-ulcinj.com\/blog\/2015\/03\/09\/kordic-odgovor-na-temu-trazenje-nafte-na-obali-ulcinja\/#webpage\",\"url\":\"https:\/\/www.visit-ulcinj.com\/blog\/2015\/03\/09\/kordic-odgovor-na-temu-trazenje-nafte-na-obali-ulcinja\/\",\"name\":\"Kordic: Odgovor na temu tra\u017eenje nafte na obali Ulcinja - Lajme nga Ulqini\",\"isPartOf\":{\"@id\":\"https:\/\/www.visit-ulcinj.com\/blog\/#website\"},\"primaryImageOfPage\":{\"@id\":\"https:\/\/www.visit-ulcinj.com\/blog\/2015\/03\/09\/kordic-odgovor-na-temu-trazenje-nafte-na-obali-ulcinja\/#primaryimage\"},\"datePublished\":\"2015-03-09T14:04:16+00:00\",\"dateModified\":\"2015-03-09T14:04:16+00:00\",\"author\":{\"@id\":\"https:\/\/www.visit-ulcinj.com\/blog\/#\/schema\/person\/dcab619c614d3038751c63bc2aadc06d\"},\"description\":\"Ta\u010dno prije godinu dana sam napisao ovaj tekst kao reakciju i odgovor na temu tra\u017eenje nafte na obali Ulcinja. Ovom prilikom ga objavljujem jo\u0161 jednom bez\",\"breadcrumb\":{\"@id\":\"https:\/\/www.visit-ulcinj.com\/blog\/2015\/03\/09\/kordic-odgovor-na-temu-trazenje-nafte-na-obali-ulcinja\/#breadcrumb\"},\"inLanguage\":\"en-US\",\"potentialAction\":[{\"@type\":\"ReadAction\",\"target\":[\"https:\/\/www.visit-ulcinj.com\/blog\/2015\/03\/09\/kordic-odgovor-na-temu-trazenje-nafte-na-obali-ulcinja\/\"]}]},{\"@type\":\"BreadcrumbList\",\"@id\":\"https:\/\/www.visit-ulcinj.com\/blog\/2015\/03\/09\/kordic-odgovor-na-temu-trazenje-nafte-na-obali-ulcinja\/#breadcrumb\",\"itemListElement\":[{\"@type\":\"ListItem\",\"position\":1,\"name\":\"Kordic: Odgovor na temu tra\u017eenje nafte na obali Ulcinja\"}]},{\"@type\":\"Person\",\"@id\":\"https:\/\/www.visit-ulcinj.com\/blog\/#\/schema\/person\/dcab619c614d3038751c63bc2aadc06d\",\"name\":\"ulqini\",\"sameAs\":[\"http:\/\/www.visit-ulcinj.com\"],\"url\":\"https:\/\/www.visit-ulcinj.com\/blog\/author\/admin\/\"}]}<\/script>\n<!-- \/ Yoast SEO plugin. -->","yoast_head_json":{"title":"Kordic: Odgovor na temu tra\u017eenje nafte na obali Ulcinja - Lajme nga Ulqini","description":"Ta\u010dno prije godinu dana sam napisao ovaj tekst kao reakciju i odgovor na temu tra\u017eenje nafte na obali Ulcinja. Ovom prilikom ga objavljujem jo\u0161 jednom bez","robots":{"index":"index","follow":"follow","max-snippet":"max-snippet:-1","max-image-preview":"max-image-preview:large","max-video-preview":"max-video-preview:-1"},"canonical":"https:\/\/www.visit-ulcinj.com\/blog\/2015\/03\/09\/kordic-odgovor-na-temu-trazenje-nafte-na-obali-ulcinja\/","og_locale":"en_US","og_type":"article","og_title":"Kordic: Odgovor na temu tra\u017eenje nafte na obali Ulcinja - Lajme nga Ulqini","og_description":"Ta\u010dno prije godinu dana sam napisao ovaj tekst kao reakciju i odgovor na temu tra\u017eenje nafte na obali Ulcinja. Ovom prilikom ga objavljujem jo\u0161 jednom bez","og_url":"https:\/\/www.visit-ulcinj.com\/blog\/2015\/03\/09\/kordic-odgovor-na-temu-trazenje-nafte-na-obali-ulcinja\/","og_site_name":"Lajme nga Ulqini","article_published_time":"2015-03-09T14:04:16+00:00","og_image":[{"url":"http:\/\/www.visit-ulcinj.com\/blog\/wp-content\/uploads\/2013\/11\/platforma-nafte.jpg"}],"twitter_misc":{"Written by":"ulqini","Est. reading time":"5 minutes"},"schema":{"@context":"https:\/\/schema.org","@graph":[{"@type":"WebSite","@id":"https:\/\/www.visit-ulcinj.com\/blog\/#website","url":"https:\/\/www.visit-ulcinj.com\/blog\/","name":"Lajme nga Ulqini","description":"Lajme,Vijesti,Ulqini,Ulqin,Crna Gora,Mali i Zi","potentialAction":[{"@type":"SearchAction","target":{"@type":"EntryPoint","urlTemplate":"https:\/\/www.visit-ulcinj.com\/blog\/?s={search_term_string}"},"query-input":"required name=search_term_string"}],"inLanguage":"en-US"},{"@type":"ImageObject","inLanguage":"en-US","@id":"https:\/\/www.visit-ulcinj.com\/blog\/2015\/03\/09\/kordic-odgovor-na-temu-trazenje-nafte-na-obali-ulcinja\/#primaryimage","url":"https:\/\/www.visit-ulcinj.com\/blog\/wp-content\/uploads\/2013\/11\/platforma-nafte.jpg","contentUrl":"https:\/\/www.visit-ulcinj.com\/blog\/wp-content\/uploads\/2013\/11\/platforma-nafte.jpg","width":648,"height":380},{"@type":"WebPage","@id":"https:\/\/www.visit-ulcinj.com\/blog\/2015\/03\/09\/kordic-odgovor-na-temu-trazenje-nafte-na-obali-ulcinja\/#webpage","url":"https:\/\/www.visit-ulcinj.com\/blog\/2015\/03\/09\/kordic-odgovor-na-temu-trazenje-nafte-na-obali-ulcinja\/","name":"Kordic: Odgovor na temu tra\u017eenje nafte na obali Ulcinja - Lajme nga Ulqini","isPartOf":{"@id":"https:\/\/www.visit-ulcinj.com\/blog\/#website"},"primaryImageOfPage":{"@id":"https:\/\/www.visit-ulcinj.com\/blog\/2015\/03\/09\/kordic-odgovor-na-temu-trazenje-nafte-na-obali-ulcinja\/#primaryimage"},"datePublished":"2015-03-09T14:04:16+00:00","dateModified":"2015-03-09T14:04:16+00:00","author":{"@id":"https:\/\/www.visit-ulcinj.com\/blog\/#\/schema\/person\/dcab619c614d3038751c63bc2aadc06d"},"description":"Ta\u010dno prije godinu dana sam napisao ovaj tekst kao reakciju i odgovor na temu tra\u017eenje nafte na obali Ulcinja. Ovom prilikom ga objavljujem jo\u0161 jednom bez","breadcrumb":{"@id":"https:\/\/www.visit-ulcinj.com\/blog\/2015\/03\/09\/kordic-odgovor-na-temu-trazenje-nafte-na-obali-ulcinja\/#breadcrumb"},"inLanguage":"en-US","potentialAction":[{"@type":"ReadAction","target":["https:\/\/www.visit-ulcinj.com\/blog\/2015\/03\/09\/kordic-odgovor-na-temu-trazenje-nafte-na-obali-ulcinja\/"]}]},{"@type":"BreadcrumbList","@id":"https:\/\/www.visit-ulcinj.com\/blog\/2015\/03\/09\/kordic-odgovor-na-temu-trazenje-nafte-na-obali-ulcinja\/#breadcrumb","itemListElement":[{"@type":"ListItem","position":1,"name":"Kordic: Odgovor na temu tra\u017eenje nafte na obali Ulcinja"}]},{"@type":"Person","@id":"https:\/\/www.visit-ulcinj.com\/blog\/#\/schema\/person\/dcab619c614d3038751c63bc2aadc06d","name":"ulqini","sameAs":["http:\/\/www.visit-ulcinj.com"],"url":"https:\/\/www.visit-ulcinj.com\/blog\/author\/admin\/"}]}},"jetpack_featured_media_url":"","jetpack_sharing_enabled":true,"jetpack_shortlink":"https:\/\/wp.me\/pe6lTn-nd6","_links":{"self":[{"href":"https:\/\/www.visit-ulcinj.com\/blog\/wp-json\/wp\/v2\/posts\/89224"}],"collection":[{"href":"https:\/\/www.visit-ulcinj.com\/blog\/wp-json\/wp\/v2\/posts"}],"about":[{"href":"https:\/\/www.visit-ulcinj.com\/blog\/wp-json\/wp\/v2\/types\/post"}],"author":[{"embeddable":true,"href":"https:\/\/www.visit-ulcinj.com\/blog\/wp-json\/wp\/v2\/users\/1"}],"replies":[{"embeddable":true,"href":"https:\/\/www.visit-ulcinj.com\/blog\/wp-json\/wp\/v2\/comments?post=89224"}],"version-history":[{"count":1,"href":"https:\/\/www.visit-ulcinj.com\/blog\/wp-json\/wp\/v2\/posts\/89224\/revisions"}],"predecessor-version":[{"id":89225,"href":"https:\/\/www.visit-ulcinj.com\/blog\/wp-json\/wp\/v2\/posts\/89224\/revisions\/89225"}],"wp:attachment":[{"href":"https:\/\/www.visit-ulcinj.com\/blog\/wp-json\/wp\/v2\/media?parent=89224"}],"wp:term":[{"taxonomy":"category","embeddable":true,"href":"https:\/\/www.visit-ulcinj.com\/blog\/wp-json\/wp\/v2\/categories?post=89224"},{"taxonomy":"post_tag","embeddable":true,"href":"https:\/\/www.visit-ulcinj.com\/blog\/wp-json\/wp\/v2\/tags?post=89224"}],"curies":[{"name":"wp","href":"https:\/\/api.w.org\/{rel}","templated":true}]}}