{"id":89226,"date":"2015-01-09T18:14:41","date_gmt":"2015-01-09T17:14:41","guid":{"rendered":"http:\/\/www.visit-ulcinj.com\/blog\/?p=89226"},"modified":"2015-03-09T18:17:41","modified_gmt":"2015-03-09T17:17:41","slug":"autokolonizimi-shtojit-u-si-ai-palestines","status":"publish","type":"post","link":"https:\/\/www.visit-ulcinj.com\/blog\/2015\/01\/09\/autokolonizimi-shtojit-u-si-ai-palestines\/","title":{"rendered":"Autokolonizimi i Shtojit  u b\u00eb  si  ai i Palestin\u00ebs ??!!!"},"content":{"rendered":"<p><strong><em>\u00a0<\/em><\/strong><strong><em>CONTRA POPULUS<\/em><\/strong><strong> <em>KRONIKUS&#8230;..<\/em><\/strong><\/p>\n<p><strong><em>9.<\/em><\/strong><strong><em>KONFRONTIMI I KOMUN\u00cbS SHTETIT DHE DILERAVE GJAT\u00cb SHITJES S\u00cb SHTOJIT<\/em><\/strong><\/p>\n<p><strong><em>Autokolonizimi i Shtojit u b\u00eb si ai i Palestin\u00ebs ??!!!<\/em><\/strong><\/p>\n<p><strong>Nga Muhamet Nika<\/strong><\/p>\n<p><a href=\"http:\/\/www.visit-ulcinj.com\/blog\/wp-content\/uploads\/2015\/03\/Lagja-Shtoj\u00eb-Ulqin-Drumi-Shtojit.jpg\"><img loading=\"lazy\" class=\"alignleft wp-image-89096\" src=\"http:\/\/www.visit-ulcinj.com\/blog\/wp-content\/uploads\/2015\/03\/Lagja-Shtoj\u00eb-Ulqin-Drumi-Shtojit.jpg\" alt=\"Lagja-Shtoj\u00eb-Ulqin-Drumi-Shtojit\" width=\"508\" height=\"368\" srcset=\"https:\/\/www.visit-ulcinj.com\/blog\/wp-content\/uploads\/2015\/03\/Lagja-Shtoj\u00eb-Ulqin-Drumi-Shtojit.jpg 628w, https:\/\/www.visit-ulcinj.com\/blog\/wp-content\/uploads\/2015\/03\/Lagja-Shtoj\u00eb-Ulqin-Drumi-Shtojit-300x217.jpg 300w\" sizes=\"(max-width: 508px) 100vw, 508px\" \/><\/a><\/p>\n<p><strong><em>??!!!<\/em><\/strong><strong><em> N\u00eb rripin e Breg Vis, t\u00eb sh\u00ebnuar n\u00eb hart\u00eb dhe buz\u00eb K\u00ebnet\u00ebs- n\u00eb vendin m\u00eb t\u00eb keq( ashtu si n\u00eb rripin e Gaz\u00ebs), popullsia e vendit e shtyr\u00eb nga nevoja ekonomike, q\u00eb u p\u00ebrkeq\u00ebsua me mbylljen e kufirit shqiptaroshqiptar , q\u00eb pengonte kthimin e saj gjat\u00eb ver\u00ebs n\u00eb Shkrel me bag\u00ebti, e mbetur shum\u00eb keq, filloi e migroi n\u00eb Amerik\u00eb, nd\u00ebrsa pjesa e mbetur , nisi e shiti tok\u00ebn m\u00eb atraktive t\u00eb vet\u00ebn serbo boshnjak\u00ebve, q\u00eb nuk kishin as gjuh\u00ebn dhe as besimin e tyre. Me ndihm\u00ebn e shteti jugosllav \u2013 n\u00eb m\u00ebnyr\u00eb tin\u00ebzare serb\u00ebt fitonin kredi nga nd\u00ebrmarrjet shtet\u00ebrore t\u00eb cil\u00ebt me pushimoret dhe vilat e veta formuan autokoloni t\u00eb reja informate duke mbytur edhe vet\u00eb perspektiven zhvillimore turistike t\u00eb vendasve, pasi ngul\u00ebn para tyre (shih 3 brezat n\u00eb skic\u00eb t\u00eb ndar\u00eb me ngjyra)dhe kishin vend t\u00eb zgj\u00ebroheshin m\u00eb pas edhe n\u00eb tok\u00ebn q\u00eb harta e sh\u00ebnon me ngjyr\u00eb portokalli.?!!!<\/em><\/strong><\/p>\n<p>Kur Drini e nd\u00ebrroi nj\u00eb pjes\u00eb t\u00eb regjimin t\u00eb derdhjes s\u00eb vet n\u00eb det p\u00ebrmes lumit Buna dhe m\u00eb pas kur ngjau akumulimi i sasive t\u00eb m\u00ebdha t\u00eb ujit n\u00eb kaskadat e hidrocentraleve u t\u00ebrhoq\u00ebn edhe p\u00ebrmbytjet n\u00eb Shtoj. Si rezultat i k\u00ebsaj -larg Bregut t\u00eb Vis\u00eb , ku kish ngul popullsia vendase u krijua nj\u00eb brez i ri toke n\u00eb pron\u00ebsi t\u00eb shtojak\u00ebve , nd\u00ebrsa ndiqej nga nj\u00eb brez tjet\u00ebr \u2013 m\u00eb pak i p\u00ebrdorsh\u00ebm q\u00eb ish n\u00eb pron\u00ebsi t\u00eb komun\u00ebs dhe i cili p\u00ebrfundon me magjistral\u00eb, ku n\u00ebn te nis toka shtet\u00ebrore .<\/p>\n<p>Toka kish status bujq\u00ebsor nga shteti i koh\u00ebs. Me zhvillimin e Ulqinit si qytet me destinacion turistik, fillon e ndryshon edhe oferta p\u00ebr tok\u00ebn e liruar nga uji, t\u00eb cil\u00ebn shtojak\u00ebt , po e qitnin n\u00eb treg si troje nd\u00ebrtimore , p\u00ebr kolon\u00ebt serb dhe boshnjako-musliman\u00eb , kuptohet n\u00eb m\u00ebnyr\u00eb t\u00eb eg\u00ebr. Shitja e saj nuk pengohej fare nga pushteti i koh\u00ebs , p\u00ebr q\u00ebllime q\u00eb dihen dhe disa u cek\u00ebn. N\u00ebse t\u00eb par\u00ebt ia beh\u00ebn k\u00ebtu , t\u00eb ndihmuar nga shteti, t\u00eb dyt\u00eb t ia beh\u00ebn, pas trazirave n\u00eb Sanxhak dhe bosnje duke u strehuar n\u00eb oaza m\u00eb t\u00eb qeta.<\/p>\n<p>Ky konglomerat i pa kuptuesh\u00ebm dhe informal i banor\u00ebve dhe nd\u00ebrtimit i p\u00ebrngjet disi shum\u00eb p\u00ebrzierjes s\u00eb fekaleve t\u00eb gropave septike q\u00eb detyrimisht p\u00ebrzihen me ujrat e n\u00ebntok\u00ebs q\u00eb shp\u00ebrthejn\u00eb n\u00eb gjysm\u00eb metre thell\u00ebsi e p\u00ebrdoret p\u00ebr pun\u00eb shtepiake duke rrezikuar vet\u00eb sh\u00ebndetin e tyre .<\/p>\n<p>Nevoja p\u00ebr nd\u00ebrtime informate sa vjen e rritet dhe p\u00ebrmes rrugve informate nis e kalon edhe n\u00eb brezin tok\u00ebsor q\u00eb kontrollonte komuna e n\u00eb hart\u00eb sh\u00ebnohet me ngjyr\u00eb portokalli<\/p>\n<p><strong><em>KONFRONTIMI I KOMUN\u00cbS SHTETIT DHE DILERAVE GJAT\u00cb SHITJES S\u00cb SHTOJIT<\/em><\/strong><\/p>\n<p><strong>Pasi p\u00ebrfundoi procesi i privatizimit n\u00eb Ulqin , pra edhe ai i tok\u00ebs s\u00eb Shtojit , t\u00eb cil\u00ebs i doli i zoti dhe pas kryerjes s\u00eb luft\u00ebs , u pa q\u00eb nevoja p\u00ebr tok\u00eb urbanistike sa vinte e shtohej, nd\u00ebrsa tashti nga taktikat e asimilimit informale t\u00eb segmenteve t\u00eb shtetit , po kalohej n\u00eb taktika formale dhe institucionale t\u00eb zot\u00ebrimit t\u00eb hap\u00ebsir\u00ebs. Pasi , mbase shteti e hetoi q\u00eb n\u00eb Ulqin n\u00eb t\u00ebr\u00ebsi dhe n\u00eb Shtoj , n\u00eb ve\u00e7anti, kish ardhur nj\u00eb num\u00ebr i konsideruesh\u00ebm banor\u00ebsh t\u00eb huaj vendosi t\u00eb forcoj\u00eb regjimin e planifikimit dhe t\u00eb p\u00ebrshpejtoj\u00eb nxjerrjen e planeve urbanistike q\u00eb ndihmonin shitjen e saj n\u00eb treg.<\/strong><\/p>\n<p><strong>Kuptohet se edhe kjo u b\u00eb n\u00eb m\u00ebnyr\u00eb t\u00eb dhunshme e perfide ashtu si edhe vet\u00eb privatizimi . Shteti kish nd\u00ebrruar statusin e tok\u00ebs buz\u00eb bregut t\u00eb detit duke e shpall\u00eb at\u00eb si zon\u00eb me destinim t\u00eb ve\u00e7ant\u00eb p\u00ebr ta shitur kompanive t\u00eb huaja. Nga ana e tjet\u00ebr , prona e komun\u00ebs dhe ajo e vendasve vazhdon e mbet si tok\u00eb bujq\u00ebsore<\/strong><strong>.<\/strong><\/p>\n<p><strong>Pasi shteti malazez e di fare mir\u00eb se populli shqiptar , \u00ebsht\u00eb popull i guximsh\u00ebm (p\u00ebr n\u00eb t\u00eb mir\u00eb) dhe aventurist n\u00eb shtimin e pasuris\u00eb dhe ndoshta do t\u2019ia dal\u00eb, p\u00ebr dallim t\u00eb atij malazez &#8211; sidomos i veriut, vendosi t\u00eb marr\u00eb kredi nga bankat franceze me monopol \u00e7ifut me kushte aspak t\u00eb mira , p\u00ebr popullin vendas. Pas marrjes s\u00eb kredis\u00eb, banka qendrore malazeze , formoi disa banka t\u00eb dyta n\u00eb Ulqin t\u00eb cilat e zhyten Ulqinin bashk\u00eb me tok\u00eb n\u00eb hipotek\u00eb. Por ajo nuk u k\u00ebnaq m\u00eb kaq, p\u00ebr mes disa tregtar\u00ebve t\u00eb imt\u00eb vendas, duke iu mund\u00ebsuar atyre , t\u00eb \u00e7ojn\u00eb kredi \u201c t\u00eb volitshme\u201d ia lejoi vet\u00ebs t\u00eb fus\u00eb n\u00eb pron\u00ebsi (si hipotek\u00eb ), sip\u00ebrfaqe t\u00eb m\u00ebdha toke q\u00eb kish mbetur me status bujq\u00ebsor. Dhe dihet q\u00eb tregtar\u00ebt e imt\u00eb nuk e donin k\u00ebt\u00eb tok\u00eb p\u00ebr bujq\u00ebsi , por si tok\u00eb nd\u00ebrtimore. Me k\u00ebt\u00eb , po duket se arrit\u00ebn ti bindnin , bankar\u00ebt q\u00eb me rritjen e statusit t\u00eb kok\u00ebs , rritej edhe vlera e saj . K\u00ebshtu u faktorizuan edhe k\u00ebta , q\u00eb fundi i fundit , i binte t\u00eb ishin diler\u00ebt e par\u00eb bankar\u00eb. Andaj aktualisht n\u00eb Shtoj kemi nj\u00eb konfrontim tre pal\u00ebve t\u00eb cekur n\u00eb shitje t\u00eb tok\u00ebs, dhe zhvillojn\u00eb nj\u00eb luft\u00eb mediatike me akuza t\u00eb llojllojsh\u00ebm n\u00eb opinion rreth atyre bler\u00ebsve t\u00eb rrall\u00eb q\u00eb paraqiten n\u00eb tregun turistik.<\/strong><\/p>\n<p><strong>(vazhdon)<\/strong><\/p>\n<p><strong>P\u00ebrse qahet opozita rreth \u00e7mimit t\u00eb tok\u00ebs q\u00eb b\u00ebn komuna <\/strong><\/p>\n<p><strong>\u2013 rasti i Parkut Ujor n\u00eb Shtoj.<\/strong><\/p>\n","protected":false},"excerpt":{"rendered":"<p>\u00a0CONTRA POPULUS KRONIKUS&#8230;.. 9.KONFRONTIMI I KOMUN\u00cbS SHTETIT DHE DILERAVE GJAT\u00cb SHITJES S\u00cb SHTOJIT Autokolonizimi i Shtojit u b\u00eb si ai i Palestin\u00ebs ??!!! Nga Muhamet Nika ??!!! N\u00eb rripin e Breg Vis, t\u00eb sh\u00ebnuar n\u00eb hart\u00eb dhe buz\u00eb K\u00ebnet\u00ebs- n\u00eb vendin m\u00eb t\u00eb keq( ashtu si n\u00eb rripin e Gaz\u00ebs), popullsia e vendit e shtyr\u00eb [&hellip;]<\/p>\n","protected":false},"author":1,"featured_media":0,"comment_status":"closed","ping_status":"closed","sticky":false,"template":"","format":"standard","meta":{"spay_email":"","jetpack_publicize_message":"","jetpack_is_tweetstorm":false,"jetpack_publicize_feature_enabled":true},"categories":[8],"tags":[],"jetpack_publicize_connections":[],"yoast_head":"<!-- This site is optimized with the Yoast SEO plugin v19.1 - https:\/\/yoast.com\/wordpress\/plugins\/seo\/ -->\n<title>Autokolonizimi i Shtojit u b\u00eb si ai i Palestin\u00ebs ??!!! - Lajme nga Ulqini<\/title>\n<meta name=\"description\" content=\"\u00a0CONTRA POPULUS KRONIKUS..... 9.KONFRONTIMI I KOMUN\u00cbS SHTETIT DHE DILERAVE GJAT\u00cb SHITJES S\u00cb SHTOJIT Autokolonizimi i Shtojit u b\u00eb si ai i Palestin\u00ebs ??!!!\" \/>\n<meta name=\"robots\" content=\"index, follow, max-snippet:-1, max-image-preview:large, max-video-preview:-1\" \/>\n<link rel=\"canonical\" href=\"https:\/\/www.visit-ulcinj.com\/blog\/2015\/01\/09\/autokolonizimi-shtojit-u-si-ai-palestines\/\" \/>\n<meta property=\"og:locale\" content=\"en_US\" \/>\n<meta property=\"og:type\" content=\"article\" \/>\n<meta property=\"og:title\" content=\"Autokolonizimi i Shtojit u b\u00eb si ai i Palestin\u00ebs ??!!! - Lajme nga Ulqini\" \/>\n<meta property=\"og:description\" content=\"\u00a0CONTRA POPULUS KRONIKUS..... 9.KONFRONTIMI I KOMUN\u00cbS SHTETIT DHE DILERAVE GJAT\u00cb SHITJES S\u00cb SHTOJIT Autokolonizimi i Shtojit u b\u00eb si ai i Palestin\u00ebs ??!!!\" \/>\n<meta property=\"og:url\" content=\"https:\/\/www.visit-ulcinj.com\/blog\/2015\/01\/09\/autokolonizimi-shtojit-u-si-ai-palestines\/\" \/>\n<meta property=\"og:site_name\" content=\"Lajme nga Ulqini\" \/>\n<meta property=\"article:published_time\" content=\"2015-01-09T17:14:41+00:00\" \/>\n<meta property=\"article:modified_time\" content=\"2015-03-09T17:17:41+00:00\" \/>\n<meta name=\"twitter:label1\" content=\"Written by\" \/>\n\t<meta name=\"twitter:data1\" content=\"ulqini\" \/>\n\t<meta name=\"twitter:label2\" content=\"Est. reading time\" \/>\n\t<meta name=\"twitter:data2\" content=\"5 minutes\" \/>\n<script type=\"application\/ld+json\" class=\"yoast-schema-graph\">{\"@context\":\"https:\/\/schema.org\",\"@graph\":[{\"@type\":\"WebSite\",\"@id\":\"https:\/\/www.visit-ulcinj.com\/blog\/#website\",\"url\":\"https:\/\/www.visit-ulcinj.com\/blog\/\",\"name\":\"Lajme nga Ulqini\",\"description\":\"Lajme,Vijesti,Ulqini,Ulqin,Crna Gora,Mali i Zi\",\"potentialAction\":[{\"@type\":\"SearchAction\",\"target\":{\"@type\":\"EntryPoint\",\"urlTemplate\":\"https:\/\/www.visit-ulcinj.com\/blog\/?s={search_term_string}\"},\"query-input\":\"required name=search_term_string\"}],\"inLanguage\":\"en-US\"},{\"@type\":\"WebPage\",\"@id\":\"https:\/\/www.visit-ulcinj.com\/blog\/2015\/01\/09\/autokolonizimi-shtojit-u-si-ai-palestines\/#webpage\",\"url\":\"https:\/\/www.visit-ulcinj.com\/blog\/2015\/01\/09\/autokolonizimi-shtojit-u-si-ai-palestines\/\",\"name\":\"Autokolonizimi i Shtojit u b\u00eb si ai i Palestin\u00ebs ??!!! - Lajme nga Ulqini\",\"isPartOf\":{\"@id\":\"https:\/\/www.visit-ulcinj.com\/blog\/#website\"},\"datePublished\":\"2015-01-09T17:14:41+00:00\",\"dateModified\":\"2015-03-09T17:17:41+00:00\",\"author\":{\"@id\":\"https:\/\/www.visit-ulcinj.com\/blog\/#\/schema\/person\/dcab619c614d3038751c63bc2aadc06d\"},\"description\":\"\u00a0CONTRA POPULUS KRONIKUS..... 9.KONFRONTIMI I KOMUN\u00cbS SHTETIT DHE DILERAVE GJAT\u00cb SHITJES S\u00cb SHTOJIT Autokolonizimi i Shtojit u b\u00eb si ai i Palestin\u00ebs ??!!!\",\"breadcrumb\":{\"@id\":\"https:\/\/www.visit-ulcinj.com\/blog\/2015\/01\/09\/autokolonizimi-shtojit-u-si-ai-palestines\/#breadcrumb\"},\"inLanguage\":\"en-US\",\"potentialAction\":[{\"@type\":\"ReadAction\",\"target\":[\"https:\/\/www.visit-ulcinj.com\/blog\/2015\/01\/09\/autokolonizimi-shtojit-u-si-ai-palestines\/\"]}]},{\"@type\":\"BreadcrumbList\",\"@id\":\"https:\/\/www.visit-ulcinj.com\/blog\/2015\/01\/09\/autokolonizimi-shtojit-u-si-ai-palestines\/#breadcrumb\",\"itemListElement\":[{\"@type\":\"ListItem\",\"position\":1,\"name\":\"Autokolonizimi i Shtojit u b\u00eb si ai i Palestin\u00ebs ??!!!\"}]},{\"@type\":\"Person\",\"@id\":\"https:\/\/www.visit-ulcinj.com\/blog\/#\/schema\/person\/dcab619c614d3038751c63bc2aadc06d\",\"name\":\"ulqini\",\"sameAs\":[\"http:\/\/www.visit-ulcinj.com\"],\"url\":\"https:\/\/www.visit-ulcinj.com\/blog\/author\/admin\/\"}]}<\/script>\n<!-- \/ Yoast SEO plugin. -->","yoast_head_json":{"title":"Autokolonizimi i Shtojit u b\u00eb si ai i Palestin\u00ebs ??!!! - Lajme nga Ulqini","description":"\u00a0CONTRA POPULUS KRONIKUS..... 9.KONFRONTIMI I KOMUN\u00cbS SHTETIT DHE DILERAVE GJAT\u00cb SHITJES S\u00cb SHTOJIT Autokolonizimi i Shtojit u b\u00eb si ai i Palestin\u00ebs ??!!!","robots":{"index":"index","follow":"follow","max-snippet":"max-snippet:-1","max-image-preview":"max-image-preview:large","max-video-preview":"max-video-preview:-1"},"canonical":"https:\/\/www.visit-ulcinj.com\/blog\/2015\/01\/09\/autokolonizimi-shtojit-u-si-ai-palestines\/","og_locale":"en_US","og_type":"article","og_title":"Autokolonizimi i Shtojit u b\u00eb si ai i Palestin\u00ebs ??!!! - Lajme nga Ulqini","og_description":"\u00a0CONTRA POPULUS KRONIKUS..... 9.KONFRONTIMI I KOMUN\u00cbS SHTETIT DHE DILERAVE GJAT\u00cb SHITJES S\u00cb SHTOJIT Autokolonizimi i Shtojit u b\u00eb si ai i Palestin\u00ebs ??!!!","og_url":"https:\/\/www.visit-ulcinj.com\/blog\/2015\/01\/09\/autokolonizimi-shtojit-u-si-ai-palestines\/","og_site_name":"Lajme nga Ulqini","article_published_time":"2015-01-09T17:14:41+00:00","article_modified_time":"2015-03-09T17:17:41+00:00","twitter_misc":{"Written by":"ulqini","Est. reading time":"5 minutes"},"schema":{"@context":"https:\/\/schema.org","@graph":[{"@type":"WebSite","@id":"https:\/\/www.visit-ulcinj.com\/blog\/#website","url":"https:\/\/www.visit-ulcinj.com\/blog\/","name":"Lajme nga Ulqini","description":"Lajme,Vijesti,Ulqini,Ulqin,Crna Gora,Mali i Zi","potentialAction":[{"@type":"SearchAction","target":{"@type":"EntryPoint","urlTemplate":"https:\/\/www.visit-ulcinj.com\/blog\/?s={search_term_string}"},"query-input":"required name=search_term_string"}],"inLanguage":"en-US"},{"@type":"WebPage","@id":"https:\/\/www.visit-ulcinj.com\/blog\/2015\/01\/09\/autokolonizimi-shtojit-u-si-ai-palestines\/#webpage","url":"https:\/\/www.visit-ulcinj.com\/blog\/2015\/01\/09\/autokolonizimi-shtojit-u-si-ai-palestines\/","name":"Autokolonizimi i Shtojit u b\u00eb si ai i Palestin\u00ebs ??!!! - Lajme nga Ulqini","isPartOf":{"@id":"https:\/\/www.visit-ulcinj.com\/blog\/#website"},"datePublished":"2015-01-09T17:14:41+00:00","dateModified":"2015-03-09T17:17:41+00:00","author":{"@id":"https:\/\/www.visit-ulcinj.com\/blog\/#\/schema\/person\/dcab619c614d3038751c63bc2aadc06d"},"description":"\u00a0CONTRA POPULUS KRONIKUS..... 9.KONFRONTIMI I KOMUN\u00cbS SHTETIT DHE DILERAVE GJAT\u00cb SHITJES S\u00cb SHTOJIT Autokolonizimi i Shtojit u b\u00eb si ai i Palestin\u00ebs ??!!!","breadcrumb":{"@id":"https:\/\/www.visit-ulcinj.com\/blog\/2015\/01\/09\/autokolonizimi-shtojit-u-si-ai-palestines\/#breadcrumb"},"inLanguage":"en-US","potentialAction":[{"@type":"ReadAction","target":["https:\/\/www.visit-ulcinj.com\/blog\/2015\/01\/09\/autokolonizimi-shtojit-u-si-ai-palestines\/"]}]},{"@type":"BreadcrumbList","@id":"https:\/\/www.visit-ulcinj.com\/blog\/2015\/01\/09\/autokolonizimi-shtojit-u-si-ai-palestines\/#breadcrumb","itemListElement":[{"@type":"ListItem","position":1,"name":"Autokolonizimi i Shtojit u b\u00eb si ai i Palestin\u00ebs ??!!!"}]},{"@type":"Person","@id":"https:\/\/www.visit-ulcinj.com\/blog\/#\/schema\/person\/dcab619c614d3038751c63bc2aadc06d","name":"ulqini","sameAs":["http:\/\/www.visit-ulcinj.com"],"url":"https:\/\/www.visit-ulcinj.com\/blog\/author\/admin\/"}]}},"jetpack_featured_media_url":"","jetpack_sharing_enabled":true,"jetpack_shortlink":"https:\/\/wp.me\/pe6lTn-nd8","_links":{"self":[{"href":"https:\/\/www.visit-ulcinj.com\/blog\/wp-json\/wp\/v2\/posts\/89226"}],"collection":[{"href":"https:\/\/www.visit-ulcinj.com\/blog\/wp-json\/wp\/v2\/posts"}],"about":[{"href":"https:\/\/www.visit-ulcinj.com\/blog\/wp-json\/wp\/v2\/types\/post"}],"author":[{"embeddable":true,"href":"https:\/\/www.visit-ulcinj.com\/blog\/wp-json\/wp\/v2\/users\/1"}],"replies":[{"embeddable":true,"href":"https:\/\/www.visit-ulcinj.com\/blog\/wp-json\/wp\/v2\/comments?post=89226"}],"version-history":[{"count":1,"href":"https:\/\/www.visit-ulcinj.com\/blog\/wp-json\/wp\/v2\/posts\/89226\/revisions"}],"predecessor-version":[{"id":89227,"href":"https:\/\/www.visit-ulcinj.com\/blog\/wp-json\/wp\/v2\/posts\/89226\/revisions\/89227"}],"wp:attachment":[{"href":"https:\/\/www.visit-ulcinj.com\/blog\/wp-json\/wp\/v2\/media?parent=89226"}],"wp:term":[{"taxonomy":"category","embeddable":true,"href":"https:\/\/www.visit-ulcinj.com\/blog\/wp-json\/wp\/v2\/categories?post=89226"},{"taxonomy":"post_tag","embeddable":true,"href":"https:\/\/www.visit-ulcinj.com\/blog\/wp-json\/wp\/v2\/tags?post=89226"}],"curies":[{"name":"wp","href":"https:\/\/api.w.org\/{rel}","templated":true}]}}