{"id":89228,"date":"2015-01-09T18:21:01","date_gmt":"2015-01-09T17:21:01","guid":{"rendered":"http:\/\/www.visit-ulcinj.com\/blog\/?p=89228"},"modified":"2015-03-09T18:25:47","modified_gmt":"2015-03-09T17:25:47","slug":"vincat-e-koheve-ne-ulqin-po-bej-seri","status":"publish","type":"post","link":"https:\/\/www.visit-ulcinj.com\/blog\/2015\/01\/09\/vincat-e-koheve-ne-ulqin-po-bej-seri\/","title":{"rendered":"VIN\u00c7AT  E  KOH\u00cbVE N\u00cb  ULQIN- \u201cPO B\u00cbJ SERI &#8230;\u201d?!!"},"content":{"rendered":"<p><strong>Shkruan Muhamet Nika<\/strong><strong>:<\/strong><\/p>\n<p><strong> VIN\u00c7AT E KOH\u00cbVE N\u00cb ULQIN- \u201cPO B\u00cbJ SERI &#8230;\u201d?!!<\/strong><\/p>\n<p><strong>Gjyshi im quhej Ali Shqiptari ?!!<\/strong><\/p>\n<p>T\u00eb shtun\u00ebn n\u00eb Ulqin zhvilloi nj\u00eb vizit\u00eb pune delegacioni turk i p\u00ebrb\u00ebr\u00eb nga njer\u00ebz me influenc\u00eb n\u00eb jet\u00ebn shoq\u00ebrore dhe ekonomike t\u00eb Stambollit dhe t\u00eb gjith\u00eb Turqis\u00eb. Q\u00ebllimi i vizit\u00ebs ishte p\u00ebrcjellja e punimeve n\u00eb medresen\u00eb e femrave dhe shpalosja e projektit p\u00ebr nd\u00ebrtimin e nj\u00eb xhamie nga ana e tyre si investitor\u00eb t\u00eb mundsh\u00ebm t\u00eb k\u00ebtij objekti t\u00eb dyt\u00eb t\u00eb nd\u00ebrtuar nga ata.<\/p>\n<p>N\u00eb fjal\u00ebn e tij p\u00ebrsh\u00ebndet\u00ebse, kryetari i shoqat\u00ebs \u201cIsket\u201d, nga Turqia, Sali Gyzel, shtoi se po sjell p\u00ebrsh\u00ebndetjet e kryeministrit turk Taip Erdogan \u201c &#8230;i cili iu do shum\u00eb&#8230;?!!<\/p>\n<p>Ne shtoi ai\u201d.. jemi do shok\u00eb studimesh t\u00eb kryeministrit Erdogan, me t\u00eb cilin jemi bashkuar n\u00eb mendime qysh si student\u00eb; se d\u00ebshirojm\u00eb t\u00eb zhdukim injoranc\u00ebn n\u00eb vend dhe t\u00eb kthejm\u00eb besimin. Sot v\u00ebrtet\u00eb q\u00eb drejtojm\u00eb sektor\u00eb dhe dikastere t\u00eb ndryshme t\u00eb politik\u00ebs dhe biznesit, por prap\u00eb se prap\u00eb ndihemi t\u00eb bashkuar dhe t\u00eb fresk\u00ebt si dikur student\u00eb. Ne k\u00ebtu nuk jemi n\u00eb vend t\u00eb huaj , por as ju n\u00eb Turqi , ku keni shum\u00eb t\u00eb vet..\u201d dhe shtoi ,se gjyshi im quhej Sali shqiptari&#8230;. P\u00ebrkujdesja jon\u00eb e par\u00eb \u00ebsht\u00eb diaspora e Malit t\u00eb Zi dhe ne do tu p\u00ebrkrahim me gjith\u00eb zem\u00ebr&#8230;.\u201d<\/p>\n<p><strong><em>Delegacioni turk i investitor\u00ebve t\u00eb medreses\u00eb, me krye imamin e Ulqinit Ali Bardhi.<\/em><\/strong><\/p>\n<p>Pas k\u00ebtyre fjal\u00ebve inkurajuese dhe emocionale syt\u00eb m\u00eb shkuan nga vin\u00e7i i medreses\u00eb \u201d q\u00eb ka hedhur shtat\u201d i pari n\u00eb \u201c Demokraci..\u201d n\u00eb qytetin ton\u00eb nga turqit, kuptohet pas atij q\u00eb , para do koh\u00ebve , rr\u00ebnoi Galebin&#8230;.?!!!<\/p>\n<p>Vazhdova t\u00eb mendoj n\u00eb koh\u00ebn e shkuar historin\u00eb e vin\u00e7ave dhe t\u00eb diskutimeve promovuese t\u00eb rastit e t\u00eb gazetar\u00ebve t\u00eb koh\u00ebs q\u00eb i p\u00ebrcoll\u00ebn ato &#8211; siherxhive ?!! E mendja m\u00eb shkoi te elita e pasur komuniste q\u00eb dikur impononte mendime dhe vendime t\u00eb\u201dmjeshtrave \u201c t\u00eb friksh\u00ebm. Edhe ata ishin dikur ,si turqit, njer\u00ebz me pesh\u00eb t\u00eb madhe politike shoq\u00ebrore e bankare.<\/p>\n<p>Nostalgjia (s) m\u00eb rroku edhe p\u00ebr k\u00ebt\u00eb koh\u00eb e andaj nga arkivi privat, nxora gazt\u00ebn \u201c Ulcinjske novine\u201d- t\u00eb shkruar n\u00eb dy gjuh\u00eb (mbar e mbrapsht- si vet\u00eb koha, e q\u00eb vazhdon t\u00eb jet\u00eb&#8230;)?!! Aty pash\u00a0\u00a0 Galebin , q\u00eb n\u00eb em\u00ebr t\u00eb kombeve dhe komb\u00ebsive t\u00eb Jugosllavis\u00eb \u201c hodhi shtat n\u00eb qytetin ton\u00eb\u201dsi\u00e7 tha at\u00ebher\u00eb kryetari i komun\u00ebs Mishko Miroviq- n\u00eb Dit\u00ebn e \u00c7lirimit(nga turqit)- okupimit- 26 N\u00ebntorit&#8230;?!! P\u00ebr ironin\u00eb time, zbulova se ky hotel , i ra t\u00eb nd\u00ebrtohej i fundit \u201c nga mjeshtrat \u201c e frik\u00ebs dhe u rr\u00ebnua i pari po nga ata&#8230;?!!<\/p>\n<p>K\u00ebtu n\u00eb em\u00ebr t\u00eb siguris\u00eb ( liris\u00eb), s\u00eb fjal\u00ebs, po l\u00eb pa cekur vet\u00ebm gazetarin e mjeshtrave t\u00eb frik\u00ebs, q\u00eb at\u00eb vit raportonte , p\u00ebr pritjen e stafet\u00ebs s\u00eb rinis\u00eb \u2013Titos n\u00eb Ulqin. Sepse un\u00eb n\u00eb k\u00ebt\u00eb pun\u00eb nuk dua havale dhe e b\u00ebj si i thon\u00eb nj\u00eb fjale p\u00ebr qiej (qef ) &#8230;?!!!<\/p>\n<p>N\u00eb fund t\u00eb takimit me delegacionin turk luta zotin t\u00eb jet\u00eb e v\u00ebrtet\u00eb ajo q\u00eb d\u00ebgjohet se , Taip Erdogan t\u00eb jet\u00eb me origjin\u00eb nga baba shqiptar ,nga Kraja&#8230;?!!! Nga se \u201c dega rr\u00ebnj\u00ebn se harron..\u201d thot\u00eb k\u00ebnga vlonjate&#8230;?!!!!<\/p>\n<p><a href=\"http:\/\/www.visit-ulcinj.com\/blog\/wp-content\/uploads\/2015\/03\/Ulcinjske-Novine.jpg\"><img loading=\"lazy\" class=\"alignleft wp-image-89229\" src=\"http:\/\/www.visit-ulcinj.com\/blog\/wp-content\/uploads\/2015\/03\/Ulcinjske-Novine.jpg\" alt=\"Ulcinjske-Novine\" width=\"508\" height=\"642\" srcset=\"https:\/\/www.visit-ulcinj.com\/blog\/wp-content\/uploads\/2015\/03\/Ulcinjske-Novine.jpg 507w, https:\/\/www.visit-ulcinj.com\/blog\/wp-content\/uploads\/2015\/03\/Ulcinjske-Novine-237x300.jpg 237w\" sizes=\"(max-width: 508px) 100vw, 508px\" \/><\/a><br \/>\n<strong>(Ulcinjske novine- po nd\u00ebrtohet Ulqini i ri- pamje e Galebit. Ky num\u00ebr i gazet\u00ebs doli vet\u00ebm nj\u00eb her\u00eb dhe kish po duket p\u00ebr q\u00ebllim t\u00eb arsyetonte \u2013 ashtu si shkruhej( mar\u00eb e mrapsht..) terrorin komunist t\u00eb mjeshtrave t\u00eb frik\u00ebs mbi student\u00ebt dhe intelektual\u00ebt shqiptar\u00eb, pas trazirave t\u00eb 81-shit n\u00eb Kosov\u00eb) ?!!!<\/strong><br \/>\n<strong> Interesant thash me vete edhe siherxhit\u00eb( gazetar\u00ebt) jan\u00eb t\u00eb nj\u00ebjt\u00ebt- si Vin\u00e7at, q\u00eb her\u00eb prishin e her\u00eb nd\u00ebrtojn\u00eb me pesh\u00ebn e fjal\u00ebve dhe n\u00eb vete- b\u00ebra seri&#8230;?!!!<\/strong><\/p>\n","protected":false},"excerpt":{"rendered":"<p>Shkruan Muhamet Nika: VIN\u00c7AT E KOH\u00cbVE N\u00cb ULQIN- \u201cPO B\u00cbJ SERI &#8230;\u201d?!! Gjyshi im quhej Ali Shqiptari ?!! T\u00eb shtun\u00ebn n\u00eb Ulqin zhvilloi nj\u00eb vizit\u00eb pune delegacioni turk i p\u00ebrb\u00ebr\u00eb nga njer\u00ebz me influenc\u00eb n\u00eb jet\u00ebn shoq\u00ebrore dhe ekonomike t\u00eb Stambollit dhe t\u00eb gjith\u00eb Turqis\u00eb. Q\u00ebllimi i vizit\u00ebs ishte p\u00ebrcjellja e punimeve n\u00eb medresen\u00eb e [&hellip;]<\/p>\n","protected":false},"author":1,"featured_media":0,"comment_status":"closed","ping_status":"closed","sticky":false,"template":"","format":"standard","meta":{"spay_email":"","jetpack_publicize_message":"","jetpack_is_tweetstorm":false,"jetpack_publicize_feature_enabled":true},"categories":[8],"tags":[],"jetpack_publicize_connections":[],"yoast_head":"<!-- This site is optimized with the Yoast SEO plugin v19.1 - https:\/\/yoast.com\/wordpress\/plugins\/seo\/ -->\n<title>VIN\u00c7AT E KOH\u00cbVE N\u00cb ULQIN- \u201cPO B\u00cbJ SERI ...\u201d?!! - Lajme nga Ulqini<\/title>\n<meta name=\"description\" content=\"Shkruan Muhamet Nika: VIN\u00c7AT E KOH\u00cbVE N\u00cb ULQIN- \u201cPO B\u00cbJ SERI ...\u201d?!! Gjyshi im quhej Ali Shqiptari ?!! T\u00eb shtun\u00ebn n\u00eb Ulqin zhvilloi nj\u00eb vizit\u00eb pune\" \/>\n<meta name=\"robots\" content=\"index, follow, max-snippet:-1, max-image-preview:large, max-video-preview:-1\" \/>\n<link rel=\"canonical\" href=\"https:\/\/www.visit-ulcinj.com\/blog\/2015\/01\/09\/vincat-e-koheve-ne-ulqin-po-bej-seri\/\" \/>\n<meta property=\"og:locale\" content=\"en_US\" \/>\n<meta property=\"og:type\" content=\"article\" \/>\n<meta property=\"og:title\" content=\"VIN\u00c7AT E KOH\u00cbVE N\u00cb ULQIN- \u201cPO B\u00cbJ SERI ...\u201d?!! - Lajme nga Ulqini\" \/>\n<meta property=\"og:description\" content=\"Shkruan Muhamet Nika: VIN\u00c7AT E KOH\u00cbVE N\u00cb ULQIN- \u201cPO B\u00cbJ SERI ...\u201d?!! Gjyshi im quhej Ali Shqiptari ?!! T\u00eb shtun\u00ebn n\u00eb Ulqin zhvilloi nj\u00eb vizit\u00eb pune\" \/>\n<meta property=\"og:url\" content=\"https:\/\/www.visit-ulcinj.com\/blog\/2015\/01\/09\/vincat-e-koheve-ne-ulqin-po-bej-seri\/\" \/>\n<meta property=\"og:site_name\" content=\"Lajme nga Ulqini\" \/>\n<meta property=\"article:published_time\" content=\"2015-01-09T17:21:01+00:00\" \/>\n<meta property=\"article:modified_time\" content=\"2015-03-09T17:25:47+00:00\" \/>\n<meta property=\"og:image\" content=\"http:\/\/www.visit-ulcinj.com\/blog\/wp-content\/uploads\/2015\/03\/Ulcinjske-Novine.jpg\" \/>\n<meta name=\"twitter:label1\" content=\"Written by\" \/>\n\t<meta name=\"twitter:data1\" content=\"ulqini\" \/>\n\t<meta name=\"twitter:label2\" content=\"Est. reading time\" \/>\n\t<meta name=\"twitter:data2\" content=\"3 minutes\" \/>\n<script type=\"application\/ld+json\" class=\"yoast-schema-graph\">{\"@context\":\"https:\/\/schema.org\",\"@graph\":[{\"@type\":\"WebSite\",\"@id\":\"https:\/\/www.visit-ulcinj.com\/blog\/#website\",\"url\":\"https:\/\/www.visit-ulcinj.com\/blog\/\",\"name\":\"Lajme nga Ulqini\",\"description\":\"Lajme,Vijesti,Ulqini,Ulqin,Crna Gora,Mali i Zi\",\"potentialAction\":[{\"@type\":\"SearchAction\",\"target\":{\"@type\":\"EntryPoint\",\"urlTemplate\":\"https:\/\/www.visit-ulcinj.com\/blog\/?s={search_term_string}\"},\"query-input\":\"required name=search_term_string\"}],\"inLanguage\":\"en-US\"},{\"@type\":\"ImageObject\",\"inLanguage\":\"en-US\",\"@id\":\"https:\/\/www.visit-ulcinj.com\/blog\/2015\/01\/09\/vincat-e-koheve-ne-ulqin-po-bej-seri\/#primaryimage\",\"url\":\"https:\/\/www.visit-ulcinj.com\/blog\/wp-content\/uploads\/2015\/03\/Ulcinjske-Novine.jpg\",\"contentUrl\":\"https:\/\/www.visit-ulcinj.com\/blog\/wp-content\/uploads\/2015\/03\/Ulcinjske-Novine.jpg\",\"width\":507,\"height\":641},{\"@type\":\"WebPage\",\"@id\":\"https:\/\/www.visit-ulcinj.com\/blog\/2015\/01\/09\/vincat-e-koheve-ne-ulqin-po-bej-seri\/#webpage\",\"url\":\"https:\/\/www.visit-ulcinj.com\/blog\/2015\/01\/09\/vincat-e-koheve-ne-ulqin-po-bej-seri\/\",\"name\":\"VIN\u00c7AT E KOH\u00cbVE N\u00cb ULQIN- \u201cPO B\u00cbJ SERI ...\u201d?!! - Lajme nga Ulqini\",\"isPartOf\":{\"@id\":\"https:\/\/www.visit-ulcinj.com\/blog\/#website\"},\"primaryImageOfPage\":{\"@id\":\"https:\/\/www.visit-ulcinj.com\/blog\/2015\/01\/09\/vincat-e-koheve-ne-ulqin-po-bej-seri\/#primaryimage\"},\"datePublished\":\"2015-01-09T17:21:01+00:00\",\"dateModified\":\"2015-03-09T17:25:47+00:00\",\"author\":{\"@id\":\"https:\/\/www.visit-ulcinj.com\/blog\/#\/schema\/person\/dcab619c614d3038751c63bc2aadc06d\"},\"description\":\"Shkruan Muhamet Nika: VIN\u00c7AT E KOH\u00cbVE N\u00cb ULQIN- \u201cPO B\u00cbJ SERI ...\u201d?!! Gjyshi im quhej Ali Shqiptari ?!! T\u00eb shtun\u00ebn n\u00eb Ulqin zhvilloi nj\u00eb vizit\u00eb pune\",\"breadcrumb\":{\"@id\":\"https:\/\/www.visit-ulcinj.com\/blog\/2015\/01\/09\/vincat-e-koheve-ne-ulqin-po-bej-seri\/#breadcrumb\"},\"inLanguage\":\"en-US\",\"potentialAction\":[{\"@type\":\"ReadAction\",\"target\":[\"https:\/\/www.visit-ulcinj.com\/blog\/2015\/01\/09\/vincat-e-koheve-ne-ulqin-po-bej-seri\/\"]}]},{\"@type\":\"BreadcrumbList\",\"@id\":\"https:\/\/www.visit-ulcinj.com\/blog\/2015\/01\/09\/vincat-e-koheve-ne-ulqin-po-bej-seri\/#breadcrumb\",\"itemListElement\":[{\"@type\":\"ListItem\",\"position\":1,\"name\":\"VIN\u00c7AT E KOH\u00cbVE N\u00cb ULQIN- \u201cPO B\u00cbJ SERI &#8230;\u201d?!!\"}]},{\"@type\":\"Person\",\"@id\":\"https:\/\/www.visit-ulcinj.com\/blog\/#\/schema\/person\/dcab619c614d3038751c63bc2aadc06d\",\"name\":\"ulqini\",\"sameAs\":[\"http:\/\/www.visit-ulcinj.com\"],\"url\":\"https:\/\/www.visit-ulcinj.com\/blog\/author\/admin\/\"}]}<\/script>\n<!-- \/ Yoast SEO plugin. -->","yoast_head_json":{"title":"VIN\u00c7AT E KOH\u00cbVE N\u00cb ULQIN- \u201cPO B\u00cbJ SERI ...\u201d?!! - Lajme nga Ulqini","description":"Shkruan Muhamet Nika: VIN\u00c7AT E KOH\u00cbVE N\u00cb ULQIN- \u201cPO B\u00cbJ SERI ...\u201d?!! Gjyshi im quhej Ali Shqiptari ?!! T\u00eb shtun\u00ebn n\u00eb Ulqin zhvilloi nj\u00eb vizit\u00eb pune","robots":{"index":"index","follow":"follow","max-snippet":"max-snippet:-1","max-image-preview":"max-image-preview:large","max-video-preview":"max-video-preview:-1"},"canonical":"https:\/\/www.visit-ulcinj.com\/blog\/2015\/01\/09\/vincat-e-koheve-ne-ulqin-po-bej-seri\/","og_locale":"en_US","og_type":"article","og_title":"VIN\u00c7AT E KOH\u00cbVE N\u00cb ULQIN- \u201cPO B\u00cbJ SERI ...\u201d?!! - Lajme nga Ulqini","og_description":"Shkruan Muhamet Nika: VIN\u00c7AT E KOH\u00cbVE N\u00cb ULQIN- \u201cPO B\u00cbJ SERI ...\u201d?!! Gjyshi im quhej Ali Shqiptari ?!! T\u00eb shtun\u00ebn n\u00eb Ulqin zhvilloi nj\u00eb vizit\u00eb pune","og_url":"https:\/\/www.visit-ulcinj.com\/blog\/2015\/01\/09\/vincat-e-koheve-ne-ulqin-po-bej-seri\/","og_site_name":"Lajme nga Ulqini","article_published_time":"2015-01-09T17:21:01+00:00","article_modified_time":"2015-03-09T17:25:47+00:00","og_image":[{"url":"http:\/\/www.visit-ulcinj.com\/blog\/wp-content\/uploads\/2015\/03\/Ulcinjske-Novine.jpg"}],"twitter_misc":{"Written by":"ulqini","Est. reading time":"3 minutes"},"schema":{"@context":"https:\/\/schema.org","@graph":[{"@type":"WebSite","@id":"https:\/\/www.visit-ulcinj.com\/blog\/#website","url":"https:\/\/www.visit-ulcinj.com\/blog\/","name":"Lajme nga Ulqini","description":"Lajme,Vijesti,Ulqini,Ulqin,Crna Gora,Mali i Zi","potentialAction":[{"@type":"SearchAction","target":{"@type":"EntryPoint","urlTemplate":"https:\/\/www.visit-ulcinj.com\/blog\/?s={search_term_string}"},"query-input":"required name=search_term_string"}],"inLanguage":"en-US"},{"@type":"ImageObject","inLanguage":"en-US","@id":"https:\/\/www.visit-ulcinj.com\/blog\/2015\/01\/09\/vincat-e-koheve-ne-ulqin-po-bej-seri\/#primaryimage","url":"https:\/\/www.visit-ulcinj.com\/blog\/wp-content\/uploads\/2015\/03\/Ulcinjske-Novine.jpg","contentUrl":"https:\/\/www.visit-ulcinj.com\/blog\/wp-content\/uploads\/2015\/03\/Ulcinjske-Novine.jpg","width":507,"height":641},{"@type":"WebPage","@id":"https:\/\/www.visit-ulcinj.com\/blog\/2015\/01\/09\/vincat-e-koheve-ne-ulqin-po-bej-seri\/#webpage","url":"https:\/\/www.visit-ulcinj.com\/blog\/2015\/01\/09\/vincat-e-koheve-ne-ulqin-po-bej-seri\/","name":"VIN\u00c7AT E KOH\u00cbVE N\u00cb ULQIN- \u201cPO B\u00cbJ SERI ...\u201d?!! - Lajme nga Ulqini","isPartOf":{"@id":"https:\/\/www.visit-ulcinj.com\/blog\/#website"},"primaryImageOfPage":{"@id":"https:\/\/www.visit-ulcinj.com\/blog\/2015\/01\/09\/vincat-e-koheve-ne-ulqin-po-bej-seri\/#primaryimage"},"datePublished":"2015-01-09T17:21:01+00:00","dateModified":"2015-03-09T17:25:47+00:00","author":{"@id":"https:\/\/www.visit-ulcinj.com\/blog\/#\/schema\/person\/dcab619c614d3038751c63bc2aadc06d"},"description":"Shkruan Muhamet Nika: VIN\u00c7AT E KOH\u00cbVE N\u00cb ULQIN- \u201cPO B\u00cbJ SERI ...\u201d?!! Gjyshi im quhej Ali Shqiptari ?!! T\u00eb shtun\u00ebn n\u00eb Ulqin zhvilloi nj\u00eb vizit\u00eb pune","breadcrumb":{"@id":"https:\/\/www.visit-ulcinj.com\/blog\/2015\/01\/09\/vincat-e-koheve-ne-ulqin-po-bej-seri\/#breadcrumb"},"inLanguage":"en-US","potentialAction":[{"@type":"ReadAction","target":["https:\/\/www.visit-ulcinj.com\/blog\/2015\/01\/09\/vincat-e-koheve-ne-ulqin-po-bej-seri\/"]}]},{"@type":"BreadcrumbList","@id":"https:\/\/www.visit-ulcinj.com\/blog\/2015\/01\/09\/vincat-e-koheve-ne-ulqin-po-bej-seri\/#breadcrumb","itemListElement":[{"@type":"ListItem","position":1,"name":"VIN\u00c7AT E KOH\u00cbVE N\u00cb ULQIN- \u201cPO B\u00cbJ SERI &#8230;\u201d?!!"}]},{"@type":"Person","@id":"https:\/\/www.visit-ulcinj.com\/blog\/#\/schema\/person\/dcab619c614d3038751c63bc2aadc06d","name":"ulqini","sameAs":["http:\/\/www.visit-ulcinj.com"],"url":"https:\/\/www.visit-ulcinj.com\/blog\/author\/admin\/"}]}},"jetpack_featured_media_url":"","jetpack_sharing_enabled":true,"jetpack_shortlink":"https:\/\/wp.me\/pe6lTn-nda","_links":{"self":[{"href":"https:\/\/www.visit-ulcinj.com\/blog\/wp-json\/wp\/v2\/posts\/89228"}],"collection":[{"href":"https:\/\/www.visit-ulcinj.com\/blog\/wp-json\/wp\/v2\/posts"}],"about":[{"href":"https:\/\/www.visit-ulcinj.com\/blog\/wp-json\/wp\/v2\/types\/post"}],"author":[{"embeddable":true,"href":"https:\/\/www.visit-ulcinj.com\/blog\/wp-json\/wp\/v2\/users\/1"}],"replies":[{"embeddable":true,"href":"https:\/\/www.visit-ulcinj.com\/blog\/wp-json\/wp\/v2\/comments?post=89228"}],"version-history":[{"count":1,"href":"https:\/\/www.visit-ulcinj.com\/blog\/wp-json\/wp\/v2\/posts\/89228\/revisions"}],"predecessor-version":[{"id":89230,"href":"https:\/\/www.visit-ulcinj.com\/blog\/wp-json\/wp\/v2\/posts\/89228\/revisions\/89230"}],"wp:attachment":[{"href":"https:\/\/www.visit-ulcinj.com\/blog\/wp-json\/wp\/v2\/media?parent=89228"}],"wp:term":[{"taxonomy":"category","embeddable":true,"href":"https:\/\/www.visit-ulcinj.com\/blog\/wp-json\/wp\/v2\/categories?post=89228"},{"taxonomy":"post_tag","embeddable":true,"href":"https:\/\/www.visit-ulcinj.com\/blog\/wp-json\/wp\/v2\/tags?post=89228"}],"curies":[{"name":"wp","href":"https:\/\/api.w.org\/{rel}","templated":true}]}}