{"id":89239,"date":"2015-03-09T19:44:23","date_gmt":"2015-03-09T18:44:23","guid":{"rendered":"http:\/\/www.visit-ulcinj.com\/blog\/?p=89239"},"modified":"2015-03-09T19:44:23","modified_gmt":"2015-03-09T18:44:23","slug":"rexhep-lleshi-12-vjet-te-shkolles-se-re-ne-krythe","status":"publish","type":"post","link":"https:\/\/www.visit-ulcinj.com\/blog\/2015\/03\/09\/rexhep-lleshi-12-vjet-te-shkolles-se-re-ne-krythe\/","title":{"rendered":"Rexhep Lleshi:  12 VJET T\u00cb SHKOLL\u00cbS S\u00cb RE N\u00cb KRYTH\u00cb"},"content":{"rendered":"<p><strong><a href=\"http:\/\/www.visit-ulcinj.com\/blog\/wp-content\/uploads\/2015\/03\/shkolla-ne-Krythe.jpg\"><img loading=\"lazy\" class=\"alignleft wp-image-89240 size-full\" src=\"http:\/\/www.visit-ulcinj.com\/blog\/wp-content\/uploads\/2015\/03\/shkolla-ne-Krythe.jpg\" alt=\"shkolla ne Krythe\" width=\"287\" height=\"220\" \/><\/a>Objekti bashkohor kontribut i vendas\u00ebve dhe bashkatdhetar\u00ebve<\/strong><\/p>\n<p>N\u00eb fshatin Kryth\u00eb t\u00eb An\u00ebs s\u00eb Malit, komuna e Ulqinit, pran\u00eb rrug\u00ebs magjistrale Kat\u00ebrkoll\u00eb &#8211; Ulqin, \u00ebsht\u00eb Shkolla kat\u00ebr klas\u00ebshe, paralele e ndar\u00eb e Shkoll\u00ebs fillore \u201dBedri Elezaga\u201d.<\/p>\n<p>&nbsp;<\/p>\n<p>Sipas Kronik\u00ebs, kjo shkoll\u00eb u themeluar n\u00eb vitin 1929, kur u hapen shkollat fillore n\u00eb Selit\u00eb dhe Sukubin\u00eb. Fillimisht shkolla punoi n\u00eb sht\u00ebpi private. N\u00eb vitet e 30-ta t\u00eb shekullit kaluar, n\u00eb at vend, populli me akcion vullnetar nd\u00ebrtoi shkoll\u00ebn e par\u00eb prej materiali t\u00eb fort\u00eb. Viteve t\u00eb para punuan m\u00ebsuesit \u201dnga jasht\u00eb\u201d dhe m\u00ebsimi zhvillohej n\u00eb gjuh\u00eb jo amtare, serbe.<\/p>\n<p>&nbsp;<\/p>\n<p>Me \u00e7lirimin e vendit, nga Viti shk. 1945\/46, n\u00eb shkoll\u00eb filloi t\u00eb punoi m\u00ebsuesi i par\u00eb vendas, Ramazan Jahja e vog\u00eblushet ti m\u00ebsoi n\u00eb gjuh\u00ebn shqipe. M\u00eb von\u00eb, pas kryerjes s\u00eb kursit pedagogjik dhe Shkoll\u00ebs s\u00eb m\u00ebsuesis\u00eb, n\u00eb shkoll\u00eb punuan shum\u00eb m\u00ebsues, t\u00eb mir\u00ebnjohur e t\u00eb respektuar, nga Ana e Malit, Shtoi, Ulqini e Mal\u00ebsia si: Sal\u00eb Kurmemi, Kol\u00eb Nrekiqi, Zef Kalaj, Vata Elezoviqi, Shaqir Duraku, Ruzhdi Ushaku, Zef Midita, Faik Ceka, Tom\u00eb Ndreu, Imer \u00c7obaj, Paulina Marini, Islam Q. Pali &#8230;<\/p>\n<p>&nbsp;<\/p>\n<p>N\u00eb at\u00eb nd\u00ebrtes\u00eb misimi u mbajt\u00eb deri n\u00eb prill \u201979 kur termeti katastrofal, si shum\u00eb objekte tjer\u00eb n\u00eb vend edhe ate e shnd\u00ebrroi n\u00eb rr\u00ebnoj\u00eb. Fal\u00eb solidaritetit mbar\u00eb popullor, po aty, menj\u00ebher\u00eb u nd\u00ebrtuar objekti i ri i tipit montazh\u00eb. Pas dy dekadave ai u amortizuar e puna n\u00eb te u b\u00eb e pa durueshme. Themeluesi, Qeveria e Malit t\u00eb Zi, me spjegim ironik se \u201dnuk ka para\u201d, nuk investonte n\u00eb nd\u00ebrtim t\u00eb shkoll\u00ebs.<\/p>\n<p>&nbsp;<\/p>\n<p>Duke i v\u00ebrejtur rrethanat, vendasit e fshatit Kryth\u00eb, t\u00eb mb\u00ebshtetur nga bashkatdhetar\u00ebt n\u00eb diaspor\u00eb, n\u00eb \u00e7erekun e fundit t\u00eb vitit 2000 sjellin nism\u00ebn p\u00ebr goditjen e shkoll\u00ebs s\u00eb re. Sipas tyre, ishin siguruar edhe para sa p\u00ebr pun\u00eb fillestare, nd\u00ebrsa akcionin duhej ta udh\u00ebheqte shkolla, drejtori i saj. Ashtu u fol\u00eb, por akcioni nuk filloi, u zvarrit?!At\u00ebher\u00eb njer\u00ebzit e vendit, dashamir\u00ebt e shkoll\u00ebs, u vet\u00eb-organizuan n\u00eb nj\u00eb trup &#8211; K\u00ebshilli p\u00ebr nd\u00ebrtimin e shkoll\u00ebs n\u00eb Kryth\u00eb, n\u00eb krye t\u00eb cilit u vue profesoresha Fehima \u00c7oboviq. Punimet n\u00eb pastrimin e vendit dhe nd\u00ebrtimin e objektit me sip\u00ebrfaqe 500 m<sup>2<\/sup>, filluen n\u00eb \u00e7erekun e fundit t\u00eb vitit 2001. dhe zgjaten deri n\u00eb fillim t\u00eb 2003. Ashtu u nd\u00ebrtuar shkolla e re me kat\u00ebr dhoma m\u00ebsimi, sall\u00eb t\u00eb arsimtar\u00ebve, koridor t\u00eb gj\u00ebr\u00eb e lokale sanitare. Pasoi paisja me orendi t\u00eb duhura dhe mjete teknike-m\u00ebsimore. Pamja nga jasht\u00eb, renditja e brendsh\u00ebme e interieri, jepnin p\u00ebrshtypjen e objektit bashkohor arsimor-edukativ, t\u00eb skicuar me dor\u00ebn vullnetare t\u00eb ish nx\u00ebn\u00ebs\u00ebs s\u00eb k\u00ebsaj shkolle (Am\u00eb), arkitekt\u00ebs Zana Hollaj-Sarvan. Ai ishte q\u00ebllimi i nd\u00ebrtuesit, banor\u00ebve t\u00eb Kryth\u00ebs dhe diaspor\u00ebs n\u00eb SHBA. Ata vet\u00eb i siguruan mjetet, parat\u00eb e materialin nd\u00ebrtimor, kryen t\u00eb gjitha pun\u00ebt administrative, teknike e fizike prej fillimi deri n\u00eb mbyllje t\u00eb projektit. Ndihm\u00eb materiale, para, nd\u00ebrtuesit i ofruan banor\u00ebt e fshatrave n\u00eb rrethin\u00eb dhe Organizata humanitare Amerikane p\u00ebr nd\u00ebrtim e zhvillim IRD. Shkolla e re u rregulluar dhe p\u00ebrgatit p\u00ebr pun\u00eb &#8211; m\u00ebsim n\u00eb fillim t\u00eb 2003. Inaugurimi i saj u b\u00eb m\u00eb 8 Mars t\u00eb atij viti.<\/p>\n<p>&nbsp;<\/p>\n<p>Ky objekt shkollor \u00ebsht\u00eb kontributi dhe sakrifica, nd\u00ebrsa pamja e tij, nderi i njer\u00ebzve t\u00eb k\u00ebtij fshati. P\u00ebr kordinimin e mbar\u00eb t\u00eb pun\u00ebve dhe p\u00ebrfundimin e shpejt\u00eb e t\u00eb sukseshem t\u00eb ati projekti, merit\u00eb t\u00eb madhe kan\u00eb an\u00ebtar\u00ebt e K\u00ebshillit p\u00ebr nd\u00ebrtim e n\u00eb ve\u00e7anti kryetarja, zonja Fehima. Aft\u00ebsit\u00eb organizative, vendosmeria, mobiliteti, zgjuart\u00ebsia, mpreht\u00ebsia e mbi t\u00eb gjitha vendashuria e tyre dhe e saj, kan\u00eb qen\u00eb cil\u00ebsi vendimtare n\u00eb kryerjen e pun\u00ebs mjaft komplekse. Ajo dhe Hiseni, bashk\u00ebshorti i saj, qen\u00eb shtylla e paluhat\u00ebshme e atij aktiviteti shoq\u00ebror. Ata dy, p\u00ebrve\u00e7 angazhimit rreth shkoll\u00ebs se re, p\u00ebr koh\u00ebzgjatje t\u00eb nd\u00ebrtimit t\u00eb saj, shtator 2001-shkurt 2003, sht\u00ebpin e vet\u00eb e shnd\u00ebrruan n\u00eb dhoma m\u00ebsimi dhe pa pages\u00eb. Ai ishte kontribut i madh i asaj familje t\u00eb ndersh\u00ebme e b\u00ebmir\u00ebse. P\u00ebr \u00e7udi, n\u00eb fund, asaj as fal\u00ebminderi nga shkolla nuk iu tha. M\u00eb von\u00eb, nga drejtori i ri, p\u00ebr dh\u00ebnien e sht\u00ebpis\u00eb n\u00eb sh\u00ebrbim t\u00eb p\u00ebrkoh\u00ebshem shkoll\u00ebs, familjari Hisen \u00c7obi u nd\u00ebruar me mir\u00ebnjohje modeste.<\/p>\n<p>&nbsp;<\/p>\n<p>Fal\u00eb mir\u00ebkuptimit dhe kontributit t\u00eb kryetarit par\u00eb t\u00eb komun\u00ebs, zot\u00ebri G\u00ebzim Hajdinaga, pas ca viteve, k\u00ebsaj shkolle iu rregulluar fusha sportive, me \u00e7ka objekti i ri b\u00ebhet m\u00eb funksional.<\/p>\n<p>N\u00eb koh\u00eb p\u00ebrfundimi t\u00eb nd\u00ebrtimit t\u00eb shkoll\u00ebs n\u00eb Kryth\u00eb, fillimi 2003, n\u00eb shkoll\u00eb u fol\u00eb edhe: \u201dS\u00eb shpejti do filloi edhe nd\u00ebrtimi i shkoll\u00ebs n\u00eb Sukubin\u00eb. P\u00ebr financimin e tij do t\u00eb kujdesen bashk\u00ebvendasit n\u00eb SHBA,n\u00eb krye me biznismenin Ri\u00e7ard Luka\u201d. Fjala \u00ebsht\u00eb p\u00ebr paralelen e ndar\u00eb t\u00eb nj\u00ebjt\u00ebs, Shkoll\u00ebs fillore \u201dBedri Elezaga\u201d. Por, me nd\u00ebrrimin e drejtorit, nd\u00ebrtimi i saj u pezulluar, gjoja q\u00eb ai kontribut mos ti shkoi n\u00eb vler\u00ebsim drejtorit t\u00eb ri. Pas kat\u00ebr viteve dhe zgjedhjes s\u00eb drejtorit t\u00eb ri &#8211; t\u00eb vjet\u00ebr, p\u00ebrs\u00ebri hapen z\u00ebra p\u00ebr nd\u00ebrtimin e asaj shkolle. Sipas shum\u00eb njoftimeve publicitare, periodikisht t\u00eb p\u00ebrs\u00ebritra \u00e7do kat\u00ebr vite, n\u00eb \u201dnd\u00ebrtimin\u201d e saj (do)angazhohen shum\u00eb \u201caktivist\u00eb e humanist\u201d, profesionalist\u00eb t\u00eb Qeverisjes lokale e shtetrore, si drejtor\u00eb shkolle, kryetar\u00eb komune e ministra t\u00eb arsimit. Por, fal\u00eb mendjes q\u00eb \u201dp\u00ebr hat\u00ebr t\u00eb nj\u00eb drejtori t\u00eb nd\u00ebrtohet e t\u00eb nj\u00eb tjetri t\u00eb ndalohet\u201d, nd\u00ebrtimi i shkoll\u00ebs n\u00eb Sukubin\u00eb, tash, pas 12 viteve nism\u00eb, \u00ebsht\u00eb n\u00eb faz\u00ebn \u201dflitet\u201d, me fraz\u00ebn \u201ddo ta bajm\u00eb\u201d&#8230; ?!!!<\/p>\n<p>&nbsp;<\/p>\n<p>Si duket, \u201dnisma\u201d e nd\u00ebrtimit n\u00eb t\u00eb dy shkollat e ndara n\u00eb An\u00eb t\u00eb Malit, Kryth\u00eb e Sukubin\u00eb, pati fatin e nj\u00ebjt\u00eb, zvarritjen?! N\u00eb Kryth\u00eb, fatmir\u00ebsisht, ndodhi Fehima, e paan\u00ebshmja, e ardhura, me kuptim t\u00eb mir\u00ebfillt\u00eb e t\u00eb qart\u00eb p\u00ebr shkoll\u00ebn. Ajo i nd\u00ebrpreu politikat e gjetura nis\u00ebse dhe pasojat e tyre, zvarritjen, p\u00ebrfitimet&#8230; Shkolla n\u00eb Sukubin\u00eb, s\u2019e pati at fat. S\u2019pati njeri t\u00eb vendosur e t\u00eb prer\u00eb, tu d\u00ebftoi sabot\u00ebve se fjala tjet\u00ebr, sinonimi, p\u00ebr shkoll\u00ebn \u00ebsht\u00eb f\u00ebmija\/nx\u00ebn\u00ebsi dhe nd\u00ebrtesa iu kushtohet atyre e jo drejtorit. Kronologjikisht, aty ku ishin nx\u00ebn\u00ebsit vehej gurthemeli e goditej shkolla p\u00ebr t\u00eb m\u00ebsuar ata e n\u00eb munges\u00eb t\u00eb tyre n\u00eb der\u00eb t\u00eb saj vehej brava. Shkolla \u00ebsht\u00eb vet\u00eb nx\u00ebn\u00ebsi. Ajo, v\u00ebrtet\u00eb \u00ebsht\u00eb e vog\u00ebl, s\u2019\u00ebsht\u00eb gryk\u00ebse, s\u2019k\u00ebrkon luks, njeh skamjen, ka durimin, por r\u00ebnd\u00eb e d\u00ebmton driblimi pa fund i t\u00eb m\u00ebdhejve.<\/p>\n<p>&nbsp;<\/p>\n<p>Andaj edhe shkolla n\u00eb suk\u00ebn e bukur t\u00eb Sukubin\u00ebs t\u00eb nd\u00ebrtohet p\u00ebr nx\u00ebn\u00ebs t\u00eb e atij mjedisi<\/p>\n<p>e ata t\u00eb shtohen e shumohen dhe ta g\u00ebzojn\u00eb n\u00eb jet\u00eb e mot e jo, si deri tash, t\u00eb mvar\u00ebsohet nga simpatit\u00eb e trilluara subjektive dhe (pa)m\u00ebshira e t\u00eb fuqish\u00ebmiv politik e financiar. Shpejtimi i k\u00ebtij realizimi, tejet i vonuar, t\u00eb jet shpresa tek angazhimi i kryetarit t\u00eb ri t\u00eb komun\u00ebs, zot\u00ebri Fatmir Gjeka!<\/p>\n","protected":false},"excerpt":{"rendered":"<p>Objekti bashkohor kontribut i vendas\u00ebve dhe bashkatdhetar\u00ebve N\u00eb fshatin Kryth\u00eb t\u00eb An\u00ebs s\u00eb Malit, komuna e Ulqinit, pran\u00eb rrug\u00ebs magjistrale Kat\u00ebrkoll\u00eb &#8211; Ulqin, \u00ebsht\u00eb Shkolla kat\u00ebr klas\u00ebshe, paralele e ndar\u00eb e Shkoll\u00ebs fillore \u201dBedri Elezaga\u201d. &nbsp; Sipas Kronik\u00ebs, kjo shkoll\u00eb u themeluar n\u00eb vitin 1929, kur u hapen shkollat fillore n\u00eb Selit\u00eb dhe Sukubin\u00eb. Fillimisht [&hellip;]<\/p>\n","protected":false},"author":1,"featured_media":0,"comment_status":"closed","ping_status":"closed","sticky":false,"template":"","format":"standard","meta":{"spay_email":"","jetpack_publicize_message":"","jetpack_is_tweetstorm":false,"jetpack_publicize_feature_enabled":true},"categories":[4],"tags":[],"jetpack_publicize_connections":[],"yoast_head":"<!-- This site is optimized with the Yoast SEO plugin v19.1 - https:\/\/yoast.com\/wordpress\/plugins\/seo\/ -->\n<title>Rexhep Lleshi: 12 VJET T\u00cb SHKOLL\u00cbS S\u00cb RE N\u00cb KRYTH\u00cb - Lajme nga Ulqini<\/title>\n<meta name=\"description\" content=\"Objekti bashkohor kontribut i vendas\u00ebve dhe bashkatdhetar\u00ebve N\u00eb fshatin Kryth\u00eb t\u00eb An\u00ebs s\u00eb Malit, komuna e Ulqinit, pran\u00eb rrug\u00ebs magjistrale Kat\u00ebrkoll\u00eb -\" \/>\n<meta name=\"robots\" content=\"index, follow, max-snippet:-1, max-image-preview:large, max-video-preview:-1\" \/>\n<link rel=\"canonical\" href=\"https:\/\/www.visit-ulcinj.com\/blog\/2015\/03\/09\/rexhep-lleshi-12-vjet-te-shkolles-se-re-ne-krythe\/\" \/>\n<meta property=\"og:locale\" content=\"en_US\" \/>\n<meta property=\"og:type\" content=\"article\" \/>\n<meta property=\"og:title\" content=\"Rexhep Lleshi: 12 VJET T\u00cb SHKOLL\u00cbS S\u00cb RE N\u00cb KRYTH\u00cb - Lajme nga Ulqini\" \/>\n<meta property=\"og:description\" content=\"Objekti bashkohor kontribut i vendas\u00ebve dhe bashkatdhetar\u00ebve N\u00eb fshatin Kryth\u00eb t\u00eb An\u00ebs s\u00eb Malit, komuna e Ulqinit, pran\u00eb rrug\u00ebs magjistrale Kat\u00ebrkoll\u00eb -\" \/>\n<meta property=\"og:url\" content=\"https:\/\/www.visit-ulcinj.com\/blog\/2015\/03\/09\/rexhep-lleshi-12-vjet-te-shkolles-se-re-ne-krythe\/\" \/>\n<meta property=\"og:site_name\" content=\"Lajme nga Ulqini\" \/>\n<meta property=\"article:published_time\" content=\"2015-03-09T18:44:23+00:00\" \/>\n<meta property=\"og:image\" content=\"http:\/\/www.visit-ulcinj.com\/blog\/wp-content\/uploads\/2015\/03\/shkolla-ne-Krythe.jpg\" \/>\n<meta name=\"twitter:label1\" content=\"Written by\" \/>\n\t<meta name=\"twitter:data1\" content=\"ulqini\" \/>\n\t<meta name=\"twitter:label2\" content=\"Est. reading time\" \/>\n\t<meta name=\"twitter:data2\" content=\"6 minutes\" \/>\n<script type=\"application\/ld+json\" class=\"yoast-schema-graph\">{\"@context\":\"https:\/\/schema.org\",\"@graph\":[{\"@type\":\"WebSite\",\"@id\":\"https:\/\/www.visit-ulcinj.com\/blog\/#website\",\"url\":\"https:\/\/www.visit-ulcinj.com\/blog\/\",\"name\":\"Lajme nga Ulqini\",\"description\":\"Lajme,Vijesti,Ulqini,Ulqin,Crna Gora,Mali i Zi\",\"potentialAction\":[{\"@type\":\"SearchAction\",\"target\":{\"@type\":\"EntryPoint\",\"urlTemplate\":\"https:\/\/www.visit-ulcinj.com\/blog\/?s={search_term_string}\"},\"query-input\":\"required name=search_term_string\"}],\"inLanguage\":\"en-US\"},{\"@type\":\"ImageObject\",\"inLanguage\":\"en-US\",\"@id\":\"https:\/\/www.visit-ulcinj.com\/blog\/2015\/03\/09\/rexhep-lleshi-12-vjet-te-shkolles-se-re-ne-krythe\/#primaryimage\",\"url\":\"https:\/\/www.visit-ulcinj.com\/blog\/wp-content\/uploads\/2015\/03\/shkolla-ne-Krythe.jpg\",\"contentUrl\":\"https:\/\/www.visit-ulcinj.com\/blog\/wp-content\/uploads\/2015\/03\/shkolla-ne-Krythe.jpg\",\"width\":287,\"height\":220},{\"@type\":\"WebPage\",\"@id\":\"https:\/\/www.visit-ulcinj.com\/blog\/2015\/03\/09\/rexhep-lleshi-12-vjet-te-shkolles-se-re-ne-krythe\/#webpage\",\"url\":\"https:\/\/www.visit-ulcinj.com\/blog\/2015\/03\/09\/rexhep-lleshi-12-vjet-te-shkolles-se-re-ne-krythe\/\",\"name\":\"Rexhep Lleshi: 12 VJET T\u00cb SHKOLL\u00cbS S\u00cb RE N\u00cb KRYTH\u00cb - Lajme nga Ulqini\",\"isPartOf\":{\"@id\":\"https:\/\/www.visit-ulcinj.com\/blog\/#website\"},\"primaryImageOfPage\":{\"@id\":\"https:\/\/www.visit-ulcinj.com\/blog\/2015\/03\/09\/rexhep-lleshi-12-vjet-te-shkolles-se-re-ne-krythe\/#primaryimage\"},\"datePublished\":\"2015-03-09T18:44:23+00:00\",\"dateModified\":\"2015-03-09T18:44:23+00:00\",\"author\":{\"@id\":\"https:\/\/www.visit-ulcinj.com\/blog\/#\/schema\/person\/dcab619c614d3038751c63bc2aadc06d\"},\"description\":\"Objekti bashkohor kontribut i vendas\u00ebve dhe bashkatdhetar\u00ebve N\u00eb fshatin Kryth\u00eb t\u00eb An\u00ebs s\u00eb Malit, komuna e Ulqinit, pran\u00eb rrug\u00ebs magjistrale Kat\u00ebrkoll\u00eb -\",\"breadcrumb\":{\"@id\":\"https:\/\/www.visit-ulcinj.com\/blog\/2015\/03\/09\/rexhep-lleshi-12-vjet-te-shkolles-se-re-ne-krythe\/#breadcrumb\"},\"inLanguage\":\"en-US\",\"potentialAction\":[{\"@type\":\"ReadAction\",\"target\":[\"https:\/\/www.visit-ulcinj.com\/blog\/2015\/03\/09\/rexhep-lleshi-12-vjet-te-shkolles-se-re-ne-krythe\/\"]}]},{\"@type\":\"BreadcrumbList\",\"@id\":\"https:\/\/www.visit-ulcinj.com\/blog\/2015\/03\/09\/rexhep-lleshi-12-vjet-te-shkolles-se-re-ne-krythe\/#breadcrumb\",\"itemListElement\":[{\"@type\":\"ListItem\",\"position\":1,\"name\":\"Rexhep Lleshi: 12 VJET T\u00cb SHKOLL\u00cbS S\u00cb RE N\u00cb KRYTH\u00cb\"}]},{\"@type\":\"Person\",\"@id\":\"https:\/\/www.visit-ulcinj.com\/blog\/#\/schema\/person\/dcab619c614d3038751c63bc2aadc06d\",\"name\":\"ulqini\",\"sameAs\":[\"http:\/\/www.visit-ulcinj.com\"],\"url\":\"https:\/\/www.visit-ulcinj.com\/blog\/author\/admin\/\"}]}<\/script>\n<!-- \/ Yoast SEO plugin. -->","yoast_head_json":{"title":"Rexhep Lleshi: 12 VJET T\u00cb SHKOLL\u00cbS S\u00cb RE N\u00cb KRYTH\u00cb - Lajme nga Ulqini","description":"Objekti bashkohor kontribut i vendas\u00ebve dhe bashkatdhetar\u00ebve N\u00eb fshatin Kryth\u00eb t\u00eb An\u00ebs s\u00eb Malit, komuna e Ulqinit, pran\u00eb rrug\u00ebs magjistrale Kat\u00ebrkoll\u00eb -","robots":{"index":"index","follow":"follow","max-snippet":"max-snippet:-1","max-image-preview":"max-image-preview:large","max-video-preview":"max-video-preview:-1"},"canonical":"https:\/\/www.visit-ulcinj.com\/blog\/2015\/03\/09\/rexhep-lleshi-12-vjet-te-shkolles-se-re-ne-krythe\/","og_locale":"en_US","og_type":"article","og_title":"Rexhep Lleshi: 12 VJET T\u00cb SHKOLL\u00cbS S\u00cb RE N\u00cb KRYTH\u00cb - Lajme nga Ulqini","og_description":"Objekti bashkohor kontribut i vendas\u00ebve dhe bashkatdhetar\u00ebve N\u00eb fshatin Kryth\u00eb t\u00eb An\u00ebs s\u00eb Malit, komuna e Ulqinit, pran\u00eb rrug\u00ebs magjistrale Kat\u00ebrkoll\u00eb -","og_url":"https:\/\/www.visit-ulcinj.com\/blog\/2015\/03\/09\/rexhep-lleshi-12-vjet-te-shkolles-se-re-ne-krythe\/","og_site_name":"Lajme nga Ulqini","article_published_time":"2015-03-09T18:44:23+00:00","og_image":[{"url":"http:\/\/www.visit-ulcinj.com\/blog\/wp-content\/uploads\/2015\/03\/shkolla-ne-Krythe.jpg"}],"twitter_misc":{"Written by":"ulqini","Est. reading time":"6 minutes"},"schema":{"@context":"https:\/\/schema.org","@graph":[{"@type":"WebSite","@id":"https:\/\/www.visit-ulcinj.com\/blog\/#website","url":"https:\/\/www.visit-ulcinj.com\/blog\/","name":"Lajme nga Ulqini","description":"Lajme,Vijesti,Ulqini,Ulqin,Crna Gora,Mali i Zi","potentialAction":[{"@type":"SearchAction","target":{"@type":"EntryPoint","urlTemplate":"https:\/\/www.visit-ulcinj.com\/blog\/?s={search_term_string}"},"query-input":"required name=search_term_string"}],"inLanguage":"en-US"},{"@type":"ImageObject","inLanguage":"en-US","@id":"https:\/\/www.visit-ulcinj.com\/blog\/2015\/03\/09\/rexhep-lleshi-12-vjet-te-shkolles-se-re-ne-krythe\/#primaryimage","url":"https:\/\/www.visit-ulcinj.com\/blog\/wp-content\/uploads\/2015\/03\/shkolla-ne-Krythe.jpg","contentUrl":"https:\/\/www.visit-ulcinj.com\/blog\/wp-content\/uploads\/2015\/03\/shkolla-ne-Krythe.jpg","width":287,"height":220},{"@type":"WebPage","@id":"https:\/\/www.visit-ulcinj.com\/blog\/2015\/03\/09\/rexhep-lleshi-12-vjet-te-shkolles-se-re-ne-krythe\/#webpage","url":"https:\/\/www.visit-ulcinj.com\/blog\/2015\/03\/09\/rexhep-lleshi-12-vjet-te-shkolles-se-re-ne-krythe\/","name":"Rexhep Lleshi: 12 VJET T\u00cb SHKOLL\u00cbS S\u00cb RE N\u00cb KRYTH\u00cb - Lajme nga Ulqini","isPartOf":{"@id":"https:\/\/www.visit-ulcinj.com\/blog\/#website"},"primaryImageOfPage":{"@id":"https:\/\/www.visit-ulcinj.com\/blog\/2015\/03\/09\/rexhep-lleshi-12-vjet-te-shkolles-se-re-ne-krythe\/#primaryimage"},"datePublished":"2015-03-09T18:44:23+00:00","dateModified":"2015-03-09T18:44:23+00:00","author":{"@id":"https:\/\/www.visit-ulcinj.com\/blog\/#\/schema\/person\/dcab619c614d3038751c63bc2aadc06d"},"description":"Objekti bashkohor kontribut i vendas\u00ebve dhe bashkatdhetar\u00ebve N\u00eb fshatin Kryth\u00eb t\u00eb An\u00ebs s\u00eb Malit, komuna e Ulqinit, pran\u00eb rrug\u00ebs magjistrale Kat\u00ebrkoll\u00eb -","breadcrumb":{"@id":"https:\/\/www.visit-ulcinj.com\/blog\/2015\/03\/09\/rexhep-lleshi-12-vjet-te-shkolles-se-re-ne-krythe\/#breadcrumb"},"inLanguage":"en-US","potentialAction":[{"@type":"ReadAction","target":["https:\/\/www.visit-ulcinj.com\/blog\/2015\/03\/09\/rexhep-lleshi-12-vjet-te-shkolles-se-re-ne-krythe\/"]}]},{"@type":"BreadcrumbList","@id":"https:\/\/www.visit-ulcinj.com\/blog\/2015\/03\/09\/rexhep-lleshi-12-vjet-te-shkolles-se-re-ne-krythe\/#breadcrumb","itemListElement":[{"@type":"ListItem","position":1,"name":"Rexhep Lleshi: 12 VJET T\u00cb SHKOLL\u00cbS S\u00cb RE N\u00cb KRYTH\u00cb"}]},{"@type":"Person","@id":"https:\/\/www.visit-ulcinj.com\/blog\/#\/schema\/person\/dcab619c614d3038751c63bc2aadc06d","name":"ulqini","sameAs":["http:\/\/www.visit-ulcinj.com"],"url":"https:\/\/www.visit-ulcinj.com\/blog\/author\/admin\/"}]}},"jetpack_featured_media_url":"","jetpack_sharing_enabled":true,"jetpack_shortlink":"https:\/\/wp.me\/pe6lTn-ndl","_links":{"self":[{"href":"https:\/\/www.visit-ulcinj.com\/blog\/wp-json\/wp\/v2\/posts\/89239"}],"collection":[{"href":"https:\/\/www.visit-ulcinj.com\/blog\/wp-json\/wp\/v2\/posts"}],"about":[{"href":"https:\/\/www.visit-ulcinj.com\/blog\/wp-json\/wp\/v2\/types\/post"}],"author":[{"embeddable":true,"href":"https:\/\/www.visit-ulcinj.com\/blog\/wp-json\/wp\/v2\/users\/1"}],"replies":[{"embeddable":true,"href":"https:\/\/www.visit-ulcinj.com\/blog\/wp-json\/wp\/v2\/comments?post=89239"}],"version-history":[{"count":1,"href":"https:\/\/www.visit-ulcinj.com\/blog\/wp-json\/wp\/v2\/posts\/89239\/revisions"}],"predecessor-version":[{"id":89241,"href":"https:\/\/www.visit-ulcinj.com\/blog\/wp-json\/wp\/v2\/posts\/89239\/revisions\/89241"}],"wp:attachment":[{"href":"https:\/\/www.visit-ulcinj.com\/blog\/wp-json\/wp\/v2\/media?parent=89239"}],"wp:term":[{"taxonomy":"category","embeddable":true,"href":"https:\/\/www.visit-ulcinj.com\/blog\/wp-json\/wp\/v2\/categories?post=89239"},{"taxonomy":"post_tag","embeddable":true,"href":"https:\/\/www.visit-ulcinj.com\/blog\/wp-json\/wp\/v2\/tags?post=89239"}],"curies":[{"name":"wp","href":"https:\/\/api.w.org\/{rel}","templated":true}]}}