{"id":89248,"date":"2015-03-09T20:31:38","date_gmt":"2015-03-09T19:31:38","guid":{"rendered":"http:\/\/www.visit-ulcinj.com\/blog\/?p=89248"},"modified":"2015-03-09T20:31:38","modified_gmt":"2015-03-09T19:31:38","slug":"zylfije-duraku-deputetet-gra-nga-kosova-shqiperia-maqedonia","status":"publish","type":"post","link":"https:\/\/www.visit-ulcinj.com\/blog\/2015\/03\/09\/zylfije-duraku-deputetet-gra-nga-kosova-shqiperia-maqedonia\/","title":{"rendered":"Zylfije Duraku me deputetet gra nga Kosova, Shqip\u00ebria, Maqedonia"},"content":{"rendered":"<p class=\"entry-title\"><strong><a href=\"http:\/\/www.visit-ulcinj.com\/blog\/wp-content\/uploads\/2015\/03\/Grat\u00eb-deputete-k\u00ebrkojn\u00eb-m\u00eb-shum\u00eb-pushtet.jpg\"><img loading=\"lazy\" class=\"alignleft wp-image-89249\" src=\"http:\/\/www.visit-ulcinj.com\/blog\/wp-content\/uploads\/2015\/03\/Grat\u00eb-deputete-k\u00ebrkojn\u00eb-m\u00eb-shum\u00eb-pushtet.jpg\" alt=\"Grat\u00eb deputete k\u00ebrkojn\u00eb m\u00eb shum\u00eb pushtet\" width=\"508\" height=\"283\" srcset=\"https:\/\/www.visit-ulcinj.com\/blog\/wp-content\/uploads\/2015\/03\/Grat\u00eb-deputete-k\u00ebrkojn\u00eb-m\u00eb-shum\u00eb-pushtet.jpg 595w, https:\/\/www.visit-ulcinj.com\/blog\/wp-content\/uploads\/2015\/03\/Grat\u00eb-deputete-k\u00ebrkojn\u00eb-m\u00eb-shum\u00eb-pushtet-300x167.jpg 300w\" sizes=\"(max-width: 508px) 100vw, 508px\" \/><\/a>Grat\u00eb deputete k\u00ebrkojn\u00eb m\u00eb shum\u00eb pushtet<\/strong><\/p>\n<div>\n<p>Kuvendi i Kosov\u00ebs ka mbledhur t\u00eb diel\u00ebn, n\u00eb Dit\u00ebn Nd\u00ebrkomb\u00ebtare t\u00eb Gruas m\u00eb 8 mars, deputetet gra nga Kosova, Shqip\u00ebria, Maqedonia si dhe p\u00ebrfaq\u00ebsuese t\u00eb jet\u00ebs politike nga Mali i Zi e Lugina e Preshev\u00ebs. Grat\u00eb e p\u00ebrfaq\u00ebsuara n\u00eb jet\u00ebn politike shqiptare n\u00eb rajon, jan\u00eb angazhuar p\u00ebr p\u00ebrfaq\u00ebsim t\u00eb dinjitetsh\u00ebm t\u00eb gruas n\u00eb politik\u00eb e institucione dhe jo vet\u00ebm p\u00ebrfaq\u00ebsim sa p\u00ebr p\u00ebrmbushje kuotash.<\/p>\n<p>Kryesuesja e k\u00ebtij Kuvendi t\u00eb gruas, ish-ministrja e Jashtme e Shqip\u00ebris\u00eb, Arta Dade, ka th\u00ebn\u00eb se gruaja ka qen\u00eb protagoniste e t\u00eb gjitha zhvillimeve historike e shoq\u00ebrore. Nd\u00ebrkoh\u00eb, deputetja e Lidhjes Demokratike t\u00eb Kosov\u00ebs, Teuta Sahat\u00e7iu, ka theksuar se Kuvendi i Kosov\u00ebs u shnd\u00ebrrua m\u00eb 8 mars n\u00eb Kuvendin e grave nga t\u00eb gjitha trojet ku jetojn\u00eb shqiptar\u00ebt.<\/p>\n<p>Ajo ka th\u00ebn\u00eb se Kushtetuta dhe ligjet e Kosov\u00ebs parashohin p\u00ebrfshirje t\u00eb barabart\u00eb t\u00eb gruas n\u00eb institucione. Por, n\u00eb praktik\u00eb, kjo nganj\u00ebher\u00eb, sipas saj nuk \u00ebsht\u00eb aq e leht\u00eb t\u00eb realizohet. \u201cKosova sot udh\u00ebhiqet p\u00ebr her\u00eb t\u00eb par\u00eb nga nj\u00eb grua presidente. E ka nj\u00eb kryetare t\u00eb komun\u00ebs. Por, nga 22 ministri, vet\u00ebm dy udh\u00ebhiqen nga grat\u00eb. Nga 14 komisionet parlamentare, vet\u00ebm 4 udh\u00ebhiqen nga grat\u00eb, kurse kemi 3 gra q\u00eb udh\u00ebheqin me grupet parlamentare, ku kemi avancim\u201d, ka th\u00ebn\u00eb Sahat\u00e7iu.<\/p>\n<p>Fuqizimi i kombit shqiptar duhet t\u00eb shkoj\u00eb krahas fuqizimit t\u00eb gruas, ka th\u00ebn\u00eb Edita Tahiri, ministre n\u00eb Qeverin\u00eb e Kosov\u00ebs, e angazhuar si kryenegociatore n\u00eb dialogun teknik nd\u00ebrmjet Kosov\u00ebs dhe Serbis\u00eb.<\/p>\n<p>Ajo ka potencuar se p\u00ebrfaq\u00ebsimi i femr\u00ebs n\u00eb institucione, nuk duhet t\u00eb shihet vet\u00ebm si p\u00ebrmbushje e kuotave, por t\u00eb jet\u00eb nj\u00eb p\u00ebrfaq\u00ebsim kualitativ. \u201cMesazhi im i sot\u00ebm \u00ebsht\u00eb: T\u00eb hapen dyert p\u00ebr grat\u00eb, sepse hapja e dyerve do t\u00eb jet\u00eb hapje e dyerve p\u00ebr zhvillim, demokraci, fuqizim dhe bashkim komb\u00ebtar, n\u00eb suazat t\u00eb cilat un\u00eb i mendoj si bashkim i vlerave tona, si fuqizim i kombit, p\u00ebr \u00e7ka mendoj se kombi shqiptar po b\u00ebhet lider n\u00eb Ballkan. Kemi qen\u00eb t\u00eb shtypur n\u00eb shekullin e XX, por shekulli XXI \u00ebsht\u00eb shekull i shqiptar\u00ebve dhe do t\u00eb jemi lider n\u00eb paqe, stabilitet e zhvillim\u201d, \u00ebsht\u00eb shprehur Edita Tahiri.<\/p>\n<p>N\u00eb an\u00ebn tjet\u00ebr, deputetja Monika Kryemadhi nga Lidhja Socialiste p\u00ebr Integrim n\u00eb Kuvendin e Shqip\u00ebris\u00eb, ka th\u00ebn\u00eb se n\u00eb politik\u00ebn shqiptare gruaja p\u00ebrfaq\u00ebsohet dhe ka pozita udh\u00ebheq\u00ebse n\u00eb t\u00eb gjitha institucionet. Me kuotat aktuale, ajo ka vler\u00ebsuar se gruaja n\u00eb Shqip\u00ebri ka d\u00ebshmuar se \u00ebsht\u00eb e aft\u00eb t\u00eb udh\u00ebheq\u00eb n\u00eb politik\u00eb.<\/p>\n<p>\u201cP\u00ebr sa i p\u00ebrket p\u00ebrfaq\u00ebsimit t\u00eb gruas n\u00eb legjislativ, v\u00ebrtet\u00eb kemi nj\u00eb p\u00ebrfaq\u00ebsim t\u00eb lart\u00eb. Nga 17 ministri, ne kemi 7 gra q\u00eb jan\u00eb ministra, kemi shum\u00eb z\u00ebvend\u00ebsministre, kemi drejtorit\u00eb m\u00eb t\u00eb m\u00ebdha e m\u00eb t\u00eb fuqishme t\u00eb shtetit shqiptar q\u00eb drejtohen nga vajzat e reja dhe shum\u00eb institucione tjera t\u00eb r\u00ebnd\u00ebsishme, q\u00eb tregojn\u00eb q\u00eb gruaja i ka mund\u00ebsit\u00eb e kapacitetet p\u00ebr t\u00eb drejtuar\u201d, ka theksuar Kryemadhi.<\/p>\n<p>Deputetja n\u00eb Kuvendin e Maqedonis\u00eb, Shpresa Hadri, nga Bashkimi Demokratik, ka th\u00ebn\u00eb se femra n\u00eb k\u00ebt\u00eb vend \u00e7do dit\u00eb e m\u00eb tep\u00ebr po arsimohet dhe emancipohet.<\/p>\n<p>\u201c\u00cbsht\u00eb nj\u00eb fatmir\u00ebsi q\u00eb tashm\u00eb problemi i vijimit t\u00eb shkollimit t\u00eb femr\u00ebs, si nj\u00eb nga komponentet m\u00eb diskriminuese ndaj saj, i takon s\u00eb kaluar\u00ebs. T\u00eb dh\u00ebnat e fundit jan\u00eb inkurajuese dhe tregojn\u00eb nj\u00eb trend n\u00eb rritje t\u00eb femrave me arsim t\u00eb lart\u00eb e sip\u00ebror, madje n\u00eb shum\u00eb raste me p\u00ebrqindje edhe m\u00eb t\u00eb lart\u00eb se gjinia komplementare\u201d, ka deklaruar Hadri.<\/p>\n<p>N\u00eb seanc\u00eb, ishin ftuar edhe grat\u00eb p\u00ebrfaq\u00ebsuese nga Lugina e Preshev\u00ebs dhe Malit t\u00eb Zi.<\/p>\n<p>Albiona Ibrahimi, p\u00ebrfaq\u00ebsuese e grave t\u00eb Lugin\u00ebs s\u00eb Preshev\u00ebs ka th\u00ebn\u00eb se p\u00ebrfshirja e femr\u00ebs n\u00eb institucione atje realizohet kryesisht vet\u00ebm n\u00eb nivelin lokal.<\/p>\n<p>Ajo ka k\u00ebrkuar ndihm\u00ebn e institucioneve t\u00eb Kosov\u00ebs dhe Shqip\u00ebris\u00eb p\u00ebr shkollimin dhe emancipimin e femr\u00ebs, por edhe t\u00eb shqiptar\u00ebve n\u00eb p\u00ebrgjith\u00ebsi nga Lugina e Preshev\u00ebs, pasi q\u00eb, si\u00e7 ka th\u00ebn\u00eb ajo, n\u00eb Serbi, atyre u ofrohen kushte minimale p\u00ebr zhvillim.<\/p>\n<p><a href=\"http:\/\/www.visit-ulcinj.com\/blog\/wp-content\/uploads\/2015\/03\/Zylfije-Gjoni-Duraku.jpg\"><img loading=\"lazy\" class=\"alignleft wp-image-89250\" src=\"http:\/\/www.visit-ulcinj.com\/blog\/wp-content\/uploads\/2015\/03\/Zylfije-Gjoni-Duraku.jpg\" alt=\"Zylfije Gjoni Duraku\" width=\"508\" height=\"400\" srcset=\"https:\/\/www.visit-ulcinj.com\/blog\/wp-content\/uploads\/2015\/03\/Zylfije-Gjoni-Duraku.jpg 523w, https:\/\/www.visit-ulcinj.com\/blog\/wp-content\/uploads\/2015\/03\/Zylfije-Gjoni-Duraku-300x236.jpg 300w\" sizes=\"(max-width: 508px) 100vw, 508px\" \/><\/a><\/p>\n<p>Nd\u00ebrkoh\u00eb, Zylfije Duraku p\u00ebrfaq\u00ebsuese e grave nga Mali i Zi ka th\u00ebn\u00eb se p\u00ebr shqiptar\u00ebt e Malit t\u00eb Zi, p\u00ebrfshir\u00eb edhe femrat, Kosova ishte dera e vetme ku mund t\u00eb m\u00ebsohej shqip, deri s\u00eb voni kur kjo mund\u00ebsi \u00ebsht\u00eb krijuar edhe n\u00eb Podgoric\u00eb.<\/p>\n<p>Tradita e seancave parlamentare t\u00eb deputeteve gra ka nisur vitin e kaluar n\u00eb Tiran\u00eb, po n\u00eb Dit\u00ebn Nd\u00ebrkomb\u00ebtare t\u00eb Gruas m\u00eb 8 Mars.<\/p>\n<p><strong>Shqipmedia<\/strong><\/p>\n<\/div>\n","protected":false},"excerpt":{"rendered":"<p>Grat\u00eb deputete k\u00ebrkojn\u00eb m\u00eb shum\u00eb pushtet Kuvendi i Kosov\u00ebs ka mbledhur t\u00eb diel\u00ebn, n\u00eb Dit\u00ebn Nd\u00ebrkomb\u00ebtare t\u00eb Gruas m\u00eb 8 mars, deputetet gra nga Kosova, Shqip\u00ebria, Maqedonia si dhe p\u00ebrfaq\u00ebsuese t\u00eb jet\u00ebs politike nga Mali i Zi e Lugina e Preshev\u00ebs. Grat\u00eb e p\u00ebrfaq\u00ebsuara n\u00eb jet\u00ebn politike shqiptare n\u00eb rajon, jan\u00eb angazhuar p\u00ebr p\u00ebrfaq\u00ebsim t\u00eb [&hellip;]<\/p>\n","protected":false},"author":1,"featured_media":0,"comment_status":"closed","ping_status":"closed","sticky":false,"template":"","format":"standard","meta":{"spay_email":"","jetpack_publicize_message":"","jetpack_is_tweetstorm":false,"jetpack_publicize_feature_enabled":true},"categories":[14],"tags":[],"jetpack_publicize_connections":[],"yoast_head":"<!-- This site is optimized with the Yoast SEO plugin v19.1 - https:\/\/yoast.com\/wordpress\/plugins\/seo\/ -->\n<title>Zylfije Duraku me deputetet gra nga Kosova, Shqip\u00ebria, Maqedonia - Lajme nga Ulqini<\/title>\n<meta name=\"description\" content=\"Grat\u00eb deputete k\u00ebrkojn\u00eb m\u00eb shum\u00eb pushtet Kuvendi i Kosov\u00ebs ka mbledhur t\u00eb diel\u00ebn, n\u00eb Dit\u00ebn Nd\u00ebrkomb\u00ebtare t\u00eb Gruas m\u00eb 8 mars, deputetet gra nga Kosova,\" \/>\n<meta name=\"robots\" content=\"index, follow, max-snippet:-1, max-image-preview:large, max-video-preview:-1\" \/>\n<link rel=\"canonical\" href=\"https:\/\/www.visit-ulcinj.com\/blog\/2015\/03\/09\/zylfije-duraku-deputetet-gra-nga-kosova-shqiperia-maqedonia\/\" \/>\n<meta property=\"og:locale\" content=\"en_US\" \/>\n<meta property=\"og:type\" content=\"article\" \/>\n<meta property=\"og:title\" content=\"Zylfije Duraku me deputetet gra nga Kosova, Shqip\u00ebria, Maqedonia - Lajme nga Ulqini\" \/>\n<meta property=\"og:description\" content=\"Grat\u00eb deputete k\u00ebrkojn\u00eb m\u00eb shum\u00eb pushtet Kuvendi i Kosov\u00ebs ka mbledhur t\u00eb diel\u00ebn, n\u00eb Dit\u00ebn Nd\u00ebrkomb\u00ebtare t\u00eb Gruas m\u00eb 8 mars, deputetet gra nga Kosova,\" \/>\n<meta property=\"og:url\" content=\"https:\/\/www.visit-ulcinj.com\/blog\/2015\/03\/09\/zylfije-duraku-deputetet-gra-nga-kosova-shqiperia-maqedonia\/\" \/>\n<meta property=\"og:site_name\" content=\"Lajme nga Ulqini\" \/>\n<meta property=\"article:published_time\" content=\"2015-03-09T19:31:38+00:00\" \/>\n<meta property=\"og:image\" content=\"http:\/\/www.visit-ulcinj.com\/blog\/wp-content\/uploads\/2015\/03\/Zylfije-Gjoni-Duraku.jpg\" \/>\n<meta name=\"twitter:label1\" content=\"Written by\" \/>\n\t<meta name=\"twitter:data1\" content=\"ulqini\" \/>\n\t<meta name=\"twitter:label2\" content=\"Est. reading time\" \/>\n\t<meta name=\"twitter:data2\" content=\"4 minutes\" \/>\n<script type=\"application\/ld+json\" class=\"yoast-schema-graph\">{\"@context\":\"https:\/\/schema.org\",\"@graph\":[{\"@type\":\"WebSite\",\"@id\":\"https:\/\/www.visit-ulcinj.com\/blog\/#website\",\"url\":\"https:\/\/www.visit-ulcinj.com\/blog\/\",\"name\":\"Lajme nga Ulqini\",\"description\":\"Lajme,Vijesti,Ulqini,Ulqin,Crna Gora,Mali i Zi\",\"potentialAction\":[{\"@type\":\"SearchAction\",\"target\":{\"@type\":\"EntryPoint\",\"urlTemplate\":\"https:\/\/www.visit-ulcinj.com\/blog\/?s={search_term_string}\"},\"query-input\":\"required name=search_term_string\"}],\"inLanguage\":\"en-US\"},{\"@type\":\"ImageObject\",\"inLanguage\":\"en-US\",\"@id\":\"https:\/\/www.visit-ulcinj.com\/blog\/2015\/03\/09\/zylfije-duraku-deputetet-gra-nga-kosova-shqiperia-maqedonia\/#primaryimage\",\"url\":\"https:\/\/www.visit-ulcinj.com\/blog\/wp-content\/uploads\/2015\/03\/Zylfije-Gjoni-Duraku.jpg\",\"contentUrl\":\"https:\/\/www.visit-ulcinj.com\/blog\/wp-content\/uploads\/2015\/03\/Zylfije-Gjoni-Duraku.jpg\",\"width\":523,\"height\":412},{\"@type\":\"WebPage\",\"@id\":\"https:\/\/www.visit-ulcinj.com\/blog\/2015\/03\/09\/zylfije-duraku-deputetet-gra-nga-kosova-shqiperia-maqedonia\/#webpage\",\"url\":\"https:\/\/www.visit-ulcinj.com\/blog\/2015\/03\/09\/zylfije-duraku-deputetet-gra-nga-kosova-shqiperia-maqedonia\/\",\"name\":\"Zylfije Duraku me deputetet gra nga Kosova, Shqip\u00ebria, Maqedonia - Lajme nga Ulqini\",\"isPartOf\":{\"@id\":\"https:\/\/www.visit-ulcinj.com\/blog\/#website\"},\"primaryImageOfPage\":{\"@id\":\"https:\/\/www.visit-ulcinj.com\/blog\/2015\/03\/09\/zylfije-duraku-deputetet-gra-nga-kosova-shqiperia-maqedonia\/#primaryimage\"},\"datePublished\":\"2015-03-09T19:31:38+00:00\",\"dateModified\":\"2015-03-09T19:31:38+00:00\",\"author\":{\"@id\":\"https:\/\/www.visit-ulcinj.com\/blog\/#\/schema\/person\/dcab619c614d3038751c63bc2aadc06d\"},\"description\":\"Grat\u00eb deputete k\u00ebrkojn\u00eb m\u00eb shum\u00eb pushtet Kuvendi i Kosov\u00ebs ka mbledhur t\u00eb diel\u00ebn, n\u00eb Dit\u00ebn Nd\u00ebrkomb\u00ebtare t\u00eb Gruas m\u00eb 8 mars, deputetet gra nga Kosova,\",\"breadcrumb\":{\"@id\":\"https:\/\/www.visit-ulcinj.com\/blog\/2015\/03\/09\/zylfije-duraku-deputetet-gra-nga-kosova-shqiperia-maqedonia\/#breadcrumb\"},\"inLanguage\":\"en-US\",\"potentialAction\":[{\"@type\":\"ReadAction\",\"target\":[\"https:\/\/www.visit-ulcinj.com\/blog\/2015\/03\/09\/zylfije-duraku-deputetet-gra-nga-kosova-shqiperia-maqedonia\/\"]}]},{\"@type\":\"BreadcrumbList\",\"@id\":\"https:\/\/www.visit-ulcinj.com\/blog\/2015\/03\/09\/zylfije-duraku-deputetet-gra-nga-kosova-shqiperia-maqedonia\/#breadcrumb\",\"itemListElement\":[{\"@type\":\"ListItem\",\"position\":1,\"name\":\"Zylfije Duraku me deputetet gra nga Kosova, Shqip\u00ebria, Maqedonia\"}]},{\"@type\":\"Person\",\"@id\":\"https:\/\/www.visit-ulcinj.com\/blog\/#\/schema\/person\/dcab619c614d3038751c63bc2aadc06d\",\"name\":\"ulqini\",\"sameAs\":[\"http:\/\/www.visit-ulcinj.com\"],\"url\":\"https:\/\/www.visit-ulcinj.com\/blog\/author\/admin\/\"}]}<\/script>\n<!-- \/ Yoast SEO plugin. -->","yoast_head_json":{"title":"Zylfije Duraku me deputetet gra nga Kosova, Shqip\u00ebria, Maqedonia - Lajme nga Ulqini","description":"Grat\u00eb deputete k\u00ebrkojn\u00eb m\u00eb shum\u00eb pushtet Kuvendi i Kosov\u00ebs ka mbledhur t\u00eb diel\u00ebn, n\u00eb Dit\u00ebn Nd\u00ebrkomb\u00ebtare t\u00eb Gruas m\u00eb 8 mars, deputetet gra nga Kosova,","robots":{"index":"index","follow":"follow","max-snippet":"max-snippet:-1","max-image-preview":"max-image-preview:large","max-video-preview":"max-video-preview:-1"},"canonical":"https:\/\/www.visit-ulcinj.com\/blog\/2015\/03\/09\/zylfije-duraku-deputetet-gra-nga-kosova-shqiperia-maqedonia\/","og_locale":"en_US","og_type":"article","og_title":"Zylfije Duraku me deputetet gra nga Kosova, Shqip\u00ebria, Maqedonia - Lajme nga Ulqini","og_description":"Grat\u00eb deputete k\u00ebrkojn\u00eb m\u00eb shum\u00eb pushtet Kuvendi i Kosov\u00ebs ka mbledhur t\u00eb diel\u00ebn, n\u00eb Dit\u00ebn Nd\u00ebrkomb\u00ebtare t\u00eb Gruas m\u00eb 8 mars, deputetet gra nga Kosova,","og_url":"https:\/\/www.visit-ulcinj.com\/blog\/2015\/03\/09\/zylfije-duraku-deputetet-gra-nga-kosova-shqiperia-maqedonia\/","og_site_name":"Lajme nga Ulqini","article_published_time":"2015-03-09T19:31:38+00:00","og_image":[{"url":"http:\/\/www.visit-ulcinj.com\/blog\/wp-content\/uploads\/2015\/03\/Zylfije-Gjoni-Duraku.jpg"}],"twitter_misc":{"Written by":"ulqini","Est. reading time":"4 minutes"},"schema":{"@context":"https:\/\/schema.org","@graph":[{"@type":"WebSite","@id":"https:\/\/www.visit-ulcinj.com\/blog\/#website","url":"https:\/\/www.visit-ulcinj.com\/blog\/","name":"Lajme nga Ulqini","description":"Lajme,Vijesti,Ulqini,Ulqin,Crna Gora,Mali i Zi","potentialAction":[{"@type":"SearchAction","target":{"@type":"EntryPoint","urlTemplate":"https:\/\/www.visit-ulcinj.com\/blog\/?s={search_term_string}"},"query-input":"required name=search_term_string"}],"inLanguage":"en-US"},{"@type":"ImageObject","inLanguage":"en-US","@id":"https:\/\/www.visit-ulcinj.com\/blog\/2015\/03\/09\/zylfije-duraku-deputetet-gra-nga-kosova-shqiperia-maqedonia\/#primaryimage","url":"https:\/\/www.visit-ulcinj.com\/blog\/wp-content\/uploads\/2015\/03\/Zylfije-Gjoni-Duraku.jpg","contentUrl":"https:\/\/www.visit-ulcinj.com\/blog\/wp-content\/uploads\/2015\/03\/Zylfije-Gjoni-Duraku.jpg","width":523,"height":412},{"@type":"WebPage","@id":"https:\/\/www.visit-ulcinj.com\/blog\/2015\/03\/09\/zylfije-duraku-deputetet-gra-nga-kosova-shqiperia-maqedonia\/#webpage","url":"https:\/\/www.visit-ulcinj.com\/blog\/2015\/03\/09\/zylfije-duraku-deputetet-gra-nga-kosova-shqiperia-maqedonia\/","name":"Zylfije Duraku me deputetet gra nga Kosova, Shqip\u00ebria, Maqedonia - Lajme nga Ulqini","isPartOf":{"@id":"https:\/\/www.visit-ulcinj.com\/blog\/#website"},"primaryImageOfPage":{"@id":"https:\/\/www.visit-ulcinj.com\/blog\/2015\/03\/09\/zylfije-duraku-deputetet-gra-nga-kosova-shqiperia-maqedonia\/#primaryimage"},"datePublished":"2015-03-09T19:31:38+00:00","dateModified":"2015-03-09T19:31:38+00:00","author":{"@id":"https:\/\/www.visit-ulcinj.com\/blog\/#\/schema\/person\/dcab619c614d3038751c63bc2aadc06d"},"description":"Grat\u00eb deputete k\u00ebrkojn\u00eb m\u00eb shum\u00eb pushtet Kuvendi i Kosov\u00ebs ka mbledhur t\u00eb diel\u00ebn, n\u00eb Dit\u00ebn Nd\u00ebrkomb\u00ebtare t\u00eb Gruas m\u00eb 8 mars, deputetet gra nga Kosova,","breadcrumb":{"@id":"https:\/\/www.visit-ulcinj.com\/blog\/2015\/03\/09\/zylfije-duraku-deputetet-gra-nga-kosova-shqiperia-maqedonia\/#breadcrumb"},"inLanguage":"en-US","potentialAction":[{"@type":"ReadAction","target":["https:\/\/www.visit-ulcinj.com\/blog\/2015\/03\/09\/zylfije-duraku-deputetet-gra-nga-kosova-shqiperia-maqedonia\/"]}]},{"@type":"BreadcrumbList","@id":"https:\/\/www.visit-ulcinj.com\/blog\/2015\/03\/09\/zylfije-duraku-deputetet-gra-nga-kosova-shqiperia-maqedonia\/#breadcrumb","itemListElement":[{"@type":"ListItem","position":1,"name":"Zylfije Duraku me deputetet gra nga Kosova, Shqip\u00ebria, Maqedonia"}]},{"@type":"Person","@id":"https:\/\/www.visit-ulcinj.com\/blog\/#\/schema\/person\/dcab619c614d3038751c63bc2aadc06d","name":"ulqini","sameAs":["http:\/\/www.visit-ulcinj.com"],"url":"https:\/\/www.visit-ulcinj.com\/blog\/author\/admin\/"}]}},"jetpack_featured_media_url":"","jetpack_sharing_enabled":true,"jetpack_shortlink":"https:\/\/wp.me\/pe6lTn-ndu","_links":{"self":[{"href":"https:\/\/www.visit-ulcinj.com\/blog\/wp-json\/wp\/v2\/posts\/89248"}],"collection":[{"href":"https:\/\/www.visit-ulcinj.com\/blog\/wp-json\/wp\/v2\/posts"}],"about":[{"href":"https:\/\/www.visit-ulcinj.com\/blog\/wp-json\/wp\/v2\/types\/post"}],"author":[{"embeddable":true,"href":"https:\/\/www.visit-ulcinj.com\/blog\/wp-json\/wp\/v2\/users\/1"}],"replies":[{"embeddable":true,"href":"https:\/\/www.visit-ulcinj.com\/blog\/wp-json\/wp\/v2\/comments?post=89248"}],"version-history":[{"count":1,"href":"https:\/\/www.visit-ulcinj.com\/blog\/wp-json\/wp\/v2\/posts\/89248\/revisions"}],"predecessor-version":[{"id":89251,"href":"https:\/\/www.visit-ulcinj.com\/blog\/wp-json\/wp\/v2\/posts\/89248\/revisions\/89251"}],"wp:attachment":[{"href":"https:\/\/www.visit-ulcinj.com\/blog\/wp-json\/wp\/v2\/media?parent=89248"}],"wp:term":[{"taxonomy":"category","embeddable":true,"href":"https:\/\/www.visit-ulcinj.com\/blog\/wp-json\/wp\/v2\/categories?post=89248"},{"taxonomy":"post_tag","embeddable":true,"href":"https:\/\/www.visit-ulcinj.com\/blog\/wp-json\/wp\/v2\/tags?post=89248"}],"curies":[{"name":"wp","href":"https:\/\/api.w.org\/{rel}","templated":true}]}}