{"id":89254,"date":"2015-03-09T20:59:24","date_gmt":"2015-03-09T19:59:24","guid":{"rendered":"http:\/\/www.visit-ulcinj.com\/blog\/?p=89254"},"modified":"2015-03-09T20:59:24","modified_gmt":"2015-03-09T19:59:24","slug":"ne-budve-gjendje-alarmante-nga-shembjet-e-tokes-video","status":"publish","type":"post","link":"https:\/\/www.visit-ulcinj.com\/blog\/2015\/03\/09\/ne-budve-gjendje-alarmante-nga-shembjet-e-tokes-video\/","title":{"rendered":"N\u00eb Budve gjendje alarmante nga shembjet e tok\u00ebs &#8211; Video"},"content":{"rendered":"<p><strong><a href=\"http:\/\/www.visit-ulcinj.com\/blog\/wp-content\/uploads\/2015\/03\/shembjet-e-tok\u00ebs-Budva.jpg\"><img loading=\"lazy\" class=\"alignleft wp-image-89255\" src=\"http:\/\/www.visit-ulcinj.com\/blog\/wp-content\/uploads\/2015\/03\/shembjet-e-tok\u00ebs-Budva.jpg\" alt=\"shembjet e tok\u00ebs-Budva\" width=\"508\" height=\"379\" srcset=\"https:\/\/www.visit-ulcinj.com\/blog\/wp-content\/uploads\/2015\/03\/shembjet-e-tok\u00ebs-Budva.jpg 675w, https:\/\/www.visit-ulcinj.com\/blog\/wp-content\/uploads\/2015\/03\/shembjet-e-tok\u00ebs-Budva-300x224.jpg 300w\" sizes=\"(max-width: 508px) 100vw, 508px\" \/><\/a>\u00cbsht\u00eb e pabesueshme rr\u00ebshqitja kaq e madhe e dheut, q\u00eb ka shkat\u00ebrruar edhe rrug\u00ebn magjistrale Budv\u00eb-Cetinje n\u00eb Mal t\u00eb Zi. <\/strong><\/p>\n<p>Situata \u00ebsht\u00eb alarmante n\u00eb magjistralen Budva \u2013 Cetinje, q\u00eb \u00ebsht\u00eb e mbyllur p\u00ebr qarkullim dhe pik\u00ebpyetje \u00ebsht\u00eb se kur do t\u00eb mundet t\u00eb l\u00ebvizet n\u00eb k\u00ebt\u00eb aks rrugor, sepse t\u00eb reshurat e shumta t\u00eb shiut kan\u00eb inicuar rr\u00ebshqitjen e tok\u00ebs q\u00eb e ka shkat\u00ebrruar rrug\u00ebn n\u00eb fshatin Markoviqi.<\/p>\n<p>Rreth 100 metra asfalt \u00ebsht\u00eb shembur dhe fundosur p\u00ebr 80 centimetra, por jan\u00eb paraqitur edhe plasaritje t\u00eb shumta t\u00eb thella nga disa metra.<\/p>\n<p>Rr\u00ebshqitja e dheut ka shemb\u00eb edhe nj\u00eb sht\u00ebpi, nd\u00ebrsa shum\u00eb t\u00eb tjera rrezikohen se do t\u00eb shemben.<\/p>\n<p>Kryetari i komun\u00ebs s\u00eb Budv\u00ebs, Llazar Ragjenoviq ka sqarua se plasaritjet n\u00eb asfalt \u00a0jan\u00eb paraqitur n\u00eb vendet ku koh\u00eb m\u00eb para \u00ebsht\u00eb v\u00ebrejtur rr\u00ebshqitja e dheut, por t\u00eb reshurat e shumta t\u00eb shiut kan\u00eb sjell\u00eb deri te d\u00ebmtimi edhe m\u00eb i madh i rrug\u00ebs, transmeton agjencia e lajmeve INA.<\/p>\n<p>Ragjenoviq vler\u00ebson se do t\u00eb nevojiten disa muaj q\u00eb t\u00eb qet\u00ebsohet dhe t\u00eb riparohet ky aks rrugor duke theksuar se do t\u00eb duhej para fillimit t\u00eb sezonit turistik.<\/p>\n<p>Rr\u00ebshqet t\u00ebr\u00eb kodra<\/p>\n<p>Sipas fjal\u00ebve t\u00eb drejtorit t\u00eb Drejtoris\u00eb s\u00eb rrug\u00ebve, Sava Para\u00e7, kur \u00ebsht\u00eb fjala p\u00ebr sanimin e rrug\u00ebve do t\u00eb na nevojiten muaj t\u00eb t\u00ebr\u00eb.<\/p>\n<p>&#8220;Kjo nuk mundet aq shpejt t\u00eb riparohet dhe t\u00eb p\u00ebrmir\u00ebsohet. Fillimisht duhet ndalur-stopuar nj\u00eb kod\u00ebr t\u00eb t\u00ebr\u00eb q\u00eb rr\u00ebshqet e pastaj t\u00eb nd\u00ebrmirren masat e riparimit. Prandaj nuk jam optimist se a do t\u00eb kemi sezon\u00eb turistike apo jo. K\u00ebt\u00eb do ta shofim\u201d-ka th\u00ebn\u00eb ai. <strong>(INA)<\/strong><\/p>\n<!--YouTube Error: bad URL entered-->\n","protected":false},"excerpt":{"rendered":"<p>\u00cbsht\u00eb e pabesueshme rr\u00ebshqitja kaq e madhe e dheut, q\u00eb ka shkat\u00ebrruar edhe rrug\u00ebn magjistrale Budv\u00eb-Cetinje n\u00eb Mal t\u00eb Zi. Situata \u00ebsht\u00eb alarmante n\u00eb magjistralen Budva \u2013 Cetinje, q\u00eb \u00ebsht\u00eb e mbyllur p\u00ebr qarkullim dhe pik\u00ebpyetje \u00ebsht\u00eb se kur do t\u00eb mundet t\u00eb l\u00ebvizet n\u00eb k\u00ebt\u00eb aks rrugor, sepse t\u00eb reshurat e shumta t\u00eb shiut [&hellip;]<\/p>\n","protected":false},"author":1,"featured_media":0,"comment_status":"closed","ping_status":"closed","sticky":false,"template":"","format":"standard","meta":{"spay_email":"","jetpack_publicize_message":"","jetpack_is_tweetstorm":false,"jetpack_publicize_feature_enabled":true},"categories":[13],"tags":[],"jetpack_publicize_connections":[],"yoast_head":"<!-- This site is optimized with the Yoast SEO plugin v19.1 - https:\/\/yoast.com\/wordpress\/plugins\/seo\/ -->\n<title>N\u00eb Budve gjendje alarmante nga shembjet e tok\u00ebs - Video - Lajme nga Ulqini<\/title>\n<meta name=\"description\" content=\"\u00cbsht\u00eb e pabesueshme rr\u00ebshqitja kaq e madhe e dheut, q\u00eb ka shkat\u00ebrruar edhe rrug\u00ebn magjistrale Budv\u00eb-Cetinje n\u00eb Mal t\u00eb Zi. Situata \u00ebsht\u00eb alarmante n\u00eb\" \/>\n<meta name=\"robots\" content=\"index, follow, max-snippet:-1, max-image-preview:large, max-video-preview:-1\" \/>\n<link rel=\"canonical\" href=\"https:\/\/www.visit-ulcinj.com\/blog\/2015\/03\/09\/ne-budve-gjendje-alarmante-nga-shembjet-e-tokes-video\/\" \/>\n<meta property=\"og:locale\" content=\"en_US\" \/>\n<meta property=\"og:type\" content=\"article\" \/>\n<meta property=\"og:title\" content=\"N\u00eb Budve gjendje alarmante nga shembjet e tok\u00ebs - Video - Lajme nga Ulqini\" \/>\n<meta property=\"og:description\" content=\"\u00cbsht\u00eb e pabesueshme rr\u00ebshqitja kaq e madhe e dheut, q\u00eb ka shkat\u00ebrruar edhe rrug\u00ebn magjistrale Budv\u00eb-Cetinje n\u00eb Mal t\u00eb Zi. Situata \u00ebsht\u00eb alarmante n\u00eb\" \/>\n<meta property=\"og:url\" content=\"https:\/\/www.visit-ulcinj.com\/blog\/2015\/03\/09\/ne-budve-gjendje-alarmante-nga-shembjet-e-tokes-video\/\" \/>\n<meta property=\"og:site_name\" content=\"Lajme nga Ulqini\" \/>\n<meta property=\"article:published_time\" content=\"2015-03-09T19:59:24+00:00\" \/>\n<meta name=\"twitter:label1\" content=\"Written by\" \/>\n\t<meta name=\"twitter:data1\" content=\"ulqini\" \/>\n\t<meta name=\"twitter:label2\" content=\"Est. reading time\" \/>\n\t<meta name=\"twitter:data2\" content=\"2 minutes\" \/>\n<script type=\"application\/ld+json\" class=\"yoast-schema-graph\">{\"@context\":\"https:\/\/schema.org\",\"@graph\":[{\"@type\":\"WebSite\",\"@id\":\"https:\/\/www.visit-ulcinj.com\/blog\/#website\",\"url\":\"https:\/\/www.visit-ulcinj.com\/blog\/\",\"name\":\"Lajme nga Ulqini\",\"description\":\"Lajme,Vijesti,Ulqini,Ulqin,Crna Gora,Mali i Zi\",\"potentialAction\":[{\"@type\":\"SearchAction\",\"target\":{\"@type\":\"EntryPoint\",\"urlTemplate\":\"https:\/\/www.visit-ulcinj.com\/blog\/?s={search_term_string}\"},\"query-input\":\"required name=search_term_string\"}],\"inLanguage\":\"en-US\"},{\"@type\":\"WebPage\",\"@id\":\"https:\/\/www.visit-ulcinj.com\/blog\/2015\/03\/09\/ne-budve-gjendje-alarmante-nga-shembjet-e-tokes-video\/#webpage\",\"url\":\"https:\/\/www.visit-ulcinj.com\/blog\/2015\/03\/09\/ne-budve-gjendje-alarmante-nga-shembjet-e-tokes-video\/\",\"name\":\"N\u00eb Budve gjendje alarmante nga shembjet e tok\u00ebs - Video - Lajme nga Ulqini\",\"isPartOf\":{\"@id\":\"https:\/\/www.visit-ulcinj.com\/blog\/#website\"},\"datePublished\":\"2015-03-09T19:59:24+00:00\",\"dateModified\":\"2015-03-09T19:59:24+00:00\",\"author\":{\"@id\":\"https:\/\/www.visit-ulcinj.com\/blog\/#\/schema\/person\/dcab619c614d3038751c63bc2aadc06d\"},\"description\":\"\u00cbsht\u00eb e pabesueshme rr\u00ebshqitja kaq e madhe e dheut, q\u00eb ka shkat\u00ebrruar edhe rrug\u00ebn magjistrale Budv\u00eb-Cetinje n\u00eb Mal t\u00eb Zi. Situata \u00ebsht\u00eb alarmante n\u00eb\",\"breadcrumb\":{\"@id\":\"https:\/\/www.visit-ulcinj.com\/blog\/2015\/03\/09\/ne-budve-gjendje-alarmante-nga-shembjet-e-tokes-video\/#breadcrumb\"},\"inLanguage\":\"en-US\",\"potentialAction\":[{\"@type\":\"ReadAction\",\"target\":[\"https:\/\/www.visit-ulcinj.com\/blog\/2015\/03\/09\/ne-budve-gjendje-alarmante-nga-shembjet-e-tokes-video\/\"]}]},{\"@type\":\"BreadcrumbList\",\"@id\":\"https:\/\/www.visit-ulcinj.com\/blog\/2015\/03\/09\/ne-budve-gjendje-alarmante-nga-shembjet-e-tokes-video\/#breadcrumb\",\"itemListElement\":[{\"@type\":\"ListItem\",\"position\":1,\"name\":\"N\u00eb Budve gjendje alarmante nga shembjet e tok\u00ebs &#8211; Video\"}]},{\"@type\":\"Person\",\"@id\":\"https:\/\/www.visit-ulcinj.com\/blog\/#\/schema\/person\/dcab619c614d3038751c63bc2aadc06d\",\"name\":\"ulqini\",\"sameAs\":[\"http:\/\/www.visit-ulcinj.com\"],\"url\":\"https:\/\/www.visit-ulcinj.com\/blog\/author\/admin\/\"}]}<\/script>\n<!-- \/ Yoast SEO plugin. -->","yoast_head_json":{"title":"N\u00eb Budve gjendje alarmante nga shembjet e tok\u00ebs - Video - Lajme nga Ulqini","description":"\u00cbsht\u00eb e pabesueshme rr\u00ebshqitja kaq e madhe e dheut, q\u00eb ka shkat\u00ebrruar edhe rrug\u00ebn magjistrale Budv\u00eb-Cetinje n\u00eb Mal t\u00eb Zi. Situata \u00ebsht\u00eb alarmante n\u00eb","robots":{"index":"index","follow":"follow","max-snippet":"max-snippet:-1","max-image-preview":"max-image-preview:large","max-video-preview":"max-video-preview:-1"},"canonical":"https:\/\/www.visit-ulcinj.com\/blog\/2015\/03\/09\/ne-budve-gjendje-alarmante-nga-shembjet-e-tokes-video\/","og_locale":"en_US","og_type":"article","og_title":"N\u00eb Budve gjendje alarmante nga shembjet e tok\u00ebs - Video - Lajme nga Ulqini","og_description":"\u00cbsht\u00eb e pabesueshme rr\u00ebshqitja kaq e madhe e dheut, q\u00eb ka shkat\u00ebrruar edhe rrug\u00ebn magjistrale Budv\u00eb-Cetinje n\u00eb Mal t\u00eb Zi. Situata \u00ebsht\u00eb alarmante n\u00eb","og_url":"https:\/\/www.visit-ulcinj.com\/blog\/2015\/03\/09\/ne-budve-gjendje-alarmante-nga-shembjet-e-tokes-video\/","og_site_name":"Lajme nga Ulqini","article_published_time":"2015-03-09T19:59:24+00:00","twitter_misc":{"Written by":"ulqini","Est. reading time":"2 minutes"},"schema":{"@context":"https:\/\/schema.org","@graph":[{"@type":"WebSite","@id":"https:\/\/www.visit-ulcinj.com\/blog\/#website","url":"https:\/\/www.visit-ulcinj.com\/blog\/","name":"Lajme nga Ulqini","description":"Lajme,Vijesti,Ulqini,Ulqin,Crna Gora,Mali i Zi","potentialAction":[{"@type":"SearchAction","target":{"@type":"EntryPoint","urlTemplate":"https:\/\/www.visit-ulcinj.com\/blog\/?s={search_term_string}"},"query-input":"required name=search_term_string"}],"inLanguage":"en-US"},{"@type":"WebPage","@id":"https:\/\/www.visit-ulcinj.com\/blog\/2015\/03\/09\/ne-budve-gjendje-alarmante-nga-shembjet-e-tokes-video\/#webpage","url":"https:\/\/www.visit-ulcinj.com\/blog\/2015\/03\/09\/ne-budve-gjendje-alarmante-nga-shembjet-e-tokes-video\/","name":"N\u00eb Budve gjendje alarmante nga shembjet e tok\u00ebs - Video - Lajme nga Ulqini","isPartOf":{"@id":"https:\/\/www.visit-ulcinj.com\/blog\/#website"},"datePublished":"2015-03-09T19:59:24+00:00","dateModified":"2015-03-09T19:59:24+00:00","author":{"@id":"https:\/\/www.visit-ulcinj.com\/blog\/#\/schema\/person\/dcab619c614d3038751c63bc2aadc06d"},"description":"\u00cbsht\u00eb e pabesueshme rr\u00ebshqitja kaq e madhe e dheut, q\u00eb ka shkat\u00ebrruar edhe rrug\u00ebn magjistrale Budv\u00eb-Cetinje n\u00eb Mal t\u00eb Zi. Situata \u00ebsht\u00eb alarmante n\u00eb","breadcrumb":{"@id":"https:\/\/www.visit-ulcinj.com\/blog\/2015\/03\/09\/ne-budve-gjendje-alarmante-nga-shembjet-e-tokes-video\/#breadcrumb"},"inLanguage":"en-US","potentialAction":[{"@type":"ReadAction","target":["https:\/\/www.visit-ulcinj.com\/blog\/2015\/03\/09\/ne-budve-gjendje-alarmante-nga-shembjet-e-tokes-video\/"]}]},{"@type":"BreadcrumbList","@id":"https:\/\/www.visit-ulcinj.com\/blog\/2015\/03\/09\/ne-budve-gjendje-alarmante-nga-shembjet-e-tokes-video\/#breadcrumb","itemListElement":[{"@type":"ListItem","position":1,"name":"N\u00eb Budve gjendje alarmante nga shembjet e tok\u00ebs &#8211; Video"}]},{"@type":"Person","@id":"https:\/\/www.visit-ulcinj.com\/blog\/#\/schema\/person\/dcab619c614d3038751c63bc2aadc06d","name":"ulqini","sameAs":["http:\/\/www.visit-ulcinj.com"],"url":"https:\/\/www.visit-ulcinj.com\/blog\/author\/admin\/"}]}},"jetpack_featured_media_url":"","jetpack_sharing_enabled":true,"jetpack_shortlink":"https:\/\/wp.me\/pe6lTn-ndA","_links":{"self":[{"href":"https:\/\/www.visit-ulcinj.com\/blog\/wp-json\/wp\/v2\/posts\/89254"}],"collection":[{"href":"https:\/\/www.visit-ulcinj.com\/blog\/wp-json\/wp\/v2\/posts"}],"about":[{"href":"https:\/\/www.visit-ulcinj.com\/blog\/wp-json\/wp\/v2\/types\/post"}],"author":[{"embeddable":true,"href":"https:\/\/www.visit-ulcinj.com\/blog\/wp-json\/wp\/v2\/users\/1"}],"replies":[{"embeddable":true,"href":"https:\/\/www.visit-ulcinj.com\/blog\/wp-json\/wp\/v2\/comments?post=89254"}],"version-history":[{"count":1,"href":"https:\/\/www.visit-ulcinj.com\/blog\/wp-json\/wp\/v2\/posts\/89254\/revisions"}],"predecessor-version":[{"id":89256,"href":"https:\/\/www.visit-ulcinj.com\/blog\/wp-json\/wp\/v2\/posts\/89254\/revisions\/89256"}],"wp:attachment":[{"href":"https:\/\/www.visit-ulcinj.com\/blog\/wp-json\/wp\/v2\/media?parent=89254"}],"wp:term":[{"taxonomy":"category","embeddable":true,"href":"https:\/\/www.visit-ulcinj.com\/blog\/wp-json\/wp\/v2\/categories?post=89254"},{"taxonomy":"post_tag","embeddable":true,"href":"https:\/\/www.visit-ulcinj.com\/blog\/wp-json\/wp\/v2\/tags?post=89254"}],"curies":[{"name":"wp","href":"https:\/\/api.w.org\/{rel}","templated":true}]}}