{"id":89258,"date":"2015-03-09T23:24:22","date_gmt":"2015-03-09T22:24:22","guid":{"rendered":"http:\/\/www.visit-ulcinj.com\/blog\/?p=89258"},"modified":"2015-03-09T23:24:22","modified_gmt":"2015-03-09T22:24:22","slug":"instituti-idea-donacion-librash-per-shkollen-fillore-marshall-tito-ne-ulqin","status":"publish","type":"post","link":"https:\/\/www.visit-ulcinj.com\/blog\/2015\/03\/09\/instituti-idea-donacion-librash-per-shkollen-fillore-marshall-tito-ne-ulqin\/","title":{"rendered":"Instituti IDEA: Donacion librash p\u00ebr shkoll\u00ebn fillore \u201cMarshall Tito\u201d n\u00eb Ulqin"},"content":{"rendered":"<p><a href=\"http:\/\/www.visit-ulcinj.com\/blog\/wp-content\/uploads\/2015\/03\/Instituti-IDEA-Donacion-librash-Shkolla-Marshall-Tito-Ulqin.jpg\"><img loading=\"lazy\" class=\"alignleft wp-image-89259\" src=\"http:\/\/www.visit-ulcinj.com\/blog\/wp-content\/uploads\/2015\/03\/Instituti-IDEA-Donacion-librash-Shkolla-Marshall-Tito-Ulqin.jpg\" alt=\"Instituti IDEA-Donacion librash-Shkolla-Marshall-Tito-Ulqin\" width=\"508\" height=\"319\" srcset=\"https:\/\/www.visit-ulcinj.com\/blog\/wp-content\/uploads\/2015\/03\/Instituti-IDEA-Donacion-librash-Shkolla-Marshall-Tito-Ulqin.jpg 999w, https:\/\/www.visit-ulcinj.com\/blog\/wp-content\/uploads\/2015\/03\/Instituti-IDEA-Donacion-librash-Shkolla-Marshall-Tito-Ulqin-300x189.jpg 300w\" sizes=\"(max-width: 508px) 100vw, 508px\" \/><\/a>Pas vizit\u00ebs q\u00eb b\u00ebri Instituti IDEA n\u00eb shkoll\u00ebn fillore \u201cGjergj Kastrioti Sk\u00ebnderbeu\u201d n\u00eb Ostros me dat\u00eb 04 mars 2015 ku dor\u00ebzuam 225 libra p\u00ebr m\u00ebsuesit dhe bibliotek\u00ebn e asaj shkolle, vizita e radh\u00ebs ishte shkolla fillore \u201cMarshall Tito\u201d n\u00eb Ulqin.<\/p>\n<p>Dit\u00ebn e H\u00ebne me dat\u00eb 09 mars 2015, Instituti p\u00ebr Drejt\u00ebsi, Edukim dhe Arsim \u2013 IDEA p\u00ebr nder t\u00eb fest\u00ebs 7 marsit dit\u00ebs s\u00eb m\u00ebsuesit, dhuroi edhe n\u00eb shkoll\u00ebn fillore \u201cMarshall Tito\u201d nj\u00eb donacion prej 275 librave ku do t\u00eb shfryt\u00ebzohen nga nx\u00ebn\u00ebsit dhe m\u00ebsuesit e arsimtar\u00ebt e k\u00ebsaj shkolle dhe paraleleve t\u00eb saja t\u00eb ndara n\u00eb fshatra.<\/p>\n<p>Drejtori i k\u00ebsaj shkolle z. Martin Zadrima e mir\u00ebpriti k\u00ebt\u00eb donacion dhe shprehi fal\u00ebnderimet m\u00eb t\u00eb sinqerta p\u00ebr Institutin IDEA dhe stafin e saj, duke e vler\u00ebsuar si t\u00eb nevojsh\u00ebm p\u00ebr librat e dhuruara k\u00ebsaj shkolle.<\/p>\n<p>Gjithashtu p\u00ebrfaq\u00ebsuesit e Institutit IDEA e fal\u00ebnderuan drejtorin dhe stafin e shkoll\u00ebs p\u00ebr mikpritje, ku pohuam se arsyeja e k\u00ebtij donacioni \u00ebsht\u00eb si shenj\u00eb respekti p\u00ebr pun\u00ebn e tyre t\u00eb palodhur n\u00eb k\u00ebt\u00eb mision t\u00eb shenjt\u00eb n\u00eb edukimin dhe arsimimin e brezave t\u00eb rinj. Nj\u00ebherit ndihemi t\u00eb nderuar q\u00eb kjo literatur\u00eb ka gjetur vendin e duhur dhe t\u00eb nevojsh\u00ebm p\u00ebr nx\u00ebn\u00ebsit e k\u00ebsaj shkolle, dhe p\u00ebr gjeneratat e tjer\u00eb n\u00eb vazhdim\u00ebsi.<\/p>\n<p>Gjithashtu Instituti IDEA do t\u00eb jet\u00eb vazhdimisht p\u00ebrkrah\u00ebse e pun\u00ebs suaj dhe detyrim i jon\u00eb fetar, komb\u00ebtar\u00eb, njer\u00ebzor e human q\u00eb t\u2019i ruajm\u00eb lidhjet dhe raportet e m\u00ebsuesit me nx\u00ebn\u00ebsin dhe anasjelltas.<\/p>\n<p>Ato jan\u00eb lidhje t\u00eb shenjta q\u00eb duhet t\u00eb ruhen me fanatiz\u00ebm. \u00c7do kush q\u00eb tenton t\u2019i rr\u00ebnoj\u00eb k\u00ebto lidhje, duhet ta dij\u00eb se ka rr\u00ebnuar vlerat njer\u00ebzore, fetare e komb\u00ebtare, e n\u00eb fund t\u00eb fundit ka rr\u00ebnuar mir\u00ebqenien e tij individuale, familjare e shoq\u00ebrore.<\/p>\n<p>Zoti ju bekoft\u00eb n\u00eb misionin e juaj t\u00eb shenjt\u00eb.<\/p>\n<p>&nbsp;<\/p>\n<p>Departamenti i Institutit IDEA<br \/>\nZyra p\u00ebr informim, Ulqin \u2013 Mali i Zi<\/p>\n","protected":false},"excerpt":{"rendered":"<p>Pas vizit\u00ebs q\u00eb b\u00ebri Instituti IDEA n\u00eb shkoll\u00ebn fillore \u201cGjergj Kastrioti Sk\u00ebnderbeu\u201d n\u00eb Ostros me dat\u00eb 04 mars 2015 ku dor\u00ebzuam 225 libra p\u00ebr m\u00ebsuesit dhe bibliotek\u00ebn e asaj shkolle, vizita e radh\u00ebs ishte shkolla fillore \u201cMarshall Tito\u201d n\u00eb Ulqin. Dit\u00ebn e H\u00ebne me dat\u00eb 09 mars 2015, Instituti p\u00ebr Drejt\u00ebsi, Edukim dhe Arsim \u2013 [&hellip;]<\/p>\n","protected":false},"author":1,"featured_media":0,"comment_status":"closed","ping_status":"closed","sticky":false,"template":"","format":"standard","meta":{"spay_email":"","jetpack_publicize_message":"","jetpack_is_tweetstorm":false,"jetpack_publicize_feature_enabled":true},"categories":[6950],"tags":[],"jetpack_publicize_connections":[],"yoast_head":"<!-- This site is optimized with the Yoast SEO plugin v19.1 - https:\/\/yoast.com\/wordpress\/plugins\/seo\/ -->\n<title>Instituti IDEA: Donacion librash p\u00ebr shkoll\u00ebn fillore \u201cMarshall Tito\u201d n\u00eb Ulqin - Lajme nga Ulqini<\/title>\n<meta name=\"description\" content=\"Pas vizit\u00ebs q\u00eb b\u00ebri Instituti IDEA n\u00eb shkoll\u00ebn fillore \u201cGjergj Kastrioti Sk\u00ebnderbeu\u201d n\u00eb Ostros me dat\u00eb 04 mars 2015 ku dor\u00ebzuam 225 libra p\u00ebr m\u00ebsuesit dhe\" \/>\n<meta name=\"robots\" content=\"index, follow, max-snippet:-1, max-image-preview:large, max-video-preview:-1\" \/>\n<link rel=\"canonical\" href=\"https:\/\/www.visit-ulcinj.com\/blog\/2015\/03\/09\/instituti-idea-donacion-librash-per-shkollen-fillore-marshall-tito-ne-ulqin\/\" \/>\n<meta property=\"og:locale\" content=\"en_US\" \/>\n<meta property=\"og:type\" content=\"article\" \/>\n<meta property=\"og:title\" content=\"Instituti IDEA: Donacion librash p\u00ebr shkoll\u00ebn fillore \u201cMarshall Tito\u201d n\u00eb Ulqin - Lajme nga Ulqini\" \/>\n<meta property=\"og:description\" content=\"Pas vizit\u00ebs q\u00eb b\u00ebri Instituti IDEA n\u00eb shkoll\u00ebn fillore \u201cGjergj Kastrioti Sk\u00ebnderbeu\u201d n\u00eb Ostros me dat\u00eb 04 mars 2015 ku dor\u00ebzuam 225 libra p\u00ebr m\u00ebsuesit dhe\" \/>\n<meta property=\"og:url\" content=\"https:\/\/www.visit-ulcinj.com\/blog\/2015\/03\/09\/instituti-idea-donacion-librash-per-shkollen-fillore-marshall-tito-ne-ulqin\/\" \/>\n<meta property=\"og:site_name\" content=\"Lajme nga Ulqini\" \/>\n<meta property=\"article:published_time\" content=\"2015-03-09T22:24:22+00:00\" \/>\n<meta property=\"og:image\" content=\"http:\/\/www.visit-ulcinj.com\/blog\/wp-content\/uploads\/2015\/03\/Instituti-IDEA-Donacion-librash-Shkolla-Marshall-Tito-Ulqin.jpg\" \/>\n<meta name=\"twitter:label1\" content=\"Written by\" \/>\n\t<meta name=\"twitter:data1\" content=\"ulqini\" \/>\n\t<meta name=\"twitter:label2\" content=\"Est. reading time\" \/>\n\t<meta name=\"twitter:data2\" content=\"2 minutes\" \/>\n<script type=\"application\/ld+json\" class=\"yoast-schema-graph\">{\"@context\":\"https:\/\/schema.org\",\"@graph\":[{\"@type\":\"WebSite\",\"@id\":\"https:\/\/www.visit-ulcinj.com\/blog\/#website\",\"url\":\"https:\/\/www.visit-ulcinj.com\/blog\/\",\"name\":\"Lajme nga Ulqini\",\"description\":\"Lajme,Vijesti,Ulqini,Ulqin,Crna Gora,Mali i Zi\",\"potentialAction\":[{\"@type\":\"SearchAction\",\"target\":{\"@type\":\"EntryPoint\",\"urlTemplate\":\"https:\/\/www.visit-ulcinj.com\/blog\/?s={search_term_string}\"},\"query-input\":\"required name=search_term_string\"}],\"inLanguage\":\"en-US\"},{\"@type\":\"ImageObject\",\"inLanguage\":\"en-US\",\"@id\":\"https:\/\/www.visit-ulcinj.com\/blog\/2015\/03\/09\/instituti-idea-donacion-librash-per-shkollen-fillore-marshall-tito-ne-ulqin\/#primaryimage\",\"url\":\"https:\/\/www.visit-ulcinj.com\/blog\/wp-content\/uploads\/2015\/03\/Instituti-IDEA-Donacion-librash-Shkolla-Marshall-Tito-Ulqin.jpg\",\"contentUrl\":\"https:\/\/www.visit-ulcinj.com\/blog\/wp-content\/uploads\/2015\/03\/Instituti-IDEA-Donacion-librash-Shkolla-Marshall-Tito-Ulqin.jpg\",\"width\":999,\"height\":628},{\"@type\":\"WebPage\",\"@id\":\"https:\/\/www.visit-ulcinj.com\/blog\/2015\/03\/09\/instituti-idea-donacion-librash-per-shkollen-fillore-marshall-tito-ne-ulqin\/#webpage\",\"url\":\"https:\/\/www.visit-ulcinj.com\/blog\/2015\/03\/09\/instituti-idea-donacion-librash-per-shkollen-fillore-marshall-tito-ne-ulqin\/\",\"name\":\"Instituti IDEA: Donacion librash p\u00ebr shkoll\u00ebn fillore \u201cMarshall Tito\u201d n\u00eb Ulqin - Lajme nga Ulqini\",\"isPartOf\":{\"@id\":\"https:\/\/www.visit-ulcinj.com\/blog\/#website\"},\"primaryImageOfPage\":{\"@id\":\"https:\/\/www.visit-ulcinj.com\/blog\/2015\/03\/09\/instituti-idea-donacion-librash-per-shkollen-fillore-marshall-tito-ne-ulqin\/#primaryimage\"},\"datePublished\":\"2015-03-09T22:24:22+00:00\",\"dateModified\":\"2015-03-09T22:24:22+00:00\",\"author\":{\"@id\":\"https:\/\/www.visit-ulcinj.com\/blog\/#\/schema\/person\/dcab619c614d3038751c63bc2aadc06d\"},\"description\":\"Pas vizit\u00ebs q\u00eb b\u00ebri Instituti IDEA n\u00eb shkoll\u00ebn fillore \u201cGjergj Kastrioti Sk\u00ebnderbeu\u201d n\u00eb Ostros me dat\u00eb 04 mars 2015 ku dor\u00ebzuam 225 libra p\u00ebr m\u00ebsuesit dhe\",\"breadcrumb\":{\"@id\":\"https:\/\/www.visit-ulcinj.com\/blog\/2015\/03\/09\/instituti-idea-donacion-librash-per-shkollen-fillore-marshall-tito-ne-ulqin\/#breadcrumb\"},\"inLanguage\":\"en-US\",\"potentialAction\":[{\"@type\":\"ReadAction\",\"target\":[\"https:\/\/www.visit-ulcinj.com\/blog\/2015\/03\/09\/instituti-idea-donacion-librash-per-shkollen-fillore-marshall-tito-ne-ulqin\/\"]}]},{\"@type\":\"BreadcrumbList\",\"@id\":\"https:\/\/www.visit-ulcinj.com\/blog\/2015\/03\/09\/instituti-idea-donacion-librash-per-shkollen-fillore-marshall-tito-ne-ulqin\/#breadcrumb\",\"itemListElement\":[{\"@type\":\"ListItem\",\"position\":1,\"name\":\"Instituti IDEA: Donacion librash p\u00ebr shkoll\u00ebn fillore \u201cMarshall Tito\u201d n\u00eb Ulqin\"}]},{\"@type\":\"Person\",\"@id\":\"https:\/\/www.visit-ulcinj.com\/blog\/#\/schema\/person\/dcab619c614d3038751c63bc2aadc06d\",\"name\":\"ulqini\",\"sameAs\":[\"http:\/\/www.visit-ulcinj.com\"],\"url\":\"https:\/\/www.visit-ulcinj.com\/blog\/author\/admin\/\"}]}<\/script>\n<!-- \/ Yoast SEO plugin. -->","yoast_head_json":{"title":"Instituti IDEA: Donacion librash p\u00ebr shkoll\u00ebn fillore \u201cMarshall Tito\u201d n\u00eb Ulqin - Lajme nga Ulqini","description":"Pas vizit\u00ebs q\u00eb b\u00ebri Instituti IDEA n\u00eb shkoll\u00ebn fillore \u201cGjergj Kastrioti Sk\u00ebnderbeu\u201d n\u00eb Ostros me dat\u00eb 04 mars 2015 ku dor\u00ebzuam 225 libra p\u00ebr m\u00ebsuesit dhe","robots":{"index":"index","follow":"follow","max-snippet":"max-snippet:-1","max-image-preview":"max-image-preview:large","max-video-preview":"max-video-preview:-1"},"canonical":"https:\/\/www.visit-ulcinj.com\/blog\/2015\/03\/09\/instituti-idea-donacion-librash-per-shkollen-fillore-marshall-tito-ne-ulqin\/","og_locale":"en_US","og_type":"article","og_title":"Instituti IDEA: Donacion librash p\u00ebr shkoll\u00ebn fillore \u201cMarshall Tito\u201d n\u00eb Ulqin - Lajme nga Ulqini","og_description":"Pas vizit\u00ebs q\u00eb b\u00ebri Instituti IDEA n\u00eb shkoll\u00ebn fillore \u201cGjergj Kastrioti Sk\u00ebnderbeu\u201d n\u00eb Ostros me dat\u00eb 04 mars 2015 ku dor\u00ebzuam 225 libra p\u00ebr m\u00ebsuesit dhe","og_url":"https:\/\/www.visit-ulcinj.com\/blog\/2015\/03\/09\/instituti-idea-donacion-librash-per-shkollen-fillore-marshall-tito-ne-ulqin\/","og_site_name":"Lajme nga Ulqini","article_published_time":"2015-03-09T22:24:22+00:00","og_image":[{"url":"http:\/\/www.visit-ulcinj.com\/blog\/wp-content\/uploads\/2015\/03\/Instituti-IDEA-Donacion-librash-Shkolla-Marshall-Tito-Ulqin.jpg"}],"twitter_misc":{"Written by":"ulqini","Est. reading time":"2 minutes"},"schema":{"@context":"https:\/\/schema.org","@graph":[{"@type":"WebSite","@id":"https:\/\/www.visit-ulcinj.com\/blog\/#website","url":"https:\/\/www.visit-ulcinj.com\/blog\/","name":"Lajme nga Ulqini","description":"Lajme,Vijesti,Ulqini,Ulqin,Crna Gora,Mali i Zi","potentialAction":[{"@type":"SearchAction","target":{"@type":"EntryPoint","urlTemplate":"https:\/\/www.visit-ulcinj.com\/blog\/?s={search_term_string}"},"query-input":"required name=search_term_string"}],"inLanguage":"en-US"},{"@type":"ImageObject","inLanguage":"en-US","@id":"https:\/\/www.visit-ulcinj.com\/blog\/2015\/03\/09\/instituti-idea-donacion-librash-per-shkollen-fillore-marshall-tito-ne-ulqin\/#primaryimage","url":"https:\/\/www.visit-ulcinj.com\/blog\/wp-content\/uploads\/2015\/03\/Instituti-IDEA-Donacion-librash-Shkolla-Marshall-Tito-Ulqin.jpg","contentUrl":"https:\/\/www.visit-ulcinj.com\/blog\/wp-content\/uploads\/2015\/03\/Instituti-IDEA-Donacion-librash-Shkolla-Marshall-Tito-Ulqin.jpg","width":999,"height":628},{"@type":"WebPage","@id":"https:\/\/www.visit-ulcinj.com\/blog\/2015\/03\/09\/instituti-idea-donacion-librash-per-shkollen-fillore-marshall-tito-ne-ulqin\/#webpage","url":"https:\/\/www.visit-ulcinj.com\/blog\/2015\/03\/09\/instituti-idea-donacion-librash-per-shkollen-fillore-marshall-tito-ne-ulqin\/","name":"Instituti IDEA: Donacion librash p\u00ebr shkoll\u00ebn fillore \u201cMarshall Tito\u201d n\u00eb Ulqin - Lajme nga Ulqini","isPartOf":{"@id":"https:\/\/www.visit-ulcinj.com\/blog\/#website"},"primaryImageOfPage":{"@id":"https:\/\/www.visit-ulcinj.com\/blog\/2015\/03\/09\/instituti-idea-donacion-librash-per-shkollen-fillore-marshall-tito-ne-ulqin\/#primaryimage"},"datePublished":"2015-03-09T22:24:22+00:00","dateModified":"2015-03-09T22:24:22+00:00","author":{"@id":"https:\/\/www.visit-ulcinj.com\/blog\/#\/schema\/person\/dcab619c614d3038751c63bc2aadc06d"},"description":"Pas vizit\u00ebs q\u00eb b\u00ebri Instituti IDEA n\u00eb shkoll\u00ebn fillore \u201cGjergj Kastrioti Sk\u00ebnderbeu\u201d n\u00eb Ostros me dat\u00eb 04 mars 2015 ku dor\u00ebzuam 225 libra p\u00ebr m\u00ebsuesit dhe","breadcrumb":{"@id":"https:\/\/www.visit-ulcinj.com\/blog\/2015\/03\/09\/instituti-idea-donacion-librash-per-shkollen-fillore-marshall-tito-ne-ulqin\/#breadcrumb"},"inLanguage":"en-US","potentialAction":[{"@type":"ReadAction","target":["https:\/\/www.visit-ulcinj.com\/blog\/2015\/03\/09\/instituti-idea-donacion-librash-per-shkollen-fillore-marshall-tito-ne-ulqin\/"]}]},{"@type":"BreadcrumbList","@id":"https:\/\/www.visit-ulcinj.com\/blog\/2015\/03\/09\/instituti-idea-donacion-librash-per-shkollen-fillore-marshall-tito-ne-ulqin\/#breadcrumb","itemListElement":[{"@type":"ListItem","position":1,"name":"Instituti IDEA: Donacion librash p\u00ebr shkoll\u00ebn fillore \u201cMarshall Tito\u201d n\u00eb Ulqin"}]},{"@type":"Person","@id":"https:\/\/www.visit-ulcinj.com\/blog\/#\/schema\/person\/dcab619c614d3038751c63bc2aadc06d","name":"ulqini","sameAs":["http:\/\/www.visit-ulcinj.com"],"url":"https:\/\/www.visit-ulcinj.com\/blog\/author\/admin\/"}]}},"jetpack_featured_media_url":"","jetpack_sharing_enabled":true,"jetpack_shortlink":"https:\/\/wp.me\/pe6lTn-ndE","_links":{"self":[{"href":"https:\/\/www.visit-ulcinj.com\/blog\/wp-json\/wp\/v2\/posts\/89258"}],"collection":[{"href":"https:\/\/www.visit-ulcinj.com\/blog\/wp-json\/wp\/v2\/posts"}],"about":[{"href":"https:\/\/www.visit-ulcinj.com\/blog\/wp-json\/wp\/v2\/types\/post"}],"author":[{"embeddable":true,"href":"https:\/\/www.visit-ulcinj.com\/blog\/wp-json\/wp\/v2\/users\/1"}],"replies":[{"embeddable":true,"href":"https:\/\/www.visit-ulcinj.com\/blog\/wp-json\/wp\/v2\/comments?post=89258"}],"version-history":[{"count":1,"href":"https:\/\/www.visit-ulcinj.com\/blog\/wp-json\/wp\/v2\/posts\/89258\/revisions"}],"predecessor-version":[{"id":89260,"href":"https:\/\/www.visit-ulcinj.com\/blog\/wp-json\/wp\/v2\/posts\/89258\/revisions\/89260"}],"wp:attachment":[{"href":"https:\/\/www.visit-ulcinj.com\/blog\/wp-json\/wp\/v2\/media?parent=89258"}],"wp:term":[{"taxonomy":"category","embeddable":true,"href":"https:\/\/www.visit-ulcinj.com\/blog\/wp-json\/wp\/v2\/categories?post=89258"},{"taxonomy":"post_tag","embeddable":true,"href":"https:\/\/www.visit-ulcinj.com\/blog\/wp-json\/wp\/v2\/tags?post=89258"}],"curies":[{"name":"wp","href":"https:\/\/api.w.org\/{rel}","templated":true}]}}