{"id":89261,"date":"2015-01-10T13:10:27","date_gmt":"2015-01-10T12:10:27","guid":{"rendered":"http:\/\/www.visit-ulcinj.com\/blog\/?p=89261"},"modified":"2015-03-10T13:17:11","modified_gmt":"2015-03-10T12:17:11","slug":"perse-qahet-opozita-rreth-cmimit-te-tokes-qe-bene-komuna-gjeka","status":"publish","type":"post","link":"https:\/\/www.visit-ulcinj.com\/blog\/2015\/01\/10\/perse-qahet-opozita-rreth-cmimit-te-tokes-qe-bene-komuna-gjeka\/","title":{"rendered":"P\u00ebrse qahet opozita rreth \u00e7mimit t\u00eb tok\u00ebs q\u00eb b\u00ebn\u00eb komuna \u2013 Gjeka"},"content":{"rendered":"<p><strong>Shkruan Muhamet Nika<\/strong><\/p>\n<p><strong>P\u00ebrse qahet opozita rreth \u00e7mimit t\u00eb tok\u00ebs q\u00eb b\u00ebn\u00eb komuna \u2013 Gjeka<\/strong><\/p>\n<p><strong>Rasti i Parkut Ujor n\u00eb Shtoj.<\/strong><\/p>\n<p><a href=\"http:\/\/www.visit-ulcinj.com\/blog\/wp-content\/uploads\/2014\/12\/Akva-Park-Ulcinj-2.jpg\"><img loading=\"lazy\" class=\"alignleft wp-image-87172\" src=\"http:\/\/www.visit-ulcinj.com\/blog\/wp-content\/uploads\/2014\/12\/Akva-Park-Ulcinj-2.jpg\" alt=\"Akva Park Ulcinj-2\" width=\"508\" height=\"381\" \/><\/a><\/p>\n<p><strong>\u201c&#8230;Ke paralajm\u00ebruar tema shum\u00eb interesante n\u00eb portale, p\u00ebr konflikt t\u00eb shtetit, komun\u00ebs dhe dilerave t\u00eb bankav rreth shitjes s\u00eb Shtojit etj .Me zi po pres t\u00eb dalin, m\u00eb tha nj\u00ebri&#8230;,?! Por ruaju prej k\u00ebtyre t\u00eb fundit se din\u00eb me ta fut ndonj\u00eb flakaresh, e jo gj\u00eb m\u00eb tep\u00ebr, nga se nuk jan\u00eb trima..\u201d?<\/strong><\/p>\n<p>Nd\u00ebrsa un\u00eb pa u hamendur fare &#8211; shtova ,po t\u00eb ishte q\u00eb puna t\u00eb zgjidhej vet\u00ebm me flakaresha , at\u00eb her\u00eb k\u00ebta q\u00eb po mi thua, ata moti do t\u2019ia kishin krisur nj\u00ebri-tjetrit , n\u00eb vend se mua! Sepse sot, n\u00eb radh\u00eb t\u00eb par\u00eb,si duket, k\u00ebta , jan\u00eb t\u00eb rrezikuar nga bankat p\u00ebr kredi t\u00eb dh\u00ebna t\u00eb para do koh\u00ebve n\u00eb blerje t\u00eb pronave private n\u00eb Shtoj e gjetk\u00eb me q\u00ebllim t\u00eb nd\u00ebrrimit t\u00eb destinimit. K\u00ebto t\u00eb fundit- bankat, me sa duket kan\u00eb filluar e i \u201creketirasin\u201d me prokurori e gjykata, nga se u duket q\u00eb po pasurohen me parat\u00eb e tyre t\u00eb cilat i mor\u00ebn nga banka kryesore malazeze. Mendojm\u00eb n\u00eb kontratat e n\u00ebnshkruara, ku me siguri u zotuan para tyre,\u00a0\u00a0 se \u00a0 n\u00eb baz\u00eb t\u00eb lidhjeve t\u00eb cilat kishin posht\u00eb e lart\u00eb do t\u00eb arrinin t\u00eb nd\u00ebrronin destinimin e tokave duke rritur e majmur \u00e7mimin e tyre si t\u00eb urbanizuara n\u00eb vend t\u00eb statusit q\u00eb kishin si toka bujq\u00ebsore .<\/p>\n<p>Por ja q\u00eb pun\u00ebt gjithher\u00eb nuk shkojn\u00eb dhjam\u00eb&#8230;?! Po shohim q\u00eb k\u00ebsaj radhe n\u00eb treg ka dal\u00eb edhe komuna, q\u00eb \u00ebsht\u00eb kah shet tok\u00eb , shum\u00eb m\u00eb lir\u00eb se ata. Dhe tashti , po plot\u00ebsojm\u00eb se vet\u00ebm me akva park, n\u00eb Shtoj, kuvendi ,dilerave iu hoqi nga dora 7 milion\u00eb euro, ku p\u00ebr \u00e7udi, vet\u00eb e kishin shumic\u00ebn&#8230;?!!! Th\u00ebn\u00eb thjesht\u00eb: p\u00ebrshtypja ime \u00ebsht\u00eb q\u00eb ata , n\u00eb k\u00ebto momente, jan\u00eb kah humbin ndoshta edhe \u201c lizingun\u201d e vet , n\u00eb se nuk respektojn\u00eb afatet.<\/p>\n<p>Gjithashtu ceka, se n\u00eb k\u00ebto raste, mund t\u00eb ket\u00eb dal\u00eb, m\u00eb i men\u00e7ur, ndonj\u00eb sekser i thjesht\u00eb tokash n\u00eb Shtoj , Mal t\u00eb Bardh e Pinjesh, i cili ishte m\u00eb i matur dhe p\u00ebrmes sh\u00ebrbimit t\u00eb gjeometrave, mund t\u00eb ket\u00eb shitur sip\u00ebrfaqe t\u00eb t\u00ebra toke t\u00eb komun\u00ebs ose t\u00eb qytetar\u00ebve, me nj\u00eb p\u00ebrqindje rrezikshm\u00ebrie m\u00eb t\u00eb vog\u00ebl, duke garantuar vet\u00ebm me fjal\u00eb e jo me shkrim n\u00eb baz\u00eb t\u00eb ndonj\u00eb garancioni me goj\u00eb t\u00eb ndonj\u00eb zyrtari i klas\u00ebs s\u00eb dyt\u00eb &#8230;?!!!<\/p>\n<p>Me k\u00ebt\u00eb edhe ai ishte dakord e pohoj me krye- sepse ishte vet\u00eb nj\u00ebri prej tyre(sekser\u00ebve t\u00eb imt\u00eb)?!!! KY \u00cbSHT\u00cb EDHE PROBLEMI KRYESOR&#8230;?!!!<\/p>\n<p><a href=\"http:\/\/www.visit-ulcinj.com\/blog\/wp-content\/uploads\/2011\/09\/Selim-Resulbegovic_Nazif-Cungu.jpg\"><img loading=\"lazy\" class=\"alignleft wp-image-51309\" src=\"http:\/\/www.visit-ulcinj.com\/blog\/wp-content\/uploads\/2011\/09\/Selim-Resulbegovic_Nazif-Cungu.jpg\" alt=\"Selim Resulbegovic_Nazif Cungu\" width=\"508\" height=\"339\" srcset=\"https:\/\/www.visit-ulcinj.com\/blog\/wp-content\/uploads\/2011\/09\/Selim-Resulbegovic_Nazif-Cungu.jpg 720w, https:\/\/www.visit-ulcinj.com\/blog\/wp-content\/uploads\/2011\/09\/Selim-Resulbegovic_Nazif-Cungu-300x200.jpg 300w\" sizes=\"(max-width: 508px) 100vw, 508px\" \/><\/a><\/p>\n<p><strong>N\u00ebse mir\u00eb shikojm\u00eb k\u00ebt\u00eb fotografi?!<\/strong><\/p>\n<p>N\u00ebse mir\u00eb shikojm\u00eb k\u00ebt\u00eb fotografi v\u00ebrejm\u00eb q\u00eb sh\u00ebnon momentin kur S.\u00a0\u00a0 Resulbegu ia uron zgjedhjen n\u00eb postin e kryetarit t\u00eb komun\u00ebs \u2013N. Cungut, n\u00eb vitin 2011, kurse pas Selimit , shihet gazetari Canga?!!! Ky i fundit, po m\u00eb kujton nj\u00eb gazetar\u00eb t\u00eb Si-en-enit, q\u00eb ish an\u00ebtar\u00ebsuar n\u00eb shoq\u00ebrit\u00eb e fshehta t\u00eb pasanik\u00ebve amerikan\u00eb, si ajo me Rrok Felerin etj, t\u00eb cil\u00ebt punojn\u00eb p\u00ebr rendin e ri bot\u00ebror( nj\u00eb shtet , nj\u00eb qeveri bot\u00ebrore, me t\u00eb cil\u00ebn pritet t\u00eb sundojn\u00eb t\u00eb pasurit ) ?!!!<\/p>\n<p>Kjo ndeje , sipas neve, nuk mund t\u00eb quhet krejt e rast\u00ebsishme , si ajo te Darka e Budallenjve n\u00eb filmin bestseler..?!! Sipas neve-dy t\u00eb pal\u00ebt e fotografis\u00eb, ishin politikan\u00ebt e vitit sepse p\u00ebr q\u00ebllime t\u00eb veta , menaxhuan si duhet konfliktin brenda Udsh-s\u00eb dhe DPS-it: Gjeka \u2013 Hajdinaga\u00a0\u00a0 e Shkreli&#8230;?!<\/p>\n<p>Por duke qen\u00eb numerikisht m\u00eb t\u00eb pak\u00ebt ( brenda lloji- si biznesmen\u00eb e sekser\u00eb bankash), pritej t\u00eb ndodhte si\u00e7 ndodhi- konflikti, pasi u instaluan n\u00eb pushtet.<\/p>\n<p>Personalisht k\u00ebt\u00eb e prisja, sepse mbi baz\u00ebn e \u201c kompleksit t\u00eb tyre num\u00ebrik..\u201dq\u00eb q\u00ebllim dhe hall t\u00eb p\u00ebrbashk\u00ebt kishin \u00e7lirimin e tyre nga barrierat administrative rreth tokave t\u00eb blera p\u00ebr shitje, pas evitimit t\u00eb barrierave, p\u00ebrplasja ishte i pa evituesh\u00ebm.<\/p>\n<p>-Po t\u00eb kish bler\u00ebs nuk do t\u00eb kish kriz\u00eb, mir\u00ebpo kur ata mungojn\u00eb at\u00ebher\u00eb ajo fillon.<\/p>\n<p><strong><em>Kush e krijoi kriz\u00ebn n\u00eb pushtetin e kaluar Cungu \u2013Gjeka, apo Cungu \u2013Resulbegu?!!<\/em><\/strong><\/p>\n<p>N\u00ebse n\u00eb kriz\u00ebn e par\u00eb t\u00eb trek\u00ebnd\u00ebshit: Hajdinaga \u2013 Gjeka e Shkreli, fitoi Cungu , at\u00ebher\u00eb k\u00ebsaj radhe pas prishjes s\u00eb miqve Cungu e Resulbegu, q\u00eb ngjau shum\u00eb shpejt i ra t\u00eb fitoj\u00eb Gjeka.<\/p>\n<p>Madje u pa se ai k\u00ebt\u00eb konflikt e shikonte nga distanca- prej s\u00eb largu- sa q\u00eb dhe \u00a0n\u00eb emisioni ballafaques n\u00eb prag t\u00eb zgjedhjeve lokale t\u00eb lider\u00ebve n\u00eb Teve TEUT\u00cb, e injoroi fare , duke mos shkuar .<\/p>\n<p>N\u00eb emision, n\u00ebnkryetari Resulbegu, kish grumbulluar fakte komprometuese p\u00ebr Cungun si kryetar komune- rasti i urbanizimit t\u00eb Shasit, q\u00eb e b\u00ebri Cungun t\u00eb ftoj\u00eb prokurorin\u00eb e kjo sipas ligjit n\u00ebnkuptonte humbjen e t\u00eb drejt\u00ebs p\u00ebr tu kandiduar si kryetar n\u00ebse ngrehet \u2013si\u00e7 po duket aktakuza?!!! Andaj edhe Canga si pjes\u00eb e k\u00ebsaj loje , shohim q\u00eb raporton n\u00eb m\u00ebnyr\u00eb pompoze p\u00ebr\u201d l\u00ebnd\u00eb(a)n e Cungut niset p\u00ebr Podgoric\u00eb, duke krijuar atmosfer\u00eb funeb\u00ebr , si kur t\u00eb ishte fjala, p\u00ebr eshtrat e mbretit Nikoll\u00eb , kur \u201c u nis\u00ebn p\u00ebr Podgoric\u00eb nga Franca\u201d..?!!!<\/p>\n<p><strong> (vazhdon),<\/strong><\/p>\n<p><strong><em>A po e merr uji i akva parkut t\u00eb Shtojit edhe k\u00ebt\u00eb koalicion shqiptar\u00eb t\u00eb radh\u00ebs n\u00eb Ulqin &#8211; Ne themi se po ?!!!<\/em><\/strong><\/p>\n","protected":false},"excerpt":{"rendered":"<p>Shkruan Muhamet Nika P\u00ebrse qahet opozita rreth \u00e7mimit t\u00eb tok\u00ebs q\u00eb b\u00ebn\u00eb komuna \u2013 Gjeka Rasti i Parkut Ujor n\u00eb Shtoj. \u201c&#8230;Ke paralajm\u00ebruar tema shum\u00eb interesante n\u00eb portale, p\u00ebr konflikt t\u00eb shtetit, komun\u00ebs dhe dilerave t\u00eb bankav rreth shitjes s\u00eb Shtojit etj .Me zi po pres t\u00eb dalin, m\u00eb tha nj\u00ebri&#8230;,?! Por ruaju prej k\u00ebtyre [&hellip;]<\/p>\n","protected":false},"author":1,"featured_media":0,"comment_status":"closed","ping_status":"closed","sticky":false,"template":"","format":"standard","meta":{"spay_email":"","jetpack_publicize_message":"","jetpack_is_tweetstorm":false,"jetpack_publicize_feature_enabled":true},"categories":[8],"tags":[],"jetpack_publicize_connections":[],"yoast_head":"<!-- This site is optimized with the Yoast SEO plugin v19.1 - https:\/\/yoast.com\/wordpress\/plugins\/seo\/ -->\n<title>P\u00ebrse qahet opozita rreth \u00e7mimit t\u00eb tok\u00ebs q\u00eb b\u00ebn\u00eb komuna \u2013 Gjeka - Lajme nga Ulqini<\/title>\n<meta name=\"description\" content=\"Shkruan Muhamet Nika P\u00ebrse qahet opozita rreth \u00e7mimit t\u00eb tok\u00ebs q\u00eb b\u00ebn\u00eb komuna \u2013 Gjeka Rasti i Parkut Ujor n\u00eb Shtoj. \u201c...Ke paralajm\u00ebruar tema shum\u00eb\" \/>\n<meta name=\"robots\" content=\"index, follow, max-snippet:-1, max-image-preview:large, max-video-preview:-1\" \/>\n<link rel=\"canonical\" href=\"https:\/\/www.visit-ulcinj.com\/blog\/2015\/01\/10\/perse-qahet-opozita-rreth-cmimit-te-tokes-qe-bene-komuna-gjeka\/\" \/>\n<meta property=\"og:locale\" content=\"en_US\" \/>\n<meta property=\"og:type\" content=\"article\" \/>\n<meta property=\"og:title\" content=\"P\u00ebrse qahet opozita rreth \u00e7mimit t\u00eb tok\u00ebs q\u00eb b\u00ebn\u00eb komuna \u2013 Gjeka - Lajme nga Ulqini\" \/>\n<meta property=\"og:description\" content=\"Shkruan Muhamet Nika P\u00ebrse qahet opozita rreth \u00e7mimit t\u00eb tok\u00ebs q\u00eb b\u00ebn\u00eb komuna \u2013 Gjeka Rasti i Parkut Ujor n\u00eb Shtoj. \u201c...Ke paralajm\u00ebruar tema shum\u00eb\" \/>\n<meta property=\"og:url\" content=\"https:\/\/www.visit-ulcinj.com\/blog\/2015\/01\/10\/perse-qahet-opozita-rreth-cmimit-te-tokes-qe-bene-komuna-gjeka\/\" \/>\n<meta property=\"og:site_name\" content=\"Lajme nga Ulqini\" \/>\n<meta property=\"article:published_time\" content=\"2015-01-10T12:10:27+00:00\" \/>\n<meta property=\"article:modified_time\" content=\"2015-03-10T12:17:11+00:00\" \/>\n<meta property=\"og:image\" content=\"http:\/\/www.visit-ulcinj.com\/blog\/wp-content\/uploads\/2014\/12\/Akva-Park-Ulcinj-2.jpg\" \/>\n<meta name=\"twitter:label1\" content=\"Written by\" \/>\n\t<meta name=\"twitter:data1\" content=\"ulqini\" \/>\n\t<meta name=\"twitter:label2\" content=\"Est. reading time\" \/>\n\t<meta name=\"twitter:data2\" content=\"5 minutes\" \/>\n<script type=\"application\/ld+json\" class=\"yoast-schema-graph\">{\"@context\":\"https:\/\/schema.org\",\"@graph\":[{\"@type\":\"WebSite\",\"@id\":\"https:\/\/www.visit-ulcinj.com\/blog\/#website\",\"url\":\"https:\/\/www.visit-ulcinj.com\/blog\/\",\"name\":\"Lajme nga Ulqini\",\"description\":\"Lajme,Vijesti,Ulqini,Ulqin,Crna Gora,Mali i Zi\",\"potentialAction\":[{\"@type\":\"SearchAction\",\"target\":{\"@type\":\"EntryPoint\",\"urlTemplate\":\"https:\/\/www.visit-ulcinj.com\/blog\/?s={search_term_string}\"},\"query-input\":\"required name=search_term_string\"}],\"inLanguage\":\"en-US\"},{\"@type\":\"ImageObject\",\"inLanguage\":\"en-US\",\"@id\":\"https:\/\/www.visit-ulcinj.com\/blog\/2015\/01\/10\/perse-qahet-opozita-rreth-cmimit-te-tokes-qe-bene-komuna-gjeka\/#primaryimage\",\"url\":\"http:\/\/www.visit-ulcinj.com\/blog\/wp-content\/uploads\/2014\/12\/Akva-Park-Ulcinj-2.jpg\",\"contentUrl\":\"http:\/\/www.visit-ulcinj.com\/blog\/wp-content\/uploads\/2014\/12\/Akva-Park-Ulcinj-2.jpg\"},{\"@type\":\"WebPage\",\"@id\":\"https:\/\/www.visit-ulcinj.com\/blog\/2015\/01\/10\/perse-qahet-opozita-rreth-cmimit-te-tokes-qe-bene-komuna-gjeka\/#webpage\",\"url\":\"https:\/\/www.visit-ulcinj.com\/blog\/2015\/01\/10\/perse-qahet-opozita-rreth-cmimit-te-tokes-qe-bene-komuna-gjeka\/\",\"name\":\"P\u00ebrse qahet opozita rreth \u00e7mimit t\u00eb tok\u00ebs q\u00eb b\u00ebn\u00eb komuna \u2013 Gjeka - Lajme nga Ulqini\",\"isPartOf\":{\"@id\":\"https:\/\/www.visit-ulcinj.com\/blog\/#website\"},\"primaryImageOfPage\":{\"@id\":\"https:\/\/www.visit-ulcinj.com\/blog\/2015\/01\/10\/perse-qahet-opozita-rreth-cmimit-te-tokes-qe-bene-komuna-gjeka\/#primaryimage\"},\"datePublished\":\"2015-01-10T12:10:27+00:00\",\"dateModified\":\"2015-03-10T12:17:11+00:00\",\"author\":{\"@id\":\"https:\/\/www.visit-ulcinj.com\/blog\/#\/schema\/person\/dcab619c614d3038751c63bc2aadc06d\"},\"description\":\"Shkruan Muhamet Nika P\u00ebrse qahet opozita rreth \u00e7mimit t\u00eb tok\u00ebs q\u00eb b\u00ebn\u00eb komuna \u2013 Gjeka Rasti i Parkut Ujor n\u00eb Shtoj. \u201c...Ke paralajm\u00ebruar tema shum\u00eb\",\"breadcrumb\":{\"@id\":\"https:\/\/www.visit-ulcinj.com\/blog\/2015\/01\/10\/perse-qahet-opozita-rreth-cmimit-te-tokes-qe-bene-komuna-gjeka\/#breadcrumb\"},\"inLanguage\":\"en-US\",\"potentialAction\":[{\"@type\":\"ReadAction\",\"target\":[\"https:\/\/www.visit-ulcinj.com\/blog\/2015\/01\/10\/perse-qahet-opozita-rreth-cmimit-te-tokes-qe-bene-komuna-gjeka\/\"]}]},{\"@type\":\"BreadcrumbList\",\"@id\":\"https:\/\/www.visit-ulcinj.com\/blog\/2015\/01\/10\/perse-qahet-opozita-rreth-cmimit-te-tokes-qe-bene-komuna-gjeka\/#breadcrumb\",\"itemListElement\":[{\"@type\":\"ListItem\",\"position\":1,\"name\":\"P\u00ebrse qahet opozita rreth \u00e7mimit t\u00eb tok\u00ebs q\u00eb b\u00ebn\u00eb komuna \u2013 Gjeka\"}]},{\"@type\":\"Person\",\"@id\":\"https:\/\/www.visit-ulcinj.com\/blog\/#\/schema\/person\/dcab619c614d3038751c63bc2aadc06d\",\"name\":\"ulqini\",\"sameAs\":[\"http:\/\/www.visit-ulcinj.com\"],\"url\":\"https:\/\/www.visit-ulcinj.com\/blog\/author\/admin\/\"}]}<\/script>\n<!-- \/ Yoast SEO plugin. -->","yoast_head_json":{"title":"P\u00ebrse qahet opozita rreth \u00e7mimit t\u00eb tok\u00ebs q\u00eb b\u00ebn\u00eb komuna \u2013 Gjeka - Lajme nga Ulqini","description":"Shkruan Muhamet Nika P\u00ebrse qahet opozita rreth \u00e7mimit t\u00eb tok\u00ebs q\u00eb b\u00ebn\u00eb komuna \u2013 Gjeka Rasti i Parkut Ujor n\u00eb Shtoj. \u201c...Ke paralajm\u00ebruar tema shum\u00eb","robots":{"index":"index","follow":"follow","max-snippet":"max-snippet:-1","max-image-preview":"max-image-preview:large","max-video-preview":"max-video-preview:-1"},"canonical":"https:\/\/www.visit-ulcinj.com\/blog\/2015\/01\/10\/perse-qahet-opozita-rreth-cmimit-te-tokes-qe-bene-komuna-gjeka\/","og_locale":"en_US","og_type":"article","og_title":"P\u00ebrse qahet opozita rreth \u00e7mimit t\u00eb tok\u00ebs q\u00eb b\u00ebn\u00eb komuna \u2013 Gjeka - Lajme nga Ulqini","og_description":"Shkruan Muhamet Nika P\u00ebrse qahet opozita rreth \u00e7mimit t\u00eb tok\u00ebs q\u00eb b\u00ebn\u00eb komuna \u2013 Gjeka Rasti i Parkut Ujor n\u00eb Shtoj. \u201c...Ke paralajm\u00ebruar tema shum\u00eb","og_url":"https:\/\/www.visit-ulcinj.com\/blog\/2015\/01\/10\/perse-qahet-opozita-rreth-cmimit-te-tokes-qe-bene-komuna-gjeka\/","og_site_name":"Lajme nga Ulqini","article_published_time":"2015-01-10T12:10:27+00:00","article_modified_time":"2015-03-10T12:17:11+00:00","og_image":[{"url":"http:\/\/www.visit-ulcinj.com\/blog\/wp-content\/uploads\/2014\/12\/Akva-Park-Ulcinj-2.jpg"}],"twitter_misc":{"Written by":"ulqini","Est. reading time":"5 minutes"},"schema":{"@context":"https:\/\/schema.org","@graph":[{"@type":"WebSite","@id":"https:\/\/www.visit-ulcinj.com\/blog\/#website","url":"https:\/\/www.visit-ulcinj.com\/blog\/","name":"Lajme nga Ulqini","description":"Lajme,Vijesti,Ulqini,Ulqin,Crna Gora,Mali i Zi","potentialAction":[{"@type":"SearchAction","target":{"@type":"EntryPoint","urlTemplate":"https:\/\/www.visit-ulcinj.com\/blog\/?s={search_term_string}"},"query-input":"required name=search_term_string"}],"inLanguage":"en-US"},{"@type":"ImageObject","inLanguage":"en-US","@id":"https:\/\/www.visit-ulcinj.com\/blog\/2015\/01\/10\/perse-qahet-opozita-rreth-cmimit-te-tokes-qe-bene-komuna-gjeka\/#primaryimage","url":"http:\/\/www.visit-ulcinj.com\/blog\/wp-content\/uploads\/2014\/12\/Akva-Park-Ulcinj-2.jpg","contentUrl":"http:\/\/www.visit-ulcinj.com\/blog\/wp-content\/uploads\/2014\/12\/Akva-Park-Ulcinj-2.jpg"},{"@type":"WebPage","@id":"https:\/\/www.visit-ulcinj.com\/blog\/2015\/01\/10\/perse-qahet-opozita-rreth-cmimit-te-tokes-qe-bene-komuna-gjeka\/#webpage","url":"https:\/\/www.visit-ulcinj.com\/blog\/2015\/01\/10\/perse-qahet-opozita-rreth-cmimit-te-tokes-qe-bene-komuna-gjeka\/","name":"P\u00ebrse qahet opozita rreth \u00e7mimit t\u00eb tok\u00ebs q\u00eb b\u00ebn\u00eb komuna \u2013 Gjeka - Lajme nga Ulqini","isPartOf":{"@id":"https:\/\/www.visit-ulcinj.com\/blog\/#website"},"primaryImageOfPage":{"@id":"https:\/\/www.visit-ulcinj.com\/blog\/2015\/01\/10\/perse-qahet-opozita-rreth-cmimit-te-tokes-qe-bene-komuna-gjeka\/#primaryimage"},"datePublished":"2015-01-10T12:10:27+00:00","dateModified":"2015-03-10T12:17:11+00:00","author":{"@id":"https:\/\/www.visit-ulcinj.com\/blog\/#\/schema\/person\/dcab619c614d3038751c63bc2aadc06d"},"description":"Shkruan Muhamet Nika P\u00ebrse qahet opozita rreth \u00e7mimit t\u00eb tok\u00ebs q\u00eb b\u00ebn\u00eb komuna \u2013 Gjeka Rasti i Parkut Ujor n\u00eb Shtoj. \u201c...Ke paralajm\u00ebruar tema shum\u00eb","breadcrumb":{"@id":"https:\/\/www.visit-ulcinj.com\/blog\/2015\/01\/10\/perse-qahet-opozita-rreth-cmimit-te-tokes-qe-bene-komuna-gjeka\/#breadcrumb"},"inLanguage":"en-US","potentialAction":[{"@type":"ReadAction","target":["https:\/\/www.visit-ulcinj.com\/blog\/2015\/01\/10\/perse-qahet-opozita-rreth-cmimit-te-tokes-qe-bene-komuna-gjeka\/"]}]},{"@type":"BreadcrumbList","@id":"https:\/\/www.visit-ulcinj.com\/blog\/2015\/01\/10\/perse-qahet-opozita-rreth-cmimit-te-tokes-qe-bene-komuna-gjeka\/#breadcrumb","itemListElement":[{"@type":"ListItem","position":1,"name":"P\u00ebrse qahet opozita rreth \u00e7mimit t\u00eb tok\u00ebs q\u00eb b\u00ebn\u00eb komuna \u2013 Gjeka"}]},{"@type":"Person","@id":"https:\/\/www.visit-ulcinj.com\/blog\/#\/schema\/person\/dcab619c614d3038751c63bc2aadc06d","name":"ulqini","sameAs":["http:\/\/www.visit-ulcinj.com"],"url":"https:\/\/www.visit-ulcinj.com\/blog\/author\/admin\/"}]}},"jetpack_featured_media_url":"","jetpack_sharing_enabled":true,"jetpack_shortlink":"https:\/\/wp.me\/pe6lTn-ndH","_links":{"self":[{"href":"https:\/\/www.visit-ulcinj.com\/blog\/wp-json\/wp\/v2\/posts\/89261"}],"collection":[{"href":"https:\/\/www.visit-ulcinj.com\/blog\/wp-json\/wp\/v2\/posts"}],"about":[{"href":"https:\/\/www.visit-ulcinj.com\/blog\/wp-json\/wp\/v2\/types\/post"}],"author":[{"embeddable":true,"href":"https:\/\/www.visit-ulcinj.com\/blog\/wp-json\/wp\/v2\/users\/1"}],"replies":[{"embeddable":true,"href":"https:\/\/www.visit-ulcinj.com\/blog\/wp-json\/wp\/v2\/comments?post=89261"}],"version-history":[{"count":1,"href":"https:\/\/www.visit-ulcinj.com\/blog\/wp-json\/wp\/v2\/posts\/89261\/revisions"}],"predecessor-version":[{"id":89262,"href":"https:\/\/www.visit-ulcinj.com\/blog\/wp-json\/wp\/v2\/posts\/89261\/revisions\/89262"}],"wp:attachment":[{"href":"https:\/\/www.visit-ulcinj.com\/blog\/wp-json\/wp\/v2\/media?parent=89261"}],"wp:term":[{"taxonomy":"category","embeddable":true,"href":"https:\/\/www.visit-ulcinj.com\/blog\/wp-json\/wp\/v2\/categories?post=89261"},{"taxonomy":"post_tag","embeddable":true,"href":"https:\/\/www.visit-ulcinj.com\/blog\/wp-json\/wp\/v2\/tags?post=89261"}],"curies":[{"name":"wp","href":"https:\/\/api.w.org\/{rel}","templated":true}]}}