{"id":89289,"date":"2015-03-11T09:40:40","date_gmt":"2015-03-11T08:40:40","guid":{"rendered":"http:\/\/www.visit-ulcinj.com\/blog\/?p=89289"},"modified":"2015-03-11T09:40:40","modified_gmt":"2015-03-11T08:40:40","slug":"mehmed-zenka-tri-godine-vlasti-prodavaca-magle","status":"publish","type":"post","link":"https:\/\/www.visit-ulcinj.com\/blog\/2015\/03\/11\/mehmed-zenka-tri-godine-vlasti-prodavaca-magle\/","title":{"rendered":"Mehmed Zenka: Tri godine vlasti prodavaca magle"},"content":{"rendered":"<p><a href=\"http:\/\/www.visit-ulcinj.com\/blog\/wp-content\/uploads\/2015\/03\/Mehmed-Zenka-.jpg\"><img loading=\"lazy\" class=\"alignleft wp-image-89290 size-medium\" src=\"http:\/\/www.visit-ulcinj.com\/blog\/wp-content\/uploads\/2015\/03\/Mehmed-Zenka--200x300.jpg\" alt=\"???????????????????????????????\" width=\"200\" height=\"300\" srcset=\"https:\/\/www.visit-ulcinj.com\/blog\/wp-content\/uploads\/2015\/03\/Mehmed-Zenka--200x300.jpg 200w, https:\/\/www.visit-ulcinj.com\/blog\/wp-content\/uploads\/2015\/03\/Mehmed-Zenka-.jpg 360w\" sizes=\"(max-width: 200px) 100vw, 200px\" \/><\/a>Crnu Goru tokom ove ili najkasnije po\u010detkom slede\u0107e godine, o\u010dekuju parlamentarni izbori. Iz tog razloga DUA poziva sve albanske politi\u010dke subjekte da sjednu i koordini\u0161u svoja programska na\u010dela oko politi\u010dko-ekonomskih zahtjeva Albanaca, jer kako tvrdi lider DUA-e Mehmed Zenka, Vlada nije uradila ni\u0161ta od obe\u0107anog.<\/p>\n<div class=\"body-text\">\n<p>On ka\u017ee da je do\u0161lo vrijeme da se realizuje obe\u0107anje i dogovor u vezi sa op\u0161tinom Tuzi u Malesiji.<\/p>\n<p>\u201cNema vi\u0161e mjesta sa improvizaciju i dalja obe\u0107anja. Pravo na punopravnu op\u0161tinu se treba realizovati u \u0161to kra\u0107em roku. Ne mo\u017ee se u\u0107i u dalje razgovore sa Albancima bez realizovanih dogovora. Vlada treba posvetiti posebnu pa\u017enju nala\u017eenju dugotrajnog i stabilnog rje\u0161enja problema Albanaca u Crnoj Gori. Tu, prevashodno mislimo na zagarantovane mandate u Skup\u0161tini Crne Gore, Op\u0161tinu Tuzi, Morsko dobro, proporcionalnu zastupljenost u svom dr\u017eavnim strukturama, decentralizaciju, itd\u201d, kazao je Zenka, prenosi ul.info.<\/p>\n<p>On, tako\u0111e, tra\u017ei od Vlade da realizuje obe\u0107anje dato Albancima.<\/p>\n<p>\u201cProdava\u010di magle su, i na crnogorskoj politi\u010dkoj raveni, pokazali elementarno neznanje. Ne samo da su ostavili Albance bez ministra u Vladi Crne Gore, nego su uspjeli da svakoga zasmiju sa njihovim prepucavanjima oko podjele mandata albanskih poslanika. O\u010dekuju od Vlade Crne Gore da realizuje obe\u0107anja prema Albancima, dok sa druge strane nijesu u stanju da ispune &#8220;Besu\u201c datu jedni drugima. Ovakva politika prodava\u010da magle je rezultirala defaktorizacijom albanskog politi\u010dkog faktora u Crnoj Gori\u201d, isti\u010de Zenka.<\/p>\n<p>DUA je mi\u0161ljenja da, za izlazak iz ove nezavidne situacije u op\u0161tini Ulcinj, postoje dva na\u010dina: prvi, formiranje nove lokalne vlasti, sa\u010dinjene od svih lokalnih politi\u010dkih faktora, sa dvogodi\u0161njim mandatom, gdje \u0107e svi zajedno dati doprinos stabilizaciji i oporavku ekonomske situacije u gradu. Drugi na\u010din su novi lokalni izbori, gdje \u0107e gra\u0111ani svojim glasom ocijeniti rad svake partije.<\/p>\n<p>\u201cPo svemu sude\u0107i, Crnu Goru tokom ove ili najkasnije po\u010detkom slede\u0107e godine, o\u010dekuju parlamentarni izbori. Iz tog razloga DUA poziva sve albanske politi\u010dke subjekte, da sjednu i koordini\u0161u svoja programska na\u010dela oko politi\u010dko-ekonomskih zahtjeva Albanaca. \u017delimo da ove izbore Albanci do\u010dekaju sa koordiniranim stavovima i da imamo kvalitetno i plodno zajedni\u010dko politi\u010dko djelovanje. Nadamo se da \u0107e biti sluha za ovaj na\u0161 poziv\u201d, kazao je Zenka.<\/p>\n<p>On pita vlast \u0161ta je sa obe\u0107anjima datim godinama unazad.<\/p>\n<p>\u201cDUA i gra\u0111ani su, s pravom, o\u010dekivali da ova vlast, u najmanju ruku, iza\u0111e sa godi\u0161njim izvje\u0161tajem, u kojem bi bila sa\u017eeta godi\u0161nja dostignu\u0107a. Ali ne, njima je zashodnije bilo da se svi zajedno fotografi\u0161u uz osmjeh na licu. Mo\u017eda i imaju razloga za osmjehom, oni su svoj cilj postigli, uzeli su vlast, a \u0161to se obe\u0107anja ti\u010de, imamo puno lijepih rije\u010di, a nimalo dijela\u201d, kazao je Zenka.<\/p>\n<p>On se osvrnuo i na najavu vlasti da \u0107e se maksimalno anga\u017eovati i raditi na rje\u0161avanju problema Valdanosa.<\/p>\n<p>\u201cI \u0161ta su postigli?! Za tri godine vr\u0161enja vlasti oni su uspjeli da samo tri puta pomenu Valdanos, i to na deklarativan, povr\u0161an na\u010din\u201d, istakao je Zenka.<\/p>\n<p>Lider DUA isti\u010de da vlast ni\u0161ta nije uradila nip o pitanju rje\u0161avanja problema sa morskim dobrom.<\/p>\n<p>\u201cHvalili su se i ponosili time da su oni izabrali i delegirali direktora borda tog Javnog preduze\u0107a. I \u0161ta su postigli?! Od dana postavljanja njihovog \u010dlana na mjestu \u010delnika borda, cijene usluga su pove\u0107ane za 100 odsto, dok nepo\u0161tovanje prava Ulcinja je jo\u0161 vi\u0161e izra\u017eeno. Postavili smo pitanje kao klub odbornika: gdje su 1.500.000 eura koje je op\u0161tina prihodovala zadnje tri godine od Morskog Dobra? Na kojim projektima su te pare investirane? Ova sredstva trebalo bi isklju\u010divo biti investirane u priobalno podru\u010dje. Ipak, svi smo mi svjedoci da su se ova sredstva koristila u svrhu popunjavanja rupa u bud\u017eetu i ko zna jo\u0161 gdje, samo nijesu kori\u0161\u0107ena u sanaciji problema priobalnog podru\u010dja\u201d, tvrdi Zenka.<\/p>\n<p>Kako je naglasio, ne radi se o maloj svoti novca, ve\u0107 o 1.500.000 eura.<\/p>\n<p>\u201cKoja, kada bi se koristila u svrhu onoga za \u0161ta su opredjeljene, onda ne bi vi\u0161e imali problem vin\u010da na Velikoj skeli, vlasnici barki bi imali rije\u0161en problem mjesta gdje bi izvla\u010dili \u010damce, lu\u010dici Kacema bi se dodali tih 20 metara koje bi rije\u0161ile problem, imali bi novo \u0161etali\u0161te iza hotela \u201eAlbatros\u201c, zna\u010di, rije\u0161ili bi \u010ditav niz goru\u0107ih problema priobalnog podru\u010dja. Ali, time \u0161to nenamjenski tro\u0161e ova sredstva, ova gospoda svjesno i otvoreno kr\u0161e zakon\u201d, naglasio je Zenka.<\/p>\n<p>On pita vlast za\u0161to se ne gradi hotel \u201eGaleb\u201c, iako je ve\u0107 dvije godine usvojen plan za taj hotel.<\/p>\n<p>\u201cZa\u0161to se ne gradi hotel \u201eLido\u201c? Gdje su investitori za hotel \u201eJadran\u201c, \u010dija gradnja se ve\u0107 tri godine najavljuje? Za\u0161to nije o\u010di\u0161\u0107eno u\u0161\u0107e Port Milene, ili se pak, mo\u017eda, \u010deka da \u201eeksplodira\u201c ekolo\u0161ka bomba koja bi uni\u0161tila turisti\u010dku sezonu. Izuzetno je pora\u017eavaju\u0107a \u010dinjenica da 7.000 ku\u0107a u \u0160toju i 1.000 u Kru\u010dama tokom jedne godine pla\u0107aju samo 28.000 eura na ime odr\u017eavanja \u010disto\u0107e, dok 4.000 ku\u0107a u gradu, za istu svrhu, pla\u0107aju ni manje ni vi\u0161e nego 600.000 eura\u201d, isti\u010de Zenka.<\/p>\n<p>Sli\u010dna situacija je, tvrdi on, i kod ubiranja sredstava na ime boravi\u0161ne takse, gdje po tom osnovu, u \u0160toju i Kru\u010dama se ubira samo 30.000 eura, dok 200.000 u ostalim djelovima grada.<\/p>\n<p>\u201c\u010cini se da za aktualne vlastodr\u0161ce vrijedi pravilo da usluge za do\u0161ljake budu gratis, dok mje\u0161tani su tu kada treba da se pla\u0107aju obaveze. Ovakva politika prodava\u010da magle ubija svaku mogu\u0107u nadu u bolje sjutra. A stara poslovica ka\u017ee: \u201cAko \u017eelite da uni\u0161tite jedan narod, uni\u0161tite im nadu\u201d. Sva je prilika da gore pomenuta gospoda su vlast shvatili kao alat za regulisanje svojih poslova, kao i za zadovoljavanje svojih po\u017euda. Momentalno, jedinica za politiku lokalnih prodava\u010da magle\u201d, nagla\u0161ava Zenka.<\/p>\n<p><strong>Izvor: CDM<\/strong><\/p>\n<\/div>\n","protected":false},"excerpt":{"rendered":"<p>Crnu Goru tokom ove ili najkasnije po\u010detkom slede\u0107e godine, o\u010dekuju parlamentarni izbori. Iz tog razloga DUA poziva sve albanske politi\u010dke subjekte da sjednu i koordini\u0161u svoja programska na\u010dela oko politi\u010dko-ekonomskih zahtjeva Albanaca, jer kako tvrdi lider DUA-e Mehmed Zenka, Vlada nije uradila ni\u0161ta od obe\u0107anog. On ka\u017ee da je do\u0161lo vrijeme da se realizuje obe\u0107anje [&hellip;]<\/p>\n","protected":false},"author":1,"featured_media":0,"comment_status":"closed","ping_status":"closed","sticky":false,"template":"","format":"standard","meta":{"spay_email":"","jetpack_publicize_message":"","jetpack_is_tweetstorm":false,"jetpack_publicize_feature_enabled":true},"categories":[8337],"tags":[],"jetpack_publicize_connections":[],"yoast_head":"<!-- This site is optimized with the Yoast SEO plugin v19.1 - https:\/\/yoast.com\/wordpress\/plugins\/seo\/ -->\n<title>Mehmed Zenka: Tri godine vlasti prodavaca magle - Lajme nga Ulqini<\/title>\n<meta name=\"description\" content=\"Crnu Goru tokom ove ili najkasnije po\u010detkom slede\u0107e godine, o\u010dekuju parlamentarni izbori. Iz tog razloga DUA poziva sve albanske politi\u010dke subjekte da\" \/>\n<meta name=\"robots\" content=\"index, follow, max-snippet:-1, max-image-preview:large, max-video-preview:-1\" \/>\n<link rel=\"canonical\" href=\"https:\/\/www.visit-ulcinj.com\/blog\/2015\/03\/11\/mehmed-zenka-tri-godine-vlasti-prodavaca-magle\/\" \/>\n<meta property=\"og:locale\" content=\"en_US\" \/>\n<meta property=\"og:type\" content=\"article\" \/>\n<meta property=\"og:title\" content=\"Mehmed Zenka: Tri godine vlasti prodavaca magle - Lajme nga Ulqini\" \/>\n<meta property=\"og:description\" content=\"Crnu Goru tokom ove ili najkasnije po\u010detkom slede\u0107e godine, o\u010dekuju parlamentarni izbori. Iz tog razloga DUA poziva sve albanske politi\u010dke subjekte da\" \/>\n<meta property=\"og:url\" content=\"https:\/\/www.visit-ulcinj.com\/blog\/2015\/03\/11\/mehmed-zenka-tri-godine-vlasti-prodavaca-magle\/\" \/>\n<meta property=\"og:site_name\" content=\"Lajme nga Ulqini\" \/>\n<meta property=\"article:published_time\" content=\"2015-03-11T08:40:40+00:00\" \/>\n<meta property=\"og:image\" content=\"http:\/\/www.visit-ulcinj.com\/blog\/wp-content\/uploads\/2015\/03\/Mehmed-Zenka--200x300.jpg\" \/>\n<meta name=\"twitter:label1\" content=\"Written by\" \/>\n\t<meta name=\"twitter:data1\" content=\"ulqini\" \/>\n\t<meta name=\"twitter:label2\" content=\"Est. reading time\" \/>\n\t<meta name=\"twitter:data2\" content=\"5 minutes\" \/>\n<script type=\"application\/ld+json\" class=\"yoast-schema-graph\">{\"@context\":\"https:\/\/schema.org\",\"@graph\":[{\"@type\":\"WebSite\",\"@id\":\"https:\/\/www.visit-ulcinj.com\/blog\/#website\",\"url\":\"https:\/\/www.visit-ulcinj.com\/blog\/\",\"name\":\"Lajme nga Ulqini\",\"description\":\"Lajme,Vijesti,Ulqini,Ulqin,Crna Gora,Mali i Zi\",\"potentialAction\":[{\"@type\":\"SearchAction\",\"target\":{\"@type\":\"EntryPoint\",\"urlTemplate\":\"https:\/\/www.visit-ulcinj.com\/blog\/?s={search_term_string}\"},\"query-input\":\"required name=search_term_string\"}],\"inLanguage\":\"en-US\"},{\"@type\":\"ImageObject\",\"inLanguage\":\"en-US\",\"@id\":\"https:\/\/www.visit-ulcinj.com\/blog\/2015\/03\/11\/mehmed-zenka-tri-godine-vlasti-prodavaca-magle\/#primaryimage\",\"url\":\"https:\/\/www.visit-ulcinj.com\/blog\/wp-content\/uploads\/2015\/03\/Mehmed-Zenka-.jpg\",\"contentUrl\":\"https:\/\/www.visit-ulcinj.com\/blog\/wp-content\/uploads\/2015\/03\/Mehmed-Zenka-.jpg\",\"width\":360,\"height\":540},{\"@type\":\"WebPage\",\"@id\":\"https:\/\/www.visit-ulcinj.com\/blog\/2015\/03\/11\/mehmed-zenka-tri-godine-vlasti-prodavaca-magle\/#webpage\",\"url\":\"https:\/\/www.visit-ulcinj.com\/blog\/2015\/03\/11\/mehmed-zenka-tri-godine-vlasti-prodavaca-magle\/\",\"name\":\"Mehmed Zenka: Tri godine vlasti prodavaca magle - Lajme nga Ulqini\",\"isPartOf\":{\"@id\":\"https:\/\/www.visit-ulcinj.com\/blog\/#website\"},\"primaryImageOfPage\":{\"@id\":\"https:\/\/www.visit-ulcinj.com\/blog\/2015\/03\/11\/mehmed-zenka-tri-godine-vlasti-prodavaca-magle\/#primaryimage\"},\"datePublished\":\"2015-03-11T08:40:40+00:00\",\"dateModified\":\"2015-03-11T08:40:40+00:00\",\"author\":{\"@id\":\"https:\/\/www.visit-ulcinj.com\/blog\/#\/schema\/person\/dcab619c614d3038751c63bc2aadc06d\"},\"description\":\"Crnu Goru tokom ove ili najkasnije po\u010detkom slede\u0107e godine, o\u010dekuju parlamentarni izbori. Iz tog razloga DUA poziva sve albanske politi\u010dke subjekte da\",\"breadcrumb\":{\"@id\":\"https:\/\/www.visit-ulcinj.com\/blog\/2015\/03\/11\/mehmed-zenka-tri-godine-vlasti-prodavaca-magle\/#breadcrumb\"},\"inLanguage\":\"en-US\",\"potentialAction\":[{\"@type\":\"ReadAction\",\"target\":[\"https:\/\/www.visit-ulcinj.com\/blog\/2015\/03\/11\/mehmed-zenka-tri-godine-vlasti-prodavaca-magle\/\"]}]},{\"@type\":\"BreadcrumbList\",\"@id\":\"https:\/\/www.visit-ulcinj.com\/blog\/2015\/03\/11\/mehmed-zenka-tri-godine-vlasti-prodavaca-magle\/#breadcrumb\",\"itemListElement\":[{\"@type\":\"ListItem\",\"position\":1,\"name\":\"Mehmed Zenka: Tri godine vlasti prodavaca magle\"}]},{\"@type\":\"Person\",\"@id\":\"https:\/\/www.visit-ulcinj.com\/blog\/#\/schema\/person\/dcab619c614d3038751c63bc2aadc06d\",\"name\":\"ulqini\",\"sameAs\":[\"http:\/\/www.visit-ulcinj.com\"],\"url\":\"https:\/\/www.visit-ulcinj.com\/blog\/author\/admin\/\"}]}<\/script>\n<!-- \/ Yoast SEO plugin. -->","yoast_head_json":{"title":"Mehmed Zenka: Tri godine vlasti prodavaca magle - Lajme nga Ulqini","description":"Crnu Goru tokom ove ili najkasnije po\u010detkom slede\u0107e godine, o\u010dekuju parlamentarni izbori. Iz tog razloga DUA poziva sve albanske politi\u010dke subjekte da","robots":{"index":"index","follow":"follow","max-snippet":"max-snippet:-1","max-image-preview":"max-image-preview:large","max-video-preview":"max-video-preview:-1"},"canonical":"https:\/\/www.visit-ulcinj.com\/blog\/2015\/03\/11\/mehmed-zenka-tri-godine-vlasti-prodavaca-magle\/","og_locale":"en_US","og_type":"article","og_title":"Mehmed Zenka: Tri godine vlasti prodavaca magle - Lajme nga Ulqini","og_description":"Crnu Goru tokom ove ili najkasnije po\u010detkom slede\u0107e godine, o\u010dekuju parlamentarni izbori. Iz tog razloga DUA poziva sve albanske politi\u010dke subjekte da","og_url":"https:\/\/www.visit-ulcinj.com\/blog\/2015\/03\/11\/mehmed-zenka-tri-godine-vlasti-prodavaca-magle\/","og_site_name":"Lajme nga Ulqini","article_published_time":"2015-03-11T08:40:40+00:00","og_image":[{"url":"http:\/\/www.visit-ulcinj.com\/blog\/wp-content\/uploads\/2015\/03\/Mehmed-Zenka--200x300.jpg"}],"twitter_misc":{"Written by":"ulqini","Est. reading time":"5 minutes"},"schema":{"@context":"https:\/\/schema.org","@graph":[{"@type":"WebSite","@id":"https:\/\/www.visit-ulcinj.com\/blog\/#website","url":"https:\/\/www.visit-ulcinj.com\/blog\/","name":"Lajme nga Ulqini","description":"Lajme,Vijesti,Ulqini,Ulqin,Crna Gora,Mali i Zi","potentialAction":[{"@type":"SearchAction","target":{"@type":"EntryPoint","urlTemplate":"https:\/\/www.visit-ulcinj.com\/blog\/?s={search_term_string}"},"query-input":"required name=search_term_string"}],"inLanguage":"en-US"},{"@type":"ImageObject","inLanguage":"en-US","@id":"https:\/\/www.visit-ulcinj.com\/blog\/2015\/03\/11\/mehmed-zenka-tri-godine-vlasti-prodavaca-magle\/#primaryimage","url":"https:\/\/www.visit-ulcinj.com\/blog\/wp-content\/uploads\/2015\/03\/Mehmed-Zenka-.jpg","contentUrl":"https:\/\/www.visit-ulcinj.com\/blog\/wp-content\/uploads\/2015\/03\/Mehmed-Zenka-.jpg","width":360,"height":540},{"@type":"WebPage","@id":"https:\/\/www.visit-ulcinj.com\/blog\/2015\/03\/11\/mehmed-zenka-tri-godine-vlasti-prodavaca-magle\/#webpage","url":"https:\/\/www.visit-ulcinj.com\/blog\/2015\/03\/11\/mehmed-zenka-tri-godine-vlasti-prodavaca-magle\/","name":"Mehmed Zenka: Tri godine vlasti prodavaca magle - Lajme nga Ulqini","isPartOf":{"@id":"https:\/\/www.visit-ulcinj.com\/blog\/#website"},"primaryImageOfPage":{"@id":"https:\/\/www.visit-ulcinj.com\/blog\/2015\/03\/11\/mehmed-zenka-tri-godine-vlasti-prodavaca-magle\/#primaryimage"},"datePublished":"2015-03-11T08:40:40+00:00","dateModified":"2015-03-11T08:40:40+00:00","author":{"@id":"https:\/\/www.visit-ulcinj.com\/blog\/#\/schema\/person\/dcab619c614d3038751c63bc2aadc06d"},"description":"Crnu Goru tokom ove ili najkasnije po\u010detkom slede\u0107e godine, o\u010dekuju parlamentarni izbori. Iz tog razloga DUA poziva sve albanske politi\u010dke subjekte da","breadcrumb":{"@id":"https:\/\/www.visit-ulcinj.com\/blog\/2015\/03\/11\/mehmed-zenka-tri-godine-vlasti-prodavaca-magle\/#breadcrumb"},"inLanguage":"en-US","potentialAction":[{"@type":"ReadAction","target":["https:\/\/www.visit-ulcinj.com\/blog\/2015\/03\/11\/mehmed-zenka-tri-godine-vlasti-prodavaca-magle\/"]}]},{"@type":"BreadcrumbList","@id":"https:\/\/www.visit-ulcinj.com\/blog\/2015\/03\/11\/mehmed-zenka-tri-godine-vlasti-prodavaca-magle\/#breadcrumb","itemListElement":[{"@type":"ListItem","position":1,"name":"Mehmed Zenka: Tri godine vlasti prodavaca magle"}]},{"@type":"Person","@id":"https:\/\/www.visit-ulcinj.com\/blog\/#\/schema\/person\/dcab619c614d3038751c63bc2aadc06d","name":"ulqini","sameAs":["http:\/\/www.visit-ulcinj.com"],"url":"https:\/\/www.visit-ulcinj.com\/blog\/author\/admin\/"}]}},"jetpack_featured_media_url":"","jetpack_sharing_enabled":true,"jetpack_shortlink":"https:\/\/wp.me\/pe6lTn-ne9","_links":{"self":[{"href":"https:\/\/www.visit-ulcinj.com\/blog\/wp-json\/wp\/v2\/posts\/89289"}],"collection":[{"href":"https:\/\/www.visit-ulcinj.com\/blog\/wp-json\/wp\/v2\/posts"}],"about":[{"href":"https:\/\/www.visit-ulcinj.com\/blog\/wp-json\/wp\/v2\/types\/post"}],"author":[{"embeddable":true,"href":"https:\/\/www.visit-ulcinj.com\/blog\/wp-json\/wp\/v2\/users\/1"}],"replies":[{"embeddable":true,"href":"https:\/\/www.visit-ulcinj.com\/blog\/wp-json\/wp\/v2\/comments?post=89289"}],"version-history":[{"count":1,"href":"https:\/\/www.visit-ulcinj.com\/blog\/wp-json\/wp\/v2\/posts\/89289\/revisions"}],"predecessor-version":[{"id":89291,"href":"https:\/\/www.visit-ulcinj.com\/blog\/wp-json\/wp\/v2\/posts\/89289\/revisions\/89291"}],"wp:attachment":[{"href":"https:\/\/www.visit-ulcinj.com\/blog\/wp-json\/wp\/v2\/media?parent=89289"}],"wp:term":[{"taxonomy":"category","embeddable":true,"href":"https:\/\/www.visit-ulcinj.com\/blog\/wp-json\/wp\/v2\/categories?post=89289"},{"taxonomy":"post_tag","embeddable":true,"href":"https:\/\/www.visit-ulcinj.com\/blog\/wp-json\/wp\/v2\/tags?post=89289"}],"curies":[{"name":"wp","href":"https:\/\/api.w.org\/{rel}","templated":true}]}}