{"id":89301,"date":"2015-03-11T14:29:36","date_gmt":"2015-03-11T13:29:36","guid":{"rendered":"http:\/\/www.visit-ulcinj.com\/blog\/?p=89301"},"modified":"2015-03-12T17:03:52","modified_gmt":"2015-03-12T16:03:52","slug":"brenda-nates-shpohen-gomat-nen-kalan-e-ulqinit","status":"publish","type":"post","link":"https:\/\/www.visit-ulcinj.com\/blog\/2015\/03\/11\/brenda-nates-shpohen-gomat-nen-kalan-e-ulqinit\/","title":{"rendered":"Brenda nat\u00ebs shpohen gomat n\u00ebn Kalan e Ulqinit"},"content":{"rendered":"<p><a href=\"http:\/\/www.visit-ulcinj.com\/blog\/wp-content\/uploads\/2015\/03\/Masivno-probusenje-guma-automobila-u-Ulcinj.jpg\"><img loading=\"lazy\" class=\"alignleft wp-image-89293\" src=\"http:\/\/www.visit-ulcinj.com\/blog\/wp-content\/uploads\/2015\/03\/Masivno-probusenje-guma-automobila-u-Ulcinj.jpg\" alt=\"Masivno probusenje guma automobila u Ulcinj\" width=\"508\" height=\"381\" srcset=\"https:\/\/www.visit-ulcinj.com\/blog\/wp-content\/uploads\/2015\/03\/Masivno-probusenje-guma-automobila-u-Ulcinj.jpg 960w, https:\/\/www.visit-ulcinj.com\/blog\/wp-content\/uploads\/2015\/03\/Masivno-probusenje-guma-automobila-u-Ulcinj-300x225.jpg 300w\" sizes=\"(max-width: 508px) 100vw, 508px\" \/><\/a>Mbr\u00ebm\u00eb apo heret sot ka ndodhur nj\u00eb dukuri negative dhe shum\u00eb shqet\u00ebsuese n\u00eb parkingun posht\u00eb t\u00eb Kalas\u00eb s\u00eb Ulqinit vis-vis kish\u00ebs Sh\u00ebn Nikoll\u00ebs, nga ana veriore, me thik\u00eb jan\u00eb shpuar gomat automjeteve t\u00eb parkumun.<\/p>\n<p>D\u00ebmtime n\u00eb goma t\u00eb automjeteve jan\u00eb regjistruar n\u00eb pjes\u00ebn qendrore t\u00eb qytetit, n\u00eb lagjen Totosh\u00eb.<\/p>\n<p>Deri tani nuk ka informatat zyrtare p\u00ebr kryesit t\u00eb k\u00ebsaj vepre, por qytetar\u00ebt e d\u00ebmtuar kan\u00eb qen\u00eb t\u00eb detyruar q\u00eb gjat\u00eb dit\u00ebs t\u00eb b\u00ebjn\u00eb nd\u00ebrrimin e gomave t\u00eb automjeteve t\u00eb tyre.<\/p>\n<p>N\u00eb komun\u00ebn e Ulqinit rasti i fundit i ngjash\u00ebm ndodhi sakt\u00ebsisht para dy viteve.<\/p>\n<p><a href=\"https:\/\/www.facebook.com\/ismet.karamanaga\" target=\"_blank\"><strong>Foto nga Ismet Karamanaga Facebook<\/strong><\/a><\/p>\n\n\t\t<style type=\"text\/css\">\n\t\t\t#gallery-1 {\n\t\t\t\tmargin: auto;\n\t\t\t}\n\t\t\t#gallery-1 .gallery-item {\n\t\t\t\tfloat: left;\n\t\t\t\tmargin-top: 10px;\n\t\t\t\ttext-align: center;\n\t\t\t\twidth: 33%;\n\t\t\t}\n\t\t\t#gallery-1 img {\n\t\t\t\tborder: 2px solid #cfcfcf;\n\t\t\t}\n\t\t\t#gallery-1 .gallery-caption {\n\t\t\t\tmargin-left: 0;\n\t\t\t}\n\t\t\t\/* see gallery_shortcode() in wp-includes\/media.php *\/\n\t\t<\/style>\n\t\t<div id='gallery-1' class='gallery galleryid-89301 gallery-columns-3 gallery-size-thumbnail'><dl class='gallery-item'>\n\t\t\t<dt class='gallery-icon landscape'>\n\t\t\t\t<a href='https:\/\/www.visit-ulcinj.com\/blog\/2015\/03\/11\/masivno-probusenje-guma-automobila-u-ulcinj\/masivno-probusenje-guma-automobila-u-ulcinj-6\/'><img width=\"150\" height=\"150\" src=\"https:\/\/www.visit-ulcinj.com\/blog\/wp-content\/uploads\/2015\/03\/Masivno-probusenje-guma-automobila-u-Ulcinj-6-150x150.jpg\" class=\"attachment-thumbnail size-thumbnail\" alt=\"\" loading=\"lazy\" \/><\/a>\n\t\t\t<\/dt><\/dl><dl class='gallery-item'>\n\t\t\t<dt class='gallery-icon landscape'>\n\t\t\t\t<a href='https:\/\/www.visit-ulcinj.com\/blog\/2015\/03\/11\/masivno-probusenje-guma-automobila-u-ulcinj\/masivno-probusenje-guma-automobila-u-ulcinj-5\/'><img width=\"150\" height=\"150\" src=\"https:\/\/www.visit-ulcinj.com\/blog\/wp-content\/uploads\/2015\/03\/Masivno-probusenje-guma-automobila-u-Ulcinj-5-150x150.jpg\" class=\"attachment-thumbnail size-thumbnail\" alt=\"\" loading=\"lazy\" \/><\/a>\n\t\t\t<\/dt><\/dl><dl class='gallery-item'>\n\t\t\t<dt class='gallery-icon landscape'>\n\t\t\t\t<a href='https:\/\/www.visit-ulcinj.com\/blog\/2015\/03\/11\/masivno-probusenje-guma-automobila-u-ulcinj\/masivno-probusenje-guma-automobila-u-ulcinj-4\/'><img width=\"150\" height=\"150\" src=\"https:\/\/www.visit-ulcinj.com\/blog\/wp-content\/uploads\/2015\/03\/Masivno-probusenje-guma-automobila-u-Ulcinj-4-150x150.jpg\" class=\"attachment-thumbnail size-thumbnail\" alt=\"\" loading=\"lazy\" \/><\/a>\n\t\t\t<\/dt><\/dl><br style=\"clear: both\" \/><dl class='gallery-item'>\n\t\t\t<dt class='gallery-icon landscape'>\n\t\t\t\t<a href='https:\/\/www.visit-ulcinj.com\/blog\/2015\/03\/11\/masivno-probusenje-guma-automobila-u-ulcinj\/masivno-probusenje-guma-automobila-u-ulcinj-3\/'><img width=\"150\" height=\"150\" src=\"https:\/\/www.visit-ulcinj.com\/blog\/wp-content\/uploads\/2015\/03\/Masivno-probusenje-guma-automobila-u-Ulcinj-3-150x150.jpg\" class=\"attachment-thumbnail size-thumbnail\" alt=\"\" loading=\"lazy\" \/><\/a>\n\t\t\t<\/dt><\/dl><dl class='gallery-item'>\n\t\t\t<dt class='gallery-icon landscape'>\n\t\t\t\t<a href='https:\/\/www.visit-ulcinj.com\/blog\/2015\/03\/11\/masivno-probusenje-guma-automobila-u-ulcinj\/masivno-probusenje-guma-automobila-u-ulcinj-2\/'><img width=\"150\" height=\"150\" src=\"https:\/\/www.visit-ulcinj.com\/blog\/wp-content\/uploads\/2015\/03\/Masivno-probusenje-guma-automobila-u-Ulcinj-2-150x150.jpg\" class=\"attachment-thumbnail size-thumbnail\" alt=\"\" loading=\"lazy\" \/><\/a>\n\t\t\t<\/dt><\/dl><dl class='gallery-item'>\n\t\t\t<dt class='gallery-icon landscape'>\n\t\t\t\t<a href='https:\/\/www.visit-ulcinj.com\/blog\/2015\/03\/11\/masivno-probusenje-guma-automobila-u-ulcinj\/masivno-probusenje-guma-automobila-u-ulcinj-1\/'><img width=\"150\" height=\"150\" src=\"https:\/\/www.visit-ulcinj.com\/blog\/wp-content\/uploads\/2015\/03\/Masivno-probusenje-guma-automobila-u-Ulcinj-1-150x150.jpg\" class=\"attachment-thumbnail size-thumbnail\" alt=\"\" loading=\"lazy\" \/><\/a>\n\t\t\t<\/dt><\/dl><br style=\"clear: both\" \/>\n\t\t<\/div>\n\n","protected":false},"excerpt":{"rendered":"<p>Mbr\u00ebm\u00eb apo heret sot ka ndodhur nj\u00eb dukuri negative dhe shum\u00eb shqet\u00ebsuese n\u00eb parkingun posht\u00eb t\u00eb Kalas\u00eb s\u00eb Ulqinit vis-vis kish\u00ebs Sh\u00ebn Nikoll\u00ebs, nga ana veriore, me thik\u00eb jan\u00eb shpuar gomat automjeteve t\u00eb parkumun. D\u00ebmtime n\u00eb goma t\u00eb automjeteve jan\u00eb regjistruar n\u00eb pjes\u00ebn qendrore t\u00eb qytetit, n\u00eb lagjen Totosh\u00eb. Deri tani nuk ka informatat zyrtare [&hellip;]<\/p>\n","protected":false},"author":1,"featured_media":0,"comment_status":"closed","ping_status":"closed","sticky":false,"template":"","format":"standard","meta":{"spay_email":"","jetpack_publicize_message":"","jetpack_is_tweetstorm":false,"jetpack_publicize_feature_enabled":true},"categories":[1,2451],"tags":[],"jetpack_publicize_connections":[],"yoast_head":"<!-- This site is optimized with the Yoast SEO plugin v19.1 - https:\/\/yoast.com\/wordpress\/plugins\/seo\/ -->\n<title>Brenda nat\u00ebs shpohen gomat n\u00ebn Kalan e Ulqinit - Lajme nga Ulqini<\/title>\n<meta name=\"description\" content=\"Mbr\u00ebm\u00eb apo heret sot ka ndodhur nj\u00eb dukuri negative dhe shum\u00eb shqet\u00ebsuese n\u00eb parkingun posht\u00eb t\u00eb Kalas\u00eb s\u00eb Ulqinit vis-vis kish\u00ebs Sh\u00ebn Nikoll\u00ebs, nga ana\" \/>\n<meta name=\"robots\" content=\"index, follow, max-snippet:-1, max-image-preview:large, max-video-preview:-1\" \/>\n<link rel=\"canonical\" href=\"https:\/\/www.visit-ulcinj.com\/blog\/2015\/03\/11\/brenda-nates-shpohen-gomat-nen-kalan-e-ulqinit\/\" \/>\n<meta property=\"og:locale\" content=\"en_US\" \/>\n<meta property=\"og:type\" content=\"article\" \/>\n<meta property=\"og:title\" content=\"Brenda nat\u00ebs shpohen gomat n\u00ebn Kalan e Ulqinit - Lajme nga Ulqini\" \/>\n<meta property=\"og:description\" content=\"Mbr\u00ebm\u00eb apo heret sot ka ndodhur nj\u00eb dukuri negative dhe shum\u00eb shqet\u00ebsuese n\u00eb parkingun posht\u00eb t\u00eb Kalas\u00eb s\u00eb Ulqinit vis-vis kish\u00ebs Sh\u00ebn Nikoll\u00ebs, nga ana\" \/>\n<meta property=\"og:url\" content=\"https:\/\/www.visit-ulcinj.com\/blog\/2015\/03\/11\/brenda-nates-shpohen-gomat-nen-kalan-e-ulqinit\/\" \/>\n<meta property=\"og:site_name\" content=\"Lajme nga Ulqini\" \/>\n<meta property=\"article:published_time\" content=\"2015-03-11T13:29:36+00:00\" \/>\n<meta property=\"article:modified_time\" content=\"2015-03-12T16:03:52+00:00\" \/>\n<meta property=\"og:image\" content=\"https:\/\/www.visit-ulcinj.com\/blog\/wp-content\/uploads\/2015\/03\/Masivno-probusenje-guma-automobila-u-Ulcinj-6-150x150.jpg\" \/>\n<meta name=\"twitter:label1\" content=\"Written by\" \/>\n\t<meta name=\"twitter:data1\" content=\"ulqini\" \/>\n\t<meta name=\"twitter:label2\" content=\"Est. reading time\" \/>\n\t<meta name=\"twitter:data2\" content=\"1 minute\" \/>\n<script type=\"application\/ld+json\" class=\"yoast-schema-graph\">{\"@context\":\"https:\/\/schema.org\",\"@graph\":[{\"@type\":\"WebSite\",\"@id\":\"https:\/\/www.visit-ulcinj.com\/blog\/#website\",\"url\":\"https:\/\/www.visit-ulcinj.com\/blog\/\",\"name\":\"Lajme nga Ulqini\",\"description\":\"Lajme,Vijesti,Ulqini,Ulqin,Crna Gora,Mali i Zi\",\"potentialAction\":[{\"@type\":\"SearchAction\",\"target\":{\"@type\":\"EntryPoint\",\"urlTemplate\":\"https:\/\/www.visit-ulcinj.com\/blog\/?s={search_term_string}\"},\"query-input\":\"required name=search_term_string\"}],\"inLanguage\":\"en-US\"},{\"@type\":\"ImageObject\",\"inLanguage\":\"en-US\",\"@id\":\"https:\/\/www.visit-ulcinj.com\/blog\/2015\/03\/11\/brenda-nates-shpohen-gomat-nen-kalan-e-ulqinit\/#primaryimage\",\"url\":\"https:\/\/www.visit-ulcinj.com\/blog\/wp-content\/uploads\/2015\/03\/Masivno-probusenje-guma-automobila-u-Ulcinj.jpg\",\"contentUrl\":\"https:\/\/www.visit-ulcinj.com\/blog\/wp-content\/uploads\/2015\/03\/Masivno-probusenje-guma-automobila-u-Ulcinj.jpg\",\"width\":960,\"height\":720},{\"@type\":\"WebPage\",\"@id\":\"https:\/\/www.visit-ulcinj.com\/blog\/2015\/03\/11\/brenda-nates-shpohen-gomat-nen-kalan-e-ulqinit\/#webpage\",\"url\":\"https:\/\/www.visit-ulcinj.com\/blog\/2015\/03\/11\/brenda-nates-shpohen-gomat-nen-kalan-e-ulqinit\/\",\"name\":\"Brenda nat\u00ebs shpohen gomat n\u00ebn Kalan e Ulqinit - Lajme nga Ulqini\",\"isPartOf\":{\"@id\":\"https:\/\/www.visit-ulcinj.com\/blog\/#website\"},\"primaryImageOfPage\":{\"@id\":\"https:\/\/www.visit-ulcinj.com\/blog\/2015\/03\/11\/brenda-nates-shpohen-gomat-nen-kalan-e-ulqinit\/#primaryimage\"},\"datePublished\":\"2015-03-11T13:29:36+00:00\",\"dateModified\":\"2015-03-12T16:03:52+00:00\",\"author\":{\"@id\":\"https:\/\/www.visit-ulcinj.com\/blog\/#\/schema\/person\/dcab619c614d3038751c63bc2aadc06d\"},\"description\":\"Mbr\u00ebm\u00eb apo heret sot ka ndodhur nj\u00eb dukuri negative dhe shum\u00eb shqet\u00ebsuese n\u00eb parkingun posht\u00eb t\u00eb Kalas\u00eb s\u00eb Ulqinit vis-vis kish\u00ebs Sh\u00ebn Nikoll\u00ebs, nga ana\",\"breadcrumb\":{\"@id\":\"https:\/\/www.visit-ulcinj.com\/blog\/2015\/03\/11\/brenda-nates-shpohen-gomat-nen-kalan-e-ulqinit\/#breadcrumb\"},\"inLanguage\":\"en-US\",\"potentialAction\":[{\"@type\":\"ReadAction\",\"target\":[\"https:\/\/www.visit-ulcinj.com\/blog\/2015\/03\/11\/brenda-nates-shpohen-gomat-nen-kalan-e-ulqinit\/\"]}]},{\"@type\":\"BreadcrumbList\",\"@id\":\"https:\/\/www.visit-ulcinj.com\/blog\/2015\/03\/11\/brenda-nates-shpohen-gomat-nen-kalan-e-ulqinit\/#breadcrumb\",\"itemListElement\":[{\"@type\":\"ListItem\",\"position\":1,\"name\":\"Brenda nat\u00ebs shpohen gomat n\u00ebn Kalan e Ulqinit\"}]},{\"@type\":\"Person\",\"@id\":\"https:\/\/www.visit-ulcinj.com\/blog\/#\/schema\/person\/dcab619c614d3038751c63bc2aadc06d\",\"name\":\"ulqini\",\"sameAs\":[\"http:\/\/www.visit-ulcinj.com\"],\"url\":\"https:\/\/www.visit-ulcinj.com\/blog\/author\/admin\/\"}]}<\/script>\n<!-- \/ Yoast SEO plugin. -->","yoast_head_json":{"title":"Brenda nat\u00ebs shpohen gomat n\u00ebn Kalan e Ulqinit - Lajme nga Ulqini","description":"Mbr\u00ebm\u00eb apo heret sot ka ndodhur nj\u00eb dukuri negative dhe shum\u00eb shqet\u00ebsuese n\u00eb parkingun posht\u00eb t\u00eb Kalas\u00eb s\u00eb Ulqinit vis-vis kish\u00ebs Sh\u00ebn Nikoll\u00ebs, nga ana","robots":{"index":"index","follow":"follow","max-snippet":"max-snippet:-1","max-image-preview":"max-image-preview:large","max-video-preview":"max-video-preview:-1"},"canonical":"https:\/\/www.visit-ulcinj.com\/blog\/2015\/03\/11\/brenda-nates-shpohen-gomat-nen-kalan-e-ulqinit\/","og_locale":"en_US","og_type":"article","og_title":"Brenda nat\u00ebs shpohen gomat n\u00ebn Kalan e Ulqinit - Lajme nga Ulqini","og_description":"Mbr\u00ebm\u00eb apo heret sot ka ndodhur nj\u00eb dukuri negative dhe shum\u00eb shqet\u00ebsuese n\u00eb parkingun posht\u00eb t\u00eb Kalas\u00eb s\u00eb Ulqinit vis-vis kish\u00ebs Sh\u00ebn Nikoll\u00ebs, nga ana","og_url":"https:\/\/www.visit-ulcinj.com\/blog\/2015\/03\/11\/brenda-nates-shpohen-gomat-nen-kalan-e-ulqinit\/","og_site_name":"Lajme nga Ulqini","article_published_time":"2015-03-11T13:29:36+00:00","article_modified_time":"2015-03-12T16:03:52+00:00","og_image":[{"url":"https:\/\/www.visit-ulcinj.com\/blog\/wp-content\/uploads\/2015\/03\/Masivno-probusenje-guma-automobila-u-Ulcinj-6-150x150.jpg"}],"twitter_misc":{"Written by":"ulqini","Est. reading time":"1 minute"},"schema":{"@context":"https:\/\/schema.org","@graph":[{"@type":"WebSite","@id":"https:\/\/www.visit-ulcinj.com\/blog\/#website","url":"https:\/\/www.visit-ulcinj.com\/blog\/","name":"Lajme nga Ulqini","description":"Lajme,Vijesti,Ulqini,Ulqin,Crna Gora,Mali i Zi","potentialAction":[{"@type":"SearchAction","target":{"@type":"EntryPoint","urlTemplate":"https:\/\/www.visit-ulcinj.com\/blog\/?s={search_term_string}"},"query-input":"required name=search_term_string"}],"inLanguage":"en-US"},{"@type":"ImageObject","inLanguage":"en-US","@id":"https:\/\/www.visit-ulcinj.com\/blog\/2015\/03\/11\/brenda-nates-shpohen-gomat-nen-kalan-e-ulqinit\/#primaryimage","url":"https:\/\/www.visit-ulcinj.com\/blog\/wp-content\/uploads\/2015\/03\/Masivno-probusenje-guma-automobila-u-Ulcinj.jpg","contentUrl":"https:\/\/www.visit-ulcinj.com\/blog\/wp-content\/uploads\/2015\/03\/Masivno-probusenje-guma-automobila-u-Ulcinj.jpg","width":960,"height":720},{"@type":"WebPage","@id":"https:\/\/www.visit-ulcinj.com\/blog\/2015\/03\/11\/brenda-nates-shpohen-gomat-nen-kalan-e-ulqinit\/#webpage","url":"https:\/\/www.visit-ulcinj.com\/blog\/2015\/03\/11\/brenda-nates-shpohen-gomat-nen-kalan-e-ulqinit\/","name":"Brenda nat\u00ebs shpohen gomat n\u00ebn Kalan e Ulqinit - Lajme nga Ulqini","isPartOf":{"@id":"https:\/\/www.visit-ulcinj.com\/blog\/#website"},"primaryImageOfPage":{"@id":"https:\/\/www.visit-ulcinj.com\/blog\/2015\/03\/11\/brenda-nates-shpohen-gomat-nen-kalan-e-ulqinit\/#primaryimage"},"datePublished":"2015-03-11T13:29:36+00:00","dateModified":"2015-03-12T16:03:52+00:00","author":{"@id":"https:\/\/www.visit-ulcinj.com\/blog\/#\/schema\/person\/dcab619c614d3038751c63bc2aadc06d"},"description":"Mbr\u00ebm\u00eb apo heret sot ka ndodhur nj\u00eb dukuri negative dhe shum\u00eb shqet\u00ebsuese n\u00eb parkingun posht\u00eb t\u00eb Kalas\u00eb s\u00eb Ulqinit vis-vis kish\u00ebs Sh\u00ebn Nikoll\u00ebs, nga ana","breadcrumb":{"@id":"https:\/\/www.visit-ulcinj.com\/blog\/2015\/03\/11\/brenda-nates-shpohen-gomat-nen-kalan-e-ulqinit\/#breadcrumb"},"inLanguage":"en-US","potentialAction":[{"@type":"ReadAction","target":["https:\/\/www.visit-ulcinj.com\/blog\/2015\/03\/11\/brenda-nates-shpohen-gomat-nen-kalan-e-ulqinit\/"]}]},{"@type":"BreadcrumbList","@id":"https:\/\/www.visit-ulcinj.com\/blog\/2015\/03\/11\/brenda-nates-shpohen-gomat-nen-kalan-e-ulqinit\/#breadcrumb","itemListElement":[{"@type":"ListItem","position":1,"name":"Brenda nat\u00ebs shpohen gomat n\u00ebn Kalan e Ulqinit"}]},{"@type":"Person","@id":"https:\/\/www.visit-ulcinj.com\/blog\/#\/schema\/person\/dcab619c614d3038751c63bc2aadc06d","name":"ulqini","sameAs":["http:\/\/www.visit-ulcinj.com"],"url":"https:\/\/www.visit-ulcinj.com\/blog\/author\/admin\/"}]}},"jetpack_featured_media_url":"","jetpack_sharing_enabled":true,"jetpack_shortlink":"https:\/\/wp.me\/pe6lTn-nel","_links":{"self":[{"href":"https:\/\/www.visit-ulcinj.com\/blog\/wp-json\/wp\/v2\/posts\/89301"}],"collection":[{"href":"https:\/\/www.visit-ulcinj.com\/blog\/wp-json\/wp\/v2\/posts"}],"about":[{"href":"https:\/\/www.visit-ulcinj.com\/blog\/wp-json\/wp\/v2\/types\/post"}],"author":[{"embeddable":true,"href":"https:\/\/www.visit-ulcinj.com\/blog\/wp-json\/wp\/v2\/users\/1"}],"replies":[{"embeddable":true,"href":"https:\/\/www.visit-ulcinj.com\/blog\/wp-json\/wp\/v2\/comments?post=89301"}],"version-history":[{"count":2,"href":"https:\/\/www.visit-ulcinj.com\/blog\/wp-json\/wp\/v2\/posts\/89301\/revisions"}],"predecessor-version":[{"id":89303,"href":"https:\/\/www.visit-ulcinj.com\/blog\/wp-json\/wp\/v2\/posts\/89301\/revisions\/89303"}],"wp:attachment":[{"href":"https:\/\/www.visit-ulcinj.com\/blog\/wp-json\/wp\/v2\/media?parent=89301"}],"wp:term":[{"taxonomy":"category","embeddable":true,"href":"https:\/\/www.visit-ulcinj.com\/blog\/wp-json\/wp\/v2\/categories?post=89301"},{"taxonomy":"post_tag","embeddable":true,"href":"https:\/\/www.visit-ulcinj.com\/blog\/wp-json\/wp\/v2\/tags?post=89301"}],"curies":[{"name":"wp","href":"https:\/\/api.w.org\/{rel}","templated":true}]}}