{"id":89312,"date":"2015-03-11T17:25:33","date_gmt":"2015-03-11T16:25:33","guid":{"rendered":"http:\/\/www.visit-ulcinj.com\/blog\/?p=89312"},"modified":"2015-03-11T23:19:59","modified_gmt":"2015-03-11T22:19:59","slug":"pro-apo-kunder-naftes-ne-ulqin-video","status":"publish","type":"post","link":"https:\/\/www.visit-ulcinj.com\/blog\/2015\/03\/11\/pro-apo-kunder-naftes-ne-ulqin-video\/","title":{"rendered":"Pro apo kunder naft\u00ebs n\u00eb Ulqin &#8211; Video"},"content":{"rendered":"<p><strong><a href=\"http:\/\/www.visit-ulcinj.com\/blog\/wp-content\/uploads\/2015\/03\/Platforma-naftes-Ulqin.jpg\"><img loading=\"lazy\" class=\"alignleft wp-image-89313\" src=\"http:\/\/www.visit-ulcinj.com\/blog\/wp-content\/uploads\/2015\/03\/Platforma-naftes-Ulqin.jpg\" alt=\"Platforma-naftes-Ulqin\" width=\"508\" height=\"346\" srcset=\"https:\/\/www.visit-ulcinj.com\/blog\/wp-content\/uploads\/2015\/03\/Platforma-naftes-Ulqin.jpg 1024w, https:\/\/www.visit-ulcinj.com\/blog\/wp-content\/uploads\/2015\/03\/Platforma-naftes-Ulqin-300x204.jpg 300w\" sizes=\"(max-width: 508px) 100vw, 508px\" \/><\/a>Samiti i Adriatikut<\/strong> p\u00ebr naft\u00ebn dhe gazin q\u00eb po mbahet n\u00eb Budva, ka ngjallur mjaft debate n\u00eb opinionin vendas por edhe t\u00eb rajonit. Organizata joqeveritare <strong>Green Home<\/strong> ka shkuar edhe m\u00eb larg, duke organizuar nj\u00eb protest\u00eb paq\u00ebsore s\u00ebbashku me ekolog\u00ebt kroat, raporton Portali Lajm.me.<\/p>\n<p>N\u00eb samit mor\u00ebn pjes\u00eb njer\u00ebzit m\u00eb t\u00eb shquar n\u00eb fysh\u00ebn e eksploatimit t\u00eb naft\u00ebs n\u00eb Europ\u00eb dhe bot\u00eb, si dhe pushtetar\u00eb t\u00eb Malit t\u00eb Zi, Kroacis\u00eb dhe Shqip\u00ebris\u00eb.<\/p>\n<p>Tenderi p\u00ebr k\u00ebrkimin e naft\u00ebs dhe gazit n\u00eb bregdetin e Malit t\u00eb Zi tashm\u00eb ka p\u00ebrfunduar, ka mbetur vet\u00ebm q\u00eb qeveria t\u00eb jap\u00eb mendimin e vet. I gjith\u00eb ky proces, thon\u00eb ekolog\u00ebt, \u00ebsht\u00eb jotransparent dhe mund t\u00eb figuroj\u00eb me pasoja katastrofale.<\/p>\n<p>M\u00eb t\u00eb rrezikuarit do t\u00eb jen\u00eb peshkatar\u00ebt dhe komplet ekonomia turistike, sidomos e dy qyteteve m\u00eb jugor\u00eb, <strong>Tivarit<\/strong> dhe <strong>Ulqinit<\/strong>. E sidomos e Ulqinit, kur dihet shum\u00eb mir\u00eb se, p\u00ebr dallim nga Tivari, Ulqini \u00ebsht\u00eb komplet i varur nga turizmi.<\/p>\n<p>Pushtetar\u00ebt dhe ato q\u00eb merren me naft\u00eb sigurojn\u00eb se \u00e7do gj\u00eb do t\u00eb jet\u00eb transparente dhe pa kurrfar\u00eb pasojash p\u00ebr turizmin dhe ekologjin\u00eb. Por ekzistojn\u00eb disa faktor\u00eb q\u00eb flasin pik\u00ebrisht p\u00ebr t\u00eb kund\u00ebrten.<\/p>\n<p><strong>1<\/strong>. Askush nuk mund t\u00eb ofroj\u00eb siguri maksimale se nuk do t\u00eb ket\u00eb derdhje t\u00eb naft\u00ebs, si pasoj\u00eb e aksidenteve, pakujdesive apo ndonj\u00eb shkaku tjet\u00ebr. Pasojat do t\u00eb ishin katastrofike p\u00ebr biologjin\u00eb detare dhe turizmin, dhe nuk do t\u00eb sanoheshin me dekada.<\/p>\n<p><strong>2<\/strong>. N\u00eb vendet tjera ku tashm\u00eb ekzistojn\u00eb platformat e naft\u00ebs, larg\u00ebsia e tyre nga bregdeti \u00ebsht\u00eb minimum 10km, kurse n\u00eb Mal t\u00eb Zi parashikohet 3km, bile edhe m\u00eb pak. Sa t\u00ebrheq\u00ebse do t\u00eb jet\u00eb p\u00ebr turist\u00ebt \u00e7lodhja n\u00eb diell me pamje nga k\u00ebto platforma?<\/p>\n<p><strong>3<\/strong>. Cili destinacion turistik i njohur n\u00eb bot\u00eb ka p\u00ebrreth platforma nafte apo gazi? K\u00ebtu bie posht\u00eb \u00e7do sigurim i ofruar nga pushtetar\u00ebt se nuk do ket\u00eb pasoja p\u00ebr turiz\u00ebm. Do ket\u00eb q\u00eb \u00e7ke me te, pyetja \u00ebsht\u00eb se sa.<\/p>\n<p><strong>4<\/strong>. Personi q\u00eb garanton se procedura \u00ebsht\u00eb b\u00ebr\u00eb sipas t\u00eb gjitha standardeve ekologjike dhe se nuk do t\u00eb ket\u00eb pasoja p\u00ebr turizmin, \u00ebsht\u00eb n\u00ebnkryetari i qeveris\u00eb <strong>Vujica Lazoviq!!!.<\/strong> P\u00ebr ata q\u00eb nuk e din\u00eb, emri i tij \u00ebsht\u00eb i lidhur me shumic\u00ebn e privatizimive dhe investimeve katastrofale n\u00eb Mal t\u00eb Zi. Edhe p\u00ebr to ka th\u00ebn\u00eb t\u00eb nj\u00ebjt\u00ebn gj\u00eb, se \u201c\u00e7do gj\u00eb \u00ebsht\u00eb sipas procedurave dhe standardeve\u201d. Rezultatet tashm\u00eb dihen.<\/p>\n<p>Edhe sikur k\u00ebto fakte t\u00eb mos jen\u00eb t\u00eb mjaftueshme, banor\u00ebt e Ulqinit kan\u00eb edhe arsye tjera p\u00ebr shqet\u00ebsim. Nj\u00ebra nga k\u00ebto \u00ebsht\u00eb se sa do t\u00eb jet\u00eb p\u00ebrfitimi i <strong>komun\u00ebs s\u00eb Ulqinit<\/strong> nga ky eksploatim eventual? A do t\u00eb formohet edhe nj\u00eb nd\u00ebrmarrje tjet\u00ebr e ngjajshme me t\u00eb <strong>Mirat Detare,<\/strong> e cila t\u00eb ardhurat nga nafta do ti shp\u00ebrndaj\u00eb n\u00eb m\u00ebnyr\u00eb t\u00eb \u201cdrejt\u00eb\u201d?\u00a0\u00c7ka do t\u00eb thot\u00eb se nafta del nga Ulqini, kurse pjesa m\u00eb e madhe e tyre do shkoj\u00eb diku tjet\u00ebr, si dikur moti me t\u00eb ardhurat e turizmit. <strong>Cilin qytet n\u00eb Mal t\u00eb Zi do nd\u00ebrtojm\u00eb k\u00ebsaj rradhe?\u00a0<\/strong><\/p>\n<p>T\u00eb ashtuquajturit ekspert\u00eb sigurojn\u00eb se gjetja dhe nxjerrja e naft\u00ebs do t\u00eb ul\u00eb papunsin\u00eb. Me t\u00eb v\u00ebrtet\u00eb kjo? Sa njer\u00ebz t\u00eb rinj apo t\u00eb vjet\u00ebr ka Ulqini me edukimin dhe p\u00ebrvoj\u00ebn e duhur n\u00eb k\u00ebt\u00eb industri? \u00cbsht\u00eb m\u00eb se e qart\u00eb se pun\u00ebtor\u00ebt, t\u00eb pakt\u00ebn pjesa d\u00ebrrmuese e tyre, do t\u00eb jen\u00eb nga jasht\u00eb.<\/p>\n<p>Askush nuk mund t\u00eb mohoj\u00eb se kon\u00e7esionet do t\u00eb sjellin t\u00eb ardhura, pyetja \u00ebsht\u00eb se a jan\u00eb ato t\u00eb mjaftueshme t\u00eb mbulojn\u00eb humbjet nga ato turistike apo p\u00ebr sanimin e d\u00ebmeve ekologjike?<\/p>\n<p>Shum\u00eb v\u00ebshtir\u00eb.<\/p>\n<p><strong>Tani m\u00eb shum\u00eb se kurr\u00eb duhet t\u00eb nd\u00ebrgjegjsohemi dhe t\u00eb hapim syt\u00eb, pasi k\u00ebto platforma nafte dhe gazi, nuk do t\u00eb jen\u00eb p\u00ebrball\u00eb Budv\u00ebs e as Tivatit (cudi e?) por para s\u00eb ardhmes son\u00eb dhe f\u00ebmij\u00ebve tan\u00eb!<\/strong><\/p>\n<p><strong>Platform fear an explosion<\/strong><\/p>\n<!--YouTube Error: bad URL entered-->\n<!--YouTube Error: bad URL entered-->\n","protected":false},"excerpt":{"rendered":"<p>Samiti i Adriatikut p\u00ebr naft\u00ebn dhe gazin q\u00eb po mbahet n\u00eb Budva, ka ngjallur mjaft debate n\u00eb opinionin vendas por edhe t\u00eb rajonit. Organizata joqeveritare Green Home ka shkuar edhe m\u00eb larg, duke organizuar nj\u00eb protest\u00eb paq\u00ebsore s\u00ebbashku me ekolog\u00ebt kroat, raporton Portali Lajm.me. N\u00eb samit mor\u00ebn pjes\u00eb njer\u00ebzit m\u00eb t\u00eb shquar n\u00eb fysh\u00ebn e [&hellip;]<\/p>\n","protected":false},"author":1,"featured_media":0,"comment_status":"closed","ping_status":"closed","sticky":false,"template":"","format":"standard","meta":{"spay_email":"","jetpack_publicize_message":"","jetpack_is_tweetstorm":false,"jetpack_publicize_feature_enabled":true},"categories":[10],"tags":[],"jetpack_publicize_connections":[],"yoast_head":"<!-- This site is optimized with the Yoast SEO plugin v19.1 - https:\/\/yoast.com\/wordpress\/plugins\/seo\/ -->\n<title>Pro apo kunder naft\u00ebs n\u00eb Ulqin - Video - Lajme nga Ulqini<\/title>\n<meta name=\"description\" content=\"Samiti i Adriatikut p\u00ebr naft\u00ebn dhe gazin q\u00eb po mbahet n\u00eb Budva, ka ngjallur mjaft debate n\u00eb opinionin vendas por edhe t\u00eb rajonit. Organizata joqeveritare\" \/>\n<meta name=\"robots\" content=\"index, follow, max-snippet:-1, max-image-preview:large, max-video-preview:-1\" \/>\n<link rel=\"canonical\" href=\"https:\/\/www.visit-ulcinj.com\/blog\/2015\/03\/11\/pro-apo-kunder-naftes-ne-ulqin-video\/\" \/>\n<meta property=\"og:locale\" content=\"en_US\" \/>\n<meta property=\"og:type\" content=\"article\" \/>\n<meta property=\"og:title\" content=\"Pro apo kunder naft\u00ebs n\u00eb Ulqin - Video - Lajme nga Ulqini\" \/>\n<meta property=\"og:description\" content=\"Samiti i Adriatikut p\u00ebr naft\u00ebn dhe gazin q\u00eb po mbahet n\u00eb Budva, ka ngjallur mjaft debate n\u00eb opinionin vendas por edhe t\u00eb rajonit. Organizata joqeveritare\" \/>\n<meta property=\"og:url\" content=\"https:\/\/www.visit-ulcinj.com\/blog\/2015\/03\/11\/pro-apo-kunder-naftes-ne-ulqin-video\/\" \/>\n<meta property=\"og:site_name\" content=\"Lajme nga Ulqini\" \/>\n<meta property=\"article:published_time\" content=\"2015-03-11T16:25:33+00:00\" \/>\n<meta property=\"article:modified_time\" content=\"2015-03-11T22:19:59+00:00\" \/>\n<meta property=\"og:image\" content=\"http:\/\/www.visit-ulcinj.com\/blog\/wp-content\/uploads\/2015\/03\/Platforma-naftes-Ulqin.jpg\" \/>\n<meta name=\"twitter:label1\" content=\"Written by\" \/>\n\t<meta name=\"twitter:data1\" content=\"ulqini\" \/>\n\t<meta name=\"twitter:label2\" content=\"Est. reading time\" \/>\n\t<meta name=\"twitter:data2\" content=\"4 minutes\" \/>\n<script type=\"application\/ld+json\" class=\"yoast-schema-graph\">{\"@context\":\"https:\/\/schema.org\",\"@graph\":[{\"@type\":\"WebSite\",\"@id\":\"https:\/\/www.visit-ulcinj.com\/blog\/#website\",\"url\":\"https:\/\/www.visit-ulcinj.com\/blog\/\",\"name\":\"Lajme nga Ulqini\",\"description\":\"Lajme,Vijesti,Ulqini,Ulqin,Crna Gora,Mali i Zi\",\"potentialAction\":[{\"@type\":\"SearchAction\",\"target\":{\"@type\":\"EntryPoint\",\"urlTemplate\":\"https:\/\/www.visit-ulcinj.com\/blog\/?s={search_term_string}\"},\"query-input\":\"required name=search_term_string\"}],\"inLanguage\":\"en-US\"},{\"@type\":\"ImageObject\",\"inLanguage\":\"en-US\",\"@id\":\"https:\/\/www.visit-ulcinj.com\/blog\/2015\/03\/11\/pro-apo-kunder-naftes-ne-ulqin-video\/#primaryimage\",\"url\":\"https:\/\/www.visit-ulcinj.com\/blog\/wp-content\/uploads\/2015\/03\/Platforma-naftes-Ulqin.jpg\",\"contentUrl\":\"https:\/\/www.visit-ulcinj.com\/blog\/wp-content\/uploads\/2015\/03\/Platforma-naftes-Ulqin.jpg\",\"width\":1024,\"height\":697},{\"@type\":\"WebPage\",\"@id\":\"https:\/\/www.visit-ulcinj.com\/blog\/2015\/03\/11\/pro-apo-kunder-naftes-ne-ulqin-video\/#webpage\",\"url\":\"https:\/\/www.visit-ulcinj.com\/blog\/2015\/03\/11\/pro-apo-kunder-naftes-ne-ulqin-video\/\",\"name\":\"Pro apo kunder naft\u00ebs n\u00eb Ulqin - Video - Lajme nga Ulqini\",\"isPartOf\":{\"@id\":\"https:\/\/www.visit-ulcinj.com\/blog\/#website\"},\"primaryImageOfPage\":{\"@id\":\"https:\/\/www.visit-ulcinj.com\/blog\/2015\/03\/11\/pro-apo-kunder-naftes-ne-ulqin-video\/#primaryimage\"},\"datePublished\":\"2015-03-11T16:25:33+00:00\",\"dateModified\":\"2015-03-11T22:19:59+00:00\",\"author\":{\"@id\":\"https:\/\/www.visit-ulcinj.com\/blog\/#\/schema\/person\/dcab619c614d3038751c63bc2aadc06d\"},\"description\":\"Samiti i Adriatikut p\u00ebr naft\u00ebn dhe gazin q\u00eb po mbahet n\u00eb Budva, ka ngjallur mjaft debate n\u00eb opinionin vendas por edhe t\u00eb rajonit. Organizata joqeveritare\",\"breadcrumb\":{\"@id\":\"https:\/\/www.visit-ulcinj.com\/blog\/2015\/03\/11\/pro-apo-kunder-naftes-ne-ulqin-video\/#breadcrumb\"},\"inLanguage\":\"en-US\",\"potentialAction\":[{\"@type\":\"ReadAction\",\"target\":[\"https:\/\/www.visit-ulcinj.com\/blog\/2015\/03\/11\/pro-apo-kunder-naftes-ne-ulqin-video\/\"]}]},{\"@type\":\"BreadcrumbList\",\"@id\":\"https:\/\/www.visit-ulcinj.com\/blog\/2015\/03\/11\/pro-apo-kunder-naftes-ne-ulqin-video\/#breadcrumb\",\"itemListElement\":[{\"@type\":\"ListItem\",\"position\":1,\"name\":\"Pro apo kunder naft\u00ebs n\u00eb Ulqin &#8211; Video\"}]},{\"@type\":\"Person\",\"@id\":\"https:\/\/www.visit-ulcinj.com\/blog\/#\/schema\/person\/dcab619c614d3038751c63bc2aadc06d\",\"name\":\"ulqini\",\"sameAs\":[\"http:\/\/www.visit-ulcinj.com\"],\"url\":\"https:\/\/www.visit-ulcinj.com\/blog\/author\/admin\/\"}]}<\/script>\n<!-- \/ Yoast SEO plugin. -->","yoast_head_json":{"title":"Pro apo kunder naft\u00ebs n\u00eb Ulqin - Video - Lajme nga Ulqini","description":"Samiti i Adriatikut p\u00ebr naft\u00ebn dhe gazin q\u00eb po mbahet n\u00eb Budva, ka ngjallur mjaft debate n\u00eb opinionin vendas por edhe t\u00eb rajonit. Organizata joqeveritare","robots":{"index":"index","follow":"follow","max-snippet":"max-snippet:-1","max-image-preview":"max-image-preview:large","max-video-preview":"max-video-preview:-1"},"canonical":"https:\/\/www.visit-ulcinj.com\/blog\/2015\/03\/11\/pro-apo-kunder-naftes-ne-ulqin-video\/","og_locale":"en_US","og_type":"article","og_title":"Pro apo kunder naft\u00ebs n\u00eb Ulqin - Video - Lajme nga Ulqini","og_description":"Samiti i Adriatikut p\u00ebr naft\u00ebn dhe gazin q\u00eb po mbahet n\u00eb Budva, ka ngjallur mjaft debate n\u00eb opinionin vendas por edhe t\u00eb rajonit. Organizata joqeveritare","og_url":"https:\/\/www.visit-ulcinj.com\/blog\/2015\/03\/11\/pro-apo-kunder-naftes-ne-ulqin-video\/","og_site_name":"Lajme nga Ulqini","article_published_time":"2015-03-11T16:25:33+00:00","article_modified_time":"2015-03-11T22:19:59+00:00","og_image":[{"url":"http:\/\/www.visit-ulcinj.com\/blog\/wp-content\/uploads\/2015\/03\/Platforma-naftes-Ulqin.jpg"}],"twitter_misc":{"Written by":"ulqini","Est. reading time":"4 minutes"},"schema":{"@context":"https:\/\/schema.org","@graph":[{"@type":"WebSite","@id":"https:\/\/www.visit-ulcinj.com\/blog\/#website","url":"https:\/\/www.visit-ulcinj.com\/blog\/","name":"Lajme nga Ulqini","description":"Lajme,Vijesti,Ulqini,Ulqin,Crna Gora,Mali i Zi","potentialAction":[{"@type":"SearchAction","target":{"@type":"EntryPoint","urlTemplate":"https:\/\/www.visit-ulcinj.com\/blog\/?s={search_term_string}"},"query-input":"required name=search_term_string"}],"inLanguage":"en-US"},{"@type":"ImageObject","inLanguage":"en-US","@id":"https:\/\/www.visit-ulcinj.com\/blog\/2015\/03\/11\/pro-apo-kunder-naftes-ne-ulqin-video\/#primaryimage","url":"https:\/\/www.visit-ulcinj.com\/blog\/wp-content\/uploads\/2015\/03\/Platforma-naftes-Ulqin.jpg","contentUrl":"https:\/\/www.visit-ulcinj.com\/blog\/wp-content\/uploads\/2015\/03\/Platforma-naftes-Ulqin.jpg","width":1024,"height":697},{"@type":"WebPage","@id":"https:\/\/www.visit-ulcinj.com\/blog\/2015\/03\/11\/pro-apo-kunder-naftes-ne-ulqin-video\/#webpage","url":"https:\/\/www.visit-ulcinj.com\/blog\/2015\/03\/11\/pro-apo-kunder-naftes-ne-ulqin-video\/","name":"Pro apo kunder naft\u00ebs n\u00eb Ulqin - Video - Lajme nga Ulqini","isPartOf":{"@id":"https:\/\/www.visit-ulcinj.com\/blog\/#website"},"primaryImageOfPage":{"@id":"https:\/\/www.visit-ulcinj.com\/blog\/2015\/03\/11\/pro-apo-kunder-naftes-ne-ulqin-video\/#primaryimage"},"datePublished":"2015-03-11T16:25:33+00:00","dateModified":"2015-03-11T22:19:59+00:00","author":{"@id":"https:\/\/www.visit-ulcinj.com\/blog\/#\/schema\/person\/dcab619c614d3038751c63bc2aadc06d"},"description":"Samiti i Adriatikut p\u00ebr naft\u00ebn dhe gazin q\u00eb po mbahet n\u00eb Budva, ka ngjallur mjaft debate n\u00eb opinionin vendas por edhe t\u00eb rajonit. Organizata joqeveritare","breadcrumb":{"@id":"https:\/\/www.visit-ulcinj.com\/blog\/2015\/03\/11\/pro-apo-kunder-naftes-ne-ulqin-video\/#breadcrumb"},"inLanguage":"en-US","potentialAction":[{"@type":"ReadAction","target":["https:\/\/www.visit-ulcinj.com\/blog\/2015\/03\/11\/pro-apo-kunder-naftes-ne-ulqin-video\/"]}]},{"@type":"BreadcrumbList","@id":"https:\/\/www.visit-ulcinj.com\/blog\/2015\/03\/11\/pro-apo-kunder-naftes-ne-ulqin-video\/#breadcrumb","itemListElement":[{"@type":"ListItem","position":1,"name":"Pro apo kunder naft\u00ebs n\u00eb Ulqin &#8211; Video"}]},{"@type":"Person","@id":"https:\/\/www.visit-ulcinj.com\/blog\/#\/schema\/person\/dcab619c614d3038751c63bc2aadc06d","name":"ulqini","sameAs":["http:\/\/www.visit-ulcinj.com"],"url":"https:\/\/www.visit-ulcinj.com\/blog\/author\/admin\/"}]}},"jetpack_featured_media_url":"","jetpack_sharing_enabled":true,"jetpack_shortlink":"https:\/\/wp.me\/pe6lTn-new","_links":{"self":[{"href":"https:\/\/www.visit-ulcinj.com\/blog\/wp-json\/wp\/v2\/posts\/89312"}],"collection":[{"href":"https:\/\/www.visit-ulcinj.com\/blog\/wp-json\/wp\/v2\/posts"}],"about":[{"href":"https:\/\/www.visit-ulcinj.com\/blog\/wp-json\/wp\/v2\/types\/post"}],"author":[{"embeddable":true,"href":"https:\/\/www.visit-ulcinj.com\/blog\/wp-json\/wp\/v2\/users\/1"}],"replies":[{"embeddable":true,"href":"https:\/\/www.visit-ulcinj.com\/blog\/wp-json\/wp\/v2\/comments?post=89312"}],"version-history":[{"count":6,"href":"https:\/\/www.visit-ulcinj.com\/blog\/wp-json\/wp\/v2\/posts\/89312\/revisions"}],"predecessor-version":[{"id":89316,"href":"https:\/\/www.visit-ulcinj.com\/blog\/wp-json\/wp\/v2\/posts\/89312\/revisions\/89316"}],"wp:attachment":[{"href":"https:\/\/www.visit-ulcinj.com\/blog\/wp-json\/wp\/v2\/media?parent=89312"}],"wp:term":[{"taxonomy":"category","embeddable":true,"href":"https:\/\/www.visit-ulcinj.com\/blog\/wp-json\/wp\/v2\/categories?post=89312"},{"taxonomy":"post_tag","embeddable":true,"href":"https:\/\/www.visit-ulcinj.com\/blog\/wp-json\/wp\/v2\/tags?post=89312"}],"curies":[{"name":"wp","href":"https:\/\/api.w.org\/{rel}","templated":true}]}}