{"id":89331,"date":"2015-03-12T17:32:04","date_gmt":"2015-03-12T16:32:04","guid":{"rendered":"http:\/\/www.visit-ulcinj.com\/blog\/?p=89331"},"modified":"2015-03-12T17:32:04","modified_gmt":"2015-03-12T16:32:04","slug":"ne-istrazivati-naftu-zavrsetka-spora","status":"publish","type":"post","link":"https:\/\/www.visit-ulcinj.com\/blog\/2015\/03\/12\/ne-istrazivati-naftu-zavrsetka-spora\/","title":{"rendered":"Ne istra\u017eivati naftu do zavr\u0161etka spora"},"content":{"rendered":"<p><a href=\"http:\/\/www.visit-ulcinj.com\/blog\/wp-content\/uploads\/2015\/03\/crna-gora-nafta.jpg\"><img loading=\"lazy\" class=\"alignleft wp-image-89333\" src=\"http:\/\/www.visit-ulcinj.com\/blog\/wp-content\/uploads\/2015\/03\/crna-gora-nafta.jpg\" alt=\"crna-gora-nafta\" width=\"508\" height=\"319\" srcset=\"https:\/\/www.visit-ulcinj.com\/blog\/wp-content\/uploads\/2015\/03\/crna-gora-nafta.jpg 510w, https:\/\/www.visit-ulcinj.com\/blog\/wp-content\/uploads\/2015\/03\/crna-gora-nafta-300x188.jpg 300w\" sizes=\"(max-width: 508px) 100vw, 508px\" \/><\/a>Crna Gora i Hrvatska trebalo bi da se uzdr\u017ee od jednostranog dodjeljivanja prava na eksploataciju bilo kojih prirodnih resursa na podru\u010dju Prevlake, jer taj grani\u010dni spor sa Zagrebom jo\u0161 nije rije\u0161en, odgovorio je generalni direktor za konzularne poslove i dijasporu u Ministarstvu vanjskih poslova Branislav Karad\u017ei\u0107 na pitanje Pobjede oko dodjele koncesije na istra\u017eivanje nafte i gasa u pograni\u010dnim vodama.<\/p>\n<p>\u201cUzev\u0161i u obzir da je razgrani\u010denje na kopnu i moru izme\u0111u Crne Gore i Hrvatske i dalje otvoreno, ukazujemo na potrebu da, kako Crna Gora, tako i Hrvatska, treba da se zajedni\u010dki uzdr\u017ee od jednostranog dodjeljivanja prava na istra\u017eivanje i eksploataciju bilo kojih prirodnih resursa u bilo kojem podru\u010dju u kojem postoji preklapanje zahtjeva na suverenost ili na suverena prava\u201d, kazao je Karad\u017ei\u0107. koji je taj stav iznio i na ju\u010de zavr\u0161enoj jadranskoj konferenciji nafta\u0161a.<\/p>\n<p>Hrvatski ministar ekonomije Ivan Vrdoljak kazao je prije dva dana u Budvi da bi u slu\u010daju potencijalnih nalazi\u0161ta nafte i gasa oko Prevlake trebalo prvo obaviti istra\u017eivanje.<\/p>\n<p>\u201cPotrebno je tri do pet godina da se doka\u017ee da li tamo ima nafte ili gasa. Firme treba da rade i istra\u017euju, a do tada \u0107e dvije dr\u017eave, od kojih je jedna \u010dlan EU, a druga \u017eeli to da postane, rije\u0161iti grani\u010dni spor\u201d, rekao je Vrdoljak.<\/p>\n<p>Prema Karad\u017ei\u0107evim rije\u010dima, crnogorska strana podsje\u0107a da su pregovori sa Hrvatskom o zaklju\u010divanju specijalnog sporazuma o podno\u0161enju spora o razgrani\u010denju pred Me\u0111unarodnim sudom u Hagu u poodmakloj fazi.<\/p>\n<p>\u201cSamo se po sebi razumije da \u0107e Crna Gora i Hrvatska biti u punom kapacitetu da pristupe istra\u017eivanju i eksploataciji resursa u spornom podru\u010dju, onda kada se obavi razgrani\u010denje i u vezi s njim dodijele jurisdikcije na osnovu odluke Me\u0111unarodnog suda pravde u Hagu ili na osnovu privremenog aran\u017emana o privremenoj eksploataciji resursa na bazi zaklju\u010divanja me\u0111usobno prihvatljivog sporazuma izme\u0111u dvije dr\u017eave\u201d, rekao je Karad\u017ei\u0107.<\/p>\n<p><strong>Izvor: Pobjeda \/ RTCG<\/strong><\/p>\n","protected":false},"excerpt":{"rendered":"<p>Crna Gora i Hrvatska trebalo bi da se uzdr\u017ee od jednostranog dodjeljivanja prava na eksploataciju bilo kojih prirodnih resursa na podru\u010dju Prevlake, jer taj grani\u010dni spor sa Zagrebom jo\u0161 nije rije\u0161en, odgovorio je generalni direktor za konzularne poslove i dijasporu u Ministarstvu vanjskih poslova Branislav Karad\u017ei\u0107 na pitanje Pobjede oko dodjele koncesije na istra\u017eivanje nafte [&hellip;]<\/p>\n","protected":false},"author":1,"featured_media":0,"comment_status":"closed","ping_status":"closed","sticky":false,"template":"","format":"standard","meta":{"spay_email":"","jetpack_publicize_message":"","jetpack_is_tweetstorm":false,"jetpack_publicize_feature_enabled":true},"categories":[8337],"tags":[],"jetpack_publicize_connections":[],"yoast_head":"<!-- This site is optimized with the Yoast SEO plugin v19.1 - https:\/\/yoast.com\/wordpress\/plugins\/seo\/ -->\n<title>Ne istra\u017eivati naftu do zavr\u0161etka spora - Lajme nga Ulqini<\/title>\n<meta name=\"description\" content=\"Crna Gora i Hrvatska trebalo bi da se uzdr\u017ee od jednostranog dodjeljivanja prava na eksploataciju bilo kojih prirodnih resursa na podru\u010dju Prevlake, jer\" \/>\n<meta name=\"robots\" content=\"index, follow, max-snippet:-1, max-image-preview:large, max-video-preview:-1\" \/>\n<link rel=\"canonical\" href=\"https:\/\/www.visit-ulcinj.com\/blog\/2015\/03\/12\/ne-istrazivati-naftu-zavrsetka-spora\/\" \/>\n<meta property=\"og:locale\" content=\"en_US\" \/>\n<meta property=\"og:type\" content=\"article\" \/>\n<meta property=\"og:title\" content=\"Ne istra\u017eivati naftu do zavr\u0161etka spora - Lajme nga Ulqini\" \/>\n<meta property=\"og:description\" content=\"Crna Gora i Hrvatska trebalo bi da se uzdr\u017ee od jednostranog dodjeljivanja prava na eksploataciju bilo kojih prirodnih resursa na podru\u010dju Prevlake, jer\" \/>\n<meta property=\"og:url\" content=\"https:\/\/www.visit-ulcinj.com\/blog\/2015\/03\/12\/ne-istrazivati-naftu-zavrsetka-spora\/\" \/>\n<meta property=\"og:site_name\" content=\"Lajme nga Ulqini\" \/>\n<meta property=\"article:published_time\" content=\"2015-03-12T16:32:04+00:00\" \/>\n<meta property=\"og:image\" content=\"http:\/\/www.visit-ulcinj.com\/blog\/wp-content\/uploads\/2015\/03\/crna-gora-nafta.jpg\" \/>\n<meta name=\"twitter:label1\" content=\"Written by\" \/>\n\t<meta name=\"twitter:data1\" content=\"ulqini\" \/>\n\t<meta name=\"twitter:label2\" content=\"Est. reading time\" \/>\n\t<meta name=\"twitter:data2\" content=\"2 minutes\" \/>\n<script type=\"application\/ld+json\" class=\"yoast-schema-graph\">{\"@context\":\"https:\/\/schema.org\",\"@graph\":[{\"@type\":\"WebSite\",\"@id\":\"https:\/\/www.visit-ulcinj.com\/blog\/#website\",\"url\":\"https:\/\/www.visit-ulcinj.com\/blog\/\",\"name\":\"Lajme nga Ulqini\",\"description\":\"Lajme,Vijesti,Ulqini,Ulqin,Crna Gora,Mali i Zi\",\"potentialAction\":[{\"@type\":\"SearchAction\",\"target\":{\"@type\":\"EntryPoint\",\"urlTemplate\":\"https:\/\/www.visit-ulcinj.com\/blog\/?s={search_term_string}\"},\"query-input\":\"required name=search_term_string\"}],\"inLanguage\":\"en-US\"},{\"@type\":\"ImageObject\",\"inLanguage\":\"en-US\",\"@id\":\"https:\/\/www.visit-ulcinj.com\/blog\/2015\/03\/12\/ne-istrazivati-naftu-zavrsetka-spora\/#primaryimage\",\"url\":\"https:\/\/www.visit-ulcinj.com\/blog\/wp-content\/uploads\/2015\/03\/crna-gora-nafta.jpg\",\"contentUrl\":\"https:\/\/www.visit-ulcinj.com\/blog\/wp-content\/uploads\/2015\/03\/crna-gora-nafta.jpg\",\"width\":510,\"height\":320},{\"@type\":\"WebPage\",\"@id\":\"https:\/\/www.visit-ulcinj.com\/blog\/2015\/03\/12\/ne-istrazivati-naftu-zavrsetka-spora\/#webpage\",\"url\":\"https:\/\/www.visit-ulcinj.com\/blog\/2015\/03\/12\/ne-istrazivati-naftu-zavrsetka-spora\/\",\"name\":\"Ne istra\u017eivati naftu do zavr\u0161etka spora - Lajme nga Ulqini\",\"isPartOf\":{\"@id\":\"https:\/\/www.visit-ulcinj.com\/blog\/#website\"},\"primaryImageOfPage\":{\"@id\":\"https:\/\/www.visit-ulcinj.com\/blog\/2015\/03\/12\/ne-istrazivati-naftu-zavrsetka-spora\/#primaryimage\"},\"datePublished\":\"2015-03-12T16:32:04+00:00\",\"dateModified\":\"2015-03-12T16:32:04+00:00\",\"author\":{\"@id\":\"https:\/\/www.visit-ulcinj.com\/blog\/#\/schema\/person\/dcab619c614d3038751c63bc2aadc06d\"},\"description\":\"Crna Gora i Hrvatska trebalo bi da se uzdr\u017ee od jednostranog dodjeljivanja prava na eksploataciju bilo kojih prirodnih resursa na podru\u010dju Prevlake, jer\",\"breadcrumb\":{\"@id\":\"https:\/\/www.visit-ulcinj.com\/blog\/2015\/03\/12\/ne-istrazivati-naftu-zavrsetka-spora\/#breadcrumb\"},\"inLanguage\":\"en-US\",\"potentialAction\":[{\"@type\":\"ReadAction\",\"target\":[\"https:\/\/www.visit-ulcinj.com\/blog\/2015\/03\/12\/ne-istrazivati-naftu-zavrsetka-spora\/\"]}]},{\"@type\":\"BreadcrumbList\",\"@id\":\"https:\/\/www.visit-ulcinj.com\/blog\/2015\/03\/12\/ne-istrazivati-naftu-zavrsetka-spora\/#breadcrumb\",\"itemListElement\":[{\"@type\":\"ListItem\",\"position\":1,\"name\":\"Ne istra\u017eivati naftu do zavr\u0161etka spora\"}]},{\"@type\":\"Person\",\"@id\":\"https:\/\/www.visit-ulcinj.com\/blog\/#\/schema\/person\/dcab619c614d3038751c63bc2aadc06d\",\"name\":\"ulqini\",\"sameAs\":[\"http:\/\/www.visit-ulcinj.com\"],\"url\":\"https:\/\/www.visit-ulcinj.com\/blog\/author\/admin\/\"}]}<\/script>\n<!-- \/ Yoast SEO plugin. -->","yoast_head_json":{"title":"Ne istra\u017eivati naftu do zavr\u0161etka spora - Lajme nga Ulqini","description":"Crna Gora i Hrvatska trebalo bi da se uzdr\u017ee od jednostranog dodjeljivanja prava na eksploataciju bilo kojih prirodnih resursa na podru\u010dju Prevlake, jer","robots":{"index":"index","follow":"follow","max-snippet":"max-snippet:-1","max-image-preview":"max-image-preview:large","max-video-preview":"max-video-preview:-1"},"canonical":"https:\/\/www.visit-ulcinj.com\/blog\/2015\/03\/12\/ne-istrazivati-naftu-zavrsetka-spora\/","og_locale":"en_US","og_type":"article","og_title":"Ne istra\u017eivati naftu do zavr\u0161etka spora - Lajme nga Ulqini","og_description":"Crna Gora i Hrvatska trebalo bi da se uzdr\u017ee od jednostranog dodjeljivanja prava na eksploataciju bilo kojih prirodnih resursa na podru\u010dju Prevlake, jer","og_url":"https:\/\/www.visit-ulcinj.com\/blog\/2015\/03\/12\/ne-istrazivati-naftu-zavrsetka-spora\/","og_site_name":"Lajme nga Ulqini","article_published_time":"2015-03-12T16:32:04+00:00","og_image":[{"url":"http:\/\/www.visit-ulcinj.com\/blog\/wp-content\/uploads\/2015\/03\/crna-gora-nafta.jpg"}],"twitter_misc":{"Written by":"ulqini","Est. reading time":"2 minutes"},"schema":{"@context":"https:\/\/schema.org","@graph":[{"@type":"WebSite","@id":"https:\/\/www.visit-ulcinj.com\/blog\/#website","url":"https:\/\/www.visit-ulcinj.com\/blog\/","name":"Lajme nga Ulqini","description":"Lajme,Vijesti,Ulqini,Ulqin,Crna Gora,Mali i Zi","potentialAction":[{"@type":"SearchAction","target":{"@type":"EntryPoint","urlTemplate":"https:\/\/www.visit-ulcinj.com\/blog\/?s={search_term_string}"},"query-input":"required name=search_term_string"}],"inLanguage":"en-US"},{"@type":"ImageObject","inLanguage":"en-US","@id":"https:\/\/www.visit-ulcinj.com\/blog\/2015\/03\/12\/ne-istrazivati-naftu-zavrsetka-spora\/#primaryimage","url":"https:\/\/www.visit-ulcinj.com\/blog\/wp-content\/uploads\/2015\/03\/crna-gora-nafta.jpg","contentUrl":"https:\/\/www.visit-ulcinj.com\/blog\/wp-content\/uploads\/2015\/03\/crna-gora-nafta.jpg","width":510,"height":320},{"@type":"WebPage","@id":"https:\/\/www.visit-ulcinj.com\/blog\/2015\/03\/12\/ne-istrazivati-naftu-zavrsetka-spora\/#webpage","url":"https:\/\/www.visit-ulcinj.com\/blog\/2015\/03\/12\/ne-istrazivati-naftu-zavrsetka-spora\/","name":"Ne istra\u017eivati naftu do zavr\u0161etka spora - Lajme nga Ulqini","isPartOf":{"@id":"https:\/\/www.visit-ulcinj.com\/blog\/#website"},"primaryImageOfPage":{"@id":"https:\/\/www.visit-ulcinj.com\/blog\/2015\/03\/12\/ne-istrazivati-naftu-zavrsetka-spora\/#primaryimage"},"datePublished":"2015-03-12T16:32:04+00:00","dateModified":"2015-03-12T16:32:04+00:00","author":{"@id":"https:\/\/www.visit-ulcinj.com\/blog\/#\/schema\/person\/dcab619c614d3038751c63bc2aadc06d"},"description":"Crna Gora i Hrvatska trebalo bi da se uzdr\u017ee od jednostranog dodjeljivanja prava na eksploataciju bilo kojih prirodnih resursa na podru\u010dju Prevlake, jer","breadcrumb":{"@id":"https:\/\/www.visit-ulcinj.com\/blog\/2015\/03\/12\/ne-istrazivati-naftu-zavrsetka-spora\/#breadcrumb"},"inLanguage":"en-US","potentialAction":[{"@type":"ReadAction","target":["https:\/\/www.visit-ulcinj.com\/blog\/2015\/03\/12\/ne-istrazivati-naftu-zavrsetka-spora\/"]}]},{"@type":"BreadcrumbList","@id":"https:\/\/www.visit-ulcinj.com\/blog\/2015\/03\/12\/ne-istrazivati-naftu-zavrsetka-spora\/#breadcrumb","itemListElement":[{"@type":"ListItem","position":1,"name":"Ne istra\u017eivati naftu do zavr\u0161etka spora"}]},{"@type":"Person","@id":"https:\/\/www.visit-ulcinj.com\/blog\/#\/schema\/person\/dcab619c614d3038751c63bc2aadc06d","name":"ulqini","sameAs":["http:\/\/www.visit-ulcinj.com"],"url":"https:\/\/www.visit-ulcinj.com\/blog\/author\/admin\/"}]}},"jetpack_featured_media_url":"","jetpack_sharing_enabled":true,"jetpack_shortlink":"https:\/\/wp.me\/pe6lTn-neP","_links":{"self":[{"href":"https:\/\/www.visit-ulcinj.com\/blog\/wp-json\/wp\/v2\/posts\/89331"}],"collection":[{"href":"https:\/\/www.visit-ulcinj.com\/blog\/wp-json\/wp\/v2\/posts"}],"about":[{"href":"https:\/\/www.visit-ulcinj.com\/blog\/wp-json\/wp\/v2\/types\/post"}],"author":[{"embeddable":true,"href":"https:\/\/www.visit-ulcinj.com\/blog\/wp-json\/wp\/v2\/users\/1"}],"replies":[{"embeddable":true,"href":"https:\/\/www.visit-ulcinj.com\/blog\/wp-json\/wp\/v2\/comments?post=89331"}],"version-history":[{"count":1,"href":"https:\/\/www.visit-ulcinj.com\/blog\/wp-json\/wp\/v2\/posts\/89331\/revisions"}],"predecessor-version":[{"id":89334,"href":"https:\/\/www.visit-ulcinj.com\/blog\/wp-json\/wp\/v2\/posts\/89331\/revisions\/89334"}],"wp:attachment":[{"href":"https:\/\/www.visit-ulcinj.com\/blog\/wp-json\/wp\/v2\/media?parent=89331"}],"wp:term":[{"taxonomy":"category","embeddable":true,"href":"https:\/\/www.visit-ulcinj.com\/blog\/wp-json\/wp\/v2\/categories?post=89331"},{"taxonomy":"post_tag","embeddable":true,"href":"https:\/\/www.visit-ulcinj.com\/blog\/wp-json\/wp\/v2\/tags?post=89331"}],"curies":[{"name":"wp","href":"https:\/\/api.w.org\/{rel}","templated":true}]}}