{"id":89380,"date":"2015-03-15T18:59:00","date_gmt":"2015-03-15T17:59:00","guid":{"rendered":"http:\/\/www.visit-ulcinj.com\/blog\/?p=89380"},"modified":"2015-03-15T18:59:00","modified_gmt":"2015-03-15T17:59:00","slug":"na%c2%adse%c2%adlje-kru%c2%adce-klizi-prema-moru-video","status":"publish","type":"post","link":"https:\/\/www.visit-ulcinj.com\/blog\/2015\/03\/15\/na%c2%adse%c2%adlje-kru%c2%adce-klizi-prema-moru-video\/","title":{"rendered":"Na\u00adse\u00adlje Kru\u00ad\u010de klizi prema moru &#8211; Video"},"content":{"rendered":"<p><span class=\"tekstcijeli\"><span class=\"kapital\"><a href=\"http:\/\/www.visit-ulcinj.com\/blog\/wp-content\/uploads\/2015\/03\/Naselje-Kruce-klizi-prema-moru.jpg\"><img loading=\"lazy\" class=\"alignleft wp-image-89381\" src=\"http:\/\/www.visit-ulcinj.com\/blog\/wp-content\/uploads\/2015\/03\/Naselje-Kruce-klizi-prema-moru.jpg\" alt=\"Naselje Kruce klizi prema moru\" width=\"508\" height=\"286\" srcset=\"https:\/\/www.visit-ulcinj.com\/blog\/wp-content\/uploads\/2015\/03\/Naselje-Kruce-klizi-prema-moru.jpg 900w, https:\/\/www.visit-ulcinj.com\/blog\/wp-content\/uploads\/2015\/03\/Naselje-Kruce-klizi-prema-moru-300x169.jpg 300w\" sizes=\"(max-width: 508px) 100vw, 508px\" \/><\/a>U<\/span>L\u00adCINj &#8211; Na\u00adse\u00adlje Kru\u00ad\u010de, u ko\u00adme je na\u00adkon obil\u00adnih pa\u00adda\u00advi\u00adna pri\u00adje de\u00adse\u00adtak da\u00adna pro\u00adra\u00addi\u00adlo ne\u00adza\u00adpam\u00ad\u0107e\u00adno kli\u00adzi\u00ad\u0161te, jo\u0161 uvi\u00adjek je ne\u00adsta\u00adbil\u00adno pod\u00adru\u010d\u00adje u ko\u00adme je ba\u00adrem za\u00adsad nor\u00adma\u00adlan \u017ei\u00advot prak\u00adti\u010d\u00adno ne\u00admo\u00adgu\u0107. U to se uvje\u00adri\u00adla i eki\u00adpa \u201eDa\u00adna\u201c ko\u00adja je ju\u00ad\u010de po\u00adsje\u00adti\u00adla ne\u00adka\u00adda vr\u00adlo ak\u00adtrak\u00adtiv\u00adnu vi\u00adkend lo\u00adka\u00adci\u00adju na sa\u00admoj gra\u00adni\u00adci iz\u00adme\u00ad\u0111u op\u00ad\u0161ti\u00adna Bar i Ul\u00adcinj. Mje\u00adsto na ko\u00adme su se, ko\u00adli\u00adko do ju\u00ad\u010de, nu\u00addi\u00adle na pro\u00adda\u00adju atrak\u00adtiv\u00adne ku\u00ad\u0107e i i vi\u00adle sa\u00adda je sa\u00adbla\u00adsno pu\u00adsto. Na sa\u00admom ula\u00adzu u na\u00adse\u00adlje put je po\u00adto\u00adnuo sko\u00adro dva me\u00adtra, a po\u00adsta\u00advlje\u00adna po\u00adli\u00adcij\u00adska tra\u00adka opo\u00admi\u00adnje je da je da\u00adlje kre\u00adta\u00adnje za\u00adbra\u00adnje\u00adno i mo\u00ad\u017ee bi\u00adti opa\u00adsno. Za\u00ad\u0161to, vi\u00addlji\u00advo je ve\u0107 na\u00adkon pr\u00advih de\u00adse\u00adtak me\u00adta\u00adra. Po\u00adto\u00adnu\u00adle uli\u00adce po ne\u00adko\u00adli\u00adko me\u00adta\u00adra, uru\u00ad\u0161e\u00adne ku\u00ad\u0107e i ba\u00adze\u00adni, ogrom\u00adni i du\u00adbo\u00adki kra\u00adte\u00adri svje\u00addo\u00ad\u010de o stra\u00adho\u00advi\u00adtom po\u00admje\u00adra\u00adnju tla. Ve\u00adli\u00adka je sre\u00ad\u0107a da u mo\u00admen\u00adtu ka\u00adda je obil\u00adna ki\u00ad\u0161a po\u00adkre\u00adnu\u00adla ero\u00adzi\u00adju tla ni\u00adko ni\u00adje po\u00advri\u00adje\u00ad\u0111en, ali je ma\u00adte\u00adri\u00adjal\u00adna \u0161te\u00adta ogrom\u00adna i tre\u00adba\u00ad\u0107e do\u00adsta vre\u00adme\u00adna da se pro\u00adcje\u00adni. Mno\u00adgi objek\u00adti ni\u00adsu vi\u00ad\u0161e za sta\u00adno\u00adva\u00adnje. Iako ni\u00adsu sru\u00ad\u0161e\u00adni na\u00adkri\u00advlje\u00adni su i prak\u00adti\u010d\u00adno je u nji\u00adma ne\u00admo\u00adgu\u00ad\u0107e bo\u00adra\u00advi\u00adti.<br \/>\nDok ho\u00adda\u00admo pu\u00adstim uli\u00adca\u00adma \u0107u\u00adti\u00admo, i u ne\u00advje\u00adri\u00adci gle\u00adda\u00admo. Tu\u00adrob\u00adnu ti\u00ad\u0161i\u00adnu re\u00adme\u00adti sa\u00admo zvuk fo\u00adto\u00ada\u00adpa\u00adra\u00adta ko\u00adle\u00adge Sr\u00ad\u0111a\u00adna Bo\u00adlje\u00advi\u00ad\u0107a, ko\u00adji je pa\u00ad\u017elji\u00advo bi\u00adlje\u00ad\u017ei ka\u00adta\u00adstro\u00adfal\u00adne raz\u00admje\u00adre ero\u00adzi\u00adje, ko\u00adja je pot\u00adpu\u00adno ili ozbilj\u00adno o\u0161te\u00adti\u00adla naj\u00adma\u00adnje de\u00adse\u00adtak ku\u00ad\u0107a, a jo\u0161 tri\u00adde\u00adse\u00adtak ih je u opa\u00adsno\u00adsti. \u010ci\u00adtav je\u00addan po\u00adjas kli\u00adzi pre\u00adma mo\u00adru.<br \/>\nTa\u00adman ka\u00adda smo se spre\u00adma\u00adli da na\u00adpu\u00adsti\u00admo na\u00adse\u00adlje, za\u00ad\u010du\u00adli smo gla\u00adso\u00adve i na sa\u00admom kra\u00adju kli\u00adzi\u00ad\u0161ta ko\u00adje je za\u00adha\u00adva\u00adti\u00adlo oko 200 du\u00ad\u017enih me\u00adta\u00adra pro\u00adsto\u00adra, pri\u00admje\u00ad\u0107u\u00adje\u00admo ne\u00adko\u00adli\u00adko mje\u00ad\u0161ta\u00adna, ko\u00adji su iz\u00advo\u00addi\u00adli ra\u00addo\u00adve na jed\u00adnom od mno\u00adgih sru\u00ad\u0161e\u00adnih obje\u00adka\u00adta. Po\u00adma\u00adlo iz\u00adne\u00adna\u00ad\u0111e\u00adni ka\u00adda su nas pri\u00admje\u00adti\u00adli, pi\u00adta\u00adju je\u00adsmo li iz lo\u00adka\u00adl\u00adne upra\u00adve, ili smo no\u00advi\u00adna\u00adri.<br \/>\n&#8211; No\u00advi\u00adna\u00adri smo, go\u00adto\u00advo uglas od\u00adgo\u00adva\u00adra\u00admo.<br \/>\n&#8211; Sla\u00adbo nas ko obi\u00adla\u00adzi, ka\u00ad\u017ee nam sta\u00adri\u00adji \u010do\u00advjek do\u00adda\u00adju\u00ad\u0107i da se zo\u00adve Mir\u00adko Ku\u00adzman i da je iz No\u00advog Sa\u00adda.<br \/>\n&#8211; Ovo je mo\u00adja vi\u00adken\u00addi\u00adca. O\u0161te\u00ad\u0107e\u00adna je u kli\u00adzi\u00ad\u0161tu pa smo evo po\u00ad\u010de\u00adli da pone\u00ad\u0161to po\u00adpra\u00advlja\u00admo. Ar\u00admi\u00adra\u00admo je\u00addan zid da u\u010dvr\u00adsti\u00admo obje\u00adkat ko\u00adli\u00adko je i ako je mo\u00adgu\u00ad\u0107e. A \u0161ta dru\u00adgo da ra\u00addi\u00admo. Mo\u00adra\u00admo sa\u00admi, ka\u00adda ni\u00adko\u00adga ne\u00adma da nam po\u00admog\u00adne. Bi\u00adli su op\u00ad\u0161ti\u00adna\u00adri, ob\u00adi\u00ad\u0161li na\u00adse\u00adlje ne\u00ad\u0161to fotografisali i oti\u00ad\u0161li. Re\u00adkli nam sa\u00admo da ni\u00adje bez\u00adbjed\u00adno da ov\u00addje bo\u00adra\u00advi\u00admo. Jed\u00adnu no\u0107 ov\u00addje ni\u00adsmo spa\u00adva\u00adli, ali smo se opet vra\u00adti\u00adli. Ne mo\u00ad\u017ee\u00admo sve ovo \u0161to smo go\u00addi\u00adna\u00adma sti\u00adca\u00adli i gra\u00addi\u00adli tek ta\u00adko da osta\u00advi\u00admo. Da nam ba\u00adrem ho\u00ad\u0107e pu\u00adte\u00adve po\u00adpra\u00advi\u00adti. Lju\u00addi bi se vra\u00adti\u00adli da spa\u00adsa\u00adva\u00adju \u0161to se spa\u00adsi\u00adti mo\u00ad\u017ee &#8211; pri\u00ad\u010da Ku\u00adzman, i pod\u00adsje\u00ad\u0107a da su mje\u00ad\u0161ta\u00adni svo\u00adje\u00advre\u00adme\u00adno sa\u00admi pra\u00advi\u00adli pu\u00adte\u00adve i do\u00advo\u00addi\u00adli stru\u00adju. Nje\u00adgo\u00adva su\u00adpru\u00adga Ne\u00adven\u00adka pri\u00adsta\u00adje da nam po\u00adka\u00ad\u017ee o\u0161te\u00ad\u0107e\u00adne ku\u00ad\u0107e u kom\u00ad\u0161i\u00adli\u00adku. Ob\u00adja\u00ad\u0161nja\u00adva nam gdje se \u0161ta na\u00adla\u00adzi\u00adlo i ka\u00adko je iz\u00adgle\u00adda\u00adlo pri\u00adje ak\u00adti\u00advi\u00adra\u00adnja kli\u00adzi\u00ad\u0161ta. Ka\u00ad\u017ee da se jo\u0161 uvi\u00adjek pla\u00ad\u0161i po\u00adnov\u00adnog kli\u00adza\u00adnja tla.<br \/>\n&#8211; Kad vi\u00addi\u00adte ku\u00ad\u0107u ko\u00adja se na\u00adkri\u00advi\u00adla i kra\u00adte\u00adre na sve stra\u00adne, ni\u00adje sve\u00adjed\u00adno za\u00adno\u00ad\u0107i\u00adti ov\u00addje. Ipak, na\u00advi\u00adka\u00adva\u00admo se ne\u00adka\u00adko. Isti\u00adna ima lju\u00addi ko\u00adji nas zo\u00advu da pre\u00adno\u00ad\u0107i\u00admo kod njih. Po\u00adli\u00adca\u00adjac Mir\u00adsad Ka\u00adra\u00adsta\u00adno\u00advi\u0107 sta\u00adlo nam nu\u00addi smje\u00ad\u0161taj. Kod nje\u00adga smo i bo\u00adra\u00advi\u00adli pr\u00advu no\u0107 ka\u00adda je bi\u00adlo naj\u00adstra\u00ad\u0161ni\u00adje. Ipak, od\u00adlu\u00ad\u010di\u00adli smo da bu\u00adde\u00admo ov\u00addje pa \u0161ta nam Bog da &#8211; ka\u00ad\u017ee Ne\u00adven\u00adka.<br \/>\nU raz\u00adgo\u00advor se uklju\u00ad\u010du\u00adje i Sa\u00advo Dri\u00adni\u0107, ta\u00adko\u00ad\u0111e iz No\u00advog Sa\u00adda. Do\u00ad\u0161ao je da po\u00admog\u00adne kom\u00ad\u0161i\u00adja\u00adma. Iako ve\u0107 u go\u00addi\u00adna\u00adma, za\u00adsu\u00adkao je ru\u00adka\u00adve i \u0161a\u00adlu\u00adje no\u00advi zid, jer je sta\u00adri ne\u00adpred\u00advi\u00addi\u00adva pri\u00adrod\u00adna si\u00adla u tre\u00adnu sru\u00ad\u0161i\u00adla pri\u00adje ne\u00addje\u00adlju da\u00adna. Dok od\u00adla\u00ad\u017ee alat po\u00adka\u00adzu\u00adje nam svo\u00adju vi\u00adken\u00addi\u00adcu ko\u00adja ni\u00adje o\u0161te\u00ad\u0107e\u00adna.<br \/>\n&#8211; Ja sam imao sre\u00ad\u0107e, ako se na\u00adkon sve\u00adga \u0161to se de\u00adsi\u00adlo,to mo\u00ad\u017ee ta\u00adko re\u00ad\u0107i. Ipak, ni\u00adsam si\u00adgu\u00adran da li bi ne\u00adko no\u00advo po\u00admje\u00adra\u00adnje tla za\u00adhva\u00adti\u00adlo moj obje\u00adkat. Ko to mo\u00ad\u017ee zna\u00adti. Sve je pro\u00adkli\u00adza\u00adlo kao na le\u00addu. Pri\u00adje de\u00adse\u00adtak da\u00adna sve je bi\u00adlo u re\u00addu. Bi\u00adlo je do\u00adsta lju\u00addi u ku\u00ad\u0107a\u00adma ali \u010dim se ze\u00admlji\u00ad\u0161te po\u00adkre\u00adnu\u00adlo ve\u00ad\u0107i\u00adna ih se sklo\u00adni\u00adla zbog bez\u00adbjed\u00adno\u00adsti. Ja sam ov\u00addje tride\u00adse\u00adtak go\u00addi\u00adna i do pri\u00adje dvi\u00adje go\u00addi\u00adne ni\u00adje bi\u00adlo sli\u010d\u00adnih pro\u00adble\u00adma. Mno\u00adgi ko\u00adji ov\u00addje ima\u00adju ku\u00ad\u0107e stal\u00adno nas zo\u00advu i in\u00adte\u00adre\u00adsu\u00adju se ka\u00adkva je si\u00adtu\u00ada\u00adci\u00adja. Ka\u00ad\u017eem im da se sta\u00adnje sta\u00adbi\u00adli\u00adzo\u00adva\u00adlo ali ne\u00adma stru\u00adje, pu\u00adte\u00advi su u pre\u00adki\u00addu, a ne\u00adma ni\u00adka\u00adkvih na\u00adzna\u00adka ho\u00ad\u0107e li nam ne\u00adko po\u00admo\u00ad\u0107i. Nad\u00adle\u00ad\u017eni iz Op\u00ad\u0161ti\u00adne ka\u00ad\u017eu da sa\u00adda ne mo\u00adgu ni\u00ad\u0161ta ura\u00addi\u00adti. Do\u00ad\u0111u sa\u00admo ka\u00adda tre\u00adba da na\u00adpla\u00adte po\u00adrez &#8211; ogor\u00ad\u010den je Dri\u00adni\u0107.<br \/>\nNa na\u00ad\u0161e pi\u00adta\u00adnje da li je, ka\u00adda je gra\u00addio ku\u00ad\u0107u, znao da je lo\u00adka\u00adli\u00adtet Kru\u00ad\u010da po\u00adten\u00adci\u00adjal\u00adno ero\u00adziv\u00adno pod\u00adru\u010d\u00adje, od\u00adma\u00adhu\u00adje gla\u00advom.<br \/>\n\u2013 Da sam znao si\u00adgur\u00adno ne bih ni\u00ad\u0161ta ov\u00addje gra\u00addio. Ni\u00adje znao ni\u00adko u to sam uvje\u00adren, jer ina\u00ad\u010de ne bi ni\u00adklo ovo\u00adli\u00adko na\u00adse\u00adlje &#8211; ka\u00adte\u00adgo\u00adri\u00ad\u010dan je Dri\u00adni\u0107.<br \/>\n<strong>M.Kne\u00ad\u017ee\u00advi\u0107<\/strong><\/p>\n<p><strong>Stru\u010d\u00adnja\u00adci zna\u00adli za kli\u00adzi\u00ad\u0161ta<\/strong><\/p>\n<p>Na\u00adse\u00adlje Kru\u00ad\u010de po\u00ad\u010de\u00adlo je da ni\u00ad\u010de jo\u0161 u pro\u00ad\u0161lom vi\u00adje\u00adku. Od\u00admah na\u00adkon ze\u00admljo\u00adtre\u00adsa 1979. go\u00addi\u00adne iz\u00adgra\u00ad\u0111e\u00adne su pr\u00adve vi\u00adken\u00addi\u00adce. Ka\u00adko su go\u00addi\u00adne pro\u00adla\u00adzi\u00adle nji\u00adhov broj se uve\u00ad\u0107a\u00advao. Mje\u00ad\u0161ta\u00adni su, ka\u00adko sa\u00adzna\u00adje\u00admo, sa\u00admi fi\u00adna\u00adsi\u00adra\u00adli grad\u00adnju uli\u00adca i pri\u00adstup\u00adnih pu\u00adte\u00adva, vo\u00addo\u00advo\u00adda, kao i uvo\u00ad\u0111e\u00adnje elek\u00adtri\u010d\u00adne enr\u00adgi\u00adje. Sve je ra\u00ad\u0111e\u00adno bez gra\u00ad\u0111e\u00advin\u00adskih do\u00adzvo\u00adla jer za taj dio op\u00ad\u0161ti\u00adne ne po\u00adsto\u00adji plan\u00adska do\u00adku\u00admen\u00adta\u00adci\u00adja. Me\u00ad\u0111u\u00adtim, ni\u00adje ja\u00adsno za\u00ad\u0161to nad\u00adle\u00ad\u017ene op\u00ad\u0161tin\u00adske vla\u00adsti ta\u00adda ni\u00adsu za\u00adu\u00adsta\u00advi\u00adle ne\u00addo\u00adzvo\u00adlje\u00adnu grad\u00adnju. Pri\u00adje sve\u00adga zbog \u010di\u00adnje\u00adni\u00adce da je na\u00adkon ze\u00admljo\u00adtre\u00adsa, stu\u00addi\u00adja ko\u00adja je ra\u00ad\u0111e\u00adna i \u010dak in\u00adkor\u00adpo\u00adri\u00adra\u00adna u GUP iz 1984. go\u00addi\u00adne, po\u00adka\u00adza\u00adla da u tom di\u00adje\u00adlu Op\u00ad\u0161ti\u00adne ne tre\u00adba pla\u00adni\u00adra\u00adti grad\u00adnju upra\u00advo zbog opa\u00adsno\u00adsti od po\u00adja\u00adve kli\u00adzi\u00ad\u0161ta. Ono \u0161to su ta\u00adda utvr\u00addi\u00adli stru\u010d\u00adnja\u00adci do\u00adne\u00adkle su zna\u00adli i sta\u00adri\u00adji Ul\u00adci\u00adnja\u00adni. Na tom pod\u00adru\u010d\u00adju po\u00adsto\u00adji do\u00adsta pod\u00adzem\u00adnih vo\u00adda, od ko\u00adjih ne\u00adke iz\u00advi\u00adru u mo\u00adru is\u00adpod na\u00adse\u00adlja. Ta \u010di\u00adnje\u00adni\u00adca po\u00adzna\u00adta je po\u00adseb\u00adno ri\u00adba\u00adri\u00adma i ro\u00adni\u00ado\u00adci\u00adma.<\/p>\n<p><strong>\u0110e\u00adka: Ne mo\u00ad\u017ee se ni\u00ad\u0161ta pred\u00adu\u00adze\u00adti dok se tlo ne is\u00adpi\u00adta<\/strong><\/p>\n<p>Pred\u00adsjed\u00adnik op\u00ad\u0161ti\u00adne Fat\u00admir \u0110e\u00adka iz\u00adja\u00advio je ju\u00ad\u010de za \u201eDan\u201c da lo\u00adkal\u00adna upra\u00adva pra\u00adti si\u00adtu\u00ada\u00adci\u00adju u na\u00adse\u00adlju Kru\u00ad\u010de ali da ne\u00ad\u0107e bi\u00adti ni\u00adka\u00adkvih in\u00adter\u00adven\u00adci\u00adja dok se ne oba\u00advi is\u00adpi\u00adti\u00adva\u00adnje tla i utvr\u00addi da li je na tom pod\u00adru\u010d\u00adju bez\u00adbjed\u00adno iz\u00advo\u00ad\u0111e\u00adnje bi\u00adlo ka\u00adkvih sa\u00adna\u00adci\u00ado\u00adnih ra\u00addo\u00adva.<br \/>\n\u2013 Bi\u00adlo bi neo\u00adzbilj\u00adno da pred\u00adu\u00adzi\u00adma\u00admo bi\u00adlo ka\u00adka\u00adve rad\u00adnje bez kva\u00adli\u00adtet\u00adne stru\u010d\u00adne ana\u00adli\u00adze. Pot\u00adpu\u00adno ra\u00adzu\u00admi\u00adje\u00admo po\u00adtre\u00adbe lju\u00addi ko\u00adji ta\u00admo ima\u00adju imo\u00advi\u00adnu ali mo\u00adra\u00admo sa\u00ad\u010de\u00adka\u00adti ri\u00adje\u010d stru\u010d\u00adnja\u00adka. Na to\u00adme se ra\u00addi, a ka\u00adda bu\u00adde\u00admo ima\u00adli sve in\u00adfor\u00adma\u00adci\u00adje mo\u00ad\u0107i \u0107e\u00admo ne\u00ad\u0161to kon\u00adkret\u00adni\u00adje re\u00ad\u0107i. Za\u00adsad smo ob\u00adi\u00ad\u0161li to pod\u00adru\u010d\u00adje i pri\u00adku\u00adpi\u00adli po\u00addat\u00adke o o\u0161te\u00ad\u0107e\u00adnim objek\u00adti\u00adma. \u0160te\u00adta je sva\u00adka\u00adko ve\u00adli\u00adka. Sa\u00advje\u00adtu\u00adjem mje\u00ad\u0161ta\u00adni\u00adma i vla\u00adsni\u00adci\u00adma ku\u00ad\u0107a da se ne iz\u00adla\u00ad\u017eu opa\u00adsno\u00adsti i da ne bo\u00adra\u00adve u o\u0161te\u00ad\u0107e\u00adnim objek\u00adti\u00adma. Imo\u00advi\u00adna je\u00adste va\u00ad\u017ena i vri\u00adjed\u00adna, ali naj\u00adva\u00ad\u017eni\u00adji su ljud\u00adski \u017ei\u00advo\u00adti \u2013 po\u00adru\u00ad\u010dio je \u0110e\u00adka. <\/span><\/p>\n<p><strong>Izvor: DAN<\/strong><\/p>\n<!--YouTube Error: bad URL entered-->\n<p class=\"no-image\"><strong>Klizi\u0161ta ugro\u017eavaju ku\u0107e na podru\u010dju Ulcinja<\/strong><\/p>\n<p class=\"standfirst\">Kru\u010de kod Ulcinja je vikend-naselje od 60-ak ku\u0107a, a polovinu je o\u0161tetilo klizi\u0161te, pa su \u017eitelji napustili objekte.<\/p>\n<p>U Crnoj Gori i dalje je za saobra\u0107aj zatvoren dio Jadranske magistrale, jer je na putu\u00a0Budva &#8211; Cetinje, kod mjesta Lap\u010di\u0107, do\u0161lo do pucanja asfalta nakon aktiviranja <a href=\"http:\/\/balkans.aljazeera.net\/tag\/klizista\" target=\"_blank\">klizi\u0161ta<\/a>. Put je o\u0161te\u0107en u du\u017eini od 100 metara, a pukotine su duboke vi\u0161e od jednog metra. U op\u0161tini Budva ka\u017eu da \u0107e sanacija trajati nekoliko mjeseci.<\/p>\n<p>Istovremeno, u naselju Kru\u010de kod Ulcinja nevrijeme je prije dva dana aktiviralo klizi\u0161te, koje je o\u0161tetilo 30-ak ku\u0107a. Sanacija jo\u0161 nije po\u010dela, jer se \u010dekaju rezultati ispitivanja bezbjednosti tla.<\/p>\n<p>Kada se prije \u010detiri godine iz Amerike doselio na jug Crnogorske obale, Aleksandar Ignatenko nije ni slutio da \u0107e \u017eivjeti na klizi\u0161tu. Ku\u0107a njegovog prvog kom\u0161ije sru\u0161ila se nakon \u0161to su velike ki\u0161e dovele do pucanja tla.<\/p>\n<p>&#8220;Mi smo u Bo\u017ejim rukama. On \u0161ta god bude htio uradi\u0107e i ne\u0107e nas pitati. Opasnost jeste velika, ali kako ja to vidim &#8211; za sada je iza nas&#8221;, ka\u017ee Ignatenko.<\/p>\n<p><strong>Polovinu ku\u0107a o\u0161tetila klizi\u0161ta<\/strong><\/p>\n<p>Kru\u010de je vikend-naselje od 60-ak ku\u0107a u op\u0161tini Ulcinj. Polovinu je o\u0161tetilo klizi\u0161te, a tri porodice koje tu stalno \u017eive napustile su svoje domove.<\/p>\n<p>&#8220;Sa problemom klizi\u0161ta u Kru\u010dama vlasnici ku\u0107a suo\u010davaju se ve\u0107 godinama. Me\u0111utim, ovo je prvi put da je do\u0161lo do potpunog uni\u0161tenja objekata, pa postoje ku\u0107e u kojima se vi\u0161e ne\u0107e mo\u0107i \u017eivjeti&#8221;, javlja Al Jazeerina reporterka Milica Marinovi\u0107.<\/p>\n<p>Objekti nemaju gra\u0111evinske dozvole, a op\u0161tina Ulcinj nalazi se na vrhu crnogorske liste po divljoj gradnji, sa 5.000 do 7.000 nelegalnih objekata. Prije sanacije toga podru\u010dja \u010dekaju se rezultati ispitivanja tla.<\/p>\n<p>&#8220;Kao lokalna vlast anga\u017eovali smo sve, prekinuta je struja i ovo stanovni\u0161tvo definitivno ne smije pri\u0107i dok se ne smiri ovo tlo i dr\u017eavni organi ka\u017eu posljednju rije\u010d&#8221;, ka\u017ee Saubih Mehmeti, \u0161ef Komunalne policije u Ulcinju.<\/p>\n<p>&#8220;\u010cim budemo imali izvje\u0161taj sa terena i ako je veoma opasno da se ti ljudi iseljavaju, da se rje\u0161ava taj problem i da vidimo mo\u017eda mo\u017ee da bude jo\u0161 neko naselje kao Kru\u010de, samo da vidimo u budu\u0107nosti kako \u0107e da bude&#8221;, najavljuje Fatmir Gjeka, predsjednik ulcinjske Op\u0161tine.<\/p>\n<p>Ovo je prvi put da je klizi\u0161te ozbiljnije ugrozilo ku\u0107e, ali u doba velikih ki\u0161a godinama dolazi do o\u0161te\u0107enja magistralnog put izme\u0111u Bara i Ulcinja na ovom podru\u010dju. U posljednju sanaciju, koja jo\u0161 traje, ulo\u017eeno je pola miliona eura.<\/p>\n<p><strong>Izvor: Al Jazeera<\/strong><\/p>\n<p class=\"standfirst\">\n","protected":false},"excerpt":{"rendered":"<p>UL\u00adCINj &#8211; Na\u00adse\u00adlje Kru\u00ad\u010de, u ko\u00adme je na\u00adkon obil\u00adnih pa\u00adda\u00advi\u00adna pri\u00adje de\u00adse\u00adtak da\u00adna pro\u00adra\u00addi\u00adlo ne\u00adza\u00adpam\u00ad\u0107e\u00adno kli\u00adzi\u00ad\u0161te, jo\u0161 uvi\u00adjek je ne\u00adsta\u00adbil\u00adno pod\u00adru\u010d\u00adje u ko\u00adme je ba\u00adrem za\u00adsad nor\u00adma\u00adlan \u017ei\u00advot prak\u00adti\u010d\u00adno ne\u00admo\u00adgu\u0107. U to se uvje\u00adri\u00adla i eki\u00adpa \u201eDa\u00adna\u201c ko\u00adja je ju\u00ad\u010de po\u00adsje\u00adti\u00adla ne\u00adka\u00adda vr\u00adlo ak\u00adtrak\u00adtiv\u00adnu vi\u00adkend lo\u00adka\u00adci\u00adju na sa\u00admoj gra\u00adni\u00adci iz\u00adme\u00ad\u0111u op\u00ad\u0161ti\u00adna Bar i Ul\u00adcinj. Mje\u00adsto [&hellip;]<\/p>\n","protected":false},"author":1,"featured_media":0,"comment_status":"closed","ping_status":"closed","sticky":false,"template":"","format":"standard","meta":{"spay_email":"","jetpack_publicize_message":"","jetpack_is_tweetstorm":false,"jetpack_publicize_feature_enabled":true},"categories":[8337],"tags":[],"jetpack_publicize_connections":[],"yoast_head":"<!-- This site is optimized with the Yoast SEO plugin v19.1 - https:\/\/yoast.com\/wordpress\/plugins\/seo\/ -->\n<title>Na\u00adse\u00adlje Kru\u00ad\u010de klizi prema moru - Video - Lajme nga Ulqini<\/title>\n<meta name=\"description\" content=\"UL\u00adCINj - Na\u00adse\u00adlje Kru\u00ad\u010de, u ko\u00adme je na\u00adkon obil\u00adnih pa\u00adda\u00advi\u00adna pri\u00adje de\u00adse\u00adtak da\u00adna pro\u00adra\u00addi\u00adlo ne\u00adza\u00adpam\u00ad\u0107e\u00adno kli\u00adzi\u00ad\u0161te, jo\u0161 uvi\u00adjek je\" \/>\n<meta name=\"robots\" content=\"index, follow, max-snippet:-1, max-image-preview:large, max-video-preview:-1\" \/>\n<link rel=\"canonical\" href=\"https:\/\/www.visit-ulcinj.com\/blog\/2015\/03\/15\/na\u00adse\u00adlje-kru\u00adce-klizi-prema-moru-video\/\" \/>\n<meta property=\"og:locale\" content=\"en_US\" \/>\n<meta property=\"og:type\" content=\"article\" \/>\n<meta property=\"og:title\" content=\"Na\u00adse\u00adlje Kru\u00ad\u010de klizi prema moru - Video - Lajme nga Ulqini\" \/>\n<meta property=\"og:description\" content=\"UL\u00adCINj - Na\u00adse\u00adlje Kru\u00ad\u010de, u ko\u00adme je na\u00adkon obil\u00adnih pa\u00adda\u00advi\u00adna pri\u00adje de\u00adse\u00adtak da\u00adna pro\u00adra\u00addi\u00adlo ne\u00adza\u00adpam\u00ad\u0107e\u00adno kli\u00adzi\u00ad\u0161te, jo\u0161 uvi\u00adjek je\" \/>\n<meta property=\"og:url\" content=\"https:\/\/www.visit-ulcinj.com\/blog\/2015\/03\/15\/na\u00adse\u00adlje-kru\u00adce-klizi-prema-moru-video\/\" \/>\n<meta property=\"og:site_name\" content=\"Lajme nga Ulqini\" \/>\n<meta property=\"article:published_time\" content=\"2015-03-15T17:59:00+00:00\" \/>\n<meta property=\"og:image\" content=\"http:\/\/www.visit-ulcinj.com\/blog\/wp-content\/uploads\/2015\/03\/Naselje-Kruce-klizi-prema-moru.jpg\" \/>\n<meta name=\"twitter:label1\" content=\"Written by\" \/>\n\t<meta name=\"twitter:data1\" content=\"ulqini\" \/>\n\t<meta name=\"twitter:label2\" content=\"Est. reading time\" \/>\n\t<meta name=\"twitter:data2\" content=\"13 minutes\" \/>\n<script type=\"application\/ld+json\" class=\"yoast-schema-graph\">{\"@context\":\"https:\/\/schema.org\",\"@graph\":[{\"@type\":\"WebSite\",\"@id\":\"https:\/\/www.visit-ulcinj.com\/blog\/#website\",\"url\":\"https:\/\/www.visit-ulcinj.com\/blog\/\",\"name\":\"Lajme nga Ulqini\",\"description\":\"Lajme,Vijesti,Ulqini,Ulqin,Crna Gora,Mali i Zi\",\"potentialAction\":[{\"@type\":\"SearchAction\",\"target\":{\"@type\":\"EntryPoint\",\"urlTemplate\":\"https:\/\/www.visit-ulcinj.com\/blog\/?s={search_term_string}\"},\"query-input\":\"required name=search_term_string\"}],\"inLanguage\":\"en-US\"},{\"@type\":\"ImageObject\",\"inLanguage\":\"en-US\",\"@id\":\"https:\/\/www.visit-ulcinj.com\/blog\/2015\/03\/15\/na%c2%adse%c2%adlje-kru%c2%adce-klizi-prema-moru-video\/#primaryimage\",\"url\":\"https:\/\/www.visit-ulcinj.com\/blog\/wp-content\/uploads\/2015\/03\/Naselje-Kruce-klizi-prema-moru.jpg\",\"contentUrl\":\"https:\/\/www.visit-ulcinj.com\/blog\/wp-content\/uploads\/2015\/03\/Naselje-Kruce-klizi-prema-moru.jpg\",\"width\":900,\"height\":506},{\"@type\":\"WebPage\",\"@id\":\"https:\/\/www.visit-ulcinj.com\/blog\/2015\/03\/15\/na%c2%adse%c2%adlje-kru%c2%adce-klizi-prema-moru-video\/#webpage\",\"url\":\"https:\/\/www.visit-ulcinj.com\/blog\/2015\/03\/15\/na%c2%adse%c2%adlje-kru%c2%adce-klizi-prema-moru-video\/\",\"name\":\"Na\u00adse\u00adlje Kru\u00ad\u010de klizi prema moru - Video - Lajme nga Ulqini\",\"isPartOf\":{\"@id\":\"https:\/\/www.visit-ulcinj.com\/blog\/#website\"},\"primaryImageOfPage\":{\"@id\":\"https:\/\/www.visit-ulcinj.com\/blog\/2015\/03\/15\/na%c2%adse%c2%adlje-kru%c2%adce-klizi-prema-moru-video\/#primaryimage\"},\"datePublished\":\"2015-03-15T17:59:00+00:00\",\"dateModified\":\"2015-03-15T17:59:00+00:00\",\"author\":{\"@id\":\"https:\/\/www.visit-ulcinj.com\/blog\/#\/schema\/person\/dcab619c614d3038751c63bc2aadc06d\"},\"description\":\"UL\u00adCINj - Na\u00adse\u00adlje Kru\u00ad\u010de, u ko\u00adme je na\u00adkon obil\u00adnih pa\u00adda\u00advi\u00adna pri\u00adje de\u00adse\u00adtak da\u00adna pro\u00adra\u00addi\u00adlo ne\u00adza\u00adpam\u00ad\u0107e\u00adno kli\u00adzi\u00ad\u0161te, jo\u0161 uvi\u00adjek je\",\"breadcrumb\":{\"@id\":\"https:\/\/www.visit-ulcinj.com\/blog\/2015\/03\/15\/na%c2%adse%c2%adlje-kru%c2%adce-klizi-prema-moru-video\/#breadcrumb\"},\"inLanguage\":\"en-US\",\"potentialAction\":[{\"@type\":\"ReadAction\",\"target\":[\"https:\/\/www.visit-ulcinj.com\/blog\/2015\/03\/15\/na%c2%adse%c2%adlje-kru%c2%adce-klizi-prema-moru-video\/\"]}]},{\"@type\":\"BreadcrumbList\",\"@id\":\"https:\/\/www.visit-ulcinj.com\/blog\/2015\/03\/15\/na%c2%adse%c2%adlje-kru%c2%adce-klizi-prema-moru-video\/#breadcrumb\",\"itemListElement\":[{\"@type\":\"ListItem\",\"position\":1,\"name\":\"Na\u00adse\u00adlje Kru\u00ad\u010de klizi prema moru &#8211; Video\"}]},{\"@type\":\"Person\",\"@id\":\"https:\/\/www.visit-ulcinj.com\/blog\/#\/schema\/person\/dcab619c614d3038751c63bc2aadc06d\",\"name\":\"ulqini\",\"sameAs\":[\"http:\/\/www.visit-ulcinj.com\"],\"url\":\"https:\/\/www.visit-ulcinj.com\/blog\/author\/admin\/\"}]}<\/script>\n<!-- \/ Yoast SEO plugin. -->","yoast_head_json":{"title":"Na\u00adse\u00adlje Kru\u00ad\u010de klizi prema moru - Video - Lajme nga Ulqini","description":"UL\u00adCINj - Na\u00adse\u00adlje Kru\u00ad\u010de, u ko\u00adme je na\u00adkon obil\u00adnih pa\u00adda\u00advi\u00adna pri\u00adje de\u00adse\u00adtak da\u00adna pro\u00adra\u00addi\u00adlo ne\u00adza\u00adpam\u00ad\u0107e\u00adno kli\u00adzi\u00ad\u0161te, jo\u0161 uvi\u00adjek je","robots":{"index":"index","follow":"follow","max-snippet":"max-snippet:-1","max-image-preview":"max-image-preview:large","max-video-preview":"max-video-preview:-1"},"canonical":"https:\/\/www.visit-ulcinj.com\/blog\/2015\/03\/15\/na\u00adse\u00adlje-kru\u00adce-klizi-prema-moru-video\/","og_locale":"en_US","og_type":"article","og_title":"Na\u00adse\u00adlje Kru\u00ad\u010de klizi prema moru - Video - Lajme nga Ulqini","og_description":"UL\u00adCINj - Na\u00adse\u00adlje Kru\u00ad\u010de, u ko\u00adme je na\u00adkon obil\u00adnih pa\u00adda\u00advi\u00adna pri\u00adje de\u00adse\u00adtak da\u00adna pro\u00adra\u00addi\u00adlo ne\u00adza\u00adpam\u00ad\u0107e\u00adno kli\u00adzi\u00ad\u0161te, jo\u0161 uvi\u00adjek je","og_url":"https:\/\/www.visit-ulcinj.com\/blog\/2015\/03\/15\/na\u00adse\u00adlje-kru\u00adce-klizi-prema-moru-video\/","og_site_name":"Lajme nga Ulqini","article_published_time":"2015-03-15T17:59:00+00:00","og_image":[{"url":"http:\/\/www.visit-ulcinj.com\/blog\/wp-content\/uploads\/2015\/03\/Naselje-Kruce-klizi-prema-moru.jpg"}],"twitter_misc":{"Written by":"ulqini","Est. reading time":"13 minutes"},"schema":{"@context":"https:\/\/schema.org","@graph":[{"@type":"WebSite","@id":"https:\/\/www.visit-ulcinj.com\/blog\/#website","url":"https:\/\/www.visit-ulcinj.com\/blog\/","name":"Lajme nga Ulqini","description":"Lajme,Vijesti,Ulqini,Ulqin,Crna Gora,Mali i Zi","potentialAction":[{"@type":"SearchAction","target":{"@type":"EntryPoint","urlTemplate":"https:\/\/www.visit-ulcinj.com\/blog\/?s={search_term_string}"},"query-input":"required name=search_term_string"}],"inLanguage":"en-US"},{"@type":"ImageObject","inLanguage":"en-US","@id":"https:\/\/www.visit-ulcinj.com\/blog\/2015\/03\/15\/na%c2%adse%c2%adlje-kru%c2%adce-klizi-prema-moru-video\/#primaryimage","url":"https:\/\/www.visit-ulcinj.com\/blog\/wp-content\/uploads\/2015\/03\/Naselje-Kruce-klizi-prema-moru.jpg","contentUrl":"https:\/\/www.visit-ulcinj.com\/blog\/wp-content\/uploads\/2015\/03\/Naselje-Kruce-klizi-prema-moru.jpg","width":900,"height":506},{"@type":"WebPage","@id":"https:\/\/www.visit-ulcinj.com\/blog\/2015\/03\/15\/na%c2%adse%c2%adlje-kru%c2%adce-klizi-prema-moru-video\/#webpage","url":"https:\/\/www.visit-ulcinj.com\/blog\/2015\/03\/15\/na%c2%adse%c2%adlje-kru%c2%adce-klizi-prema-moru-video\/","name":"Na\u00adse\u00adlje Kru\u00ad\u010de klizi prema moru - Video - Lajme nga Ulqini","isPartOf":{"@id":"https:\/\/www.visit-ulcinj.com\/blog\/#website"},"primaryImageOfPage":{"@id":"https:\/\/www.visit-ulcinj.com\/blog\/2015\/03\/15\/na%c2%adse%c2%adlje-kru%c2%adce-klizi-prema-moru-video\/#primaryimage"},"datePublished":"2015-03-15T17:59:00+00:00","dateModified":"2015-03-15T17:59:00+00:00","author":{"@id":"https:\/\/www.visit-ulcinj.com\/blog\/#\/schema\/person\/dcab619c614d3038751c63bc2aadc06d"},"description":"UL\u00adCINj - Na\u00adse\u00adlje Kru\u00ad\u010de, u ko\u00adme je na\u00adkon obil\u00adnih pa\u00adda\u00advi\u00adna pri\u00adje de\u00adse\u00adtak da\u00adna pro\u00adra\u00addi\u00adlo ne\u00adza\u00adpam\u00ad\u0107e\u00adno kli\u00adzi\u00ad\u0161te, jo\u0161 uvi\u00adjek je","breadcrumb":{"@id":"https:\/\/www.visit-ulcinj.com\/blog\/2015\/03\/15\/na%c2%adse%c2%adlje-kru%c2%adce-klizi-prema-moru-video\/#breadcrumb"},"inLanguage":"en-US","potentialAction":[{"@type":"ReadAction","target":["https:\/\/www.visit-ulcinj.com\/blog\/2015\/03\/15\/na%c2%adse%c2%adlje-kru%c2%adce-klizi-prema-moru-video\/"]}]},{"@type":"BreadcrumbList","@id":"https:\/\/www.visit-ulcinj.com\/blog\/2015\/03\/15\/na%c2%adse%c2%adlje-kru%c2%adce-klizi-prema-moru-video\/#breadcrumb","itemListElement":[{"@type":"ListItem","position":1,"name":"Na\u00adse\u00adlje Kru\u00ad\u010de klizi prema moru &#8211; Video"}]},{"@type":"Person","@id":"https:\/\/www.visit-ulcinj.com\/blog\/#\/schema\/person\/dcab619c614d3038751c63bc2aadc06d","name":"ulqini","sameAs":["http:\/\/www.visit-ulcinj.com"],"url":"https:\/\/www.visit-ulcinj.com\/blog\/author\/admin\/"}]}},"jetpack_featured_media_url":"","jetpack_sharing_enabled":true,"jetpack_shortlink":"https:\/\/wp.me\/pe6lTn-nfC","_links":{"self":[{"href":"https:\/\/www.visit-ulcinj.com\/blog\/wp-json\/wp\/v2\/posts\/89380"}],"collection":[{"href":"https:\/\/www.visit-ulcinj.com\/blog\/wp-json\/wp\/v2\/posts"}],"about":[{"href":"https:\/\/www.visit-ulcinj.com\/blog\/wp-json\/wp\/v2\/types\/post"}],"author":[{"embeddable":true,"href":"https:\/\/www.visit-ulcinj.com\/blog\/wp-json\/wp\/v2\/users\/1"}],"replies":[{"embeddable":true,"href":"https:\/\/www.visit-ulcinj.com\/blog\/wp-json\/wp\/v2\/comments?post=89380"}],"version-history":[{"count":1,"href":"https:\/\/www.visit-ulcinj.com\/blog\/wp-json\/wp\/v2\/posts\/89380\/revisions"}],"predecessor-version":[{"id":89382,"href":"https:\/\/www.visit-ulcinj.com\/blog\/wp-json\/wp\/v2\/posts\/89380\/revisions\/89382"}],"wp:attachment":[{"href":"https:\/\/www.visit-ulcinj.com\/blog\/wp-json\/wp\/v2\/media?parent=89380"}],"wp:term":[{"taxonomy":"category","embeddable":true,"href":"https:\/\/www.visit-ulcinj.com\/blog\/wp-json\/wp\/v2\/categories?post=89380"},{"taxonomy":"post_tag","embeddable":true,"href":"https:\/\/www.visit-ulcinj.com\/blog\/wp-json\/wp\/v2\/tags?post=89380"}],"curies":[{"name":"wp","href":"https:\/\/api.w.org\/{rel}","templated":true}]}}