{"id":89383,"date":"2015-03-15T19:28:50","date_gmt":"2015-03-15T18:28:50","guid":{"rendered":"http:\/\/www.visit-ulcinj.com\/blog\/?p=89383"},"modified":"2015-03-15T19:28:50","modified_gmt":"2015-03-15T18:28:50","slug":"protest-protiv-naftnih-platformi-u-jadranu-video","status":"publish","type":"post","link":"https:\/\/www.visit-ulcinj.com\/blog\/2015\/03\/15\/protest-protiv-naftnih-platformi-u-jadranu-video\/","title":{"rendered":"Protest protiv naftnih platformi u Jadranu  &#8211; Video"},"content":{"rendered":"<p class=\"standfirst\"><strong><a href=\"http:\/\/www.visit-ulcinj.com\/blog\/wp-content\/uploads\/2015\/03\/Protiv-nafte-Bar-Ulcinj-Budva.jpg\"><img loading=\"lazy\" class=\"alignleft wp-image-89384\" src=\"http:\/\/www.visit-ulcinj.com\/blog\/wp-content\/uploads\/2015\/03\/Protiv-nafte-Bar-Ulcinj-Budva.jpg\" alt=\"Protiv-nafte-Bar-Ulcinj-Budva\" width=\"508\" height=\"317\" srcset=\"https:\/\/www.visit-ulcinj.com\/blog\/wp-content\/uploads\/2015\/03\/Protiv-nafte-Bar-Ulcinj-Budva.jpg 650w, https:\/\/www.visit-ulcinj.com\/blog\/wp-content\/uploads\/2015\/03\/Protiv-nafte-Bar-Ulcinj-Budva-300x187.jpg 300w\" sizes=\"(max-width: 508px) 100vw, 508px\" \/><\/a>U Budvi se odr\u017eava Jadranski samit o nafti i gasu, a ekolo\u0161ke organizacije tra\u017ee iz Crne Gore i Hrvatske poni\u0161tavanje tendera o istra\u017eivanju nafte i gasa.<\/strong><\/p>\n<p>U Budvi se odr\u017eava prvi Jadranski samit o nafti i gasu koji treba da prika\u017ee mogu\u0107nosti i izazove u toj oblasti, sa posebnim akcentom na Crnu Goru, Hrvatsku i Albaniju.<\/p>\n<p>Skupu prisustvuju i predstavnici naftne industrije Evrope i svijeta, koje vlade te tri dr\u017eave \u017eele da upoznaju sa onim \u0161to Balkan ima da ponudi.<\/p>\n<p>Ekolo\u0161ke organizacije iz Crne Gore i Hrvatske protestovale su ispred mjesta odr\u017eavanja skupa, tra\u017ee\u0107i da se tenderi za istra\u017eivanje nafte i gasa na Jadranu poni\u0161te jer nisu transparentni i ozbiljno ugro\u017eavaju \u017eivotnu sredinu, turizam i ribarstvo.<\/p>\n<p>Tender za istra\u017eivanje nafte i gasa u crnogorskom podmorju je zavr\u0161en, ponude dostavljene i ostalo je da se dr\u017eava izjasni o njima.<\/p>\n<p>Ekolo\u0161ke organizacije smatraju da \u0107e to uni\u0161titi divlju lepotu &#8211; brend dr\u017eave koja \u017eivi od turizma.<\/p>\n<p><strong>Ribari i ugostitelji zabrinuti<\/strong><\/p>\n<p>Za Dragoljuba Bajkovi\u0107a iz Bara, grada na jugu crnogorske obale, more i riba su \u017eivot i glavni izvor prihoda.<\/p>\n<p>Prije pet godina vozio je ekspediciju koja je istra\u017eivala lokalno podmorje zbog seizmi\u010dkih aktivnosti, ali i nafte i gasa. Da je znao do \u010dega \u0107e to dovesti, ka\u017ee &#8211; ne bi vozio.<\/p>\n<p>&#8220;To su ure\u0111aji koji vuku sondu za sobom i svakih 10-20 sekundi ispaljuju eksploziju preko zraka, i sva ta eksplozija je preko tri hiljade bara koja sigurno mnogo \u0161teti i uti\u010de na ribu. Ja u tom trenutku nisam ni razmi\u0161ljao o tome da je toliko \u0161tetno ,ali u narednih godinu-dvije mi nismo mogli slabo ribe da ulovimo. Uzrok je bio to&#8221;, rekao je Bajkovi\u0107.<\/p>\n<p>Crna Gora svrstala se u red zemalja Jadrana u potrazi za crnim zlatom. No, osim ribara, sve to brine i ugostitelje &#8211; posebno ideja da turisti umjesto plave pu\u010dine gledaju naftne platforme.<\/p>\n<p>&#8220;Bolje bi bilo da su daleko i da se ne vide, jer u svakom slu\u010daju nisu lijepe i ne doprinose turizmu, ali ako je neka enormna korist i ako se to bude radilo po standardima i za javni interes, onda ne\u0107e biti nikakvih problema. Samo se bojim da neka, bolje da ne pri\u010dam, interesna grupa ne zloupotrijebi to za neke kratkoro\u010dne dobiti&#8221;, rekao je ugostitelj Milo Obradovi\u0107.<\/p>\n<p>Na jugu Crne Gore za naftom se tragalo jo\u0161 sedamdesetih i osamdesetih godina pro\u0161log vijeka &#8211; bez rezultata.<\/p>\n<p>Novim tenderom za istra\u017eivanje ponu\u0111eno je vi\u0161e od tri hiljade kvadratnih kilometara podmorja.<\/p>\n<p><strong>Ekolozi tra\u017ee referendum<\/strong><\/p>\n<p>&#8220;Ukoliko bi se u crnogorskom podmorju prona\u0161li nafta i gas, ekolo\u0161ke organizacije ka\u017eu da bi upravo op\u0161tina Bar, ali i susjedna op\u0161tina Ulcinj bile najugro\u017eenije. Tvrde da iako toga nigdje nema u dokumentima, da bi naftne platforme bile postavljene na svega nekoliko kilometara od obale&#8221;, javlja reporterka Al Jazeere Milica Marinovi\u0107.<\/p>\n<p>U Hrvatskoj je granica istra\u017eivanja 10 kilometara. Sve to bi, smatraju, imalo poguban utjecaj na \u017eivotnu sredinu i brend ekolo\u0161ke drzave.<\/p>\n<p>&#8220;Tokom bu\u0161enja za istra\u017eivanja dolazi do curenja nafte ukoliko se prona\u0111e, radi se o mrljama koje je poslije vrlo te\u0161ko prikupiti, posebno ako znamo da u na\u0161oj dr\u017eavi ne postoji obu\u010deni kadar, odgovaraju\u0107a oprema&#8221;, ka\u017ee Nata\u0161a Kova\u010devi\u0107 iz nevladine organizacije Green Home.<\/p>\n<p>Dok ekolozi tra\u017ee poni\u0161tavanje tendera i organizovanje referenduma o ovom pitanju, dr\u017eava u istra\u017eivanju ne vidi nikakav problem.<\/p>\n<p>&#8220;Svi pripremni i istra\u017eni radovi, a daj Bo\u017ee sjutra i eksploatacija, su ura\u0111eni sa najve\u0107im ekolo\u0161kim standardima i projekcije koje smo dosad imali govore da ono \u0161to su ambicije Crne Gore u drugom sektoru turizma ne\u0107e biti ugro\u017eene&#8221; , rekao je Vujica Lazovi\u0107, potpredsjednik Vlade Crne Gore.<\/p>\n<p>Za 13 tzv. blokova za istra\u017eivanje crnogorskog podmorja prijavila su se tri konzorcijuma.<\/p>\n<p>Odluku kome \u0107e ih dati, Vlada Crne Gore treba da obznani ovog mjeseca.<\/p>\n<p><strong>Izvor: Al Jazeera<\/strong><\/p>\n<!--YouTube Error: bad URL entered-->\n<p class=\"standfirst\">\n","protected":false},"excerpt":{"rendered":"<p>U Budvi se odr\u017eava Jadranski samit o nafti i gasu, a ekolo\u0161ke organizacije tra\u017ee iz Crne Gore i Hrvatske poni\u0161tavanje tendera o istra\u017eivanju nafte i gasa. U Budvi se odr\u017eava prvi Jadranski samit o nafti i gasu koji treba da prika\u017ee mogu\u0107nosti i izazove u toj oblasti, sa posebnim akcentom na Crnu Goru, Hrvatsku i [&hellip;]<\/p>\n","protected":false},"author":1,"featured_media":0,"comment_status":"closed","ping_status":"closed","sticky":false,"template":"","format":"standard","meta":{"spay_email":"","jetpack_publicize_message":"","jetpack_is_tweetstorm":false,"jetpack_publicize_feature_enabled":true},"categories":[6950],"tags":[],"jetpack_publicize_connections":[],"yoast_head":"<!-- This site is optimized with the Yoast SEO plugin v19.1 - https:\/\/yoast.com\/wordpress\/plugins\/seo\/ -->\n<title>Protest protiv naftnih platformi u Jadranu - Video - Lajme nga Ulqini<\/title>\n<meta name=\"description\" content=\"U Budvi se odr\u017eava Jadranski samit o nafti i gasu, a ekolo\u0161ke organizacije tra\u017ee iz Crne Gore i Hrvatske poni\u0161tavanje tendera o istra\u017eivanju nafte i gasa.\" \/>\n<meta name=\"robots\" content=\"index, follow, max-snippet:-1, max-image-preview:large, max-video-preview:-1\" \/>\n<link rel=\"canonical\" href=\"https:\/\/www.visit-ulcinj.com\/blog\/2015\/03\/15\/protest-protiv-naftnih-platformi-u-jadranu-video\/\" \/>\n<meta property=\"og:locale\" content=\"en_US\" \/>\n<meta property=\"og:type\" content=\"article\" \/>\n<meta property=\"og:title\" content=\"Protest protiv naftnih platformi u Jadranu - Video - Lajme nga Ulqini\" \/>\n<meta property=\"og:description\" content=\"U Budvi se odr\u017eava Jadranski samit o nafti i gasu, a ekolo\u0161ke organizacije tra\u017ee iz Crne Gore i Hrvatske poni\u0161tavanje tendera o istra\u017eivanju nafte i gasa.\" \/>\n<meta property=\"og:url\" content=\"https:\/\/www.visit-ulcinj.com\/blog\/2015\/03\/15\/protest-protiv-naftnih-platformi-u-jadranu-video\/\" \/>\n<meta property=\"og:site_name\" content=\"Lajme nga Ulqini\" \/>\n<meta property=\"article:published_time\" content=\"2015-03-15T18:28:50+00:00\" \/>\n<meta property=\"og:image\" content=\"http:\/\/www.visit-ulcinj.com\/blog\/wp-content\/uploads\/2015\/03\/Protiv-nafte-Bar-Ulcinj-Budva.jpg\" \/>\n<meta name=\"twitter:label1\" content=\"Written by\" \/>\n\t<meta name=\"twitter:data1\" content=\"ulqini\" \/>\n\t<meta name=\"twitter:label2\" content=\"Est. reading time\" \/>\n\t<meta name=\"twitter:data2\" content=\"3 minutes\" \/>\n<script type=\"application\/ld+json\" class=\"yoast-schema-graph\">{\"@context\":\"https:\/\/schema.org\",\"@graph\":[{\"@type\":\"WebSite\",\"@id\":\"https:\/\/www.visit-ulcinj.com\/blog\/#website\",\"url\":\"https:\/\/www.visit-ulcinj.com\/blog\/\",\"name\":\"Lajme nga Ulqini\",\"description\":\"Lajme,Vijesti,Ulqini,Ulqin,Crna Gora,Mali i Zi\",\"potentialAction\":[{\"@type\":\"SearchAction\",\"target\":{\"@type\":\"EntryPoint\",\"urlTemplate\":\"https:\/\/www.visit-ulcinj.com\/blog\/?s={search_term_string}\"},\"query-input\":\"required name=search_term_string\"}],\"inLanguage\":\"en-US\"},{\"@type\":\"ImageObject\",\"inLanguage\":\"en-US\",\"@id\":\"https:\/\/www.visit-ulcinj.com\/blog\/2015\/03\/15\/protest-protiv-naftnih-platformi-u-jadranu-video\/#primaryimage\",\"url\":\"https:\/\/www.visit-ulcinj.com\/blog\/wp-content\/uploads\/2015\/03\/Protiv-nafte-Bar-Ulcinj-Budva.jpg\",\"contentUrl\":\"https:\/\/www.visit-ulcinj.com\/blog\/wp-content\/uploads\/2015\/03\/Protiv-nafte-Bar-Ulcinj-Budva.jpg\",\"width\":650,\"height\":405},{\"@type\":\"WebPage\",\"@id\":\"https:\/\/www.visit-ulcinj.com\/blog\/2015\/03\/15\/protest-protiv-naftnih-platformi-u-jadranu-video\/#webpage\",\"url\":\"https:\/\/www.visit-ulcinj.com\/blog\/2015\/03\/15\/protest-protiv-naftnih-platformi-u-jadranu-video\/\",\"name\":\"Protest protiv naftnih platformi u Jadranu - Video - Lajme nga Ulqini\",\"isPartOf\":{\"@id\":\"https:\/\/www.visit-ulcinj.com\/blog\/#website\"},\"primaryImageOfPage\":{\"@id\":\"https:\/\/www.visit-ulcinj.com\/blog\/2015\/03\/15\/protest-protiv-naftnih-platformi-u-jadranu-video\/#primaryimage\"},\"datePublished\":\"2015-03-15T18:28:50+00:00\",\"dateModified\":\"2015-03-15T18:28:50+00:00\",\"author\":{\"@id\":\"https:\/\/www.visit-ulcinj.com\/blog\/#\/schema\/person\/dcab619c614d3038751c63bc2aadc06d\"},\"description\":\"U Budvi se odr\u017eava Jadranski samit o nafti i gasu, a ekolo\u0161ke organizacije tra\u017ee iz Crne Gore i Hrvatske poni\u0161tavanje tendera o istra\u017eivanju nafte i gasa.\",\"breadcrumb\":{\"@id\":\"https:\/\/www.visit-ulcinj.com\/blog\/2015\/03\/15\/protest-protiv-naftnih-platformi-u-jadranu-video\/#breadcrumb\"},\"inLanguage\":\"en-US\",\"potentialAction\":[{\"@type\":\"ReadAction\",\"target\":[\"https:\/\/www.visit-ulcinj.com\/blog\/2015\/03\/15\/protest-protiv-naftnih-platformi-u-jadranu-video\/\"]}]},{\"@type\":\"BreadcrumbList\",\"@id\":\"https:\/\/www.visit-ulcinj.com\/blog\/2015\/03\/15\/protest-protiv-naftnih-platformi-u-jadranu-video\/#breadcrumb\",\"itemListElement\":[{\"@type\":\"ListItem\",\"position\":1,\"name\":\"Protest protiv naftnih platformi u Jadranu &#8211; Video\"}]},{\"@type\":\"Person\",\"@id\":\"https:\/\/www.visit-ulcinj.com\/blog\/#\/schema\/person\/dcab619c614d3038751c63bc2aadc06d\",\"name\":\"ulqini\",\"sameAs\":[\"http:\/\/www.visit-ulcinj.com\"],\"url\":\"https:\/\/www.visit-ulcinj.com\/blog\/author\/admin\/\"}]}<\/script>\n<!-- \/ Yoast SEO plugin. -->","yoast_head_json":{"title":"Protest protiv naftnih platformi u Jadranu - Video - Lajme nga Ulqini","description":"U Budvi se odr\u017eava Jadranski samit o nafti i gasu, a ekolo\u0161ke organizacije tra\u017ee iz Crne Gore i Hrvatske poni\u0161tavanje tendera o istra\u017eivanju nafte i gasa.","robots":{"index":"index","follow":"follow","max-snippet":"max-snippet:-1","max-image-preview":"max-image-preview:large","max-video-preview":"max-video-preview:-1"},"canonical":"https:\/\/www.visit-ulcinj.com\/blog\/2015\/03\/15\/protest-protiv-naftnih-platformi-u-jadranu-video\/","og_locale":"en_US","og_type":"article","og_title":"Protest protiv naftnih platformi u Jadranu - Video - Lajme nga Ulqini","og_description":"U Budvi se odr\u017eava Jadranski samit o nafti i gasu, a ekolo\u0161ke organizacije tra\u017ee iz Crne Gore i Hrvatske poni\u0161tavanje tendera o istra\u017eivanju nafte i gasa.","og_url":"https:\/\/www.visit-ulcinj.com\/blog\/2015\/03\/15\/protest-protiv-naftnih-platformi-u-jadranu-video\/","og_site_name":"Lajme nga Ulqini","article_published_time":"2015-03-15T18:28:50+00:00","og_image":[{"url":"http:\/\/www.visit-ulcinj.com\/blog\/wp-content\/uploads\/2015\/03\/Protiv-nafte-Bar-Ulcinj-Budva.jpg"}],"twitter_misc":{"Written by":"ulqini","Est. reading time":"3 minutes"},"schema":{"@context":"https:\/\/schema.org","@graph":[{"@type":"WebSite","@id":"https:\/\/www.visit-ulcinj.com\/blog\/#website","url":"https:\/\/www.visit-ulcinj.com\/blog\/","name":"Lajme nga Ulqini","description":"Lajme,Vijesti,Ulqini,Ulqin,Crna Gora,Mali i Zi","potentialAction":[{"@type":"SearchAction","target":{"@type":"EntryPoint","urlTemplate":"https:\/\/www.visit-ulcinj.com\/blog\/?s={search_term_string}"},"query-input":"required name=search_term_string"}],"inLanguage":"en-US"},{"@type":"ImageObject","inLanguage":"en-US","@id":"https:\/\/www.visit-ulcinj.com\/blog\/2015\/03\/15\/protest-protiv-naftnih-platformi-u-jadranu-video\/#primaryimage","url":"https:\/\/www.visit-ulcinj.com\/blog\/wp-content\/uploads\/2015\/03\/Protiv-nafte-Bar-Ulcinj-Budva.jpg","contentUrl":"https:\/\/www.visit-ulcinj.com\/blog\/wp-content\/uploads\/2015\/03\/Protiv-nafte-Bar-Ulcinj-Budva.jpg","width":650,"height":405},{"@type":"WebPage","@id":"https:\/\/www.visit-ulcinj.com\/blog\/2015\/03\/15\/protest-protiv-naftnih-platformi-u-jadranu-video\/#webpage","url":"https:\/\/www.visit-ulcinj.com\/blog\/2015\/03\/15\/protest-protiv-naftnih-platformi-u-jadranu-video\/","name":"Protest protiv naftnih platformi u Jadranu - Video - Lajme nga Ulqini","isPartOf":{"@id":"https:\/\/www.visit-ulcinj.com\/blog\/#website"},"primaryImageOfPage":{"@id":"https:\/\/www.visit-ulcinj.com\/blog\/2015\/03\/15\/protest-protiv-naftnih-platformi-u-jadranu-video\/#primaryimage"},"datePublished":"2015-03-15T18:28:50+00:00","dateModified":"2015-03-15T18:28:50+00:00","author":{"@id":"https:\/\/www.visit-ulcinj.com\/blog\/#\/schema\/person\/dcab619c614d3038751c63bc2aadc06d"},"description":"U Budvi se odr\u017eava Jadranski samit o nafti i gasu, a ekolo\u0161ke organizacije tra\u017ee iz Crne Gore i Hrvatske poni\u0161tavanje tendera o istra\u017eivanju nafte i gasa.","breadcrumb":{"@id":"https:\/\/www.visit-ulcinj.com\/blog\/2015\/03\/15\/protest-protiv-naftnih-platformi-u-jadranu-video\/#breadcrumb"},"inLanguage":"en-US","potentialAction":[{"@type":"ReadAction","target":["https:\/\/www.visit-ulcinj.com\/blog\/2015\/03\/15\/protest-protiv-naftnih-platformi-u-jadranu-video\/"]}]},{"@type":"BreadcrumbList","@id":"https:\/\/www.visit-ulcinj.com\/blog\/2015\/03\/15\/protest-protiv-naftnih-platformi-u-jadranu-video\/#breadcrumb","itemListElement":[{"@type":"ListItem","position":1,"name":"Protest protiv naftnih platformi u Jadranu &#8211; Video"}]},{"@type":"Person","@id":"https:\/\/www.visit-ulcinj.com\/blog\/#\/schema\/person\/dcab619c614d3038751c63bc2aadc06d","name":"ulqini","sameAs":["http:\/\/www.visit-ulcinj.com"],"url":"https:\/\/www.visit-ulcinj.com\/blog\/author\/admin\/"}]}},"jetpack_featured_media_url":"","jetpack_sharing_enabled":true,"jetpack_shortlink":"https:\/\/wp.me\/pe6lTn-nfF","_links":{"self":[{"href":"https:\/\/www.visit-ulcinj.com\/blog\/wp-json\/wp\/v2\/posts\/89383"}],"collection":[{"href":"https:\/\/www.visit-ulcinj.com\/blog\/wp-json\/wp\/v2\/posts"}],"about":[{"href":"https:\/\/www.visit-ulcinj.com\/blog\/wp-json\/wp\/v2\/types\/post"}],"author":[{"embeddable":true,"href":"https:\/\/www.visit-ulcinj.com\/blog\/wp-json\/wp\/v2\/users\/1"}],"replies":[{"embeddable":true,"href":"https:\/\/www.visit-ulcinj.com\/blog\/wp-json\/wp\/v2\/comments?post=89383"}],"version-history":[{"count":1,"href":"https:\/\/www.visit-ulcinj.com\/blog\/wp-json\/wp\/v2\/posts\/89383\/revisions"}],"predecessor-version":[{"id":89385,"href":"https:\/\/www.visit-ulcinj.com\/blog\/wp-json\/wp\/v2\/posts\/89383\/revisions\/89385"}],"wp:attachment":[{"href":"https:\/\/www.visit-ulcinj.com\/blog\/wp-json\/wp\/v2\/media?parent=89383"}],"wp:term":[{"taxonomy":"category","embeddable":true,"href":"https:\/\/www.visit-ulcinj.com\/blog\/wp-json\/wp\/v2\/categories?post=89383"},{"taxonomy":"post_tag","embeddable":true,"href":"https:\/\/www.visit-ulcinj.com\/blog\/wp-json\/wp\/v2\/tags?post=89383"}],"curies":[{"name":"wp","href":"https:\/\/api.w.org\/{rel}","templated":true}]}}