{"id":89397,"date":"2014-12-16T14:40:36","date_gmt":"2014-12-16T13:40:36","guid":{"rendered":"http:\/\/www.visit-ulcinj.com\/blog\/?p=89397"},"modified":"2015-03-16T14:41:41","modified_gmt":"2015-03-16T13:41:41","slug":"fundi-gazetarise-konformiste","status":"publish","type":"post","link":"https:\/\/www.visit-ulcinj.com\/blog\/2014\/12\/16\/fundi-gazetarise-konformiste\/","title":{"rendered":"Fundi i gazetaris\u00eb konformiste"},"content":{"rendered":"<p><strong><em>Shkruan Muhamet Nika<\/em><\/strong><\/p>\n<p><strong>Ose \u00a0i asaj q\u00eb \u00ebsht\u00eb e njohur: po shkruaj p\u00ebr at\u00eb t\u00eb cil\u00ebn as vet se besoj, por thon\u00eb se k\u00ebshtu duhet&#8230;?!!<\/strong><\/p>\n<p><strong><em>\u00a0<\/em><\/strong><\/p>\n<p><strong><em>Mund t\u00eb arsyetoj, n\u00eb se duhet,\u00a0\u00a0 q\u00eb shqiptar\u00ebt n\u00eb Mal t\u00eb Zi dhe Maqedoni, sh\u00ebrbenin si epruvet\u00eb e \u00e7\u00ebshtjes s\u00eb Kosov\u00ebs, n\u00eb aspektin e represionit, se si do t\u00eb reagonte Udh\u00ebheqja e Kosov\u00ebs , ndaj nj\u00eb dhune t\u00eb mundsh\u00ebm mbi ta, pasi ish zbatuar me sukses nga shteti mbi shqiptar\u00ebt numerikisht m\u00eb t\u00eb vegj\u00ebl\u00a0\u00a0 t\u00eb k\u00ebtyre dy republikave..?!!! Kjo vlente edhe n\u00eb informimin e sistemit komunist<\/em><\/strong><strong>.<\/strong><\/p>\n<p>Kur ndoq\u00ebm polemikat gazetareske se kush na e shp\u00ebtoi nga shuarja gazet\u00ebn Koha Javore , na u dha t\u00eb hyjm\u00eb n\u00eb Googel p\u00ebr t\u00eb k\u00ebrkuar, n\u00eb te, gjetjet e saj q\u00eb do t\u00eb na ofroheshin n\u00eb adres\u00ebn: informimi shqip, UDBA dhe gazetar\u00ebt spiun\u00eb&#8230;?!!<\/p>\n<p>Kur \u00e7\u2019t\u00eb shoh\u00ebsh?!<\/p>\n<p>&#8211; Sipas radh\u00ebs na u dhan\u00eb gjetjet (me em\u00ebr e mbiem\u00ebr), te t\u00eb gjith\u00eb udbash\u00ebve t\u00eb Kosov\u00ebs n\u00eb informim?!! Nd\u00ebrsa radhitja e tyre shkonte k\u00ebshtu, me nj\u00ebher\u00eb pas nj\u00eb spiuni q\u00eb m\u00eb pas u b\u00eb minist\u00ebr i pun\u00ebve t\u00eb brendsh\u00ebm, vinte si i dyt\u00eb gazetari i Tanjugut <strong>(emri Tanjug , do t\u00eb thot\u00eb:Agjensioni i fsheht\u00eb informativ i Jugosllavis\u00eb- q\u00eb trash\u00ebgohej q\u00eb nga koha e LN\u00c7-s\u00eb),<\/strong> pastaj vinte gazetari i Rilindjes<strong>( i cili publikisht kishte k\u00ebrkuar falje n\u00eb vitin 90 p\u00ebr k\u00ebt\u00eb),<\/strong> e m\u00eb pas gazetari i Z\u00ebrit p\u00ebr t\u00eb ardhur deri te drejtori i televizionit, poeti Fahredin Gunga&#8230;?!!!<\/p>\n<p><strong>Fillet e informimit shqip n\u00eb Mal t\u00eb Zi<\/strong><\/p>\n<p><em>Mund t\u00eb arsyetoj, n\u00eb se duhet,\u00a0\u00a0 q\u00eb shqiptar\u00ebt n\u00eb Mal t\u00eb Zi dhe Maqedoni, sh\u00ebrbenin si epruvet\u00eb e \u00e7\u00ebshtjes s\u00eb Kosov\u00ebs, n\u00eb aspektin e represionit, se si do t\u00eb reagonte Udh\u00ebheqja e Kosov\u00ebs , ndaj nj\u00eb dhune t\u00eb mundsh\u00ebm mbi ta, pasi ish zbatuar me sukses nga shteti mbi shqiptar\u00ebt numerikisht m\u00eb t\u00eb vegj\u00ebl\u00a0\u00a0 t\u00eb k\u00ebtyre dy republikave..?!!! Kjo vlente edhe n\u00eb informimin e sistemit komunist.<\/em><\/p>\n<p>P\u00ebr t\u00eb mos e zgjatur m\u00eb me elit\u00ebn e spiun\u00ebve gazetar\u00eb t\u00eb Kosov\u00ebs- \u201cshejtani lanet..\u201d na shtyri, p\u00ebr t\u00eb besuar e shikuar n\u00ebse kjo shem\u00eb e organizimit t\u00eb policis\u00eb sekrete n\u00eb informim, zbatohej n\u00eb informim edhe n\u00eb politik\u00ebn\u00a0\u00a0 e shqiptar\u00ebve n\u00eb Mal t\u00eb Zi?!<\/p>\n<p>Kurse kjo zbulohet n\u00eb aktet dhe q\u00ebllimet \u00a0e informimit shqip t\u00eb republiks. P\u00ebr k\u00ebt\u00eb shih si shembull, n\u00eb aktin e themelimit t\u00eb Radio Ulqinit, ku thuhej se q\u00ebllimi i radios, ishte t\u00eb informoj\u00eb qytetar\u00ebt n\u00eb gjuh\u00ebn shqipe , p\u00ebr arritjet e shoq\u00ebris\u00eb socialiste e vet\u00ebqeveris\u00ebse duke mos fshehur edhe ambiciet e \u00a0destabilizimit t\u00eb shtetit shqiptar, pasi d\u00ebgjohej deri n\u00eb thell\u00ebsi t\u00eb Shqip\u00ebris\u00eb dhe \u00ebsht\u00eb kah e arsyeton themelimin e saj.<\/p>\n<p>Nd\u00ebrsa edhe themelimi i emisioneve t\u00eb reja informative shqipe k\u00ebtu , zakonisht u besohej atyre q\u00eb ishin d\u00ebshmuar p\u00ebr besueshm\u00ebri duke hapur nj\u00eb tjet\u00ebr informim m\u00eb her\u00ebt.<\/p>\n<p>K\u00ebshtu, fjala bie, ai q\u00eb themeloi revist\u00ebn e p\u00ebrmuajshme- Koha, u pa m\u00eb von\u00eb edhe n\u00eb themelim t\u00eb Radio Ulqinit(programit eksperimental n\u00eb gjuh\u00ebn shqipe , tjet\u00ebr gjithashtu u pa t\u00eb kish themeluar -Fillimet(revist\u00eb e gjimnazit \u2013V\u00ebllaz\u00ebrim Bashkim, t\u00eb shkruara mbar\u00eb mbrapsht..), kurse m\u00eb her\u00ebt , po ky, kish punuar si gazetar edhe n\u00eb Bot\u00ebn e Re( revist\u00eb ideologjike studentore e Kosov\u00ebs), pasi kuptohet, kish arritur n\u00eb udh\u00ebheqjen m\u00eb t\u00eb lart\u00eb studentore si kryetar i lidhjes socialiste t\u00eb popullit punues&#8230;., ku atje ,doemos , sipas formacionit i binte t\u00eb ishe an\u00eb tar\u00eb i policis\u00eb sekrete -politike.<\/p>\n<p><strong>Problemi i autocenzur\u00ebs<\/strong><\/p>\n<p>E pasojat e k\u00ebsaj linje i vuan edhe sot gazetaria shqiptare n\u00eb Mal t\u00eb Zi, duke nisur nga gazetaria e shkruar dhe ajo elektronike. Andaj Duke e arsyetuar tez\u00ebn ne themi q\u00eb sot ajo e cila informimin shqip e b\u00ebn\u00eb t\u00eb vuaj \u00ebsht\u00eb problemi i autocenzur\u00ebs- d.m.th. kur informimin e v\u00ebrtet\u00eb ia ndalojm\u00eb vet\u00ebs pa na e ndaluar at\u00eb dikush- me dekret nga shteti..?!!!<\/p>\n<p>Shih \u00e7far\u00eb konstatohet p\u00ebr k\u00ebt\u00eb n\u00eb\u00a0\u00a0 portal . info shqip, n\u00eb k\u00ebt\u00eb tekst:<\/p>\n<p><strong>ALI SALAJ, me titull: Rikompozimi i censur\u00ebs<\/strong><\/p>\n<p>\u201cPluralizmi i dha nj\u00eb kahje t\u00eb re censur\u00ebs duke e rikompozuar at\u00eb sipas realitetit dhe interesave t\u00eb reja politike. Tranzicioni i tejzgjatur i shoq\u00ebris\u00eb promovoi nj\u00eb marr\u00ebdh\u00ebnie incesti midis politik\u00ebs dhe mediave. Derisa m\u00eb par\u00eb ekzistonte nj\u00eb nomenklatur\u00eb e caktuar q\u00eb i mbik\u00ebqyrte mediat, sot \u00e7do subjekt politik p\u00ebrpiqet t\u00eb ndikoj\u00eb dhe mund\u00ebsisht t\u2019i uzurpoj\u00eb ato. K\u00ebshtu n\u00eb vend q\u00eb ndryshimet politike t\u00eb sillnin nj\u00eb pamje t\u00eb re dhe t\u00eb pavarur mediatike, ato u b\u00ebn\u00eb pasoj\u00eb e politizimit agresiv t\u00eb tyre. N\u00eb vend q\u00eb mediat n\u00eb gjuh\u00ebn shqipe t\u00eb reflektonin shtigje t\u00eb reja p\u00ebr shoq\u00ebrin\u00eb shqiptare, ato u b\u00ebn\u00eb z\u00ebdh\u00ebn\u00ebse t\u00eb partive ose t\u00eb grupeve t\u00eb ndryshme klanore\u201d<\/p>\n<p>Shembull se lajmet mund t\u00eb jen\u00eb t\u00eb nj\u00ebanshme, sipas k\u00ebsaj q\u00eb thot\u00eb Salaj kemi sa t\u00ebduash, nd\u00ebrsa kur n\u00eb mes t\u00eb politik\u00ebs dhe informimit hyn\u00eb paraja\u00a0\u00a0 profesionalizmi soset\u2026?!!!<\/p>\n<p>Problemi nuk shtrohet k\u00ebtu p\u00ebrse b\u00ebhet faktura, dhe p\u00ebrse\u00a0\u00a0 ndonj\u00eb gazetar mundohet t\u00eb krijoj\u00eb monopol\u00a0\u00a0 dhe primat n\u00eb informim , duke iu ndaluar MADJE mediumeve (poertaleve)tjera &#8211; personave tjer\u00eb q\u00eb t\u00eb publikojn\u00eb fakte t\u00eb cilat mund t\u00eb kompromitojn\u00eb \u201cinformimin e tij objektiv \u201c?!!! Por problem \u00ebsht\u00eb, kur p\u00ebr t\u00eb nj\u00ebjt\u00ebn pun\u00eb kemi fakturim t\u00eb dy fisht\u00eb ose bile \/bile, \u00e7\u00ebsht\u00eb m\u00eb e keqja , rastet kur p.sh. fakturat e TV \u2013Teut\u00ebs, nuk kontrollohen fare dhe \u00a0paguhen jasht\u00eb tenderit e n\u00eb kund\u00ebrshtim me ligj. Thuhet se shumat e tilla t\u00eb pagesave vjetore q\u00eb i b\u00ebhen asaj , jan\u00eb rreth 40 mij\u00eb euro e m\u00eb shum\u00eb\u2026?!!!<\/p>\n<p>Problemi \u00ebsht\u00eb q\u00eb si\u00e7 v\u00ebrehet , se pluralizmi \u00ebsht\u00eb kah sjell fundin e gazetaris\u00eb formaliste dhe po e b\u00ebn\u00eb at\u00eb , m\u00eb t\u00ebangazhuar , n\u00eb \u00e7ka me t\u00eb drejt\u00eb t\u00ebrheq v\u00ebrejtjen Salaj.<\/p>\n","protected":false},"excerpt":{"rendered":"<p>Shkruan Muhamet Nika Ose \u00a0i asaj q\u00eb \u00ebsht\u00eb e njohur: po shkruaj p\u00ebr at\u00eb t\u00eb cil\u00ebn as vet se besoj, por thon\u00eb se k\u00ebshtu duhet&#8230;?!! \u00a0 Mund t\u00eb arsyetoj, n\u00eb se duhet,\u00a0\u00a0 q\u00eb shqiptar\u00ebt n\u00eb Mal t\u00eb Zi dhe Maqedoni, sh\u00ebrbenin si epruvet\u00eb e \u00e7\u00ebshtjes s\u00eb Kosov\u00ebs, n\u00eb aspektin e represionit, se si do t\u00eb [&hellip;]<\/p>\n","protected":false},"author":1,"featured_media":0,"comment_status":"closed","ping_status":"closed","sticky":false,"template":"","format":"standard","meta":{"spay_email":"","jetpack_publicize_message":"","jetpack_is_tweetstorm":false,"jetpack_publicize_feature_enabled":true},"categories":[8],"tags":[],"jetpack_publicize_connections":[],"yoast_head":"<!-- This site is optimized with the Yoast SEO plugin v19.1 - https:\/\/yoast.com\/wordpress\/plugins\/seo\/ -->\n<title>Fundi i gazetaris\u00eb konformiste - Lajme nga Ulqini<\/title>\n<meta name=\"description\" content=\"Shkruan Muhamet Nika Ose \u00a0i asaj q\u00eb \u00ebsht\u00eb e njohur: po shkruaj p\u00ebr at\u00eb t\u00eb cil\u00ebn as vet se besoj, por thon\u00eb se k\u00ebshtu duhet...?!! \u00a0 Mund t\u00eb arsyetoj, n\u00eb se\" \/>\n<meta name=\"robots\" content=\"index, follow, max-snippet:-1, max-image-preview:large, max-video-preview:-1\" \/>\n<link rel=\"canonical\" href=\"https:\/\/www.visit-ulcinj.com\/blog\/2014\/12\/16\/fundi-gazetarise-konformiste\/\" \/>\n<meta property=\"og:locale\" content=\"en_US\" \/>\n<meta property=\"og:type\" content=\"article\" \/>\n<meta property=\"og:title\" content=\"Fundi i gazetaris\u00eb konformiste - Lajme nga Ulqini\" \/>\n<meta property=\"og:description\" content=\"Shkruan Muhamet Nika Ose \u00a0i asaj q\u00eb \u00ebsht\u00eb e njohur: po shkruaj p\u00ebr at\u00eb t\u00eb cil\u00ebn as vet se besoj, por thon\u00eb se k\u00ebshtu duhet...?!! \u00a0 Mund t\u00eb arsyetoj, n\u00eb se\" \/>\n<meta property=\"og:url\" content=\"https:\/\/www.visit-ulcinj.com\/blog\/2014\/12\/16\/fundi-gazetarise-konformiste\/\" \/>\n<meta property=\"og:site_name\" content=\"Lajme nga Ulqini\" \/>\n<meta property=\"article:published_time\" content=\"2014-12-16T13:40:36+00:00\" \/>\n<meta property=\"article:modified_time\" content=\"2015-03-16T13:41:41+00:00\" \/>\n<meta name=\"twitter:label1\" content=\"Written by\" \/>\n\t<meta name=\"twitter:data1\" content=\"ulqini\" \/>\n\t<meta name=\"twitter:label2\" content=\"Est. reading time\" \/>\n\t<meta name=\"twitter:data2\" content=\"5 minutes\" \/>\n<script type=\"application\/ld+json\" class=\"yoast-schema-graph\">{\"@context\":\"https:\/\/schema.org\",\"@graph\":[{\"@type\":\"WebSite\",\"@id\":\"https:\/\/www.visit-ulcinj.com\/blog\/#website\",\"url\":\"https:\/\/www.visit-ulcinj.com\/blog\/\",\"name\":\"Lajme nga Ulqini\",\"description\":\"Lajme,Vijesti,Ulqini,Ulqin,Crna Gora,Mali i Zi\",\"potentialAction\":[{\"@type\":\"SearchAction\",\"target\":{\"@type\":\"EntryPoint\",\"urlTemplate\":\"https:\/\/www.visit-ulcinj.com\/blog\/?s={search_term_string}\"},\"query-input\":\"required name=search_term_string\"}],\"inLanguage\":\"en-US\"},{\"@type\":\"WebPage\",\"@id\":\"https:\/\/www.visit-ulcinj.com\/blog\/2014\/12\/16\/fundi-gazetarise-konformiste\/#webpage\",\"url\":\"https:\/\/www.visit-ulcinj.com\/blog\/2014\/12\/16\/fundi-gazetarise-konformiste\/\",\"name\":\"Fundi i gazetaris\u00eb konformiste - Lajme nga Ulqini\",\"isPartOf\":{\"@id\":\"https:\/\/www.visit-ulcinj.com\/blog\/#website\"},\"datePublished\":\"2014-12-16T13:40:36+00:00\",\"dateModified\":\"2015-03-16T13:41:41+00:00\",\"author\":{\"@id\":\"https:\/\/www.visit-ulcinj.com\/blog\/#\/schema\/person\/dcab619c614d3038751c63bc2aadc06d\"},\"description\":\"Shkruan Muhamet Nika Ose \u00a0i asaj q\u00eb \u00ebsht\u00eb e njohur: po shkruaj p\u00ebr at\u00eb t\u00eb cil\u00ebn as vet se besoj, por thon\u00eb se k\u00ebshtu duhet...?!! \u00a0 Mund t\u00eb arsyetoj, n\u00eb se\",\"breadcrumb\":{\"@id\":\"https:\/\/www.visit-ulcinj.com\/blog\/2014\/12\/16\/fundi-gazetarise-konformiste\/#breadcrumb\"},\"inLanguage\":\"en-US\",\"potentialAction\":[{\"@type\":\"ReadAction\",\"target\":[\"https:\/\/www.visit-ulcinj.com\/blog\/2014\/12\/16\/fundi-gazetarise-konformiste\/\"]}]},{\"@type\":\"BreadcrumbList\",\"@id\":\"https:\/\/www.visit-ulcinj.com\/blog\/2014\/12\/16\/fundi-gazetarise-konformiste\/#breadcrumb\",\"itemListElement\":[{\"@type\":\"ListItem\",\"position\":1,\"name\":\"Fundi i gazetaris\u00eb konformiste\"}]},{\"@type\":\"Person\",\"@id\":\"https:\/\/www.visit-ulcinj.com\/blog\/#\/schema\/person\/dcab619c614d3038751c63bc2aadc06d\",\"name\":\"ulqini\",\"sameAs\":[\"http:\/\/www.visit-ulcinj.com\"],\"url\":\"https:\/\/www.visit-ulcinj.com\/blog\/author\/admin\/\"}]}<\/script>\n<!-- \/ Yoast SEO plugin. -->","yoast_head_json":{"title":"Fundi i gazetaris\u00eb konformiste - Lajme nga Ulqini","description":"Shkruan Muhamet Nika Ose \u00a0i asaj q\u00eb \u00ebsht\u00eb e njohur: po shkruaj p\u00ebr at\u00eb t\u00eb cil\u00ebn as vet se besoj, por thon\u00eb se k\u00ebshtu duhet...?!! \u00a0 Mund t\u00eb arsyetoj, n\u00eb se","robots":{"index":"index","follow":"follow","max-snippet":"max-snippet:-1","max-image-preview":"max-image-preview:large","max-video-preview":"max-video-preview:-1"},"canonical":"https:\/\/www.visit-ulcinj.com\/blog\/2014\/12\/16\/fundi-gazetarise-konformiste\/","og_locale":"en_US","og_type":"article","og_title":"Fundi i gazetaris\u00eb konformiste - Lajme nga Ulqini","og_description":"Shkruan Muhamet Nika Ose \u00a0i asaj q\u00eb \u00ebsht\u00eb e njohur: po shkruaj p\u00ebr at\u00eb t\u00eb cil\u00ebn as vet se besoj, por thon\u00eb se k\u00ebshtu duhet...?!! \u00a0 Mund t\u00eb arsyetoj, n\u00eb se","og_url":"https:\/\/www.visit-ulcinj.com\/blog\/2014\/12\/16\/fundi-gazetarise-konformiste\/","og_site_name":"Lajme nga Ulqini","article_published_time":"2014-12-16T13:40:36+00:00","article_modified_time":"2015-03-16T13:41:41+00:00","twitter_misc":{"Written by":"ulqini","Est. reading time":"5 minutes"},"schema":{"@context":"https:\/\/schema.org","@graph":[{"@type":"WebSite","@id":"https:\/\/www.visit-ulcinj.com\/blog\/#website","url":"https:\/\/www.visit-ulcinj.com\/blog\/","name":"Lajme nga Ulqini","description":"Lajme,Vijesti,Ulqini,Ulqin,Crna Gora,Mali i Zi","potentialAction":[{"@type":"SearchAction","target":{"@type":"EntryPoint","urlTemplate":"https:\/\/www.visit-ulcinj.com\/blog\/?s={search_term_string}"},"query-input":"required name=search_term_string"}],"inLanguage":"en-US"},{"@type":"WebPage","@id":"https:\/\/www.visit-ulcinj.com\/blog\/2014\/12\/16\/fundi-gazetarise-konformiste\/#webpage","url":"https:\/\/www.visit-ulcinj.com\/blog\/2014\/12\/16\/fundi-gazetarise-konformiste\/","name":"Fundi i gazetaris\u00eb konformiste - Lajme nga Ulqini","isPartOf":{"@id":"https:\/\/www.visit-ulcinj.com\/blog\/#website"},"datePublished":"2014-12-16T13:40:36+00:00","dateModified":"2015-03-16T13:41:41+00:00","author":{"@id":"https:\/\/www.visit-ulcinj.com\/blog\/#\/schema\/person\/dcab619c614d3038751c63bc2aadc06d"},"description":"Shkruan Muhamet Nika Ose \u00a0i asaj q\u00eb \u00ebsht\u00eb e njohur: po shkruaj p\u00ebr at\u00eb t\u00eb cil\u00ebn as vet se besoj, por thon\u00eb se k\u00ebshtu duhet...?!! \u00a0 Mund t\u00eb arsyetoj, n\u00eb se","breadcrumb":{"@id":"https:\/\/www.visit-ulcinj.com\/blog\/2014\/12\/16\/fundi-gazetarise-konformiste\/#breadcrumb"},"inLanguage":"en-US","potentialAction":[{"@type":"ReadAction","target":["https:\/\/www.visit-ulcinj.com\/blog\/2014\/12\/16\/fundi-gazetarise-konformiste\/"]}]},{"@type":"BreadcrumbList","@id":"https:\/\/www.visit-ulcinj.com\/blog\/2014\/12\/16\/fundi-gazetarise-konformiste\/#breadcrumb","itemListElement":[{"@type":"ListItem","position":1,"name":"Fundi i gazetaris\u00eb konformiste"}]},{"@type":"Person","@id":"https:\/\/www.visit-ulcinj.com\/blog\/#\/schema\/person\/dcab619c614d3038751c63bc2aadc06d","name":"ulqini","sameAs":["http:\/\/www.visit-ulcinj.com"],"url":"https:\/\/www.visit-ulcinj.com\/blog\/author\/admin\/"}]}},"jetpack_featured_media_url":"","jetpack_sharing_enabled":true,"jetpack_shortlink":"https:\/\/wp.me\/pe6lTn-nfT","_links":{"self":[{"href":"https:\/\/www.visit-ulcinj.com\/blog\/wp-json\/wp\/v2\/posts\/89397"}],"collection":[{"href":"https:\/\/www.visit-ulcinj.com\/blog\/wp-json\/wp\/v2\/posts"}],"about":[{"href":"https:\/\/www.visit-ulcinj.com\/blog\/wp-json\/wp\/v2\/types\/post"}],"author":[{"embeddable":true,"href":"https:\/\/www.visit-ulcinj.com\/blog\/wp-json\/wp\/v2\/users\/1"}],"replies":[{"embeddable":true,"href":"https:\/\/www.visit-ulcinj.com\/blog\/wp-json\/wp\/v2\/comments?post=89397"}],"version-history":[{"count":1,"href":"https:\/\/www.visit-ulcinj.com\/blog\/wp-json\/wp\/v2\/posts\/89397\/revisions"}],"predecessor-version":[{"id":89398,"href":"https:\/\/www.visit-ulcinj.com\/blog\/wp-json\/wp\/v2\/posts\/89397\/revisions\/89398"}],"wp:attachment":[{"href":"https:\/\/www.visit-ulcinj.com\/blog\/wp-json\/wp\/v2\/media?parent=89397"}],"wp:term":[{"taxonomy":"category","embeddable":true,"href":"https:\/\/www.visit-ulcinj.com\/blog\/wp-json\/wp\/v2\/categories?post=89397"},{"taxonomy":"post_tag","embeddable":true,"href":"https:\/\/www.visit-ulcinj.com\/blog\/wp-json\/wp\/v2\/tags?post=89397"}],"curies":[{"name":"wp","href":"https:\/\/api.w.org\/{rel}","templated":true}]}}